
{"id":18042,"date":"2025-03-25T09:36:00","date_gmt":"2025-03-25T08:36:00","guid":{"rendered":"https:\/\/www.technomag.fr\/sound-waves-2025-el-festival-techno-imprescindible-de-portugal-celebra-su-20o-aniversario\/"},"modified":"2025-03-25T09:36:00","modified_gmt":"2025-03-25T08:36:00","slug":"sound-waves-2025-el-festival-techno-imprescindible-de-portugal-celebra-su-20o-aniversario","status":"publish","type":"post","link":"https:\/\/www.technomag.fr\/es\/sound-waves-2025-el-festival-techno-imprescindible-de-portugal-celebra-su-20o-aniversario\/","title":{"rendered":"Sound Waves 2025: \u00a1el Festival Techno imprescindible de Portugal celebra su 20\u00ba aniversario!"},"content":{"rendered":"\n<figure class=\"wp-block-embed aligncenter is-type-video is-provider-youtube wp-block-embed-youtube wp-embed-aspect-16-9 wp-has-aspect-ratio\"><div class=\"wp-block-embed__wrapper\">\n<iframe title=\"Sound Waves 2024 | Official Aftermovie\" width=\"1080\" height=\"608\" src=\"https:\/\/www.youtube.com\/embed\/erd4arvozIc?feature=oembed\" frameborder=\"0\" allow=\"accelerometer; autoplay; clipboard-write; encrypted-media; gyroscope; picture-in-picture; web-share\" referrerpolicy=\"strict-origin-when-cross-origin\" allowfullscreen><\/iframe>\n<\/div><figcaption class=\"wp-element-caption\">Sound Waves 2024 | Aftermovie oficial<br>Portugal<br>&#x1f4cd; soundwavesfest<br>&#x1f3a5; <a href=\"https:\/\/www.instagram.com\/rubenalencastre\/\" target=\"_blank\" rel=\"noreferrer noopener nofollow\">@rubenalencastre<\/a> &amp; <a href=\"https:\/\/www.instagram.com\/andrealencastre\/\" target=\"_blank\" rel=\"noreferrer noopener nofollow\">@andrealencastre<\/a><\/figcaption><\/figure>\n\n\n\n<p>El <strong>Sound Waves Festival<\/strong> vuelve con fuerza en <strong>2025<\/strong> para celebrar su <strong>20 aniversario<\/strong>, con lo que promete ser una edici\u00f3n <strong>legendaria<\/strong>. El evento tendr\u00e1 lugar el <strong>s\u00e1bado 5 de julio de 2025<\/strong> en <strong>Esmoriz<\/strong>, en la regi\u00f3n portuguesa de Ovar, y promete <strong>m\u00e1s de 20 horas de techno y hard techno sin parar<\/strong>. <\/p>\n\n\n\n<p>El festival se inaugura <strong>el s\u00e1bado a las 17.00 h<\/strong> y se clausura <strong>el domingo a las 14.00 h<\/strong>. Un marat\u00f3n de sonido que reunir\u00e1 a <strong>miles de ravers de todo el mundo<\/strong>. <\/p>\n\n\n\n<div id=\"ez-toc-container\" class=\"ez-toc-v2_0_82_2 ez-toc-wrap-center counter-hierarchy ez-toc-counter ez-toc-custom ez-toc-container-direction\">\n<div class=\"ez-toc-title-container\">\n<p class=\"ez-toc-title\" style=\"cursor:inherit\">Sommaire<\/p>\n<span class=\"ez-toc-title-toggle\"><a href=\"#\" class=\"ez-toc-pull-right ez-toc-btn ez-toc-btn-xs ez-toc-btn-default ez-toc-toggle\" aria-label=\"Alternar tabla de contenidos\"><span class=\"ez-toc-js-icon-con\"><span class=\"\"><span class=\"eztoc-hide\" style=\"display:none;\">Toggle<\/span><span class=\"ez-toc-icon-toggle-span\"><svg style=\"fill: #ffffff;color:#ffffff\" xmlns=\"http:\/\/www.w3.org\/2000\/svg\" class=\"list-377408\" width=\"20px\" height=\"20px\" viewBox=\"0 0 24 24\" fill=\"none\"><path d=\"M6 6H4v2h2V6zm14 0H8v2h12V6zM4 11h2v2H4v-2zm16 0H8v2h12v-2zM4 16h2v2H4v-2zm16 0H8v2h12v-2z\" fill=\"currentColor\"><\/path><\/svg><svg style=\"fill: #ffffff;color:#ffffff\" class=\"arrow-unsorted-368013\" xmlns=\"http:\/\/www.w3.org\/2000\/svg\" width=\"10px\" height=\"10px\" viewBox=\"0 0 24 24\" version=\"1.2\" baseProfile=\"tiny\"><path d=\"M18.2 9.3l-6.2-6.3-6.2 6.3c-.2.2-.3.4-.3.7s.1.5.3.7c.2.2.4.3.7.3h11c.3 0 .5-.1.7-.3.2-.2.3-.5.3-.7s-.1-.5-.3-.7zM5.8 14.7l6.2 6.3 6.2-6.3c.2-.2.3-.5.3-.7s-.1-.5-.3-.7c-.2-.2-.4-.3-.7-.3h-11c-.3 0-.5.1-.7.3-.2.2-.3.5-.3.7s.1.5.3.7z\"\/><\/svg><\/span><\/span><\/span><\/a><\/span><\/div>\n<nav><ul class='ez-toc-list ez-toc-list-level-1 ' ><li class='ez-toc-page-1 ez-toc-heading-level-2'><a class=\"ez-toc-link ez-toc-heading-1\" href=\"https:\/\/www.technomag.fr\/es\/sound-waves-2025-el-festival-techno-imprescindible-de-portugal-celebra-su-20o-aniversario\/#%F0%9F%94%A5_Un_programa_internacional_impresionante\" >&#x1f525; Un programa internacional impresionante<\/a><\/li><li class='ez-toc-page-1 ez-toc-heading-level-2'><a class=\"ez-toc-link ez-toc-heading-2\" href=\"https:\/\/www.technomag.fr\/es\/sound-waves-2025-el-festival-techno-imprescindible-de-portugal-celebra-su-20o-aniversario\/#%E2%9C%A8_Una_experiencia_unica_para_los_aficionados_al_techno\" >&#x2728; Una experiencia \u00fanica para los aficionados al techno<\/a><\/li><li class='ez-toc-page-1 ez-toc-heading-level-2'><a class=\"ez-toc-link ez-toc-heading-3\" href=\"https:\/\/www.technomag.fr\/es\/sound-waves-2025-el-festival-techno-imprescindible-de-portugal-celebra-su-20o-aniversario\/#%F0%9F%93%8D_Informacion_practica\" >&#x1f4cd; Informaci\u00f3n pr\u00e1ctica<\/a><\/li><\/ul><\/nav><\/div>\n<h2 class=\"wp-block-heading\"><span class=\"ez-toc-section\" id=\"%F0%9F%94%A5_Un_programa_internacional_impresionante\"><\/span>&#x1f525; Un programa internacional impresionante<span class=\"ez-toc-section-end\"><\/span><\/h2>\n\n\n\n<figure class=\"wp-block-image size-large\"><img fetchpriority=\"high\" decoding=\"async\" width=\"819\" height=\"1024\" src=\"https:\/\/www.technomag.fr\/wp-content\/uploads\/2025\/03\/00_SOUND-WAVES_post-819x1024.png\" alt=\"\" class=\"wp-image-18012\" srcset=\"https:\/\/www.technomag.fr\/wp-content\/uploads\/2025\/03\/00_SOUND-WAVES_post-819x1024.png 819w, https:\/\/www.technomag.fr\/wp-content\/uploads\/2025\/03\/00_SOUND-WAVES_post-600x750.png 600w, https:\/\/www.technomag.fr\/wp-content\/uploads\/2025\/03\/00_SOUND-WAVES_post-240x300.png 240w, https:\/\/www.technomag.fr\/wp-content\/uploads\/2025\/03\/00_SOUND-WAVES_post-768x960.png 768w, https:\/\/www.technomag.fr\/wp-content\/uploads\/2025\/03\/00_SOUND-WAVES_post-480x600.png 480w, https:\/\/www.technomag.fr\/wp-content\/uploads\/2025\/03\/00_SOUND-WAVES_post-150x188.png 150w, https:\/\/www.technomag.fr\/wp-content\/uploads\/2025\/03\/00_SOUND-WAVES_post.png 1080w\" sizes=\"(max-width: 819px) 100vw, 819px\" \/><\/figure>\n\n\n\n<p>Tras un exitoso festival de invierno en Lisboa en 2024 y un exitoso recorrido en Oporto con <em>Sound Waves Invites<\/em>, el festival desvela un <strong>cartel masivo<\/strong>, repartido en dos escenarios, con un <strong>cartel 100% techno<\/strong>.<\/p>\n\n\n\n<h3 class=\"wp-block-heading\">&#x1f3b6; Programa del Festival Sound Waves 2025<\/h3>\n\n\n\n<figure class=\"wp-block-table\"><table class=\"has-fixed-layout\"><thead><tr><th><strong>Escenario Principal<\/strong><\/th><th><strong>Escenario Vicioso<\/strong><\/th><\/tr><\/thead><tbody><tr><td>AEREA <em>(En directo)<\/em><\/td><td>ANA DIMCO<\/td><\/tr><tr><td>BASSWELL<\/td><td>ANASTASIYA TY<\/td><\/tr><tr><td>blk.<\/td><td>BANDEIRA<\/td><\/tr><tr><td>NUBLADO<\/td><td>HERMANOS BUBBA<\/td><\/tr><tr><td>FANTASMA<\/td><td>QUEMAS<\/td><\/tr><tr><td>FATIMA HAJJI<\/td><td>CUNHA<\/td><\/tr><tr><td>JAZZY<\/td><td>DIMENSI\u00d3N 9<\/td><\/tr><tr><td>JOANNA COELHO B2B MISS SHEILA<\/td><td>FMH<\/td><\/tr><tr><td>LORENZO RAGANZINI<\/td><td>FRANCSK<\/td><\/tr><tr><td>LUCIID B2B ORNELLA<\/td><td>GAIVEU<\/td><\/tr><tr><td>NOVAH<\/td><td>KARLOS MOLINA<\/td><\/tr><tr><td>OGUZ<\/td><td>PESTDOKTER<\/td><\/tr><tr><td>ONLYNUMBERS<\/td><td>R\u00c6KKE<\/td><\/tr><tr><td>REBEKAH<\/td><td>R\u00d8Y<\/td><\/tr><tr><td>SNTS<\/td><td>SHIVAS<\/td><\/tr><tr><td><strong>PK<\/strong> <em>(Acto de apoyo)<\/em><\/td><td><\/td><\/tr><\/tbody><\/table><\/figure>\n\n\n\n<h2 class=\"wp-block-heading\"><span class=\"ez-toc-section\" id=\"%E2%9C%A8_Una_experiencia_unica_para_los_aficionados_al_techno\"><\/span>&#x2728; Una experiencia \u00fanica para los aficionados al techno<span class=\"ez-toc-section-end\"><\/span><\/h2>\n\n\n\n<p><\/p>\n\n\n\n<p>El Festival Sound Waves es mucho m\u00e1s que un evento musical: es un <strong>lugar de encuentro de culto<\/strong> para los aficionados al techno, en un entorno costero <strong>a pocos kil\u00f3metros de Oporto<\/strong>. El ambiente es <strong>intenso, underground y festivo<\/strong>, apoyado por una escena internacional y una escenograf\u00eda cada vez m\u00e1s envolvente. <\/p>\n\n\n\n<h2 class=\"wp-block-heading\"><span class=\"ez-toc-section\" id=\"%F0%9F%93%8D_Informacion_practica\"><\/span>&#x1f4cd; Informaci\u00f3n pr\u00e1ctica<span class=\"ez-toc-section-end\"><\/span><\/h2>\n\n\n\n<ul class=\"wp-block-list\">\n<li><strong>Fecha<\/strong>: S\u00e1bado 5 de julio de 2025<\/li>\n\n\n\n<li><strong>Localizaci\u00f3n<\/strong>: Esmoriz | Ovar | Portugal<\/li>\n\n\n\n<li><strong>Horario<\/strong>: de 17.00 h el s\u00e1bado a 14.00 h el domingo<\/li>\n\n\n\n<li><strong>P\u00e1gina web oficial<\/strong>: <a href=\"http:\/\/www.soundwavesfest.com\" target=\"_blank\" rel=\"noreferrer noopener nofollow\">www.soundwavesfest.com<\/a><\/li>\n\n\n\n<li>Entradas: <a href=\"https:\/\/shotgun.live\/pt-pt\/festivals\/sound-waves-2025\" target=\"_blank\" rel=\"noreferrer noopener nofollow\">https:\/\/shotgun.live\/pt-pt\/festivals\/sound-waves-2025<\/a><\/li>\n<\/ul>\n\n\n<div class=\"wp-block-image\">\n<figure class=\"aligncenter size-medium\"><a href=\"http:\/\/www.soundwavesfest.com\" target=\"_blank\" rel=\"  noreferrer noopener\"><img decoding=\"async\" width=\"300\" height=\"300\" src=\"https:\/\/www.technomag.fr\/wp-content\/uploads\/2025\/03\/Sound-Waves-Logo_01-300x300.png\" alt=\"\" class=\"wp-image-18016\" srcset=\"https:\/\/www.technomag.fr\/wp-content\/uploads\/2025\/03\/Sound-Waves-Logo_01-300x300.png 300w, https:\/\/www.technomag.fr\/wp-content\/uploads\/2025\/03\/Sound-Waves-Logo_01-100x100.png 100w, https:\/\/www.technomag.fr\/wp-content\/uploads\/2025\/03\/Sound-Waves-Logo_01-600x600.png 600w, https:\/\/www.technomag.fr\/wp-content\/uploads\/2025\/03\/Sound-Waves-Logo_01-1024x1024.png 1024w, https:\/\/www.technomag.fr\/wp-content\/uploads\/2025\/03\/Sound-Waves-Logo_01-150x150.png 150w, https:\/\/www.technomag.fr\/wp-content\/uploads\/2025\/03\/Sound-Waves-Logo_01-768x768.png 768w, https:\/\/www.technomag.fr\/wp-content\/uploads\/2025\/03\/Sound-Waves-Logo_01-500x500.png 500w, https:\/\/www.technomag.fr\/wp-content\/uploads\/2025\/03\/Sound-Waves-Logo_01-1536x1536.png 1536w, https:\/\/www.technomag.fr\/wp-content\/uploads\/2025\/03\/Sound-Waves-Logo_01-2048x2048.png 2048w, https:\/\/www.technomag.fr\/wp-content\/uploads\/2025\/03\/Sound-Waves-Logo_01-60x60.png 60w, https:\/\/www.technomag.fr\/wp-content\/uploads\/2025\/03\/Sound-Waves-Logo_01-24x24.png 24w, https:\/\/www.technomag.fr\/wp-content\/uploads\/2025\/03\/Sound-Waves-Logo_01-48x48.png 48w, https:\/\/www.technomag.fr\/wp-content\/uploads\/2025\/03\/Sound-Waves-Logo_01-96x96.png 96w\" sizes=\"(max-width: 300px) 100vw, 300px\" \/><\/a><\/figure>\n<\/div>\n\n\n<p>&#x1f382; <strong>20 a\u00f1os de historia, bajos y amor por el techno.<\/strong> Sound Waves Festival 2025 promete ser una edici\u00f3n <strong>inolvidable<\/strong>, dispuesta a hacer vibrar a Portugal al ritmo de la escena techno mundial.<\/p>\n\n\n<div class=\"kk-star-ratings kksr-auto kksr-align-center kksr-valign-bottom\"\n    data-payload='{&quot;align&quot;:&quot;center&quot;,&quot;id&quot;:&quot;18042&quot;,&quot;slug&quot;:&quot;default&quot;,&quot;valign&quot;:&quot;bottom&quot;,&quot;ignore&quot;:&quot;&quot;,&quot;reference&quot;:&quot;auto&quot;,&quot;class&quot;:&quot;&quot;,&quot;count&quot;:&quot;0&quot;,&quot;legendonly&quot;:&quot;&quot;,&quot;readonly&quot;:&quot;&quot;,&quot;score&quot;:&quot;0&quot;,&quot;starsonly&quot;:&quot;&quot;,&quot;best&quot;:&quot;5&quot;,&quot;gap&quot;:&quot;5&quot;,&quot;greet&quot;:&quot;Noter cet article&quot;,&quot;legend&quot;:&quot;0\\\/5 - (0 votos)&quot;,&quot;size&quot;:&quot;24&quot;,&quot;title&quot;:&quot;Sound Waves 2025: \u00a1el Festival Techno imprescindible de Portugal celebra su 20\u00ba aniversario!&quot;,&quot;width&quot;:&quot;0&quot;,&quot;_legend&quot;:&quot;{score}\\\/{best} - ({count} {votes})&quot;,&quot;font_factor&quot;:&quot;1.25&quot;}'>\n            \n<div class=\"kksr-stars\">\n    \n<div class=\"kksr-stars-inactive\">\n            <div class=\"kksr-star\" data-star=\"1\" style=\"padding-right: 5px\">\n            \n\n<div class=\"kksr-icon\" style=\"width: 24px; height: 24px;\"><\/div>\n        <\/div>\n            <div class=\"kksr-star\" data-star=\"2\" style=\"padding-right: 5px\">\n            \n\n<div class=\"kksr-icon\" style=\"width: 24px; height: 24px;\"><\/div>\n        <\/div>\n            <div class=\"kksr-star\" data-star=\"3\" style=\"padding-right: 5px\">\n            \n\n<div class=\"kksr-icon\" style=\"width: 24px; height: 24px;\"><\/div>\n        <\/div>\n            <div class=\"kksr-star\" data-star=\"4\" style=\"padding-right: 5px\">\n            \n\n<div class=\"kksr-icon\" style=\"width: 24px; height: 24px;\"><\/div>\n        <\/div>\n            <div class=\"kksr-star\" data-star=\"5\" style=\"padding-right: 5px\">\n            \n\n<div class=\"kksr-icon\" style=\"width: 24px; height: 24px;\"><\/div>\n        <\/div>\n    <\/div>\n    \n<div class=\"kksr-stars-active\" style=\"width: 0px;\">\n            <div class=\"kksr-star\" style=\"padding-right: 5px\">\n            \n\n<div class=\"kksr-icon\" style=\"width: 24px; height: 24px;\"><\/div>\n        <\/div>\n            <div class=\"kksr-star\" style=\"padding-right: 5px\">\n            \n\n<div class=\"kksr-icon\" style=\"width: 24px; height: 24px;\"><\/div>\n        <\/div>\n            <div class=\"kksr-star\" style=\"padding-right: 5px\">\n            \n\n<div class=\"kksr-icon\" style=\"width: 24px; height: 24px;\"><\/div>\n        <\/div>\n            <div class=\"kksr-star\" style=\"padding-right: 5px\">\n            \n\n<div class=\"kksr-icon\" style=\"width: 24px; height: 24px;\"><\/div>\n        <\/div>\n            <div class=\"kksr-star\" style=\"padding-right: 5px\">\n            \n\n<div class=\"kksr-icon\" style=\"width: 24px; height: 24px;\"><\/div>\n        <\/div>\n    <\/div>\n<\/div>\n                \n\n<div class=\"kksr-legend\" style=\"font-size: 19.2px;\">\n            <span class=\"kksr-muted\">Noter cet article<\/span>\n    <\/div>\n    <\/div>\n","protected":false},"excerpt":{"rendered":"<p>El Sound Waves Festival vuelve con fuerza en 2025 para celebrar su 20 aniversario, con lo que promete ser una edici\u00f3n legendaria. El evento tendr\u00e1 lugar el s\u00e1bado 5 de julio de 2025 en Esmoriz, en la regi\u00f3n portuguesa de Ovar, y promete m\u00e1s de 20 horas de techno y hard techno sin parar. El [&hellip;]<\/p>\n","protected":false},"author":3,"featured_media":18037,"comment_status":"closed","ping_status":"closed","sticky":false,"template":"","format":"standard","meta":{"_acf_changed":false,"footnotes":""},"categories":[857],"tags":[],"class_list":["post-18042","post","type-post","status-publish","format-standard","has-post-thumbnail","hentry","category-festival-es"],"acf":[],"yoast_head":"<!-- This site is optimized with the Yoast SEO plugin v27.5 - https:\/\/yoast.com\/product\/yoast-seo-wordpress\/ -->\n<title>Rese\u00f1a de Loopmasters: \u00bfPara\u00edso de los productores o p\u00e9rdida de tiempo?<\/title>\n<meta name=\"description\" content=\"Sound Waves Festival 2025 celebra 20 a\u00f1os de puro techno en Esmoriz, Portugal: una cita ineludible para los aficionados a la m\u00fasica electr\u00f3nica underground.\" \/>\n<meta name=\"robots\" content=\"index, follow, max-snippet:-1, max-image-preview:large, max-video-preview:-1\" \/>\n<link rel=\"canonical\" href=\"https:\/\/www.technomag.fr\/es\/sound-waves-2025-el-festival-techno-imprescindible-de-portugal-celebra-su-20o-aniversario\/\" \/>\n<meta property=\"og:locale\" content=\"es_ES\" \/>\n<meta property=\"og:type\" content=\"article\" \/>\n<meta property=\"og:title\" content=\"Rese\u00f1a de Loopmasters: \u00bfPara\u00edso de los productores o p\u00e9rdida de tiempo?\" \/>\n<meta property=\"og:description\" content=\"Sound Waves Festival 2025 celebra 20 a\u00f1os de puro techno en Esmoriz, Portugal: una cita ineludible para los aficionados a la m\u00fasica electr\u00f3nica underground.\" \/>\n<meta property=\"og:url\" content=\"https:\/\/www.technomag.fr\/es\/sound-waves-2025-el-festival-techno-imprescindible-de-portugal-celebra-su-20o-aniversario\/\" \/>\n<meta property=\"og:site_name\" content=\"Techno Mag\" \/>\n<meta property=\"article:published_time\" content=\"2025-03-25T08:36:00+00:00\" \/>\n<meta property=\"og:image\" content=\"https:\/\/www.technomag.fr\/wp-content\/uploads\/2025\/03\/Sound-Waves-Photo-by-@fv_productions-26-1024x683.jpg\" \/>\n\t<meta property=\"og:image:width\" content=\"1024\" \/>\n\t<meta property=\"og:image:height\" content=\"683\" \/>\n\t<meta property=\"og:image:type\" content=\"image\/jpeg\" \/>\n<meta name=\"author\" content=\"Eric\" \/>\n<meta name=\"twitter:card\" content=\"summary_large_image\" \/>\n<meta name=\"twitter:label1\" content=\"Escrito por\" \/>\n\t<meta name=\"twitter:data1\" content=\"Eric\" \/>\n\t<meta name=\"twitter:label2\" content=\"Tiempo de lectura\" \/>\n\t<meta name=\"twitter:data2\" content=\"2 minutos\" \/>\n<script type=\"application\/ld+json\" class=\"yoast-schema-graph\">{\"@context\":\"https:\\\/\\\/schema.org\",\"@graph\":[{\"@type\":\"Article\",\"@id\":\"https:\\\/\\\/www.technomag.fr\\\/es\\\/sound-waves-2025-el-festival-techno-imprescindible-de-portugal-celebra-su-20o-aniversario\\\/#article\",\"isPartOf\":{\"@id\":\"https:\\\/\\\/www.technomag.fr\\\/es\\\/sound-waves-2025-el-festival-techno-imprescindible-de-portugal-celebra-su-20o-aniversario\\\/\"},\"author\":{\"name\":\"Eric\",\"@id\":\"https:\\\/\\\/www.technomag.fr\\\/#\\\/schema\\\/person\\\/5184db1055c64729cb8595a8e9d23e9e\"},\"headline\":\"Sound Waves 2025: \u00a1el Festival Techno imprescindible de Portugal celebra su 20\u00ba aniversario!\",\"datePublished\":\"2025-03-25T08:36:00+00:00\",\"mainEntityOfPage\":{\"@id\":\"https:\\\/\\\/www.technomag.fr\\\/es\\\/sound-waves-2025-el-festival-techno-imprescindible-de-portugal-celebra-su-20o-aniversario\\\/\"},\"wordCount\":363,\"publisher\":{\"@id\":\"https:\\\/\\\/www.technomag.fr\\\/#organization\"},\"image\":{\"@id\":\"https:\\\/\\\/www.technomag.fr\\\/es\\\/sound-waves-2025-el-festival-techno-imprescindible-de-portugal-celebra-su-20o-aniversario\\\/#primaryimage\"},\"thumbnailUrl\":\"https:\\\/\\\/www.technomag.fr\\\/wp-content\\\/uploads\\\/2025\\\/03\\\/Sound-Waves-Photo-by-@fv_productions-26.jpg\",\"articleSection\":[\"Festival\"],\"inLanguage\":\"es\"},{\"@type\":\"WebPage\",\"@id\":\"https:\\\/\\\/www.technomag.fr\\\/es\\\/sound-waves-2025-el-festival-techno-imprescindible-de-portugal-celebra-su-20o-aniversario\\\/\",\"url\":\"https:\\\/\\\/www.technomag.fr\\\/es\\\/sound-waves-2025-el-festival-techno-imprescindible-de-portugal-celebra-su-20o-aniversario\\\/\",\"name\":\"Rese\u00f1a de Loopmasters: \u00bfPara\u00edso de los productores o p\u00e9rdida de tiempo?\",\"isPartOf\":{\"@id\":\"https:\\\/\\\/www.technomag.fr\\\/#website\"},\"primaryImageOfPage\":{\"@id\":\"https:\\\/\\\/www.technomag.fr\\\/es\\\/sound-waves-2025-el-festival-techno-imprescindible-de-portugal-celebra-su-20o-aniversario\\\/#primaryimage\"},\"image\":{\"@id\":\"https:\\\/\\\/www.technomag.fr\\\/es\\\/sound-waves-2025-el-festival-techno-imprescindible-de-portugal-celebra-su-20o-aniversario\\\/#primaryimage\"},\"thumbnailUrl\":\"https:\\\/\\\/www.technomag.fr\\\/wp-content\\\/uploads\\\/2025\\\/03\\\/Sound-Waves-Photo-by-@fv_productions-26.jpg\",\"datePublished\":\"2025-03-25T08:36:00+00:00\",\"description\":\"Sound Waves Festival 2025 celebra 20 a\u00f1os de puro techno en Esmoriz, Portugal: una cita ineludible para los aficionados a la m\u00fasica electr\u00f3nica underground.\",\"breadcrumb\":{\"@id\":\"https:\\\/\\\/www.technomag.fr\\\/es\\\/sound-waves-2025-el-festival-techno-imprescindible-de-portugal-celebra-su-20o-aniversario\\\/#breadcrumb\"},\"inLanguage\":\"es\",\"potentialAction\":[{\"@type\":\"ReadAction\",\"target\":[\"https:\\\/\\\/www.technomag.fr\\\/es\\\/sound-waves-2025-el-festival-techno-imprescindible-de-portugal-celebra-su-20o-aniversario\\\/\"]}]},{\"@type\":\"ImageObject\",\"inLanguage\":\"es\",\"@id\":\"https:\\\/\\\/www.technomag.fr\\\/es\\\/sound-waves-2025-el-festival-techno-imprescindible-de-portugal-celebra-su-20o-aniversario\\\/#primaryimage\",\"url\":\"https:\\\/\\\/www.technomag.fr\\\/wp-content\\\/uploads\\\/2025\\\/03\\\/Sound-Waves-Photo-by-@fv_productions-26.jpg\",\"contentUrl\":\"https:\\\/\\\/www.technomag.fr\\\/wp-content\\\/uploads\\\/2025\\\/03\\\/Sound-Waves-Photo-by-@fv_productions-26.jpg\",\"width\":5249,\"height\":3499},{\"@type\":\"BreadcrumbList\",\"@id\":\"https:\\\/\\\/www.technomag.fr\\\/es\\\/sound-waves-2025-el-festival-techno-imprescindible-de-portugal-celebra-su-20o-aniversario\\\/#breadcrumb\",\"itemListElement\":[{\"@type\":\"ListItem\",\"position\":1,\"name\":\"Accueil\",\"item\":\"https:\\\/\\\/www.technomag.fr\\\/es\\\/revista-techno\\\/\"},{\"@type\":\"ListItem\",\"position\":2,\"name\":\"Sound Waves 2025: \u00a1el Festival Techno imprescindible de Portugal celebra su 20\u00ba aniversario!\"}]},{\"@type\":\"WebSite\",\"@id\":\"https:\\\/\\\/www.technomag.fr\\\/#website\",\"url\":\"https:\\\/\\\/www.technomag.fr\\\/\",\"name\":\"Techno Mag\",\"description\":\"Le magazine underground de r\u00e9f\u00e9rence pour la techno\",\"publisher\":{\"@id\":\"https:\\\/\\\/www.technomag.fr\\\/#organization\"},\"potentialAction\":[{\"@type\":\"SearchAction\",\"target\":{\"@type\":\"EntryPoint\",\"urlTemplate\":\"https:\\\/\\\/www.technomag.fr\\\/?s={search_term_string}\"},\"query-input\":{\"@type\":\"PropertyValueSpecification\",\"valueRequired\":true,\"valueName\":\"search_term_string\"}}],\"inLanguage\":\"es\"},{\"@type\":\"Organization\",\"@id\":\"https:\\\/\\\/www.technomag.fr\\\/#organization\",\"name\":\"Techno Mag\",\"url\":\"https:\\\/\\\/www.technomag.fr\\\/\",\"logo\":{\"@type\":\"ImageObject\",\"inLanguage\":\"es\",\"@id\":\"https:\\\/\\\/www.technomag.fr\\\/#\\\/schema\\\/logo\\\/image\\\/\",\"url\":\"https:\\\/\\\/www.technomag.fr\\\/wp-content\\\/uploads\\\/2023\\\/04\\\/TECHNO-e1681225415918.png\",\"contentUrl\":\"https:\\\/\\\/www.technomag.fr\\\/wp-content\\\/uploads\\\/2023\\\/04\\\/TECHNO-e1681225415918.png\",\"width\":500,\"height\":113,\"caption\":\"Techno Mag\"},\"image\":{\"@id\":\"https:\\\/\\\/www.technomag.fr\\\/#\\\/schema\\\/logo\\\/image\\\/\"}},{\"@type\":\"Person\",\"@id\":\"https:\\\/\\\/www.technomag.fr\\\/#\\\/schema\\\/person\\\/5184db1055c64729cb8595a8e9d23e9e\",\"name\":\"Eric\",\"image\":{\"@type\":\"ImageObject\",\"inLanguage\":\"es\",\"@id\":\"https:\\\/\\\/www.technomag.fr\\\/wp-content\\\/uploads\\\/2023\\\/12\\\/eric-96x96.jpg\",\"url\":\"https:\\\/\\\/www.technomag.fr\\\/wp-content\\\/uploads\\\/2023\\\/12\\\/eric-96x96.jpg\",\"contentUrl\":\"https:\\\/\\\/www.technomag.fr\\\/wp-content\\\/uploads\\\/2023\\\/12\\\/eric-96x96.jpg\",\"caption\":\"Eric\"},\"description\":\"Eric, le capitaine du navire TechnoMag, est d\u00e9veloppeur web, consultant SEO, r\u00e9dacteur de metier, et surtout fanatique de musique ! Depuis l'enfance, il est attir\u00e9 par les basses et les kicks, passant des heures \u00e0 \u00e9couter et jouer sur machines pour le plaisir, avec son fr\u00e8re et ses amis, depuis plus de dix ans. Globe-trotteur, il a explor\u00e9 des free parties sauvages et ill\u00e9gales jusqu\u2019aux plus grands festivals internationaux. Dans son pass\u00e9, il a aussi \u00e9t\u00e9 VJ et impliqu\u00e9 dans l'organisation de soir\u00e9es pas toujours vraiment autoris\u00e9es. Aujourd'hui, il aime capturer l'\u00e9nergie des \u00e9v\u00e9nements pour la retranscrire aux autres, que ce soit derri\u00e8re l'appareil photo, la cam\u00e9ra, ou en r\u00e9digeant un article. Avec quelques missions b\u00e9n\u00e9voles \u00e0 son actif et une association toute neuve, il r\u00eave d'un lieu autonome o\u00f9 chacun pourrait balancer son set sans craindre de perdre son matos.\",\"sameAs\":[\"https:\\\/\\\/www.instagram.com\\\/technomag.fr\\\/\",\"https:\\\/\\\/www.linkedin.com\\\/in\\\/boulangereric\\\/\"],\"url\":\"https:\\\/\\\/www.technomag.fr\\\/es\\\/redacteur\\\/eric-2\\\/\"}]}<\/script>\n<!-- \/ Yoast SEO plugin. -->","yoast_head_json":{"title":"Rese\u00f1a de Loopmasters: \u00bfPara\u00edso de los productores o p\u00e9rdida de tiempo?","description":"Sound Waves Festival 2025 celebra 20 a\u00f1os de puro techno en Esmoriz, Portugal: una cita ineludible para los aficionados a la m\u00fasica electr\u00f3nica underground.","robots":{"index":"index","follow":"follow","max-snippet":"max-snippet:-1","max-image-preview":"max-image-preview:large","max-video-preview":"max-video-preview:-1"},"canonical":"https:\/\/www.technomag.fr\/es\/sound-waves-2025-el-festival-techno-imprescindible-de-portugal-celebra-su-20o-aniversario\/","og_locale":"es_ES","og_type":"article","og_title":"Rese\u00f1a de Loopmasters: \u00bfPara\u00edso de los productores o p\u00e9rdida de tiempo?","og_description":"Sound Waves Festival 2025 celebra 20 a\u00f1os de puro techno en Esmoriz, Portugal: una cita ineludible para los aficionados a la m\u00fasica electr\u00f3nica underground.","og_url":"https:\/\/www.technomag.fr\/es\/sound-waves-2025-el-festival-techno-imprescindible-de-portugal-celebra-su-20o-aniversario\/","og_site_name":"Techno Mag","article_published_time":"2025-03-25T08:36:00+00:00","og_image":[{"width":1024,"height":683,"url":"https:\/\/www.technomag.fr\/wp-content\/uploads\/2025\/03\/Sound-Waves-Photo-by-@fv_productions-26-1024x683.jpg","type":"image\/jpeg"}],"author":"Eric","twitter_card":"summary_large_image","twitter_misc":{"Escrito por":"Eric","Tiempo de lectura":"2 minutos"},"schema":{"@context":"https:\/\/schema.org","@graph":[{"@type":"Article","@id":"https:\/\/www.technomag.fr\/es\/sound-waves-2025-el-festival-techno-imprescindible-de-portugal-celebra-su-20o-aniversario\/#article","isPartOf":{"@id":"https:\/\/www.technomag.fr\/es\/sound-waves-2025-el-festival-techno-imprescindible-de-portugal-celebra-su-20o-aniversario\/"},"author":{"name":"Eric","@id":"https:\/\/www.technomag.fr\/#\/schema\/person\/5184db1055c64729cb8595a8e9d23e9e"},"headline":"Sound Waves 2025: \u00a1el Festival Techno imprescindible de Portugal celebra su 20\u00ba aniversario!","datePublished":"2025-03-25T08:36:00+00:00","mainEntityOfPage":{"@id":"https:\/\/www.technomag.fr\/es\/sound-waves-2025-el-festival-techno-imprescindible-de-portugal-celebra-su-20o-aniversario\/"},"wordCount":363,"publisher":{"@id":"https:\/\/www.technomag.fr\/#organization"},"image":{"@id":"https:\/\/www.technomag.fr\/es\/sound-waves-2025-el-festival-techno-imprescindible-de-portugal-celebra-su-20o-aniversario\/#primaryimage"},"thumbnailUrl":"https:\/\/www.technomag.fr\/wp-content\/uploads\/2025\/03\/Sound-Waves-Photo-by-@fv_productions-26.jpg","articleSection":["Festival"],"inLanguage":"es"},{"@type":"WebPage","@id":"https:\/\/www.technomag.fr\/es\/sound-waves-2025-el-festival-techno-imprescindible-de-portugal-celebra-su-20o-aniversario\/","url":"https:\/\/www.technomag.fr\/es\/sound-waves-2025-el-festival-techno-imprescindible-de-portugal-celebra-su-20o-aniversario\/","name":"Rese\u00f1a de Loopmasters: \u00bfPara\u00edso de los productores o p\u00e9rdida de tiempo?","isPartOf":{"@id":"https:\/\/www.technomag.fr\/#website"},"primaryImageOfPage":{"@id":"https:\/\/www.technomag.fr\/es\/sound-waves-2025-el-festival-techno-imprescindible-de-portugal-celebra-su-20o-aniversario\/#primaryimage"},"image":{"@id":"https:\/\/www.technomag.fr\/es\/sound-waves-2025-el-festival-techno-imprescindible-de-portugal-celebra-su-20o-aniversario\/#primaryimage"},"thumbnailUrl":"https:\/\/www.technomag.fr\/wp-content\/uploads\/2025\/03\/Sound-Waves-Photo-by-@fv_productions-26.jpg","datePublished":"2025-03-25T08:36:00+00:00","description":"Sound Waves Festival 2025 celebra 20 a\u00f1os de puro techno en Esmoriz, Portugal: una cita ineludible para los aficionados a la m\u00fasica electr\u00f3nica underground.","breadcrumb":{"@id":"https:\/\/www.technomag.fr\/es\/sound-waves-2025-el-festival-techno-imprescindible-de-portugal-celebra-su-20o-aniversario\/#breadcrumb"},"inLanguage":"es","potentialAction":[{"@type":"ReadAction","target":["https:\/\/www.technomag.fr\/es\/sound-waves-2025-el-festival-techno-imprescindible-de-portugal-celebra-su-20o-aniversario\/"]}]},{"@type":"ImageObject","inLanguage":"es","@id":"https:\/\/www.technomag.fr\/es\/sound-waves-2025-el-festival-techno-imprescindible-de-portugal-celebra-su-20o-aniversario\/#primaryimage","url":"https:\/\/www.technomag.fr\/wp-content\/uploads\/2025\/03\/Sound-Waves-Photo-by-@fv_productions-26.jpg","contentUrl":"https:\/\/www.technomag.fr\/wp-content\/uploads\/2025\/03\/Sound-Waves-Photo-by-@fv_productions-26.jpg","width":5249,"height":3499},{"@type":"BreadcrumbList","@id":"https:\/\/www.technomag.fr\/es\/sound-waves-2025-el-festival-techno-imprescindible-de-portugal-celebra-su-20o-aniversario\/#breadcrumb","itemListElement":[{"@type":"ListItem","position":1,"name":"Accueil","item":"https:\/\/www.technomag.fr\/es\/revista-techno\/"},{"@type":"ListItem","position":2,"name":"Sound Waves 2025: \u00a1el Festival Techno imprescindible de Portugal celebra su 20\u00ba aniversario!"}]},{"@type":"WebSite","@id":"https:\/\/www.technomag.fr\/#website","url":"https:\/\/www.technomag.fr\/","name":"Techno Mag","description":"Le magazine underground de r\u00e9f\u00e9rence pour la techno","publisher":{"@id":"https:\/\/www.technomag.fr\/#organization"},"potentialAction":[{"@type":"SearchAction","target":{"@type":"EntryPoint","urlTemplate":"https:\/\/www.technomag.fr\/?s={search_term_string}"},"query-input":{"@type":"PropertyValueSpecification","valueRequired":true,"valueName":"search_term_string"}}],"inLanguage":"es"},{"@type":"Organization","@id":"https:\/\/www.technomag.fr\/#organization","name":"Techno Mag","url":"https:\/\/www.technomag.fr\/","logo":{"@type":"ImageObject","inLanguage":"es","@id":"https:\/\/www.technomag.fr\/#\/schema\/logo\/image\/","url":"https:\/\/www.technomag.fr\/wp-content\/uploads\/2023\/04\/TECHNO-e1681225415918.png","contentUrl":"https:\/\/www.technomag.fr\/wp-content\/uploads\/2023\/04\/TECHNO-e1681225415918.png","width":500,"height":113,"caption":"Techno Mag"},"image":{"@id":"https:\/\/www.technomag.fr\/#\/schema\/logo\/image\/"}},{"@type":"Person","@id":"https:\/\/www.technomag.fr\/#\/schema\/person\/5184db1055c64729cb8595a8e9d23e9e","name":"Eric","image":{"@type":"ImageObject","inLanguage":"es","@id":"https:\/\/www.technomag.fr\/wp-content\/uploads\/2023\/12\/eric-96x96.jpg","url":"https:\/\/www.technomag.fr\/wp-content\/uploads\/2023\/12\/eric-96x96.jpg","contentUrl":"https:\/\/www.technomag.fr\/wp-content\/uploads\/2023\/12\/eric-96x96.jpg","caption":"Eric"},"description":"Eric, le capitaine du navire TechnoMag, est d\u00e9veloppeur web, consultant SEO, r\u00e9dacteur de metier, et surtout fanatique de musique ! Depuis l'enfance, il est attir\u00e9 par les basses et les kicks, passant des heures \u00e0 \u00e9couter et jouer sur machines pour le plaisir, avec son fr\u00e8re et ses amis, depuis plus de dix ans. Globe-trotteur, il a explor\u00e9 des free parties sauvages et ill\u00e9gales jusqu\u2019aux plus grands festivals internationaux. Dans son pass\u00e9, il a aussi \u00e9t\u00e9 VJ et impliqu\u00e9 dans l'organisation de soir\u00e9es pas toujours vraiment autoris\u00e9es. Aujourd'hui, il aime capturer l'\u00e9nergie des \u00e9v\u00e9nements pour la retranscrire aux autres, que ce soit derri\u00e8re l'appareil photo, la cam\u00e9ra, ou en r\u00e9digeant un article. Avec quelques missions b\u00e9n\u00e9voles \u00e0 son actif et une association toute neuve, il r\u00eave d'un lieu autonome o\u00f9 chacun pourrait balancer son set sans craindre de perdre son matos.","sameAs":["https:\/\/www.instagram.com\/technomag.fr\/","https:\/\/www.linkedin.com\/in\/boulangereric\/"],"url":"https:\/\/www.technomag.fr\/es\/redacteur\/eric-2\/"}]}},"_links":{"self":[{"href":"https:\/\/www.technomag.fr\/es\/wp-json\/wp\/v2\/posts\/18042","targetHints":{"allow":["GET"]}}],"collection":[{"href":"https:\/\/www.technomag.fr\/es\/wp-json\/wp\/v2\/posts"}],"about":[{"href":"https:\/\/www.technomag.fr\/es\/wp-json\/wp\/v2\/types\/post"}],"author":[{"embeddable":true,"href":"https:\/\/www.technomag.fr\/es\/wp-json\/wp\/v2\/users\/3"}],"replies":[{"embeddable":true,"href":"https:\/\/www.technomag.fr\/es\/wp-json\/wp\/v2\/comments?post=18042"}],"version-history":[{"count":0,"href":"https:\/\/www.technomag.fr\/es\/wp-json\/wp\/v2\/posts\/18042\/revisions"}],"wp:featuredmedia":[{"embeddable":true,"href":"https:\/\/www.technomag.fr\/es\/wp-json\/wp\/v2\/media\/18037"}],"wp:attachment":[{"href":"https:\/\/www.technomag.fr\/es\/wp-json\/wp\/v2\/media?parent=18042"}],"wp:term":[{"taxonomy":"category","embeddable":true,"href":"https:\/\/www.technomag.fr\/es\/wp-json\/wp\/v2\/categories?post=18042"},{"taxonomy":"post_tag","embeddable":true,"href":"https:\/\/www.technomag.fr\/es\/wp-json\/wp\/v2\/tags?post=18042"}],"curies":[{"name":"wp","href":"https:\/\/api.w.org\/{rel}","templated":true}]}}