
{"id":17917,"date":"2025-03-14T22:03:35","date_gmt":"2025-03-14T21:03:35","guid":{"rendered":"https:\/\/www.technomag.fr\/los-mejores-festivales-y-veladas-hardcore-de-europa-2025\/"},"modified":"2025-03-14T22:03:35","modified_gmt":"2025-03-14T21:03:35","slug":"los-mejores-festivales-y-veladas-hardcore-de-europa-2025","status":"publish","type":"post","link":"https:\/\/www.technomag.fr\/es\/los-mejores-festivales-y-veladas-hardcore-de-europa-2025\/","title":{"rendered":"Los mejores festivales y veladas hardcore de Europa 2025"},"content":{"rendered":"\n<p><strong>Los Mejores Festivales de Hardcore y Hardstyle de Europa: \u00bfD\u00f3nde vivir la experiencia definitiva?<\/strong>  &#x1f3a7;&#x1f525;<\/p>\n\n\n\n<p>Si te apasionan las patadas potentes, los BPM fren\u00e9ticos y la energ\u00eda sobrealimentada de la m\u00fasica dura, \u00a1entonces Europa es un aut\u00e9ntico patio de recreo para ti! Desde el hardcore m\u00e1s crudo hasta el hardstyle m\u00e1s euf\u00f3rico, el continente est\u00e1 repleto de festivales legendarios donde el bajo hace vibrar a miles de festivaleros. Pero, \u00bfcu\u00e1les son los imprescindibles que no debes perderte? Tanto si eres un veterano de la rave como un reci\u00e9n llegado en busca de emociones, aqu\u00ed tienes nuestra selecci\u00f3n de los mejores festivales de hardcore y hardstyle de Europa. \u00a1Prep\u00e1rate para una inmersi\u00f3n total en la cultura musical hardcore! &#x1f680;&#x1f50a;       <\/p>\n\n\n\n<p>Esta lista est\u00e1 organizada cronol\u00f3gicamente, para que puedas orientarte f\u00e1cilmente por las fechas. Disculpa si algunos festivales ya han pasado (nos ha llevado un tiempo escribir este art\u00edculo).   <br><\/p>\n\n\n\n<div id=\"ez-toc-container\" class=\"ez-toc-v2_0_82_2 ez-toc-wrap-center counter-hierarchy ez-toc-counter ez-toc-custom ez-toc-container-direction\">\n<div class=\"ez-toc-title-container\">\n<p class=\"ez-toc-title\" style=\"cursor:inherit\">Sommaire<\/p>\n<span class=\"ez-toc-title-toggle\"><a href=\"#\" class=\"ez-toc-pull-right ez-toc-btn ez-toc-btn-xs ez-toc-btn-default ez-toc-toggle\" aria-label=\"Alternar tabla de contenidos\"><span class=\"ez-toc-js-icon-con\"><span class=\"\"><span class=\"eztoc-hide\" style=\"display:none;\">Toggle<\/span><span class=\"ez-toc-icon-toggle-span\"><svg style=\"fill: #ffffff;color:#ffffff\" xmlns=\"http:\/\/www.w3.org\/2000\/svg\" class=\"list-377408\" width=\"20px\" height=\"20px\" viewBox=\"0 0 24 24\" fill=\"none\"><path d=\"M6 6H4v2h2V6zm14 0H8v2h12V6zM4 11h2v2H4v-2zm16 0H8v2h12v-2zM4 16h2v2H4v-2zm16 0H8v2h12v-2z\" fill=\"currentColor\"><\/path><\/svg><svg style=\"fill: #ffffff;color:#ffffff\" class=\"arrow-unsorted-368013\" xmlns=\"http:\/\/www.w3.org\/2000\/svg\" width=\"10px\" height=\"10px\" viewBox=\"0 0 24 24\" version=\"1.2\" baseProfile=\"tiny\"><path d=\"M18.2 9.3l-6.2-6.3-6.2 6.3c-.2.2-.3.4-.3.7s.1.5.3.7c.2.2.4.3.7.3h11c.3 0 .5-.1.7-.3.2-.2.3-.5.3-.7s-.1-.5-.3-.7zM5.8 14.7l6.2 6.3 6.2-6.3c.2-.2.3-.5.3-.7s-.1-.5-.3-.7c-.2-.2-.4-.3-.7-.3h-11c-.3 0-.5.1-.7.3-.2.2-.3.5-.3.7s.1.5.3.7z\"\/><\/svg><\/span><\/span><\/span><\/a><\/span><\/div>\n<nav><ul class='ez-toc-list ez-toc-list-level-1 ' ><li class='ez-toc-page-1 ez-toc-heading-level-2'><a class=\"ez-toc-link ez-toc-heading-1\" href=\"https:\/\/www.technomag.fr\/es\/los-mejores-festivales-y-veladas-hardcore-de-europa-2025\/#%F0%9F%8E%B6%F0%9F%94%A5_Reverze_2025\" >&#x1f3b6;&#x1f525; Reverze 2025<\/a><\/li><li class='ez-toc-page-1 ez-toc-heading-level-2'><a class=\"ez-toc-link ez-toc-heading-2\" href=\"https:\/\/www.technomag.fr\/es\/los-mejores-festivales-y-veladas-hardcore-de-europa-2025\/#%F0%9F%8E%B6%F0%9F%94%A5_Supremacia_Alemania_2025\" >&#x1f3b6;&#x1f525; Supremac\u00eda Alemania 2025<\/a><\/li><li class='ez-toc-page-1 ez-toc-heading-level-2'><a class=\"ez-toc-link ez-toc-heading-3\" href=\"https:\/\/www.technomag.fr\/es\/los-mejores-festivales-y-veladas-hardcore-de-europa-2025\/#%F0%9F%8E%B6%F0%9F%94%A5_Festival_Karnaval_2025\" >&#x1f3b6;&#x1f525; Festival Karnaval 2025<\/a><\/li><li class='ez-toc-page-1 ez-toc-heading-level-2'><a class=\"ez-toc-link ez-toc-heading-4\" href=\"https:\/\/www.technomag.fr\/es\/los-mejores-festivales-y-veladas-hardcore-de-europa-2025\/#%F0%9F%8E%B6%F0%9F%94%A5_Festival_Hardkaze_VI_%E2%80%93_Odisea_de_la_Eternidad\" >&#x1f3b6;&#x1f525; Festival Hardkaze VI &#8211; Odisea de la Eternidad<\/a><\/li><li class='ez-toc-page-1 ez-toc-heading-level-2'><a class=\"ez-toc-link ez-toc-heading-5\" href=\"https:\/\/www.technomag.fr\/es\/los-mejores-festivales-y-veladas-hardcore-de-europa-2025\/#%F0%9F%8E%B6%F0%9F%94%A5_Masters_of_Hardcore_2025_%E2%80%93_30_Anos_Templo_de_la_Resonancia\" >&#x1f3b6;&#x1f525; Masters of Hardcore 2025 &#8211; 30 A\u00f1os (Templo de la Resonancia)<\/a><\/li><li class='ez-toc-page-1 ez-toc-heading-level-2'><a class=\"ez-toc-link ez-toc-heading-6\" href=\"https:\/\/www.technomag.fr\/es\/los-mejores-festivales-y-veladas-hardcore-de-europa-2025\/#%F0%9F%8E%B6%F0%9F%94%A5_Festival_REBiRTH_2025_%E2%80%93_Unidos_por_la_locura\" >&#x1f3b6;&#x1f525; Festival REBiRTH 2025 &#8211; Unidos por la locura<\/a><\/li><li class='ez-toc-page-1 ez-toc-heading-level-2'><a class=\"ez-toc-link ez-toc-heading-7\" href=\"https:\/\/www.technomag.fr\/es\/los-mejores-festivales-y-veladas-hardcore-de-europa-2025\/#%F0%9F%8E%B6%F0%9F%94%A5_Festival_Distopia_2025\" >&#x1f3b6;&#x1f525; Festival Distop\u00eda 2025<\/a><\/li><li class='ez-toc-page-1 ez-toc-heading-level-2'><a class=\"ez-toc-link ez-toc-heading-8\" href=\"https:\/\/www.technomag.fr\/es\/los-mejores-festivales-y-veladas-hardcore-de-europa-2025\/#%F0%9F%8E%B6%F0%9F%94%A5_Pandemonium_2025\" >&#x1f3b6;&#x1f525; Pandem\u00f3nium 2025<\/a><\/li><li class='ez-toc-page-1 ez-toc-heading-level-2'><a class=\"ez-toc-link ez-toc-heading-9\" href=\"https:\/\/www.technomag.fr\/es\/los-mejores-festivales-y-veladas-hardcore-de-europa-2025\/#%F0%9F%8E%B6%F0%9F%94%A5_Festival_del_Dia_de_Reyes_Supersize_2025\" >&#x1f3b6;&#x1f525; Festival del D\u00eda de Reyes Supersize 2025<\/a><\/li><li class='ez-toc-page-1 ez-toc-heading-level-2'><a class=\"ez-toc-link ez-toc-heading-10\" href=\"https:\/\/www.technomag.fr\/es\/los-mejores-festivales-y-veladas-hardcore-de-europa-2025\/#%F0%9F%8E%B6%F0%9F%94%A5_Intents_Festival_2025_%E2%80%93_Capital_de_la_Locura\" >&#x1f3b6;&#x1f525; Intents Festival 2025 &#8211; Capital de la Locura<\/a><\/li><li class='ez-toc-page-1 ez-toc-heading-level-2'><a class=\"ez-toc-link ez-toc-heading-11\" href=\"https:\/\/www.technomag.fr\/es\/los-mejores-festivales-y-veladas-hardcore-de-europa-2025\/#%F0%9F%8E%B6%F0%9F%94%A5_Armonia_del_Hardcore_2025_%E2%80%93_La_sensacion_Hardcore_definitiva\" >&#x1f3b6;&#x1f525; Armon\u00eda del Hardcore 2025 &#8211; La sensaci\u00f3n Hardcore definitiva<\/a><\/li><li class='ez-toc-page-1 ez-toc-heading-level-2'><a class=\"ez-toc-link ez-toc-heading-12\" href=\"https:\/\/www.technomag.fr\/es\/los-mejores-festivales-y-veladas-hardcore-de-europa-2025\/#%F0%9F%8E%B6%F0%9F%94%A5_Festival_Fin_de_Semana_Defqon1_2025\" >&#x1f3b6;&#x1f525; Festival Fin de Semana Defqon.1 2025<\/a><\/li><li class='ez-toc-page-1 ez-toc-heading-level-2'><a class=\"ez-toc-link ez-toc-heading-13\" href=\"https:\/\/www.technomag.fr\/es\/los-mejores-festivales-y-veladas-hardcore-de-europa-2025\/#%F0%9F%8E%B6%F0%9F%94%A5_Festival_Dropzone_2025\" >&#x1f3b6;&#x1f525; Festival Dropzone 2025<\/a><\/li><li class='ez-toc-page-1 ez-toc-heading-level-2'><a class=\"ez-toc-link ez-toc-heading-14\" href=\"https:\/\/www.technomag.fr\/es\/los-mejores-festivales-y-veladas-hardcore-de-europa-2025\/#%F0%9F%8E%B6%F0%9F%94%A5_Festival_Dominator_2025_%E2%80%93_20_anos_de_Hardcore\" >&#x1f3b6;&#x1f525; Festival Dominator 2025 &#8211; 20 a\u00f1os de Hardcore<\/a><\/li><li class='ez-toc-page-1 ez-toc-heading-level-2'><a class=\"ez-toc-link ez-toc-heading-15\" href=\"https:\/\/www.technomag.fr\/es\/los-mejores-festivales-y-veladas-hardcore-de-europa-2025\/#%F0%9F%8E%B6%F0%9F%94%A5_Festival_Eskape_2025\" >&#x1f3b6;&#x1f525; Festival Eskape 2025<\/a><\/li><li class='ez-toc-page-1 ez-toc-heading-level-2'><a class=\"ez-toc-link ez-toc-heading-16\" href=\"https:\/\/www.technomag.fr\/es\/los-mejores-festivales-y-veladas-hardcore-de-europa-2025\/#%F0%9F%8E%B6%F0%9F%94%A5_Fiesta_del_Cierre_2025\" >&#x1f3b6;&#x1f525; Fiesta del Cierre 2025<\/a><\/li><li class='ez-toc-page-1 ez-toc-heading-level-2'><a class=\"ez-toc-link ez-toc-heading-17\" href=\"https:\/\/www.technomag.fr\/es\/los-mejores-festivales-y-veladas-hardcore-de-europa-2025\/#%F0%9F%8E%B6%F0%9F%94%A5_Festival_Decibel_al_Aire_Libre_2025\" >&#x1f3b6;&#x1f525; Festival Decibel al Aire Libre 2025<\/a><\/li><li class='ez-toc-page-1 ez-toc-heading-level-2'><a class=\"ez-toc-link ez-toc-heading-18\" href=\"https:\/\/www.technomag.fr\/es\/los-mejores-festivales-y-veladas-hardcore-de-europa-2025\/#%F0%9F%8E%B6%F0%9F%94%A5_Festival_Zona_Cero_2025_%E2%80%93_La_Noche_Final\" >&#x1f3b6;&#x1f525; Festival Zona Cero 2025 &#8211; La Noche Final<\/a><\/li><li class='ez-toc-page-1 ez-toc-heading-level-2'><a class=\"ez-toc-link ez-toc-heading-19\" href=\"https:\/\/www.technomag.fr\/es\/los-mejores-festivales-y-veladas-hardcore-de-europa-2025\/#%F0%9F%8E%B6%F0%9F%94%A5_Supremacia_2025_%E2%80%93_Entra_en_el_Eliseo\" >&#x1f3b6;&#x1f525; Supremac\u00eda 2025 &#8211; Entra en el El\u00edseo<\/a><\/li><li class='ez-toc-page-1 ez-toc-heading-level-2'><a class=\"ez-toc-link ez-toc-heading-20\" href=\"https:\/\/www.technomag.fr\/es\/los-mejores-festivales-y-veladas-hardcore-de-europa-2025\/#%F0%9F%8E%B6%F0%9F%94%A5_Sindicato_2025\" >&#x1f3b6;&#x1f525; Sindicato 2025<\/a><\/li><li class='ez-toc-page-1 ez-toc-heading-level-2'><a class=\"ez-toc-link ez-toc-heading-21\" href=\"https:\/\/www.technomag.fr\/es\/los-mejores-festivales-y-veladas-hardcore-de-europa-2025\/#%F0%9F%8E%B6%F0%9F%94%A5_Festival_de_la_Imaginacion_2025\" >&#x1f3b6;&#x1f525; Festival de la Imaginaci\u00f3n 2025<\/a><\/li><li class='ez-toc-page-1 ez-toc-heading-level-2'><a class=\"ez-toc-link ez-toc-heading-22\" href=\"https:\/\/www.technomag.fr\/es\/los-mejores-festivales-y-veladas-hardcore-de-europa-2025\/#%F0%9F%8E%B6%F0%9F%94%A5_Snakepit_2025\" >&#x1f3b6;&#x1f525; Snakepit 2025<\/a><\/li><li class='ez-toc-page-1 ez-toc-heading-level-2'><a class=\"ez-toc-link ez-toc-heading-23\" href=\"https:\/\/www.technomag.fr\/es\/los-mejores-festivales-y-veladas-hardcore-de-europa-2025\/#%F0%9F%8E%B6%F0%9F%94%A5_Shockerz_2025\" >&#x1f3b6;&#x1f525; Shockerz 2025<\/a><\/li><li class='ez-toc-page-1 ez-toc-heading-level-2'><a class=\"ez-toc-link ez-toc-heading-24\" href=\"https:\/\/www.technomag.fr\/es\/los-mejores-festivales-y-veladas-hardcore-de-europa-2025\/#%F0%9F%8E%B6%F0%9F%94%A5_Cupula_del_Trueno_2025\" >&#x1f3b6;&#x1f525; C\u00fapula del Trueno 2025<\/a><\/li><\/ul><\/nav><\/div>\n<h2 class=\"wp-block-heading\"><span class=\"ez-toc-section\" id=\"%F0%9F%8E%B6%F0%9F%94%A5_Reverze_2025\"><\/span>&#x1f3b6;&#x1f525; Reverze 2025<span class=\"ez-toc-section-end\"><\/span><\/h2>\n\n\n\n<figure class=\"wp-block-embed is-type-video is-provider-youtube wp-block-embed-youtube wp-embed-aspect-16-9 wp-has-aspect-ratio\"><div class=\"wp-block-embed__wrapper\">\n<iframe title=\"Reverze 2024 | Sub Zero Project - Maze Of Memories (Anthem Show)\" width=\"1080\" height=\"608\" src=\"https:\/\/www.youtube.com\/embed\/hSdtJtVq1BE?feature=oembed\" frameborder=\"0\" allow=\"accelerometer; autoplay; clipboard-write; encrypted-media; gyroscope; picture-in-picture; web-share\" referrerpolicy=\"strict-origin-when-cross-origin\" allowfullscreen><\/iframe>\n<\/div><\/figure>\n\n\n\n<ul class=\"wp-block-list\">\n<li><strong>Fechas<\/strong> &#x1f4c5;: 14 y 15 de febrero de 2025 (2 tardes)<\/li>\n\n\n\n<li><strong>Ubicaci\u00f3n<\/strong> &#x1f4cd;: Amberes, <strong>B\u00e9lgica<\/strong> (Sportpaleis &amp; Lotto Arena)<\/li>\n\n\n\n<li><strong>Tipo de festival<\/strong> &#x1f3df;&#xfe0f;: Indoor (festival indoor de dos noches)<\/li>\n\n\n\n<li><strong>Descripci\u00f3n<\/strong> &#x1f4dd;: El mayor festival hardstyle y hardcore indoor de B\u00e9lgica, conocido por sus espectaculares espect\u00e1culos y su enorme producci\u00f3n sonora y visual. Organizado por Bass Events, re\u00fane a miles de aficionados en una experiencia envolvente en dos estadios.   <\/li>\n\n\n\n<li><strong>Camping disponible<\/strong> &#x26fa;: No (evento nocturno sin camping)<\/li>\n\n\n\n<li><strong>Camiones\/furgonetas autorizados<\/strong> &#x1f690;: No<\/li>\n\n\n\n<li><strong>Enlace oficial<\/strong> &#x1f517;: <a href=\"https:\/\/www.reverze.be\/home\" target=\"_blank\" rel=\"noreferrer noopener nofollow\">Sitio web oficial de Reverze<\/a><\/li>\n<\/ul>\n\n\n\n<h2 class=\"wp-block-heading\"><span class=\"ez-toc-section\" id=\"%F0%9F%8E%B6%F0%9F%94%A5_Supremacia_Alemania_2025\"><\/span>&#x1f3b6;&#x1f525; Supremac\u00eda Alemania 2025<span class=\"ez-toc-section-end\"><\/span><\/h2>\n\n\n\n<figure class=\"wp-block-embed is-type-video is-provider-youtube wp-block-embed-youtube wp-embed-aspect-16-9 wp-has-aspect-ratio\"><div class=\"wp-block-embed__wrapper\">\n<iframe title=\"Supremacy 2024 - Statement of Superiority | Official Aftermovie\" width=\"1080\" height=\"608\" src=\"https:\/\/www.youtube.com\/embed\/Bh2tMCOc3uk?feature=oembed\" frameborder=\"0\" allow=\"accelerometer; autoplay; clipboard-write; encrypted-media; gyroscope; picture-in-picture; web-share\" referrerpolicy=\"strict-origin-when-cross-origin\" allowfullscreen><\/iframe>\n<\/div><\/figure>\n\n\n\n<ul class=\"wp-block-list\">\n<li><strong>Fechas<\/strong> &#x1f4c5; 15 de febrero de 2025<\/li>\n\n\n\n<li><strong>Ubicaci\u00f3n<\/strong> &#x1f4cd; Dortmund, <strong>Alemania<\/strong> (Westfalenhallen)<\/li>\n\n\n\n<li><strong>Tipo de festival<\/strong> &#x1f3df;&#xfe0f; Indoor (evento en pista cubierta)<\/li>\n\n\n\n<li><strong>Descripci\u00f3n<\/strong> &#x1f4dd;<strong>Supremac\u00eda<\/strong>: Edici\u00f3n especial alemana del festival <strong>Supremacy<\/strong>, dedicado al raw hardstyle. Por primera vez en Dortmund, este espect\u00e1culo \u00fanico de Art of Dance da vida al Westfalenhalle con las mayores estrellas del raw en una musculosa puesta en escena.   <\/li>\n\n\n\n<li><strong>Camping disponible<\/strong> &#x26fa; disponible : No<\/li>\n\n\n\n<li><strong>Camiones\/furgonetas autorizados<\/strong> &#x1f690; No<\/li>\n\n\n\n<li><strong>Enlace oficial<\/strong> &#x1f517;<a href=\"https:\/\/www.supremacyevent.de\/\" target=\"_blank\" rel=\"noreferrer noopener nofollow\">Supremac\u00eda<\/a> <\/li>\n<\/ul>\n\n\n\n<h2 class=\"wp-block-heading\"><span class=\"ez-toc-section\" id=\"%F0%9F%8E%B6%F0%9F%94%A5_Festival_Karnaval_2025\"><\/span>&#x1f3b6;&#x1f525; Festival Karnaval 2025<span class=\"ez-toc-section-end\"><\/span><\/h2>\n\n\n\n<figure class=\"wp-block-embed is-type-video is-provider-youtube wp-block-embed-youtube wp-embed-aspect-16-9 wp-has-aspect-ratio\"><div class=\"wp-block-embed__wrapper\">\n<iframe title=\"Karnaval Festival 2025 - Official Aftermovie\" width=\"1080\" height=\"608\" src=\"https:\/\/www.youtube.com\/embed\/F6SlGazolb0?feature=oembed\" frameborder=\"0\" allow=\"accelerometer; autoplay; clipboard-write; encrypted-media; gyroscope; picture-in-picture; web-share\" referrerpolicy=\"strict-origin-when-cross-origin\" allowfullscreen><\/iframe>\n<\/div><\/figure>\n\n\n\n<ul class=\"wp-block-list\">\n<li><strong>Fechas<\/strong> &#x1f4c5; 1 y 2 de marzo de 2025<\/li>\n\n\n\n<li><strong>Ubicaci\u00f3n<\/strong> &#x1f4cd; Hertogenbosch de Brabanthallen, <strong>Pa\u00edses Bajos<\/strong> (Brabanthallen)<\/li>\n\n\n\n<li><strong>Tipo de festival<\/strong> &#x1f3df;&#xfe0f; De interior (festival de carnaval de interior de 2 d\u00edas)<\/li>\n\n\n\n<li><strong>Descripci\u00f3n<\/strong> &#x1f4dd;<strong>El Festival Karnaval<\/strong> transforma el carnaval holand\u00e9s en una fiesta hardstyle\/hardcore. No hay banda de m\u00fasica tradicional, sino dos d\u00edas de potentes bajos y disfraces locos. El Brabanthallen acoge varios escenarios con DJs de hardstyle, freestyle y hardcore para celebrar el Mardi Gras al estilo rave.    <\/li>\n\n\n\n<li><strong>Se puede acampar<\/strong> &#x26fa; No (festival urbano de dos d\u00edas)<\/li>\n\n\n\n<li><strong>Camiones\/furgonetas autorizados<\/strong> &#x1f690; No<\/li>\n\n\n\n<li><strong>Enlace oficial<\/strong> &#x1f517;<a href=\"https:\/\/www.karnavalfestival.nl\/\" target=\"_blank\" rel=\"noreferrer noopener nofollow\">Festival Karnaval<\/a><\/li>\n<\/ul>\n\n\n\n<h2 class=\"wp-block-heading\"><span class=\"ez-toc-section\" id=\"%F0%9F%8E%B6%F0%9F%94%A5_Festival_Hardkaze_VI_%E2%80%93_Odisea_de_la_Eternidad\"><\/span>&#x1f3b6;&#x1f525; Festival Hardkaze VI &#8211; Odisea de la Eternidad<span class=\"ez-toc-section-end\"><\/span><\/h2>\n\n\n\n<figure class=\"wp-block-embed is-type-video is-provider-youtube wp-block-embed-youtube wp-embed-aspect-16-9 wp-has-aspect-ratio\"><div class=\"wp-block-embed__wrapper\">\n<iframe title=\"Hardkaze Festival 2020 - Aftermovie\" width=\"1080\" height=\"608\" src=\"https:\/\/www.youtube.com\/embed\/Jg1jt1_R704?feature=oembed\" frameborder=\"0\" allow=\"accelerometer; autoplay; clipboard-write; encrypted-media; gyroscope; picture-in-picture; web-share\" referrerpolicy=\"strict-origin-when-cross-origin\" allowfullscreen><\/iframe>\n<\/div><\/figure>\n\n\n\n<ul class=\"wp-block-list\">\n<li><strong>Fechas<\/strong> &#x1f4c5; 2 de marzo de 2025<\/li>\n\n\n\n<li><strong>Ubicaci\u00f3n<\/strong> &#x1f4cd; Montpellier, <strong>Francia<\/strong> (Z\u00e9nith Sud)<\/li>\n\n\n\n<li><strong>Tipo de festival<\/strong> &#x1f3df;&#xfe0f; Indoor (festival en pista cubierta)<\/li>\n\n\n\n<li><strong>Descripci\u00f3n<\/strong> &#x1f4dd; El mayor festival de m\u00fasica hard de Francia. En su 6\u00aa edici\u00f3n <strong>Odisea de la Eternidad<\/strong>, Hardkaze ofrece un viaje \u00e9pico en el tiempo al son del hardstyle, el raw y el Frenchcore. Un solo d\u00eda, de 15:00 a 01:00, con un escenario envolvente y artistas internacionales (Dr. Peacock, Vertile, Act of Rage, etc.), todo ello en el ambiente sobrecargado del Zenith.    <\/li>\n\n\n\n<li><strong>Camping disponible<\/strong> &#x26fa; disponible : No<\/li>\n\n\n\n<li><strong>Camiones\/furgonetas autorizados<\/strong> &#x1f690; No<\/li>\n\n\n\n<li><strong>Enlace oficial<\/strong> &#x1f517;<a href=\"https:\/\/shotgun.live\/fr\/festivals\/hardkaze-festival-odyssey-of-eternity\" target=\"_blank\" rel=\"noreferrer noopener nofollow\">Hardkaze<\/a><\/li>\n<\/ul>\n\n\n\n<h2 class=\"wp-block-heading\"><span class=\"ez-toc-section\" id=\"%F0%9F%8E%B6%F0%9F%94%A5_Masters_of_Hardcore_2025_%E2%80%93_30_Anos_Templo_de_la_Resonancia\"><\/span>&#x1f3b6;&#x1f525; Masters of Hardcore 2025 &#8211; 30 A\u00f1os (Templo de la Resonancia)<span class=\"ez-toc-section-end\"><\/span><\/h2>\n\n\n\n<figure class=\"wp-block-embed is-type-video is-provider-youtube wp-block-embed-youtube wp-embed-aspect-16-9 wp-has-aspect-ratio\"><div class=\"wp-block-embed__wrapper\">\n<iframe title=\"Masters of Hardcore 2024 - Time Heist | Official Aftermovie\" width=\"1080\" height=\"608\" src=\"https:\/\/www.youtube.com\/embed\/sTizqsdLIqM?feature=oembed\" frameborder=\"0\" allow=\"accelerometer; autoplay; clipboard-write; encrypted-media; gyroscope; picture-in-picture; web-share\" referrerpolicy=\"strict-origin-when-cross-origin\" allowfullscreen><\/iframe>\n<\/div><\/figure>\n\n\n\n<ul class=\"wp-block-list\">\n<li><strong>Fechas<\/strong> &#x1f4c5; 29 de marzo de 2025<\/li>\n\n\n\n<li><strong>Ubicaci\u00f3n<\/strong> &#x1f4cd; Den Bosch, <strong>Pa\u00edses Bajos<\/strong> (Brabanthallen)<\/li>\n\n\n\n<li><strong>Tipo de festival<\/strong> &#x1f3df;&#xfe0f; Indoor (megafestival de interior)<\/li>\n\n\n\n<li><strong>Descripci\u00f3n<\/strong> &#x1f4dd; Masters of Hardcore: una legendaria fiesta hardcore que celebra su <strong>30 aniversario<\/strong> en 2025. Masters of Hardcore es la mayor fiesta hardcore indoor del mundo, que atrae a aficionados de todo el mundo. Para esta edici\u00f3n de aniversario <em>de Temple of Resonance<\/em>, espera una producci\u00f3n excepcional, diez horas de furiosos BPM y un cartel hist\u00f3rico que abarca todas las \u00e9pocas del hardcore.    <\/li>\n\n\n\n<li><strong>Camping disponible<\/strong> &#x26fa; disponible : No<\/li>\n\n\n\n<li><strong>Camiones\/furgonetas autorizados<\/strong> &#x1f690; No<\/li>\n\n\n\n<li><strong>Enlace oficial<\/strong> &#x1f517;<a href=\"https:\/\/www.mastersofhardcore.com\/\" target=\"_blank\" rel=\"noreferrer noopener nofollow\">Maestros del Hardcore<\/a><\/li>\n<\/ul>\n\n\n\n<h2 class=\"wp-block-heading\"><span class=\"ez-toc-section\" id=\"%F0%9F%8E%B6%F0%9F%94%A5_Festival_REBiRTH_2025_%E2%80%93_Unidos_por_la_locura\"><\/span>&#x1f3b6;&#x1f525; Festival REBiRTH 2025 &#8211; <em>Unidos por la locura<\/em><span class=\"ez-toc-section-end\"><\/span><\/h2>\n\n\n\n<figure class=\"wp-block-embed is-type-video is-provider-youtube wp-block-embed-youtube wp-embed-aspect-16-9 wp-has-aspect-ratio\"><div class=\"wp-block-embed__wrapper\">\n<iframe title=\"REBiRTH Festival 2024 - Discover The Mayhem | Official Aftermovie\" width=\"1080\" height=\"608\" src=\"https:\/\/www.youtube.com\/embed\/ULs5pgd4LKc?feature=oembed\" frameborder=\"0\" allow=\"accelerometer; autoplay; clipboard-write; encrypted-media; gyroscope; picture-in-picture; web-share\" referrerpolicy=\"strict-origin-when-cross-origin\" allowfullscreen><\/iframe>\n<\/div><\/figure>\n\n\n\n<ul class=\"wp-block-list\">\n<li><strong>Fechas<\/strong> &#x1f4c5; 11, 12 y 13 de abril de 2025<\/li>\n\n\n\n<li><strong>Lugar<\/strong> &#x1f4cd; Haaren\/Helvoirt, <strong>Pa\u00edses Bajos<\/strong> (recinto del festival Antwerpsebaan)<\/li>\n\n\n\n<li><strong>Tipo de festival<\/strong> &#x1f332;: Al aire libre (festival de 3 d\u00edas al aire libre)<\/li>\n\n\n\n<li><strong>Descripci\u00f3n<\/strong> &#x1f4dd; El pistoletazo de salida a la temporada de festivales de hardstyle. REBiRTH abarca tres d\u00edas con m\u00e1s de 180 artistas y 16 zonas dedicadas a los estilos m\u00e1s duros. Un ambiente festivo y primaveral, pre-parties exclusivas en el camping <strong>de la Residencia REBiRTH<\/strong>, after-parties y actividades para un fin de semana de locura total hardstyle y hardcore.    <\/li>\n\n\n\n<li><strong>Acampada disponible<\/strong> &#x26fa; S\u00ed (camping <strong>Residencia REBiRTH<\/strong> de vie. a lun.)  <\/li>\n\n\n\n<li><strong>Se admiten camiones\/furgonetas<\/strong> &#x1f690; No (acampada reservada para tiendas y alojamiento in situ)<\/li>\n\n\n\n<li><strong>Enlace oficial<\/strong> &#x1f517;<a href=\"https:\/\/www.rebirth-festival.nl\/en\/\" target=\"_blank\" rel=\"noreferrer noopener nofollow\">Festival REBiRTH<\/a><\/li>\n<\/ul>\n\n\n\n<h2 class=\"wp-block-heading\"><span class=\"ez-toc-section\" id=\"%F0%9F%8E%B6%F0%9F%94%A5_Festival_Distopia_2025\"><\/span>&#x1f3b6;&#x1f525; Festival Distop\u00eda 2025  <span class=\"ez-toc-section-end\"><\/span><\/h2>\n\n\n\n<figure class=\"wp-block-embed is-type-video is-provider-youtube wp-block-embed-youtube wp-embed-aspect-16-9 wp-has-aspect-ratio\"><div class=\"wp-block-embed__wrapper\">\n<iframe title=\"Dystopia Festival 2024 - Official Aftermovie\" width=\"1080\" height=\"608\" src=\"https:\/\/www.youtube.com\/embed\/PPDmGyJ-iUM?start=6&#038;feature=oembed\" frameborder=\"0\" allow=\"accelerometer; autoplay; clipboard-write; encrypted-media; gyroscope; picture-in-picture; web-share\" referrerpolicy=\"strict-origin-when-cross-origin\" allowfullscreen><\/iframe>\n<\/div><\/figure>\n\n\n\n<ul class=\"wp-block-list\">\n<li><strong>Fechas<\/strong> &#x1f4c5; 18 y 19 de abril de 2025 (de 18:00 a 4:00 h)<\/li>\n\n\n\n<li><strong>Ubicaci\u00f3n<\/strong> &#x1f4cd; Parque Expo de Rennes, Bruz, <strong>Francia<\/strong><\/li>\n\n\n\n<li><strong>Tipo de festival<\/strong> &#x1f3df;&#xfe0f; Indoor (festival de interior de dos noches)<\/li>\n\n\n\n<li><strong>Descripci\u00f3n<\/strong> &#x1f4dd;<br><strong>El Festival Dystopia<\/strong> vuelve en su tercera edici\u00f3n, ofreciendo una inmersi\u00f3n total en el mundo de la m\u00fasica electr\u00f3nica m\u00e1s intensa. Con m\u00e1s de 40 artistas repartidos en dos escenarios dedicados al Hard Music y al Techno, el festival promete 20 horas de sonido potente y actuaciones electrizantes. Entre los cabezas de cartel figuran <strong>Angerfist<\/strong>, <strong>Sub Zero Project<\/strong>, <strong>Radical Redemption<\/strong>, <strong>Creeds<\/strong> y muchos m\u00e1s. Los asistentes al festival tambi\u00e9n podr\u00e1n disfrutar de una zona chill, un patio de comidas cubierto y una zona de encuentro con artistas, todo ello acompa\u00f1ado de hipn\u00f3ticos espect\u00e1culos de luz.     <\/li>\n\n\n\n<li><strong>Posibilidad de acampar<\/strong> &#x26fa; No (no hay acampada in situ)<\/li>\n\n\n\n<li><strong>Camiones\/furgonetas autorizadas<\/strong> &#x1f690; No (no hay infraestructura para veh\u00edculos con servicio)<\/li>\n\n\n\n<li><strong>Enlace oficial<\/strong> &#x1f517;<a href=\"https:\/\/dystopia-festival.com\/en\/\" target=\"_blank\" rel=\"noreferrer noopener nofollow\">Sitio web oficial del Festival Distop\u00eda<\/a><\/li>\n<\/ul>\n\n\n\n<h2 class=\"wp-block-heading\"><span class=\"ez-toc-section\" id=\"%F0%9F%8E%B6%F0%9F%94%A5_Pandemonium_2025\"><\/span>&#x1f3b6;&#x1f525; Pandem\u00f3nium 2025<span class=\"ez-toc-section-end\"><\/span><\/h2>\n\n\n\n<figure class=\"wp-block-embed is-type-video is-provider-youtube wp-block-embed-youtube wp-embed-aspect-16-9 wp-has-aspect-ratio\"><div class=\"wp-block-embed__wrapper\">\n<iframe title=\"Official Aftermovie - Pandemonium - 20 Year Anniversary | 16\/11\/2024\" width=\"1080\" height=\"608\" src=\"https:\/\/www.youtube.com\/embed\/jVZuDkJFD7c?feature=oembed\" frameborder=\"0\" allow=\"accelerometer; autoplay; clipboard-write; encrypted-media; gyroscope; picture-in-picture; web-share\" referrerpolicy=\"strict-origin-when-cross-origin\" allowfullscreen><\/iframe>\n<\/div><\/figure>\n\n\n\n<ul class=\"wp-block-list\">\n<li><strong>Fechas<\/strong> &#x1f4c5; 19 de abril de 2025<\/li>\n\n\n\n<li><strong>Lugar<\/strong> &#x1f4cd; Amsterdam, <strong>Pa\u00edses Bajos<\/strong> (AFAS Live)<\/li>\n\n\n\n<li><strong>Tipo de festival<\/strong> &#x1f3df;&#xfe0f; Indoor (festival nocturno de interior)<\/li>\n\n\n\n<li><strong>Descripci\u00f3n<\/strong> &#x1f4dd; Pandemonium: un viaje por el pasado del hardcore. Pandemonium, organizado por Cyndium, destaca por su concepto \u00bb <strong>Pasado, Presente y Futuro del Hardcore<\/strong> \u00ab: hay escenarios tem\u00e1ticos que van desde el rave de principios de los 90 hasta los \u00faltimos sonidos uptempo, pasando por el indus y el hardcore mainstream. En su edici\u00f3n de 19\u1d49, viejos y nuevos talentos se turnan durante toda la noche en un aut\u00e9ntico ambiente rave de la vieja escuela. Imprescindible para los puristas del gabber.     <\/li>\n\n\n\n<li><strong>Camping disponible<\/strong> &#x26fa; disponible : No<\/li>\n\n\n\n<li><strong>Camiones\/furgonetas autorizados<\/strong> &#x1f690; No<\/li>\n\n\n\n<li><strong>Enlace oficial<\/strong> &#x1f517;<a href=\"https:\/\/cyndium.com\/\" target=\"_blank\" rel=\"noreferrer noopener nofollow\">Cyndium &#8211; Pandem\u00f3nium<\/a><\/li>\n<\/ul>\n\n\n\n<h2 class=\"wp-block-heading\"><span class=\"ez-toc-section\" id=\"%F0%9F%8E%B6%F0%9F%94%A5_Festival_del_Dia_de_Reyes_Supersize_2025\"><\/span>&#x1f3b6;&#x1f525; Festival del D\u00eda de Reyes Supersize 2025<span class=\"ez-toc-section-end\"><\/span><\/h2>\n\n\n\n<figure class=\"wp-block-embed is-type-video is-provider-youtube wp-block-embed-youtube wp-embed-aspect-16-9 wp-has-aspect-ratio\"><div class=\"wp-block-embed__wrapper\">\n<iframe title=\"Supersized Kingsday Festival 2024 | Aftermovie\" width=\"1080\" height=\"608\" src=\"https:\/\/www.youtube.com\/embed\/uwjyS4gU9YY?feature=oembed\" frameborder=\"0\" allow=\"accelerometer; autoplay; clipboard-write; encrypted-media; gyroscope; picture-in-picture; web-share\" referrerpolicy=\"strict-origin-when-cross-origin\" allowfullscreen><\/iframe>\n<\/div><\/figure>\n\n\n\n<ul class=\"wp-block-list\">\n<li><strong>Fechas<\/strong> &#x1f4c5; 26 de abril de 2025<\/li>\n\n\n\n<li><strong>Ubicaci\u00f3n<\/strong> &#x1f4cd; Eindhoven, <strong>Pa\u00edses Bajos<\/strong> (Aquabest)<\/li>\n\n\n\n<li><strong>Tipo de festival<\/strong> &#x1f332; Al aire libre (festival de un d\u00eda al aire libre)<\/li>\n\n\n\n<li><strong>Descripci\u00f3n<\/strong> &#x1f4dd; El mayor festival del D\u00eda del Rey dedicado a los estilos m\u00e1s duros. Cada 27 de abril, decenas de miles de juerguistas celebran la realeza holandesa bailando hardstyle, freestyle y hardcore a orillas del lago Aquabest. El ambiente <strong>naranja<\/strong> est\u00e1 garantizado, con varios escenarios, atracciones de feria y un c\u00f3digo de vestimenta naranja.    <\/li>\n\n\n\n<li><strong>Se puede acampar<\/strong> &#x26fa; No (festival de un d\u00eda)<\/li>\n\n\n\n<li><strong>Camiones\/furgonetas autorizados<\/strong> &#x1f690; No<\/li>\n\n\n\n<li><strong>Enlace oficial<\/strong> &#x1f517;<a href=\"https:\/\/www.b2s.nl\/en\/events\/supersized-kingsday-festival\/\" target=\"_blank\" rel=\"noreferrer noopener nofollow\">Supersized Kingsday &#8211; B2S<\/a><\/li>\n<\/ul>\n\n\n\n<h2 class=\"wp-block-heading\"><span class=\"ez-toc-section\" id=\"%F0%9F%8E%B6%F0%9F%94%A5_Intents_Festival_2025_%E2%80%93_Capital_de_la_Locura\"><\/span>&#x1f3b6;&#x1f525; Intents Festival 2025 &#8211; <em>Capital de la Locura<\/em><span class=\"ez-toc-section-end\"><\/span><\/h2>\n\n\n\n<figure class=\"wp-block-embed is-type-video is-provider-youtube wp-block-embed-youtube wp-embed-aspect-16-9 wp-has-aspect-ratio\"><div class=\"wp-block-embed__wrapper\">\n<iframe title=\"Intents Festival 2024 -  Official Aftermovie\" width=\"1080\" height=\"608\" src=\"https:\/\/www.youtube.com\/embed\/I2_LEeZMV-c?feature=oembed\" frameborder=\"0\" allow=\"accelerometer; autoplay; clipboard-write; encrypted-media; gyroscope; picture-in-picture; web-share\" referrerpolicy=\"strict-origin-when-cross-origin\" allowfullscreen><\/iframe>\n<\/div><\/figure>\n\n\n\n<ul class=\"wp-block-list\">\n<li><strong>Fechas<\/strong> &#x1f4c5; 30, 31 de mayo y 1 de junio de 2025<\/li>\n\n\n\n<li><strong>Lugar<\/strong> &#x1f4cd; Oisterwijk, <strong>Pa\u00edses Bajos<\/strong> (Festivalterrein De Groene Kameren)<\/li>\n\n\n\n<li><strong>Tipo de festival<\/strong> &#x1f332; Al aire libre (fin de semana completo, 3 d\u00edas)<\/li>\n\n\n\n<li><strong>Descripci\u00f3n<\/strong> &#x1f4dd; Uno de los mayores festivales de hardstyle de Holanda, famoso por sus temas creativos y sus espectaculares telones de fondo. Intents ofrece un <strong>mega fin de semana<\/strong> con m\u00e1s de 10 escenarios que abarcan euf\u00f3rico hardstyle, raw, freestyle, hardcore y uptempo. Los asistentes al festival pueden alojarse en <strong>IntentsCity<\/strong>, un camping festivo que ofrece numerosas actividades (afterparty, beerpong gigante, jacuzzi&#8230;) para prolongar la experiencia d\u00eda y noche.    <\/li>\n\n\n\n<li><strong>Camping disponible<\/strong> &#x26fa; : S\u00ed (IntentsCity, camping del festival con tiendas de campa\u00f1a o alojamiento de lujo)<\/li>\n\n\n\n<li><strong>Camiones\/furgonetas autorizados<\/strong> &#x1f690; No (acampada s\u00f3lo accesible a tiendas de campa\u00f1a o alojamientos oficiales)<\/li>\n\n\n\n<li><strong>Enlace oficial<\/strong> &#x1f517;<a href=\"https:\/\/www.intentsfestival.nl\/en\/\" target=\"_blank\" rel=\"noreferrer noopener nofollow\">Festival Intents<\/a><\/li>\n<\/ul>\n\n\n\n<h2 class=\"wp-block-heading\"><span class=\"ez-toc-section\" id=\"%F0%9F%8E%B6%F0%9F%94%A5_Armonia_del_Hardcore_2025_%E2%80%93_La_sensacion_Hardcore_definitiva\"><\/span>&#x1f3b6;&#x1f525; Armon\u00eda del Hardcore 2025 &#8211; <em>La sensaci\u00f3n Hardcore definitiva<\/em><span class=\"ez-toc-section-end\"><\/span><\/h2>\n\n\n\n<figure class=\"wp-block-embed is-type-video is-provider-youtube wp-block-embed-youtube wp-embed-aspect-16-9 wp-has-aspect-ratio\"><div class=\"wp-block-embed__wrapper\">\n<iframe title=\"Official Aftermovie | Harmony of Hardcore 2024\" width=\"1080\" height=\"608\" src=\"https:\/\/www.youtube.com\/embed\/YIf3HChgseQ?feature=oembed\" frameborder=\"0\" allow=\"accelerometer; autoplay; clipboard-write; encrypted-media; gyroscope; picture-in-picture; web-share\" referrerpolicy=\"strict-origin-when-cross-origin\" allowfullscreen><\/iframe>\n<\/div><\/figure>\n\n\n\n<ul class=\"wp-block-list\">\n<li><strong>Fechas<\/strong> &#x1f4c5; 7 de junio de 2025<\/li>\n\n\n\n<li><strong>Lugar<\/strong> &#x1f4cd; Erp (Gemert), <strong>Pa\u00edses Bajos<\/strong> (recinto del festival De Roost)<\/li>\n\n\n\n<li><strong>Tipo de festival<\/strong> &#x1f332; Al aire libre (festival de un d\u00eda al aire libre)<\/li>\n\n\n\n<li><strong>Descripci\u00f3n<\/strong> &#x1f4dd; Verdadera peregrinaci\u00f3n para 45.000 aficionados al hardcore cada a\u00f1o, Harmony of Hardcore es un <strong>para\u00edso del hardcore<\/strong> con m\u00e1s de 18 escenarios dedicados (desde el early rave hasta el uptempo). Este s\u00e1bado de Pentecost\u00e9s, en los sagrados terrenos de Erp, re\u00fane a la flor y nata de la escena hardcore mundial en un ambiente sobrecargado y cordial. The Ultimate Hardcore Feeling\u00bb al comienzo del verano.    <\/li>\n\n\n\n<li><strong>Posibilidad de acampar<\/strong> &#x26fa; No (festival de un d\u00eda, no hay acampada oficial)<\/li>\n\n\n\n<li><strong>Camiones\/furgonetas autorizados<\/strong> &#x1f690; No<\/li>\n\n\n\n<li><strong>Enlace oficial<\/strong> &#x1f517;<a href=\"https:\/\/harmonyofhardcore.nl\/\" target=\"_blank\" rel=\"noreferrer noopener nofollow\">Armon\u00eda del Hardcore<\/a><\/li>\n<\/ul>\n\n\n\n<h2 class=\"wp-block-heading\"><span class=\"ez-toc-section\" id=\"%F0%9F%8E%B6%F0%9F%94%A5_Festival_Fin_de_Semana_Defqon1_2025\"><\/span>&#x1f3b6;&#x1f525; Festival Fin de Semana Defqon.1 2025   <span class=\"ez-toc-section-end\"><\/span><\/h2>\n\n\n\n<figure class=\"wp-block-embed is-type-video is-provider-youtube wp-block-embed-youtube wp-embed-aspect-16-9 wp-has-aspect-ratio\"><div class=\"wp-block-embed__wrapper\">\n<iframe title=\"Aftermovie | Defqon.1 2024\" width=\"1080\" height=\"608\" src=\"https:\/\/www.youtube.com\/embed\/kDlTSynqMTs?feature=oembed\" frameborder=\"0\" allow=\"accelerometer; autoplay; clipboard-write; encrypted-media; gyroscope; picture-in-picture; web-share\" referrerpolicy=\"strict-origin-when-cross-origin\" allowfullscreen><\/iframe>\n<\/div><\/figure>\n\n\n\n<ul class=\"wp-block-list\">\n<li><strong>Fechas<\/strong> &#x1f4c5; 26 al 29 de junio de 2025<\/li>\n\n\n\n<li><strong>Ubicaci\u00f3n<\/strong> &#x1f4cd; Biddinghuizen, <strong>Pa\u00edses Bajos<\/strong> (Walibi Holland, Evenemententerrein)<\/li>\n\n\n\n<li><strong>Tipo de festival<\/strong> &#x1f332; Al aire libre (festival de 4 d\u00edas al aire libre)<\/li>\n\n\n\n<li><strong>Descripci\u00f3n<\/strong> &#x1f4dd; El <strong>Santo Grial<\/strong> de los festivales de hardstyle. Organizado por Q-dance, Defqon.1 es un fin de semana legendario que re\u00fane a la comunidad mundial de Q-dancers. En el programa: \u00e9pica ceremonia de apertura el jueves, decenas de escenarios de viernes a domingo (hardstyle, hardcore, raw, freestyle, techno&#8230;), la famosa Power Hour, grandiosos espect\u00e1culos finales de fuegos artificiales cada noche, y un ambiente de fraternidad \u00fanico en el gigantesco camping.    <\/li>\n\n\n\n<li><strong>Posibilidad de acampar<\/strong> &#x26fa; : S\u00ed (enorme camping dividido en distritos + opciones de Campamento de Amigos, alojamiento)<\/li>\n\n\n\n<li><strong>Camiones\/furgonetas autorizadas<\/strong> &#x1f690; S\u00ed (zona exclusiva <strong>para autocaravanas<\/strong> con entrada especial)<\/li>\n\n\n\n<li><strong>Enlace oficial<\/strong> &#x1f517;<a href=\"https:\/\/www.q-dance.com\/en\/events\/defqon-1\/defqon-1-weekend-festival-2025\/\" target=\"_blank\" rel=\"noreferrer noopener nofollow\">Defqon.1 &#8211; Danza Q<\/a><\/li>\n<\/ul>\n\n\n\n<h2 class=\"wp-block-heading\"><span class=\"ez-toc-section\" id=\"%F0%9F%8E%B6%F0%9F%94%A5_Festival_Dropzone_2025\"><\/span>&#x1f3b6;&#x1f525; Festival Dropzone 2025<span class=\"ez-toc-section-end\"><\/span><\/h2>\n\n\n\n<figure class=\"wp-block-embed is-type-video is-provider-youtube wp-block-embed-youtube wp-embed-aspect-16-9 wp-has-aspect-ratio\"><div class=\"wp-block-embed__wrapper\">\n<iframe title=\"Dropzone 2024 - Official Aftermovie\" width=\"1080\" height=\"608\" src=\"https:\/\/www.youtube.com\/embed\/SNiEocJTjQs?feature=oembed\" frameborder=\"0\" allow=\"accelerometer; autoplay; clipboard-write; encrypted-media; gyroscope; picture-in-picture; web-share\" referrerpolicy=\"strict-origin-when-cross-origin\" allowfullscreen><\/iframe>\n<\/div><\/figure>\n\n\n\n<ul class=\"wp-block-list\">\n<li><strong>Fechas<\/strong> &#x1f4c5; Del 6 al 11 de julio de 2025<\/li>\n\n\n\n<li><strong>Ubicaci\u00f3n<\/strong> &#x1f4cd; Playa de Zr\u0107e (isla de Pag), <strong>Croacia<\/strong><\/li>\n\n\n\n<li><strong>Tipo de festival<\/strong> &#x1f332; Al aire libre (festival de playa de 6 d\u00edas)<\/li>\n\n\n\n<li><strong>Descripci\u00f3n<\/strong> &#x1f4dd; Unas vacaciones de ensue\u00f1o para los aficionados al hardstyle. Dropzone transforma la famosa playa croata de Zr\u0107e en un para\u00edso del hardstyle durante casi una semana: m\u00e1s de 90 artistas, fiestas en la piscina bajo el sol, fiestas en barco en el mar Adri\u00e1tico y escenarios al aire libre en la playa todas las noches. Combinando festival y verano, Dropzone ofrece una experiencia \u00fanica, con los pies en la arena y el sonido hardstyle a pleno rendimiento.    <\/li>\n\n\n\n<li><strong>Posibilidad de acampar<\/strong> &#x26fa; No (los asistentes al festival se alojan en apartamentos, hoteles o villas de la isla)<\/li>\n\n\n\n<li><strong>Camiones\/furgonetas autorizados<\/strong> &#x1f690; No<\/li>\n\n\n\n<li><strong>Enlace oficial<\/strong> &#x1f517;<a href=\"https:\/\/dropzonefest.com\/\" target=\"_blank\" rel=\"noreferrer noopener nofollow\">Festival Dropzone<\/a><\/li>\n<\/ul>\n\n\n\n<h2 class=\"wp-block-heading\"><span class=\"ez-toc-section\" id=\"%F0%9F%8E%B6%F0%9F%94%A5_Festival_Dominator_2025_%E2%80%93_20_anos_de_Hardcore\"><\/span>&#x1f3b6;&#x1f525; Festival Dominator 2025 &#8211; 20 a\u00f1os de Hardcore<span class=\"ez-toc-section-end\"><\/span><\/h2>\n\n\n\n<figure class=\"wp-block-embed is-type-video is-provider-youtube wp-block-embed-youtube wp-embed-aspect-16-9 wp-has-aspect-ratio\"><div class=\"wp-block-embed__wrapper\">\n<iframe title=\"Dominator 2024 - The Core Citadel | Official Aftermovie\" width=\"1080\" height=\"608\" src=\"https:\/\/www.youtube.com\/embed\/IcCuV_b8iDw?feature=oembed\" frameborder=\"0\" allow=\"accelerometer; autoplay; clipboard-write; encrypted-media; gyroscope; picture-in-picture; web-share\" referrerpolicy=\"strict-origin-when-cross-origin\" allowfullscreen><\/iframe>\n<\/div><\/figure>\n\n\n\n<ul class=\"wp-block-list\">\n<li><strong>Fechas<\/strong> &#x1f4c5; 18 y 19 de julio de 2025<\/li>\n\n\n\n<li><strong>Ubicaci\u00f3n<\/strong> &#x1f4cd; E3 Strand (Eersel), <strong>Pa\u00edses Bajos<\/strong><\/li>\n\n\n\n<li><strong>Tipo de festival<\/strong> &#x1f332; Al aire libre (festival de 2 d\u00edas al aire libre)<\/li>\n\n\n\n<li><strong>Descripci\u00f3n<\/strong> &#x1f4dd; El mayor festival <strong>de hardcore al aire libre<\/strong> de Europa, que celebra 20 a\u00f1os de dominaci\u00f3n en 2025 &#x1f4a5;. Situado en una playa y en las dunas del E3 Strand, Dominator ofrece dos d\u00edas furiosos con una quincena de escenarios que cubren todo el espectro del hardcore (gabber mainstage, frenchcore, terror, early, raw&#8230;). Escenograf\u00eda impresionante, deportes acu\u00e1ticos, un ambiente \u00abMad Max\u00bb y, este a\u00f1o, un sentimiento hist\u00f3rico por el aniversario de este tit\u00e1n del hardcore.    <\/li>\n\n\n\n<li><strong>Posibilidad de acampar<\/strong> &#x26fa; : S\u00ed (acampada de fin de semana de vie. 9h a dom. 12h, con vistas al lago)<\/li>\n\n\n\n<li><strong>Camiones\/Furgonetas autorizadas<\/strong> &#x1f690; S\u00ed (zona especial reservada para autocaravanas\/caravanas, acceso con billete de fin de semana)<\/li>\n\n\n\n<li><strong>Enlace oficial<\/strong> &#x1f517;<a href=\"https:\/\/www.dominatorfestival.com\/\" target=\"_blank\" rel=\"noreferrer noopener nofollow\">Festival Dominator<\/a><\/li>\n<\/ul>\n\n\n\n<h2 class=\"wp-block-heading\"><span class=\"ez-toc-section\" id=\"%F0%9F%8E%B6%F0%9F%94%A5_Festival_Eskape_2025\"><\/span>&#x1f3b6;&#x1f525; Festival Eskape 2025<span class=\"ez-toc-section-end\"><\/span><\/h2>\n\n\n\n<figure class=\"wp-block-embed is-type-video is-provider-youtube wp-block-embed-youtube wp-embed-aspect-16-9 wp-has-aspect-ratio\"><div class=\"wp-block-embed__wrapper\">\n<iframe title=\"ESKAPE FESTIVAL &quot;WEST DYNASTY&quot;  AFTERMOVIE 2024\" width=\"1080\" height=\"608\" src=\"https:\/\/www.youtube.com\/embed\/ZxB2_GutKiY?feature=oembed\" frameborder=\"0\" allow=\"accelerometer; autoplay; clipboard-write; encrypted-media; gyroscope; picture-in-picture; web-share\" referrerpolicy=\"strict-origin-when-cross-origin\" allowfullscreen><\/iframe>\n<\/div><\/figure>\n\n\n\n<ul class=\"wp-block-list\">\n<li><strong>Fechas<\/strong> &#x1f4c5; Del 1\u1d49\u02b3 al 3 de agosto de 2025<\/li>\n\n\n\n<li><strong>Ubicaci\u00f3n<\/strong> &#x1f4cd; Montilly-sur-Noireau, <strong>Francia<\/strong><\/li>\n\n\n\n<li><strong>Tipo de festival<\/strong> &#x1f332; Al aire libre (festival de 3 d\u00edas al aire libre)<\/li>\n\n\n\n<li><strong>Descripci\u00f3n<\/strong> &#x1f4dd; Reci\u00e9n llegado a la escena francesa, <strong>el Festival Eskape<\/strong> promete una escapada total al mundo de la m\u00fasica dura. Organizado por Hardstyle France, este evento de 3 d\u00edas en Normand\u00eda presenta un cartel masivo que mezcla estrellas internacionales (Angerfist, Miss K8, Dr. Peacock, D-Sturb, etc.) y talentos locales. Uptempo, hardcore, hardstyle y Frenchcore resuenan en este recinto ferial transformado en un patio de recreo para el hardcore.    <\/li>\n\n\n\n<li><strong>Acampada disponible<\/strong> &#x26fa; S\u00ed (estancia de varios d\u00edas en el festival con acampada in situ)<\/li>\n\n\n\n<li><strong>Se admiten camiones\/furgonetas<\/strong> &#x1f690; Por confirmar (probablemente no, acampada principalmente en tiendas de campa\u00f1a)<\/li>\n\n\n\n<li><strong>Enlace oficial<\/strong> &#x1f517; : <a href=\"https:\/\/www.eskapefestival.com\/\" target=\"_blank\" rel=\"noreferrer noopener nofollow\"><em>Festival Eskape<\/em> <\/a>  <\/li>\n<\/ul>\n\n\n\n<h2 class=\"wp-block-heading\"><span class=\"ez-toc-section\" id=\"%F0%9F%8E%B6%F0%9F%94%A5_Fiesta_del_Cierre_2025\"><\/span>&#x1f3b6;&#x1f525; Fiesta del Cierre 2025<span class=\"ez-toc-section-end\"><\/span><\/h2>\n\n\n\n<figure class=\"wp-block-embed is-type-video is-provider-youtube wp-block-embed-youtube wp-embed-aspect-16-9 wp-has-aspect-ratio\"><div class=\"wp-block-embed__wrapper\">\n<iframe title=\"Shutdown Festival 2024 | Official Aftermovie\" width=\"1080\" height=\"608\" src=\"https:\/\/www.youtube.com\/embed\/OrvK0pD6gaM?feature=oembed\" frameborder=\"0\" allow=\"accelerometer; autoplay; clipboard-write; encrypted-media; gyroscope; picture-in-picture; web-share\" referrerpolicy=\"strict-origin-when-cross-origin\" allowfullscreen><\/iframe>\n<\/div><\/figure>\n\n\n\n<ul class=\"wp-block-list\">\n<li><strong>Fechas<\/strong> &#x1f4c5; 9 de agosto de 2025<\/li>\n\n\n\n<li><strong>Ubicaci\u00f3n<\/strong> &#x1f4cd; Zwentendorf, <strong>Austria<\/strong> (central nuclear de Zwentendorf)<\/li>\n\n\n\n<li><strong>Tipo de festival<\/strong> &#x1f332; Al aire libre (festival de un d\u00eda al aire libre)<\/li>\n\n\n\n<li><strong>Descripci\u00f3n<\/strong> &#x1f4dd; Un escenario postapocal\u00edptico \u00fanico: Shutdown tiene lugar en el emplazamiento de una antigua central nuclear a orillas del Danubio. Este festival austriaco ofrece lo mejor del hardstyle, el raw y el hardcore en varios escenarios situados frente a la infraestructura industrial del emplazamiento. Una experiencia de inmersi\u00f3n garantizada entre las torres de refrigeraci\u00f3n, para un d\u00eda inolvidable de rave (\u00abmeltdown\u00bb garantizado!).    <\/li>\n\n\n\n<li><strong>Posibilidad de acampar<\/strong> &#x26fa; : No (evento de un d\u00eda, lanzaderas y alojamiento local disponibles)<\/li>\n\n\n\n<li><strong>Camiones\/furgonetas autorizados<\/strong> &#x1f690; No<\/li>\n\n\n\n<li><strong>Enlace oficial<\/strong> &#x1f517;<a href=\"https:\/\/www.shutdownfestival.at\/en\/home\/\" target=\"_blank\" rel=\"noreferrer noopener nofollow\">Cierra<\/a><\/li>\n<\/ul>\n\n\n\n<h2 class=\"wp-block-heading\"><span class=\"ez-toc-section\" id=\"%F0%9F%8E%B6%F0%9F%94%A5_Festival_Decibel_al_Aire_Libre_2025\"><\/span>&#x1f3b6;&#x1f525; Festival Decibel al Aire Libre 2025<span class=\"ez-toc-section-end\"><\/span><\/h2>\n\n\n\n<figure class=\"wp-block-embed is-type-video is-provider-youtube wp-block-embed-youtube wp-embed-aspect-16-9 wp-has-aspect-ratio\"><div class=\"wp-block-embed__wrapper\">\n<iframe title=\"Decibel outdoor 2024 | official aftermovie\" width=\"1080\" height=\"608\" src=\"https:\/\/www.youtube.com\/embed\/JOOecpBF9R8?feature=oembed\" frameborder=\"0\" allow=\"accelerometer; autoplay; clipboard-write; encrypted-media; gyroscope; picture-in-picture; web-share\" referrerpolicy=\"strict-origin-when-cross-origin\" allowfullscreen><\/iframe>\n<\/div><\/figure>\n\n\n\n<ul class=\"wp-block-list\">\n<li><strong>Fechas<\/strong> &#x1f4c5; 15, 16 y 17 de agosto de 2025<\/li>\n\n\n\n<li><strong>Ubicaci\u00f3n<\/strong> &#x1f4cd; Hilvarenbeek, <strong>Pa\u00edses Bajos<\/strong> (parque de eventos Beekse Bergen)<\/li>\n\n\n\n<li><strong>Tipo de festival<\/strong> &#x1f332; Al aire libre (fin de semana de festival de 3 d\u00edas + acampada)<\/li>\n\n\n\n<li><strong>Descripci\u00f3n<\/strong> &#x1f4dd; Un pilar de la escena hardcore holandesa desde 2002. Decibel Outdoor, organizado por b2s, ofrece una experiencia completa en el vasto parque Beekse Bergen: m\u00e1s de 200 artistas repartidos en decenas de escenarios alrededor de un lago (hardstyle, hardcore, raw, cl\u00e1sicos, tek&#8230;). Los asistentes al festival pueden alojarse en el <strong>camping Decibel<\/strong> o en los bungalows del Safari Park para los afters y los pre-shows. Famoso por su Endshow del domingo por la noche, que pone fin a tres d\u00edas de locura.     <\/li>\n\n\n\n<li><strong>Posibilidad de acampar<\/strong> &#x26fa; S\u00ed (camping del festival + opciones de alojamiento en el parque)<\/li>\n\n\n\n<li><strong>Camiones\/furgonetas autorizadas<\/strong> &#x1f690; S\u00ed (parcelas para autocaravanas\/caravanas disponibles previa reserva)<\/li>\n\n\n\n<li><strong>Enlace oficial<\/strong> &#x1f517;<a href=\"https:\/\/www.b2s.nl\/en\/events\/decibel\/decibel-outdoor-2024\/\" target=\"_blank\" rel=\"noreferrer noopener nofollow\">Decibelios al aire libre &#8211; b2s<\/a><\/li>\n<\/ul>\n\n\n\n<h2 class=\"wp-block-heading\"><span class=\"ez-toc-section\" id=\"%F0%9F%8E%B6%F0%9F%94%A5_Festival_Zona_Cero_2025_%E2%80%93_La_Noche_Final\"><\/span>&#x1f3b6;&#x1f525; Festival Zona Cero 2025 &#8211; <em>La Noche Final<\/em><span class=\"ez-toc-section-end\"><\/span><\/h2>\n\n\n\n<figure class=\"wp-block-embed is-type-video is-provider-youtube wp-block-embed-youtube wp-embed-aspect-16-9 wp-has-aspect-ratio\"><div class=\"wp-block-embed__wrapper\">\n<iframe title=\"Ground Zero Festival 2024 - DECODED | Official Aftermovie\" width=\"1080\" height=\"608\" src=\"https:\/\/www.youtube.com\/embed\/5W-k4qMp-xk?feature=oembed\" frameborder=\"0\" allow=\"accelerometer; autoplay; clipboard-write; encrypted-media; gyroscope; picture-in-picture; web-share\" referrerpolicy=\"strict-origin-when-cross-origin\" allowfullscreen><\/iframe>\n<\/div><\/figure>\n\n\n\n<ul class=\"wp-block-list\">\n<li><strong>Fechas<\/strong> &#x1f4c5; 30 de agosto de 2025 (s\u00e1bado por la noche)<\/li>\n\n\n\n<li><strong>Ubicaci\u00f3n<\/strong> &#x1f4cd; Bussloo, <strong>Pa\u00edses Bajos<\/strong> (zona recreativa y bosque)<\/li>\n\n\n\n<li><strong>Tipo de festival<\/strong> &#x1f332; Al aire libre (festival nocturno al aire libre)<\/li>\n\n\n\n<li><strong>Descripci\u00f3n<\/strong> &#x1f4dd; El \u00fanico festival <strong>nocturno<\/strong> dedicado a los estilos m\u00e1s duros. De 21.00 a 7.00 h, el bosque de Bussloo se transforma en un reino oscuro de hardcore, uptempo, frenchcore, hardstyle e incluso psytrance. Trae tus linternas frontales: entre los \u00e1rboles, cada escenario ofrece una atm\u00f3sfera infernal diferente, con un sonido atronador y l\u00e1seres que atraviesan la oscuridad. La Zona Cero ofrece una experiencia inusual para los noct\u00e1mbulos antes de dispersarse al amanecer.     <\/li>\n\n\n\n<li><strong>Posibilidad de acampar<\/strong> &#x26fa; No (sin acampada, festival de una noche)<\/li>\n\n\n\n<li><strong>Camiones\/furgonetas autorizados<\/strong> &#x1f690; No<\/li>\n\n\n\n<li><strong>Enlace oficial<\/strong> &#x1f517;<a href=\"https:\/\/www.groundzerofestival.nl\/\" target=\"_blank\" rel=\"noreferrer noopener nofollow\">Zona Cero<\/a><\/li>\n<\/ul>\n\n\n\n<h2 class=\"wp-block-heading\"><span class=\"ez-toc-section\" id=\"%F0%9F%8E%B6%F0%9F%94%A5_Supremacia_2025_%E2%80%93_Entra_en_el_Eliseo\"><\/span>&#x1f3b6;&#x1f525; Supremac\u00eda 2025 &#8211; <em>Entra en el El\u00edseo<\/em><span class=\"ez-toc-section-end\"><\/span><\/h2>\n\n\n\n<figure class=\"wp-block-embed is-type-video is-provider-youtube wp-block-embed-youtube wp-embed-aspect-16-9 wp-has-aspect-ratio\"><div class=\"wp-block-embed__wrapper\">\n<iframe title=\"Supremacy 2024 - Statement of Superiority | Official Aftermovie\" width=\"1080\" height=\"608\" src=\"https:\/\/www.youtube.com\/embed\/Bh2tMCOc3uk?feature=oembed\" frameborder=\"0\" allow=\"accelerometer; autoplay; clipboard-write; encrypted-media; gyroscope; picture-in-picture; web-share\" referrerpolicy=\"strict-origin-when-cross-origin\" allowfullscreen><\/iframe>\n<\/div><\/figure>\n\n\n\n<ul class=\"wp-block-list\">\n<li><strong>Fechas<\/strong> &#x1f4c5; 27 de septiembre de 2025<\/li>\n\n\n\n<li><strong>Ubicaci\u00f3n<\/strong> &#x1f4cd; Den Bosch, <strong>Pa\u00edses Bajos<\/strong> (Brabanthallen)<\/li>\n\n\n\n<li><strong>Tipo de festival<\/strong> &#x1f3df;&#xfe0f; Indoor (festival de interior, de una noche)<\/li>\n\n\n\n<li><strong>Descripci\u00f3n<\/strong> &#x1f4dd; El mayor evento de raw hardstyle. Supremacy, producido por Art of Dance, re\u00fane a los pesos pesados de la escena raw en una sola noche, en un ambiente sobrecargado. A los fans les esperan sets exclusivos (actuaciones en directo, colaboraciones especiales) y una producci\u00f3n esc\u00e9nica masiva (espect\u00e1culo de luces, pirotecnia, pantallas gigantes). En 2025, el tema <em>Enter Elysium<\/em> promete un universo m\u00edstico donde reinan los graves violentos y las melod\u00edas oscuras.     <\/li>\n\n\n\n<li><strong>Camping disponible<\/strong> &#x26fa; disponible : No<\/li>\n\n\n\n<li><strong>Camiones\/furgonetas autorizados<\/strong> &#x1f690; No<\/li>\n\n\n\n<li><strong>Enlace oficial<\/strong> &#x1f517;<a href=\"https:\/\/www.supremacy.nl\/\" target=\"_blank\" rel=\"noreferrer noopener nofollow\">Supremac\u00eda <\/a>  <\/li>\n<\/ul>\n\n\n\n<h2 class=\"wp-block-heading\"><span class=\"ez-toc-section\" id=\"%F0%9F%8E%B6%F0%9F%94%A5_Sindicato_2025\"><\/span>&#x1f3b6;&#x1f525; Sindicato 2025<span class=\"ez-toc-section-end\"><\/span><\/h2>\n\n\n\n<figure class=\"wp-block-embed is-type-video is-provider-youtube wp-block-embed-youtube wp-embed-aspect-16-9 wp-has-aspect-ratio\"><div class=\"wp-block-embed__wrapper\">\n<iframe title=\"SYNDICATE 2024 \/ Official Aftermovie\" width=\"1080\" height=\"608\" src=\"https:\/\/www.youtube.com\/embed\/73HuzIL23lg?feature=oembed\" frameborder=\"0\" allow=\"accelerometer; autoplay; clipboard-write; encrypted-media; gyroscope; picture-in-picture; web-share\" referrerpolicy=\"strict-origin-when-cross-origin\" allowfullscreen><\/iframe>\n<\/div><\/figure>\n\n\n\n<ul class=\"wp-block-list\">\n<li><strong>Fechas<\/strong> &#x1f4c5; 4 de octubre de 2025<\/li>\n\n\n\n<li><strong>Ubicaci\u00f3n<\/strong> &#x1f4cd; Dortmund, <strong>Alemania<\/strong> (Westfalenhallen)<\/li>\n\n\n\n<li><strong>Tipo de festival<\/strong> &#x1f3df;&#xfe0f; Indoor (festival nocturno de interior)<\/li>\n\n\n\n<li><strong>Descripci\u00f3n<\/strong> &#x1f4dd; El mayor festival indoor de Alemania dedicado a los \u00abestilos m\u00e1s duros\u00bb. M\u00e1s de 20.000 aficionados se re\u00fanen en el Westfalenhallen para una noche <strong>Syndicate<\/strong> de hardcore, hardstyle, hardtechno y frenchcore, organizada en colaboraci\u00f3n por I-Motion y Art of Dance. 3 enormes salas (\u00abFortaleza del Hardcore\u00bb, \u00abReino del Raw\u00bb, etc.) conforman este infierno musical desde las 20.00 h hasta las 6.00 h, convirtiendo a Syndicate <strong>en la meca alemana<\/strong> de los sonidos m\u00e1s duros.    <\/li>\n\n\n\n<li><strong>Camping disponible<\/strong> &#x26fa; disponible : No<\/li>\n\n\n\n<li><strong>Camiones\/furgonetas autorizados<\/strong> &#x1f690; No<\/li>\n\n\n\n<li><strong>Enlace oficial<\/strong> &#x1f517;<a href=\"https:\/\/www.syndicate-festival.de\/en\/\" target=\"_blank\" rel=\"noreferrer noopener nofollow\">Sindicato<\/a><\/li>\n<\/ul>\n\n\n\n<h2 class=\"wp-block-heading\"><span class=\"ez-toc-section\" id=\"%F0%9F%8E%B6%F0%9F%94%A5_Festival_de_la_Imaginacion_2025\"><\/span>&#x1f3b6;&#x1f525; Festival de la Imaginaci\u00f3n 2025<span class=\"ez-toc-section-end\"><\/span><\/h2>\n\n\n\n<figure class=\"wp-block-embed is-type-video is-provider-youtube wp-block-embed-youtube wp-embed-aspect-16-9 wp-has-aspect-ratio\"><div class=\"wp-block-embed__wrapper\">\n<iframe title=\"IMAGINATION FESTIVAL 2021 | OFFICIAL AFTERMOVIE\" width=\"1080\" height=\"608\" src=\"https:\/\/www.youtube.com\/embed\/9MRk1BzKxio?start=4&#038;feature=oembed\" frameborder=\"0\" allow=\"accelerometer; autoplay; clipboard-write; encrypted-media; gyroscope; picture-in-picture; web-share\" referrerpolicy=\"strict-origin-when-cross-origin\" allowfullscreen><\/iframe>\n<\/div><\/figure>\n\n\n\n<ul class=\"wp-block-list\">\n<li><strong>Fechas<\/strong> &#x1f4c5; Noviembre de 2025 (fecha por concretar, generalmente a mediados de noviembre)<\/li>\n\n\n\n<li><strong>Ubicaci\u00f3n<\/strong> &#x1f4cd; Praga, <strong>Rep\u00fablica Checa<\/strong> (V\u00fdstavi\u0161t\u011b &#8211; Expo Center)<\/li>\n\n\n\n<li><strong>Tipo de festival<\/strong> &#x1f3df;&#xfe0f; Indoor (festival de interior, nocturno)<\/li>\n\n\n\n<li><strong>Descripci\u00f3n<\/strong> &#x1f4dd; Imaginaci\u00f3n: El mayor festival indoor de Europa del Este dedicado al bajo extremo. Imagination re\u00fane a lo mejor del <strong>Drum &amp; Bass<\/strong> y <strong>los estilos m\u00e1s duros<\/strong> (hardstyle, hardcore) en dos escenarios gigantes durante una intensa noche en Praga. Por un lado, la flor y nata de los DJ de D&amp;B, y por otro, las estrellas del hardcore\/hardstyle, en un escenario futurista compartido. Una experiencia audiovisual \u00fanica que atrae a aficionados de todo el continente al coraz\u00f3n de la capital checa.     <\/li>\n\n\n\n<li><strong>Camping disponible<\/strong> &#x26fa; disponible : No<\/li>\n\n\n\n<li><strong>Camiones\/furgonetas autorizados<\/strong> &#x1f690; No<\/li>\n\n\n\n<li><strong>Enlace oficial<\/strong> &#x1f517;<a href=\"https:\/\/imaginationfestival.com\/signup\" target=\"_blank\" rel=\"noreferrer noopener nofollow\">Festival de la Imaginaci\u00f3n<\/a><\/li>\n<\/ul>\n\n\n\n<h2 class=\"wp-block-heading\"><span class=\"ez-toc-section\" id=\"%F0%9F%8E%B6%F0%9F%94%A5_Snakepit_2025\"><\/span>&#x1f3b6;&#x1f525; Snakepit 2025<span class=\"ez-toc-section-end\"><\/span><\/h2>\n\n\n\n<figure class=\"wp-block-embed is-type-video is-provider-youtube wp-block-embed-youtube wp-embed-aspect-16-9 wp-has-aspect-ratio\"><div class=\"wp-block-embed__wrapper\">\n<iframe title=\"Snakepit 2023 | Official aftermovie\" width=\"1080\" height=\"608\" src=\"https:\/\/www.youtube.com\/embed\/zuM7w0nbkac?feature=oembed\" frameborder=\"0\" allow=\"accelerometer; autoplay; clipboard-write; encrypted-media; gyroscope; picture-in-picture; web-share\" referrerpolicy=\"strict-origin-when-cross-origin\" allowfullscreen><\/iframe>\n<\/div><\/figure>\n\n\n\n<ul class=\"wp-block-list\">\n<li><strong>Fechas<\/strong> &#x1f4c5; Finales de noviembre de 2025 (fecha por confirmar)<\/li>\n\n\n\n<li><strong>Ubicaci\u00f3n<\/strong> &#x1f4cd; Eindhoven, <strong>Pa\u00edses Bajos<\/strong> (Klokgebouw)<\/li>\n\n\n\n<li><strong>Tipo de festival<\/strong> &#x1f3df;&#xfe0f; Indoor (nocturno en una nave industrial)<\/li>\n\n\n\n<li><strong>Descripci\u00f3n<\/strong> &#x1f4dd; \u00a1Preparad vuestros cuellos! Snakepit es <strong>LA<\/strong> noche dedicada a los sonidos m\u00e1s violentos del hardcore. Coorganizado por Art of Dance y B2S, este evento toma el Klokgebouw (antigua f\u00e1brica de Philips) durante m\u00e1s de 10 horas de hardstyle crudo y, sobre todo,<strong>hardcore<\/strong> non-stopuptempo. Dos escenarios oscuros (incluido el principal, \u00abThe Pit\u00bb, famoso por su atm\u00f3sfera sobrecalentada) acogen a artistas que tocan al m\u00e1ximo de BPM. Una cita obligada para los aficionados a la velocidad extrema del sonido.      <\/li>\n\n\n\n<li><strong>Camping disponible<\/strong> &#x26fa; disponible : No<\/li>\n\n\n\n<li><strong>Camiones\/furgonetas autorizados<\/strong> &#x1f690; No<\/li>\n\n\n\n<li><strong>Enlace oficial<\/strong> &#x1f517;<a href=\"https:\/\/www.snakepithardcore.com\/\" target=\"_blank\" rel=\"noreferrer noopener nofollow\">Snakepit<\/a><\/li>\n<\/ul>\n\n\n\n<h2 class=\"wp-block-heading\"><span class=\"ez-toc-section\" id=\"%F0%9F%8E%B6%F0%9F%94%A5_Shockerz_2025\"><\/span>&#x1f3b6;&#x1f525; Shockerz 2025  <span class=\"ez-toc-section-end\"><\/span><\/h2>\n\n\n\n<figure class=\"wp-block-embed is-type-video is-provider-youtube wp-block-embed-youtube wp-embed-aspect-16-9 wp-has-aspect-ratio\"><div class=\"wp-block-embed__wrapper\">\n<iframe title=\"Shockerz - Complex Aftermath (Official Aftermovie)\" width=\"1080\" height=\"608\" src=\"https:\/\/www.youtube.com\/embed\/UairikLblK0?feature=oembed\" frameborder=\"0\" allow=\"accelerometer; autoplay; clipboard-write; encrypted-media; gyroscope; picture-in-picture; web-share\" referrerpolicy=\"strict-origin-when-cross-origin\" allowfullscreen><\/iframe>\n<\/div><\/figure>\n\n\n\n<ul class=\"wp-block-list\">\n<li><strong>Fechas<\/strong> &#x1f4c5; Diciembre de 2025 (mediados de diciembre, fecha por confirmar)<\/li>\n\n\n\n<li><strong>Ubicaci\u00f3n<\/strong> &#x1f4cd; Rosmalen, <strong>Pa\u00edses Bajos<\/strong> (Autotron, Den Bosch)<\/li>\n\n\n\n<li><strong>Tipo de festival<\/strong> &#x1f3df;&#xfe0f; De interior (festival de tarde\/noche)<\/li>\n\n\n\n<li><strong>Descripci\u00f3n<\/strong> &#x1f4dd; El mayor festival indoor <strong>de raw hardstyle<\/strong>. Shockerz re\u00fane a m\u00e1s de 15.000 fans en el complejo Autotron para un marat\u00f3n de sets de raw euf\u00f3ricos y brutales desde el mediod\u00eda hasta la medianoche. Varias zonas tem\u00e1ticas (incluido un escenario principal de dise\u00f1o colosal) presentan actuaciones exclusivas en directo, b2b sorpresa y artistas prometedores de la escena raw. Conocido por su agradable ambiente \u00abfamiliar rawstyle\u00bb y su gran energ\u00eda de principio a fin.     <\/li>\n\n\n\n<li><strong>Camping disponible<\/strong> &#x26fa; disponible : No<\/li>\n\n\n\n<li><strong>Camiones\/furgonetas autorizados<\/strong> &#x1f690; No<\/li>\n\n\n\n<li><strong>Enlace oficial<\/strong> &#x1f517;<a href=\"https:\/\/shockerz.nl\/en\/home\/\" target=\"_blank\" rel=\"noreferrer noopener nofollow\">Shockerz<\/a><\/li>\n<\/ul>\n\n\n\n<h2 class=\"wp-block-heading\"><span class=\"ez-toc-section\" id=\"%F0%9F%8E%B6%F0%9F%94%A5_Cupula_del_Trueno_2025\"><\/span>&#x1f3b6;&#x1f525; C\u00fapula del Trueno 2025<span class=\"ez-toc-section-end\"><\/span><\/h2>\n\n\n\n<figure class=\"wp-block-embed is-type-video is-provider-youtube wp-block-embed-youtube wp-embed-aspect-16-9 wp-has-aspect-ratio\"><div class=\"wp-block-embed__wrapper\">\n<iframe title=\"Thunderdome 2024 | Aftermovie\" width=\"1080\" height=\"608\" src=\"https:\/\/www.youtube.com\/embed\/24KuEoo66yU?feature=oembed\" frameborder=\"0\" allow=\"accelerometer; autoplay; clipboard-write; encrypted-media; gyroscope; picture-in-picture; web-share\" referrerpolicy=\"strict-origin-when-cross-origin\" allowfullscreen><\/iframe>\n<\/div><\/figure>\n\n\n\n<ul class=\"wp-block-list\">\n<li><strong>Fechas<\/strong> &#x1f4c5; 13 de diciembre de 2025<\/li>\n\n\n\n<li><strong>Ubicaci\u00f3n<\/strong> &#x1f4cd; Utrecht, <strong>Pa\u00edses Bajos<\/strong> (Jaarbeurs Utrecht)<\/li>\n\n\n\n<li><strong>Tipo de festival<\/strong> &#x1f3df;&#xfe0f; De interior (gran evento de interior, toda la noche)<\/li>\n\n\n\n<li><strong>Descripci\u00f3n<\/strong> &#x1f4dd; El mito absoluto del hardcore. Thunderdome es <strong>la<\/strong> referencia original de las raves gabber desde 1992. Esta 2025 edici\u00f3n en suelo holand\u00e9s vuelve a sumergir a decenas de miles de \u00abmagos\u00bb en el legendario mundo de Thunderdome: cinco escenarios que abarcan todas las facetas del hardcore (desde el early al millennium, pasando por el frenchcore y el terror), una gigantesca arena principal con los colores del Mago, y una atm\u00f3sfera incomparable que mezcla nostalgia y fervor moderno. \u00abNos vemos en la C\u00fapula del Trueno&#8230; &#x1f525;     <\/li>\n\n\n\n<li><strong>Camping disponible<\/strong> &#x26fa; disponible : No<\/li>\n\n\n\n<li><strong>Camiones\/furgonetas autorizados<\/strong> &#x1f690; No<\/li>\n\n\n\n<li><strong>Enlace oficial<\/strong> &#x1f517;<a href=\"https:\/\/www.thunderdome.com\/\" target=\"_blank\" rel=\"noreferrer noopener nofollow\">C\u00fapula del Trueno<\/a><\/li>\n<\/ul>\n\n\n\n<hr class=\"wp-block-separator has-alpha-channel-opacity\">\n\n\n\n<p>\u00bfQu\u00e9 hay? De Dominator a Dystopia, pasando por la famosa C\u00fapula del Trueno, Europa 2025 est\u00e1 preparada para sacudir los decibelios con sus festivales hardcore. Echa un vistazo a los line-ups, haz la maleta y prepara las zapatillas para una experiencia sonora que te dejar\u00e1 boquiabierto&#8230; La escena est\u00e1 arrasando con todo a su paso, \u00a1as\u00ed que prep\u00e1rate! Realmente no est\u00e1s preparado para lo que te espera&#8230; &#x1f525;&#x1f3a7;      <\/p>\n\n\n\n<p>&#x1f4f2; <strong>\u00a1\u00danete a nosotros en Instagram!<\/strong> Sigue nuestras historias durante todo el verano para vivir los festivales en primera persona y \u00a1comparte tus v\u00eddeos y fotos con nosotros! Env\u00edanos tus mejores momentos y los compartiremos en nuestra cuenta &#x1f449; <a href=\"https:\/\/www.instagram.com\/technomag.fr\/\">@technomag.fr<\/a> &#x1f3a7;&#x1f525;   <\/p>\n\n\n\n<p><\/p>\n\n\n<div class=\"kk-star-ratings kksr-auto kksr-align-center kksr-valign-bottom\"\n    data-payload='{&quot;align&quot;:&quot;center&quot;,&quot;id&quot;:&quot;17917&quot;,&quot;slug&quot;:&quot;default&quot;,&quot;valign&quot;:&quot;bottom&quot;,&quot;ignore&quot;:&quot;&quot;,&quot;reference&quot;:&quot;auto&quot;,&quot;class&quot;:&quot;&quot;,&quot;count&quot;:&quot;0&quot;,&quot;legendonly&quot;:&quot;&quot;,&quot;readonly&quot;:&quot;&quot;,&quot;score&quot;:&quot;0&quot;,&quot;starsonly&quot;:&quot;&quot;,&quot;best&quot;:&quot;5&quot;,&quot;gap&quot;:&quot;5&quot;,&quot;greet&quot;:&quot;Noter cet article&quot;,&quot;legend&quot;:&quot;0\\\/5 - (0 votos)&quot;,&quot;size&quot;:&quot;24&quot;,&quot;title&quot;:&quot;Los mejores festivales y veladas hardcore de Europa 2025&quot;,&quot;width&quot;:&quot;0&quot;,&quot;_legend&quot;:&quot;{score}\\\/{best} - ({count} {votes})&quot;,&quot;font_factor&quot;:&quot;1.25&quot;}'>\n            \n<div class=\"kksr-stars\">\n    \n<div class=\"kksr-stars-inactive\">\n            <div class=\"kksr-star\" data-star=\"1\" style=\"padding-right: 5px\">\n            \n\n<div class=\"kksr-icon\" style=\"width: 24px; height: 24px;\"><\/div>\n        <\/div>\n            <div class=\"kksr-star\" data-star=\"2\" style=\"padding-right: 5px\">\n            \n\n<div class=\"kksr-icon\" style=\"width: 24px; height: 24px;\"><\/div>\n        <\/div>\n            <div class=\"kksr-star\" data-star=\"3\" style=\"padding-right: 5px\">\n            \n\n<div class=\"kksr-icon\" style=\"width: 24px; height: 24px;\"><\/div>\n        <\/div>\n            <div class=\"kksr-star\" data-star=\"4\" style=\"padding-right: 5px\">\n            \n\n<div class=\"kksr-icon\" style=\"width: 24px; height: 24px;\"><\/div>\n        <\/div>\n            <div class=\"kksr-star\" data-star=\"5\" style=\"padding-right: 5px\">\n            \n\n<div class=\"kksr-icon\" style=\"width: 24px; height: 24px;\"><\/div>\n        <\/div>\n    <\/div>\n    \n<div class=\"kksr-stars-active\" style=\"width: 0px;\">\n            <div class=\"kksr-star\" style=\"padding-right: 5px\">\n            \n\n<div class=\"kksr-icon\" style=\"width: 24px; height: 24px;\"><\/div>\n        <\/div>\n            <div class=\"kksr-star\" style=\"padding-right: 5px\">\n            \n\n<div class=\"kksr-icon\" style=\"width: 24px; height: 24px;\"><\/div>\n        <\/div>\n            <div class=\"kksr-star\" style=\"padding-right: 5px\">\n            \n\n<div class=\"kksr-icon\" style=\"width: 24px; height: 24px;\"><\/div>\n        <\/div>\n            <div class=\"kksr-star\" style=\"padding-right: 5px\">\n            \n\n<div class=\"kksr-icon\" style=\"width: 24px; height: 24px;\"><\/div>\n        <\/div>\n            <div class=\"kksr-star\" style=\"padding-right: 5px\">\n            \n\n<div class=\"kksr-icon\" style=\"width: 24px; height: 24px;\"><\/div>\n        <\/div>\n    <\/div>\n<\/div>\n                \n\n<div class=\"kksr-legend\" style=\"font-size: 19.2px;\">\n            <span class=\"kksr-muted\">Noter cet article<\/span>\n    <\/div>\n    <\/div>\n","protected":false},"excerpt":{"rendered":"<p>Los Mejores Festivales de Hardcore y Hardstyle de Europa: \u00bfD\u00f3nde vivir la experiencia definitiva? &#x1f3a7;&#x1f525; Si te apasionan las patadas potentes, los BPM fren\u00e9ticos y la energ\u00eda sobrealimentada de la m\u00fasica dura, \u00a1entonces Europa es un aut\u00e9ntico patio de recreo para ti! Desde el hardcore m\u00e1s crudo hasta el hardstyle m\u00e1s euf\u00f3rico, el continente est\u00e1 [&hellip;]<\/p>\n","protected":false},"author":3,"featured_media":17911,"comment_status":"closed","ping_status":"closed","sticky":false,"template":"","format":"standard","meta":{"_acf_changed":false,"footnotes":""},"categories":[857],"tags":[],"class_list":["post-17917","post","type-post","status-publish","format-standard","has-post-thumbnail","hentry","category-festival-es"],"acf":[],"yoast_head":"<!-- This site is optimized with the Yoast SEO plugin v27.5 - https:\/\/yoast.com\/product\/yoast-seo-wordpress\/ -->\n<title>Los Mejores Festivales y Veladas Hardcore de Europa 2025<\/title>\n<meta name=\"robots\" content=\"index, follow, max-snippet:-1, max-image-preview:large, max-video-preview:-1\" \/>\n<link rel=\"canonical\" href=\"https:\/\/www.technomag.fr\/es\/los-mejores-festivales-y-veladas-hardcore-de-europa-2025\/\" \/>\n<meta property=\"og:locale\" content=\"es_ES\" \/>\n<meta property=\"og:type\" content=\"article\" \/>\n<meta property=\"og:title\" content=\"Los Mejores Festivales y Veladas Hardcore de Europa 2025\" \/>\n<meta property=\"og:description\" content=\"Los Mejores Festivales de Hardcore y Hardstyle de Europa: \u00bfD\u00f3nde vivir la experiencia definitiva? &#x1f3a7;&#x1f525; Si te apasionan las patadas potentes, los BPM fren\u00e9ticos y la energ\u00eda sobrealimentada de la m\u00fasica dura, \u00a1entonces Europa es un aut\u00e9ntico patio de recreo para ti! Desde el hardcore m\u00e1s crudo hasta el hardstyle m\u00e1s euf\u00f3rico, el continente est\u00e1 [&hellip;]\" \/>\n<meta property=\"og:url\" content=\"https:\/\/www.technomag.fr\/es\/los-mejores-festivales-y-veladas-hardcore-de-europa-2025\/\" \/>\n<meta property=\"og:site_name\" content=\"Techno Mag\" \/>\n<meta property=\"article:published_time\" content=\"2025-03-14T21:03:35+00:00\" \/>\n<meta property=\"og:image\" content=\"https:\/\/www.technomag.fr\/wp-content\/uploads\/2025\/03\/Top-25-festival-hardcore-europe-2025-2.png\" \/>\n\t<meta property=\"og:image:width\" content=\"1080\" \/>\n\t<meta property=\"og:image:height\" content=\"1350\" \/>\n\t<meta property=\"og:image:type\" content=\"image\/png\" \/>\n<meta name=\"author\" content=\"Eric\" \/>\n<meta name=\"twitter:card\" content=\"summary_large_image\" \/>\n<meta name=\"twitter:label1\" content=\"Escrito por\" \/>\n\t<meta name=\"twitter:data1\" content=\"Eric\" \/>\n\t<meta name=\"twitter:label2\" content=\"Tiempo de lectura\" \/>\n\t<meta name=\"twitter:data2\" content=\"20 minutos\" \/>\n<script type=\"application\/ld+json\" class=\"yoast-schema-graph\">{\"@context\":\"https:\\\/\\\/schema.org\",\"@graph\":[{\"@type\":\"Article\",\"@id\":\"https:\\\/\\\/www.technomag.fr\\\/es\\\/los-mejores-festivales-y-veladas-hardcore-de-europa-2025\\\/#article\",\"isPartOf\":{\"@id\":\"https:\\\/\\\/www.technomag.fr\\\/es\\\/los-mejores-festivales-y-veladas-hardcore-de-europa-2025\\\/\"},\"author\":{\"name\":\"Eric\",\"@id\":\"https:\\\/\\\/www.technomag.fr\\\/#\\\/schema\\\/person\\\/5184db1055c64729cb8595a8e9d23e9e\"},\"headline\":\"Los mejores festivales y veladas hardcore de Europa 2025\",\"datePublished\":\"2025-03-14T21:03:35+00:00\",\"mainEntityOfPage\":{\"@id\":\"https:\\\/\\\/www.technomag.fr\\\/es\\\/los-mejores-festivales-y-veladas-hardcore-de-europa-2025\\\/\"},\"wordCount\":4040,\"publisher\":{\"@id\":\"https:\\\/\\\/www.technomag.fr\\\/#organization\"},\"image\":{\"@id\":\"https:\\\/\\\/www.technomag.fr\\\/es\\\/los-mejores-festivales-y-veladas-hardcore-de-europa-2025\\\/#primaryimage\"},\"thumbnailUrl\":\"https:\\\/\\\/www.technomag.fr\\\/wp-content\\\/uploads\\\/2025\\\/03\\\/Top-25-festival-hardcore-europe-2025-2.png\",\"articleSection\":[\"Festival\"],\"inLanguage\":\"es\"},{\"@type\":\"WebPage\",\"@id\":\"https:\\\/\\\/www.technomag.fr\\\/es\\\/los-mejores-festivales-y-veladas-hardcore-de-europa-2025\\\/\",\"url\":\"https:\\\/\\\/www.technomag.fr\\\/es\\\/los-mejores-festivales-y-veladas-hardcore-de-europa-2025\\\/\",\"name\":\"Los Mejores Festivales y Veladas Hardcore de Europa 2025\",\"isPartOf\":{\"@id\":\"https:\\\/\\\/www.technomag.fr\\\/#website\"},\"primaryImageOfPage\":{\"@id\":\"https:\\\/\\\/www.technomag.fr\\\/es\\\/los-mejores-festivales-y-veladas-hardcore-de-europa-2025\\\/#primaryimage\"},\"image\":{\"@id\":\"https:\\\/\\\/www.technomag.fr\\\/es\\\/los-mejores-festivales-y-veladas-hardcore-de-europa-2025\\\/#primaryimage\"},\"thumbnailUrl\":\"https:\\\/\\\/www.technomag.fr\\\/wp-content\\\/uploads\\\/2025\\\/03\\\/Top-25-festival-hardcore-europe-2025-2.png\",\"datePublished\":\"2025-03-14T21:03:35+00:00\",\"breadcrumb\":{\"@id\":\"https:\\\/\\\/www.technomag.fr\\\/es\\\/los-mejores-festivales-y-veladas-hardcore-de-europa-2025\\\/#breadcrumb\"},\"inLanguage\":\"es\",\"potentialAction\":[{\"@type\":\"ReadAction\",\"target\":[\"https:\\\/\\\/www.technomag.fr\\\/es\\\/los-mejores-festivales-y-veladas-hardcore-de-europa-2025\\\/\"]}]},{\"@type\":\"ImageObject\",\"inLanguage\":\"es\",\"@id\":\"https:\\\/\\\/www.technomag.fr\\\/es\\\/los-mejores-festivales-y-veladas-hardcore-de-europa-2025\\\/#primaryimage\",\"url\":\"https:\\\/\\\/www.technomag.fr\\\/wp-content\\\/uploads\\\/2025\\\/03\\\/Top-25-festival-hardcore-europe-2025-2.png\",\"contentUrl\":\"https:\\\/\\\/www.technomag.fr\\\/wp-content\\\/uploads\\\/2025\\\/03\\\/Top-25-festival-hardcore-europe-2025-2.png\",\"width\":1080,\"height\":1350},{\"@type\":\"BreadcrumbList\",\"@id\":\"https:\\\/\\\/www.technomag.fr\\\/es\\\/los-mejores-festivales-y-veladas-hardcore-de-europa-2025\\\/#breadcrumb\",\"itemListElement\":[{\"@type\":\"ListItem\",\"position\":1,\"name\":\"Accueil\",\"item\":\"https:\\\/\\\/www.technomag.fr\\\/es\\\/revista-techno\\\/\"},{\"@type\":\"ListItem\",\"position\":2,\"name\":\"Los mejores festivales y veladas hardcore de Europa 2025\"}]},{\"@type\":\"WebSite\",\"@id\":\"https:\\\/\\\/www.technomag.fr\\\/#website\",\"url\":\"https:\\\/\\\/www.technomag.fr\\\/\",\"name\":\"Techno Mag\",\"description\":\"Le magazine underground de r\u00e9f\u00e9rence pour la techno\",\"publisher\":{\"@id\":\"https:\\\/\\\/www.technomag.fr\\\/#organization\"},\"potentialAction\":[{\"@type\":\"SearchAction\",\"target\":{\"@type\":\"EntryPoint\",\"urlTemplate\":\"https:\\\/\\\/www.technomag.fr\\\/?s={search_term_string}\"},\"query-input\":{\"@type\":\"PropertyValueSpecification\",\"valueRequired\":true,\"valueName\":\"search_term_string\"}}],\"inLanguage\":\"es\"},{\"@type\":\"Organization\",\"@id\":\"https:\\\/\\\/www.technomag.fr\\\/#organization\",\"name\":\"Techno Mag\",\"url\":\"https:\\\/\\\/www.technomag.fr\\\/\",\"logo\":{\"@type\":\"ImageObject\",\"inLanguage\":\"es\",\"@id\":\"https:\\\/\\\/www.technomag.fr\\\/#\\\/schema\\\/logo\\\/image\\\/\",\"url\":\"https:\\\/\\\/www.technomag.fr\\\/wp-content\\\/uploads\\\/2023\\\/04\\\/TECHNO-e1681225415918.png\",\"contentUrl\":\"https:\\\/\\\/www.technomag.fr\\\/wp-content\\\/uploads\\\/2023\\\/04\\\/TECHNO-e1681225415918.png\",\"width\":500,\"height\":113,\"caption\":\"Techno Mag\"},\"image\":{\"@id\":\"https:\\\/\\\/www.technomag.fr\\\/#\\\/schema\\\/logo\\\/image\\\/\"}},{\"@type\":\"Person\",\"@id\":\"https:\\\/\\\/www.technomag.fr\\\/#\\\/schema\\\/person\\\/5184db1055c64729cb8595a8e9d23e9e\",\"name\":\"Eric\",\"image\":{\"@type\":\"ImageObject\",\"inLanguage\":\"es\",\"@id\":\"https:\\\/\\\/www.technomag.fr\\\/wp-content\\\/uploads\\\/2023\\\/12\\\/eric-96x96.jpg\",\"url\":\"https:\\\/\\\/www.technomag.fr\\\/wp-content\\\/uploads\\\/2023\\\/12\\\/eric-96x96.jpg\",\"contentUrl\":\"https:\\\/\\\/www.technomag.fr\\\/wp-content\\\/uploads\\\/2023\\\/12\\\/eric-96x96.jpg\",\"caption\":\"Eric\"},\"description\":\"Eric, le capitaine du navire TechnoMag, est d\u00e9veloppeur web, consultant SEO, r\u00e9dacteur de metier, et surtout fanatique de musique ! Depuis l'enfance, il est attir\u00e9 par les basses et les kicks, passant des heures \u00e0 \u00e9couter et jouer sur machines pour le plaisir, avec son fr\u00e8re et ses amis, depuis plus de dix ans. Globe-trotteur, il a explor\u00e9 des free parties sauvages et ill\u00e9gales jusqu\u2019aux plus grands festivals internationaux. Dans son pass\u00e9, il a aussi \u00e9t\u00e9 VJ et impliqu\u00e9 dans l'organisation de soir\u00e9es pas toujours vraiment autoris\u00e9es. Aujourd'hui, il aime capturer l'\u00e9nergie des \u00e9v\u00e9nements pour la retranscrire aux autres, que ce soit derri\u00e8re l'appareil photo, la cam\u00e9ra, ou en r\u00e9digeant un article. Avec quelques missions b\u00e9n\u00e9voles \u00e0 son actif et une association toute neuve, il r\u00eave d'un lieu autonome o\u00f9 chacun pourrait balancer son set sans craindre de perdre son matos.\",\"sameAs\":[\"https:\\\/\\\/www.instagram.com\\\/technomag.fr\\\/\",\"https:\\\/\\\/www.linkedin.com\\\/in\\\/boulangereric\\\/\"],\"url\":\"https:\\\/\\\/www.technomag.fr\\\/es\\\/redacteur\\\/eric-2\\\/\"}]}<\/script>\n<!-- \/ Yoast SEO plugin. -->","yoast_head_json":{"title":"Los Mejores Festivales y Veladas Hardcore de Europa 2025","robots":{"index":"index","follow":"follow","max-snippet":"max-snippet:-1","max-image-preview":"max-image-preview:large","max-video-preview":"max-video-preview:-1"},"canonical":"https:\/\/www.technomag.fr\/es\/los-mejores-festivales-y-veladas-hardcore-de-europa-2025\/","og_locale":"es_ES","og_type":"article","og_title":"Los Mejores Festivales y Veladas Hardcore de Europa 2025","og_description":"Los Mejores Festivales de Hardcore y Hardstyle de Europa: \u00bfD\u00f3nde vivir la experiencia definitiva? &#x1f3a7;&#x1f525; Si te apasionan las patadas potentes, los BPM fren\u00e9ticos y la energ\u00eda sobrealimentada de la m\u00fasica dura, \u00a1entonces Europa es un aut\u00e9ntico patio de recreo para ti! Desde el hardcore m\u00e1s crudo hasta el hardstyle m\u00e1s euf\u00f3rico, el continente est\u00e1 [&hellip;]","og_url":"https:\/\/www.technomag.fr\/es\/los-mejores-festivales-y-veladas-hardcore-de-europa-2025\/","og_site_name":"Techno Mag","article_published_time":"2025-03-14T21:03:35+00:00","og_image":[{"width":1080,"height":1350,"url":"https:\/\/www.technomag.fr\/wp-content\/uploads\/2025\/03\/Top-25-festival-hardcore-europe-2025-2.png","type":"image\/png"}],"author":"Eric","twitter_card":"summary_large_image","twitter_misc":{"Escrito por":"Eric","Tiempo de lectura":"20 minutos"},"schema":{"@context":"https:\/\/schema.org","@graph":[{"@type":"Article","@id":"https:\/\/www.technomag.fr\/es\/los-mejores-festivales-y-veladas-hardcore-de-europa-2025\/#article","isPartOf":{"@id":"https:\/\/www.technomag.fr\/es\/los-mejores-festivales-y-veladas-hardcore-de-europa-2025\/"},"author":{"name":"Eric","@id":"https:\/\/www.technomag.fr\/#\/schema\/person\/5184db1055c64729cb8595a8e9d23e9e"},"headline":"Los mejores festivales y veladas hardcore de Europa 2025","datePublished":"2025-03-14T21:03:35+00:00","mainEntityOfPage":{"@id":"https:\/\/www.technomag.fr\/es\/los-mejores-festivales-y-veladas-hardcore-de-europa-2025\/"},"wordCount":4040,"publisher":{"@id":"https:\/\/www.technomag.fr\/#organization"},"image":{"@id":"https:\/\/www.technomag.fr\/es\/los-mejores-festivales-y-veladas-hardcore-de-europa-2025\/#primaryimage"},"thumbnailUrl":"https:\/\/www.technomag.fr\/wp-content\/uploads\/2025\/03\/Top-25-festival-hardcore-europe-2025-2.png","articleSection":["Festival"],"inLanguage":"es"},{"@type":"WebPage","@id":"https:\/\/www.technomag.fr\/es\/los-mejores-festivales-y-veladas-hardcore-de-europa-2025\/","url":"https:\/\/www.technomag.fr\/es\/los-mejores-festivales-y-veladas-hardcore-de-europa-2025\/","name":"Los Mejores Festivales y Veladas Hardcore de Europa 2025","isPartOf":{"@id":"https:\/\/www.technomag.fr\/#website"},"primaryImageOfPage":{"@id":"https:\/\/www.technomag.fr\/es\/los-mejores-festivales-y-veladas-hardcore-de-europa-2025\/#primaryimage"},"image":{"@id":"https:\/\/www.technomag.fr\/es\/los-mejores-festivales-y-veladas-hardcore-de-europa-2025\/#primaryimage"},"thumbnailUrl":"https:\/\/www.technomag.fr\/wp-content\/uploads\/2025\/03\/Top-25-festival-hardcore-europe-2025-2.png","datePublished":"2025-03-14T21:03:35+00:00","breadcrumb":{"@id":"https:\/\/www.technomag.fr\/es\/los-mejores-festivales-y-veladas-hardcore-de-europa-2025\/#breadcrumb"},"inLanguage":"es","potentialAction":[{"@type":"ReadAction","target":["https:\/\/www.technomag.fr\/es\/los-mejores-festivales-y-veladas-hardcore-de-europa-2025\/"]}]},{"@type":"ImageObject","inLanguage":"es","@id":"https:\/\/www.technomag.fr\/es\/los-mejores-festivales-y-veladas-hardcore-de-europa-2025\/#primaryimage","url":"https:\/\/www.technomag.fr\/wp-content\/uploads\/2025\/03\/Top-25-festival-hardcore-europe-2025-2.png","contentUrl":"https:\/\/www.technomag.fr\/wp-content\/uploads\/2025\/03\/Top-25-festival-hardcore-europe-2025-2.png","width":1080,"height":1350},{"@type":"BreadcrumbList","@id":"https:\/\/www.technomag.fr\/es\/los-mejores-festivales-y-veladas-hardcore-de-europa-2025\/#breadcrumb","itemListElement":[{"@type":"ListItem","position":1,"name":"Accueil","item":"https:\/\/www.technomag.fr\/es\/revista-techno\/"},{"@type":"ListItem","position":2,"name":"Los mejores festivales y veladas hardcore de Europa 2025"}]},{"@type":"WebSite","@id":"https:\/\/www.technomag.fr\/#website","url":"https:\/\/www.technomag.fr\/","name":"Techno Mag","description":"Le magazine underground de r\u00e9f\u00e9rence pour la techno","publisher":{"@id":"https:\/\/www.technomag.fr\/#organization"},"potentialAction":[{"@type":"SearchAction","target":{"@type":"EntryPoint","urlTemplate":"https:\/\/www.technomag.fr\/?s={search_term_string}"},"query-input":{"@type":"PropertyValueSpecification","valueRequired":true,"valueName":"search_term_string"}}],"inLanguage":"es"},{"@type":"Organization","@id":"https:\/\/www.technomag.fr\/#organization","name":"Techno Mag","url":"https:\/\/www.technomag.fr\/","logo":{"@type":"ImageObject","inLanguage":"es","@id":"https:\/\/www.technomag.fr\/#\/schema\/logo\/image\/","url":"https:\/\/www.technomag.fr\/wp-content\/uploads\/2023\/04\/TECHNO-e1681225415918.png","contentUrl":"https:\/\/www.technomag.fr\/wp-content\/uploads\/2023\/04\/TECHNO-e1681225415918.png","width":500,"height":113,"caption":"Techno Mag"},"image":{"@id":"https:\/\/www.technomag.fr\/#\/schema\/logo\/image\/"}},{"@type":"Person","@id":"https:\/\/www.technomag.fr\/#\/schema\/person\/5184db1055c64729cb8595a8e9d23e9e","name":"Eric","image":{"@type":"ImageObject","inLanguage":"es","@id":"https:\/\/www.technomag.fr\/wp-content\/uploads\/2023\/12\/eric-96x96.jpg","url":"https:\/\/www.technomag.fr\/wp-content\/uploads\/2023\/12\/eric-96x96.jpg","contentUrl":"https:\/\/www.technomag.fr\/wp-content\/uploads\/2023\/12\/eric-96x96.jpg","caption":"Eric"},"description":"Eric, le capitaine du navire TechnoMag, est d\u00e9veloppeur web, consultant SEO, r\u00e9dacteur de metier, et surtout fanatique de musique ! Depuis l'enfance, il est attir\u00e9 par les basses et les kicks, passant des heures \u00e0 \u00e9couter et jouer sur machines pour le plaisir, avec son fr\u00e8re et ses amis, depuis plus de dix ans. Globe-trotteur, il a explor\u00e9 des free parties sauvages et ill\u00e9gales jusqu\u2019aux plus grands festivals internationaux. Dans son pass\u00e9, il a aussi \u00e9t\u00e9 VJ et impliqu\u00e9 dans l'organisation de soir\u00e9es pas toujours vraiment autoris\u00e9es. Aujourd'hui, il aime capturer l'\u00e9nergie des \u00e9v\u00e9nements pour la retranscrire aux autres, que ce soit derri\u00e8re l'appareil photo, la cam\u00e9ra, ou en r\u00e9digeant un article. Avec quelques missions b\u00e9n\u00e9voles \u00e0 son actif et une association toute neuve, il r\u00eave d'un lieu autonome o\u00f9 chacun pourrait balancer son set sans craindre de perdre son matos.","sameAs":["https:\/\/www.instagram.com\/technomag.fr\/","https:\/\/www.linkedin.com\/in\/boulangereric\/"],"url":"https:\/\/www.technomag.fr\/es\/redacteur\/eric-2\/"}]}},"_links":{"self":[{"href":"https:\/\/www.technomag.fr\/es\/wp-json\/wp\/v2\/posts\/17917","targetHints":{"allow":["GET"]}}],"collection":[{"href":"https:\/\/www.technomag.fr\/es\/wp-json\/wp\/v2\/posts"}],"about":[{"href":"https:\/\/www.technomag.fr\/es\/wp-json\/wp\/v2\/types\/post"}],"author":[{"embeddable":true,"href":"https:\/\/www.technomag.fr\/es\/wp-json\/wp\/v2\/users\/3"}],"replies":[{"embeddable":true,"href":"https:\/\/www.technomag.fr\/es\/wp-json\/wp\/v2\/comments?post=17917"}],"version-history":[{"count":0,"href":"https:\/\/www.technomag.fr\/es\/wp-json\/wp\/v2\/posts\/17917\/revisions"}],"wp:featuredmedia":[{"embeddable":true,"href":"https:\/\/www.technomag.fr\/es\/wp-json\/wp\/v2\/media\/17911"}],"wp:attachment":[{"href":"https:\/\/www.technomag.fr\/es\/wp-json\/wp\/v2\/media?parent=17917"}],"wp:term":[{"taxonomy":"category","embeddable":true,"href":"https:\/\/www.technomag.fr\/es\/wp-json\/wp\/v2\/categories?post=17917"},{"taxonomy":"post_tag","embeddable":true,"href":"https:\/\/www.technomag.fr\/es\/wp-json\/wp\/v2\/tags?post=17917"}],"curies":[{"name":"wp","href":"https:\/\/api.w.org\/{rel}","templated":true}]}}