
{"id":16992,"date":"2025-05-23T12:07:28","date_gmt":"2025-05-23T11:07:28","guid":{"rendered":"https:\/\/www.technomag.fr\/?p=16992"},"modified":"2025-05-23T12:24:35","modified_gmt":"2025-05-23T11:24:35","slug":"festivales-de-techno-de-2025-europa","status":"publish","type":"post","link":"https:\/\/www.technomag.fr\/es\/festivales-de-techno-de-2025-europa\/","title":{"rendered":"Lista de festivales de techno en Europa para 2025"},"content":{"rendered":"\n<p><\/p>\n\n<p>La tecnolog\u00eda nunca duerme. Y en 2025 pretende demostrarlo. <\/p>\n\n<p>Desde el underground de Berl\u00edn a las raves al aire libre de Croacia, desde los almacenes neblinosos de B\u00e9lgica a las playas s\u00f3nicas de Portugal, Europa vibra al ritmo de los bombos. Un a\u00f1o m\u00e1s, los escenarios del techno est\u00e1n que arden, los line-ups explotan y los festivales se consolidan como aut\u00e9nticos templos para los fieles del BPM. <\/p>\n\n<p><br\/>&#x1f5d3;&#xfe0f; <strong>Organis\u00e9e par ordre chronologique<\/strong>, cette liste vous permettra de suivre mois par mois les meilleurs rendez-vous techno de l\u2019ann\u00e9e. Pr\u00e9parez vos valises, rechargez vos playliste, et laissez-vous emporter par un tour d\u2019Europe des basses profondes et des kicks ravageurs !<\/p>\n\n<div id=\"ez-toc-container\" class=\"ez-toc-v2_0_82_2 ez-toc-wrap-center counter-hierarchy ez-toc-counter ez-toc-custom ez-toc-container-direction\">\n<div class=\"ez-toc-title-container\">\n<p class=\"ez-toc-title\" style=\"cursor:inherit\">Sommaire<\/p>\n<span class=\"ez-toc-title-toggle\"><a href=\"#\" class=\"ez-toc-pull-right ez-toc-btn ez-toc-btn-xs ez-toc-btn-default ez-toc-toggle\" aria-label=\"Alternar tabla de contenidos\"><span class=\"ez-toc-js-icon-con\"><span class=\"\"><span class=\"eztoc-hide\" style=\"display:none;\">Toggle<\/span><span class=\"ez-toc-icon-toggle-span\"><svg style=\"fill: #ffffff;color:#ffffff\" xmlns=\"http:\/\/www.w3.org\/2000\/svg\" class=\"list-377408\" width=\"20px\" height=\"20px\" viewBox=\"0 0 24 24\" fill=\"none\"><path d=\"M6 6H4v2h2V6zm14 0H8v2h12V6zM4 11h2v2H4v-2zm16 0H8v2h12v-2zM4 16h2v2H4v-2zm16 0H8v2h12v-2z\" fill=\"currentColor\"><\/path><\/svg><svg style=\"fill: #ffffff;color:#ffffff\" class=\"arrow-unsorted-368013\" xmlns=\"http:\/\/www.w3.org\/2000\/svg\" width=\"10px\" height=\"10px\" viewBox=\"0 0 24 24\" version=\"1.2\" baseProfile=\"tiny\"><path d=\"M18.2 9.3l-6.2-6.3-6.2 6.3c-.2.2-.3.4-.3.7s.1.5.3.7c.2.2.4.3.7.3h11c.3 0 .5-.1.7-.3.2-.2.3-.5.3-.7s-.1-.5-.3-.7zM5.8 14.7l6.2 6.3 6.2-6.3c.2-.2.3-.5.3-.7s-.1-.5-.3-.7c-.2-.2-.4-.3-.7-.3h-11c-.3 0-.5.1-.7.3-.2.2-.3.5-.3.7s.1.5.3.7z\"\/><\/svg><\/span><\/span><\/span><\/a><\/span><\/div>\n<nav><ul class='ez-toc-list ez-toc-list-level-1 ' ><li class='ez-toc-page-1 ez-toc-heading-level-2'><a class=\"ez-toc-link ez-toc-heading-1\" href=\"https:\/\/www.technomag.fr\/es\/festivales-de-techno-de-2025-europa\/#Insane_Festival_France\" >Insane Festival (France)<\/a><\/li><li class='ez-toc-page-1 ez-toc-heading-level-2'><a class=\"ez-toc-link ez-toc-heading-2\" href=\"https:\/\/www.technomag.fr\/es\/festivales-de-techno-de-2025-europa\/#Extrema_Outdoor_Belgium_XO_Belgium\" >Extrema Outdoor Belgium (XO Belgium)<\/a><\/li><li class='ez-toc-page-1 ez-toc-heading-level-2'><a class=\"ez-toc-link ez-toc-heading-3\" href=\"https:\/\/www.technomag.fr\/es\/festivales-de-techno-de-2025-europa\/#Fusion_Festival_Allemagne\" >Fusion Festival (Allemagne)<\/a><\/li><li class='ez-toc-page-1 ez-toc-heading-level-2'><a class=\"ez-toc-link ez-toc-heading-4\" href=\"https:\/\/www.technomag.fr\/es\/festivales-de-techno-de-2025-europa\/#Kappa_FuturFestival_Italie\" >Kappa FuturFestival (Italie)<\/a><\/li><li class='ez-toc-page-1 ez-toc-heading-level-2'><a class=\"ez-toc-link ez-toc-heading-5\" href=\"https:\/\/www.technomag.fr\/es\/festivales-de-techno-de-2025-europa\/#Sound_Waves_Festival_Portugal\" >Sound Waves Festival (Portugal)<\/a><\/li><li class='ez-toc-page-1 ez-toc-heading-level-2'><a class=\"ez-toc-link ez-toc-heading-6\" href=\"https:\/\/www.technomag.fr\/es\/festivales-de-techno-de-2025-europa\/#EXIT_Festival_Serbie\" >EXIT Festival (Serbie)<\/a><\/li><li class='ez-toc-page-1 ez-toc-heading-level-2'><a class=\"ez-toc-link ez-toc-heading-7\" href=\"https:\/\/www.technomag.fr\/es\/festivales-de-techno-de-2025-europa\/#Awakenings_Festival_Pays-Bas\" >Awakenings Festival (Pays-Bas)<\/a><\/li><li class='ez-toc-page-1 ez-toc-heading-level-2'><a class=\"ez-toc-link ez-toc-heading-8\" href=\"https:\/\/www.technomag.fr\/es\/festivales-de-techno-de-2025-europa\/#Ultra_Europe_Croatie\" >Ultra Europe (Croatie)<\/a><\/li><li class='ez-toc-page-1 ez-toc-heading-level-2'><a class=\"ez-toc-link ez-toc-heading-9\" href=\"https:\/\/www.technomag.fr\/es\/festivales-de-techno-de-2025-europa\/#Peacock_Society_France\" >Peacock Society (France)<\/a><\/li><li class='ez-toc-page-1 ez-toc-heading-level-2'><a class=\"ez-toc-link ez-toc-heading-10\" href=\"https:\/\/www.technomag.fr\/es\/festivales-de-techno-de-2025-europa\/#Tomorrowland_Belgique\" >Tomorrowland (Belgique)<\/a><\/li><li class='ez-toc-page-1 ez-toc-heading-level-2'><a class=\"ez-toc-link ez-toc-heading-11\" href=\"https:\/\/www.technomag.fr\/es\/festivales-de-techno-de-2025-europa\/#Parookaville_Allemagne\" >Parookaville (Allemagne)<\/a><\/li><li class='ez-toc-page-1 ez-toc-heading-level-2'><a class=\"ez-toc-link ez-toc-heading-12\" href=\"https:\/\/www.technomag.fr\/es\/festivales-de-techno-de-2025-europa\/#Junction_2_Festival_Angleterre\" >Junction 2 Festival (Angleterre)<\/a><\/li><li class='ez-toc-page-1 ez-toc-heading-level-2'><a class=\"ez-toc-link ez-toc-heading-13\" href=\"https:\/\/www.technomag.fr\/es\/festivales-de-techno-de-2025-europa\/#Monegros_Desert_Festival_Espagne\" >Monegros Desert Festival (Espagne)<\/a><\/li><li class='ez-toc-page-1 ez-toc-heading-level-2'><a class=\"ez-toc-link ez-toc-heading-14\" href=\"https:\/\/www.technomag.fr\/es\/festivales-de-techno-de-2025-europa\/#Dekmantel_Festival_Pays-Bas\" >Dekmantel Festival (Pays-Bas)<\/a><\/li><li class='ez-toc-page-1 ez-toc-heading-level-2'><a class=\"ez-toc-link ez-toc-heading-15\" href=\"https:\/\/www.technomag.fr\/es\/festivales-de-techno-de-2025-europa\/#Nature_One_Allemagne\" >Nature One (Allemagne)<\/a><\/li><li class='ez-toc-page-1 ez-toc-heading-level-2'><a class=\"ez-toc-link ez-toc-heading-16\" href=\"https:\/\/www.technomag.fr\/es\/festivales-de-techno-de-2025-europa\/#Eskape_Festival_France\" >Eskape Festival (France)<\/a><\/li><li class='ez-toc-page-1 ez-toc-heading-level-2'><a class=\"ez-toc-link ez-toc-heading-17\" href=\"https:\/\/www.technomag.fr\/es\/festivales-de-techno-de-2025-europa\/#Untold_Festival_Roumanie\" >Untold Festival (Roumanie)<\/a><\/li><li class='ez-toc-page-1 ez-toc-heading-level-2'><a class=\"ez-toc-link ez-toc-heading-18\" href=\"https:\/\/www.technomag.fr\/es\/festivales-de-techno-de-2025-europa\/#Neopop_Festival_Portugal\" >Neopop Festival (Portugal)<\/a><\/li><li class='ez-toc-page-1 ez-toc-heading-level-2'><a class=\"ez-toc-link ez-toc-heading-19\" href=\"https:\/\/www.technomag.fr\/es\/festivales-de-techno-de-2025-europa\/#Street_Parade_Suisse\" >Street Parade (Suisse)<\/a><\/li><li class='ez-toc-page-1 ez-toc-heading-level-2'><a class=\"ez-toc-link ez-toc-heading-20\" href=\"https:\/\/www.technomag.fr\/es\/festivales-de-techno-de-2025-europa\/#Loveland_Festival_Pays-Bas\" >Loveland Festival (Pays-Bas)<\/a><\/li><li class='ez-toc-page-1 ez-toc-heading-level-2'><a class=\"ez-toc-link ez-toc-heading-21\" href=\"https:\/\/www.technomag.fr\/es\/festivales-de-techno-de-2025-europa\/#Sonus_Festival\" >Sonus Festival<\/a><\/li><li class='ez-toc-page-1 ez-toc-heading-level-2'><a class=\"ez-toc-link ez-toc-heading-22\" href=\"https:\/\/www.technomag.fr\/es\/festivales-de-techno-de-2025-europa\/#Creamfields_Angleterre\" >Creamfields (Angleterre)<\/a><\/li><li class='ez-toc-page-1 ez-toc-heading-level-2'><a class=\"ez-toc-link ez-toc-heading-23\" href=\"https:\/\/www.technomag.fr\/es\/festivales-de-techno-de-2025-europa\/#Mysteryland_Pays-Bas\" >Mysteryland (Pays-Bas)<\/a><\/li><li class='ez-toc-page-1 ez-toc-heading-level-2'><a class=\"ez-toc-link ez-toc-heading-24\" href=\"https:\/\/www.technomag.fr\/es\/festivales-de-techno-de-2025-europa\/#Sunwaves_Roumanie\" >Sunwaves (Roumanie)<\/a><\/li><li class='ez-toc-page-1 ez-toc-heading-level-2'><a class=\"ez-toc-link ez-toc-heading-25\" href=\"https:\/\/www.technomag.fr\/es\/festivales-de-techno-de-2025-europa\/#Draaimolen_Festival_Pays-Bas\" >Draaimolen Festival (Pays-Bas)<\/a><\/li><li class='ez-toc-page-1 ez-toc-heading-level-2'><a class=\"ez-toc-link ez-toc-heading-26\" href=\"https:\/\/www.technomag.fr\/es\/festivales-de-techno-de-2025-europa\/#Dream_Nation_France\" >Dream Nation (France)<\/a><\/li><li class='ez-toc-page-1 ez-toc-heading-level-2'><a class=\"ez-toc-link ez-toc-heading-27\" href=\"https:\/\/www.technomag.fr\/es\/festivales-de-techno-de-2025-europa\/#Amsterdam_Dance_Event_%E2%80%93_ADE_Pays-Bas\" >Amsterdam Dance Event \u2013 ADE (Pays-Bas)<\/a><\/li><li class='ez-toc-page-1 ez-toc-heading-level-2'><a class=\"ez-toc-link ez-toc-heading-28\" href=\"https:\/\/www.technomag.fr\/es\/festivales-de-techno-de-2025-europa\/#Time_Warp_Germany_Allemagne\" >Time Warp Germany (Allemagne)<\/a><\/li><\/ul><\/nav><\/div>\n<h2 class=\"wp-block-heading has-text-align-center\"><span class=\"ez-toc-section\" id=\"Insane_Festival_France\"><\/span><strong>Insane Festival (France)<\/strong><span class=\"ez-toc-section-end\"><\/span><\/h2>\n\n<figure class=\"wp-block-embed is-type-video is-provider-youtube wp-block-embed-youtube wp-embed-aspect-16-9 wp-has-aspect-ratio\"><div class=\"wp-block-embed__wrapper\">\n<iframe title=\"INSANE FESTIVAL 2024 [OFFICIAL AFTERMOVIE]\" width=\"1080\" height=\"608\" src=\"https:\/\/www.youtube.com\/embed\/8w_3WEiFCHM?feature=oembed\" frameborder=\"0\" allow=\"accelerometer; autoplay; clipboard-write; encrypted-media; gyroscope; picture-in-picture; web-share\" referrerpolicy=\"strict-origin-when-cross-origin\" allowfullscreen><\/iframe>\n<\/div><\/figure>\n\n<h3 class=\"wp-block-heading has-text-align-center\"><br\/><strong><br\/><\/strong>&#x1f5d3;&#xfe0f; <strong>Date :<\/strong> 29-31 Mai 2025<\/h3>\n\n<p class=\"has-text-align-left\"><br\/>&#x1f4cd; <strong>Lieu :<\/strong> Apt, France<br\/>&#x1f4b5; <strong>Prix :<\/strong> env. 42 \u20ac (jour) \/ 115 \u20ac (week-end)<br\/>&#x1f3b7; <strong>Style :<\/strong> Techno, trance, bass music<br\/>&#x1f50a; <strong>Billetterie :<\/strong><a href=\"https:\/\/insanefestival.com\/\"> insanefestival.com<\/a><\/p>\n\n<p>Install\u00e9 en Provence, Insane est un festival color\u00e9 et \u00e9clectique qui brasse plusieurs styles \u00e9lectroniques, mais consacre une large place \u00e0 la techno et \u00e0 ses sous-genres les plus \u00e9nergiques. Sc\u00e8nes \u00e0 th\u00e8me, installations immersives et shows visuels spectaculaires donnent le ton. L\u2019ambiance y est r\u00e9solument festive, presque carnavalesque, avec une capacit\u00e9 de plus de <strong>20 000 festivaliers<\/strong> sur le week-end. La sc\u00e8ne techno y est toujours tr\u00e8s bien repr\u00e9sent\u00e9e, avec des t\u00eates d\u2019affiche comme Paula Temple, I Hate Models ou Shl\u00f4mo dans les \u00e9ditions pr\u00e9c\u00e9dentes.<\/p>\n\n<p><\/p>\n\n<div class=\"wp-block-buttons is-content-justification-center is-layout-flex wp-container-core-buttons-is-layout-16018d1d wp-block-buttons-is-layout-flex\">\n<div class=\"wp-block-button\"><a class=\"wp-block-button__link wp-element-button\" href=\"https:\/\/insanefestival.com\/\">M\u00e1s informaci\u00f3n sobre el evento aqu\u00ed<\/a><\/div>\n<\/div>\n\n<div style=\"height:17px\" aria-hidden=\"true\" class=\"wp-block-spacer\"><\/div>\n\n<p class=\"has-text-align-center\"><\/p>\n\n<hr class=\"wp-block-separator has-alpha-channel-opacity\"\/>\n\n<h2 class=\"wp-block-heading has-text-align-center\"><span class=\"ez-toc-section\" id=\"Extrema_Outdoor_Belgium_XO_Belgium\"><\/span><strong>Extrema Outdoor Belgium (XO Belgium)<\/strong><span class=\"ez-toc-section-end\"><\/span><\/h2>\n\n<figure class=\"wp-block-embed is-type-video is-provider-youtube wp-block-embed-youtube wp-embed-aspect-16-9 wp-has-aspect-ratio\"><div class=\"wp-block-embed__wrapper\">\n<iframe title=\"Extrema Outdoor 2024 \u2022 Official Aftermovie\" width=\"1080\" height=\"608\" src=\"https:\/\/www.youtube.com\/embed\/XK1v62xS9iE?feature=oembed\" frameborder=\"0\" allow=\"accelerometer; autoplay; clipboard-write; encrypted-media; gyroscope; picture-in-picture; web-share\" referrerpolicy=\"strict-origin-when-cross-origin\" allowfullscreen><\/iframe>\n<\/div><\/figure>\n\n<h4 class=\"wp-block-heading has-text-align-center\">&#x1f5d3;&#xfe0f; Date: 06 &#8211; 08 Juin 2025<\/h4>\n\n<p><br\/>&#x1f4cd; <strong>Lieu :<\/strong> Houthalen-Helchteren, Belgique<br\/>&#x1f4b5; <strong>Prix :<\/strong> env. 88 \u20ac (1 jour) \/ 194 \u20ac (pass 3 jours)<br\/>&#x1f3b7; <strong>Style :<\/strong> Techno, house<br\/>&#x1f50a; <strong>Billetterie :<\/strong><a href=\"https:\/\/extrema.be\/\"> extrema.be<\/a><\/p>\n\n<p>Ce festival belge se distingue par son <strong>cadre naturel exceptionnel<\/strong>, au bord d\u2019un lac, et une programmation raffin\u00e9e m\u00ealant house et techno dans un d\u00e9cor chill et color\u00e9. Attirant <strong>plus de 60 000 personnes<\/strong>, XO Belgium est \u00e0 la crois\u00e9e entre festival h\u00e9doniste et rendez-vous pointu pour amateurs de techno groovy. C\u2019est le genre d\u2019\u00e9v\u00e9nement o\u00f9 la f\u00eate commence d\u00e8s midi sur la plage et se termine dans une euphorie collective sous les \u00e9toiles.<\/p>\n\n<p><\/p>\n\n<div class=\"wp-block-buttons is-content-justification-center is-layout-flex wp-container-core-buttons-is-layout-16018d1d wp-block-buttons-is-layout-flex\">\n<div class=\"wp-block-button\"><a class=\"wp-block-button__link wp-element-button\" href=\"https:\/\/extrema.be\/\" target=\"_blank\" rel=\"noreferrer noopener\">M\u00e1s informaci\u00f3n sobre el evento aqu\u00ed<\/a><\/div>\n<\/div>\n\n<div style=\"height:17px\" aria-hidden=\"true\" class=\"wp-block-spacer\"><\/div>\n\n<hr class=\"wp-block-separator has-alpha-channel-opacity\"\/>\n\n<h2 class=\"wp-block-heading has-text-align-center\"><span class=\"ez-toc-section\" id=\"Fusion_Festival_Allemagne\"><\/span><strong>Fusion Festival (Allemagne)<\/strong><span class=\"ez-toc-section-end\"><\/span><\/h2>\n\n<figure class=\"wp-block-image size-large\"><img fetchpriority=\"high\" decoding=\"async\" width=\"1024\" height=\"609\" src=\"https:\/\/www.technomag.fr\/wp-content\/uploads\/2025\/05\/Capture-decran-2025-05-23-a-11.00.25-1024x609.png\" alt=\"\" class=\"wp-image-18207\" srcset=\"https:\/\/www.technomag.fr\/wp-content\/uploads\/2025\/05\/Capture-decran-2025-05-23-a-11.00.25-1024x609.png 1024w, https:\/\/www.technomag.fr\/wp-content\/uploads\/2025\/05\/Capture-decran-2025-05-23-a-11.00.25-600x357.png 600w, https:\/\/www.technomag.fr\/wp-content\/uploads\/2025\/05\/Capture-decran-2025-05-23-a-11.00.25-300x178.png 300w, https:\/\/www.technomag.fr\/wp-content\/uploads\/2025\/05\/Capture-decran-2025-05-23-a-11.00.25-768x457.png 768w, https:\/\/www.technomag.fr\/wp-content\/uploads\/2025\/05\/Capture-decran-2025-05-23-a-11.00.25-1536x914.png 1536w, https:\/\/www.technomag.fr\/wp-content\/uploads\/2025\/05\/Capture-decran-2025-05-23-a-11.00.25-2048x1218.png 2048w, https:\/\/www.technomag.fr\/wp-content\/uploads\/2025\/05\/Capture-decran-2025-05-23-a-11.00.25-150x89.png 150w\" sizes=\"(max-width: 1024px) 100vw, 1024px\" \/><\/figure>\n\n<h4 class=\"wp-block-heading has-text-align-center\">&#x1f5d3;&#xfe0f; <strong>Date :<\/strong> 25-29 juin 2025<\/h4>\n\n<p>&#x1f4cd; <strong>Lieu :<\/strong> L\u00e4rz, Allemagne<br\/>&#x1f4b5; <strong>Prix :<\/strong> env. 65 \u20ac (tarif unique camping inclus)<br\/>&#x1f3a7; <strong>Style :<\/strong> Techno underground, experimental, ambient (mix\u00e9 \u00e0 des performances artistiques)<br\/>&#x1f50a; <strong>Billetterie :<\/strong> <a href=\"https:\/\/fusion-festival.de\/en\">fusion-festival.de<\/a><\/p>\n\n<p>Plus qu\u2019un simple festival, Fusion est une exp\u00e9rience utopique unique en son genre. Pendant cinq jours, une ancienne base militaire se mue en un <strong>monde parall\u00e8le artistique et musical<\/strong> o\u00f9 la techno c\u00f4toie arts de rue, performances interactives et installations psych\u00e9d\u00e9liques. Ici, pas de t\u00eates d\u2019affiche annonc\u00e9es \u00e0 l\u2019avance \u2013 la surprise et l\u2019exp\u00e9rimentation priment, dans une ambiance r\u00e9solument underground et libertaire. Environ <strong>70 000 raveurs<\/strong> convergent \u00e0 L\u00e4rz chaque \u00e9t\u00e9 pour faire partie de cette \u201cvacation communism\u201d, une communaut\u00e9 \u00e9ph\u00e9m\u00e8re o\u00f9 l\u2019esprit festif, la cr\u00e9ativit\u00e9 et la libert\u00e9 totale r\u00e8gnent en ma\u00eetres .<\/p>\n\n<p><\/p>\n\n<div class=\"wp-block-buttons is-content-justification-center is-layout-flex wp-container-core-buttons-is-layout-16018d1d wp-block-buttons-is-layout-flex\">\n<div class=\"wp-block-button\"><a class=\"wp-block-button__link wp-element-button\" href=\"https:\/\/fusion-festival.de\/en\" target=\"_blank\" rel=\"noreferrer noopener\">M\u00e1s informaci\u00f3n sobre el evento aqu\u00ed<\/a><\/div>\n<\/div>\n\n<div style=\"height:17px\" aria-hidden=\"true\" class=\"wp-block-spacer\"><\/div>\n\n<hr class=\"wp-block-separator has-alpha-channel-opacity\"\/>\n\n<h2 class=\"wp-block-heading has-text-align-center\"><span class=\"ez-toc-section\" id=\"Kappa_FuturFestival_Italie\"><\/span><strong>Kappa FuturFestival (Italie)<\/strong><span class=\"ez-toc-section-end\"><\/span><\/h2>\n\n<figure class=\"wp-block-embed is-type-video is-provider-youtube wp-block-embed-youtube wp-embed-aspect-16-9 wp-has-aspect-ratio\"><div class=\"wp-block-embed__wrapper\">\n<iframe title=\"KFF24 | A short film of the FUTUR\" width=\"1080\" height=\"608\" src=\"https:\/\/www.youtube.com\/embed\/yWljDkwGHNc?start=3&#038;feature=oembed\" frameborder=\"0\" allow=\"accelerometer; autoplay; clipboard-write; encrypted-media; gyroscope; picture-in-picture; web-share\" referrerpolicy=\"strict-origin-when-cross-origin\" allowfullscreen><\/iframe>\n<\/div><\/figure>\n\n<h4 class=\"wp-block-heading has-text-align-center\">&#x1f5d3;&#xfe0f; <strong>Date :<\/strong> 4-6 juillet 2025<\/h4>\n\n<p>&#x1f4cd; <strong>Lieu :<\/strong> Parco Dora, Turin, Italie<br\/>&#x1f4b5; <strong>Prix :<\/strong> env. 70 \u20ac (1 jour) \u00e0 210 \u20ac (pass 3 jours)<br\/>&#x1f3a7; <strong>Style :<\/strong> 100% techno &amp; house<br\/>&#x1f50a; <strong>Billetterie :<\/strong><a href=\"https:\/\/kappafuturfestival.it\"> kappafuturfestival.it<\/a> <\/p>\n\n<p>Au c\u0153ur d\u2019un parc industriel r\u00e9habilit\u00e9 de Turin, Kappa Futur offre un marathon techno en plein air d\u2019une intensit\u00e9 rare. Sous le soleil pi\u00e9montais, des foules de clubbers internationaux (plus de <strong>85 000<\/strong> sur trois jours en 2022 ) dansent de midi \u00e0 minuit sur les sets des plus grands DJs techno et house du moment. L\u2019ambiance y est survolt\u00e9e et cosmopolite, avec des sc\u00e8nes futuristes entour\u00e9es de structures m\u00e9talliques rappelant le pass\u00e9 ouvrier du site. Art num\u00e9rique, installations visuelles impressionnantes et after-parties dans la ville compl\u00e8tent cette exp\u00e9rience urbaine unique, fer de lance de la sc\u00e8ne \u00e9lectronique italienne.<\/p>\n\n<div class=\"wp-block-buttons is-content-justification-center is-layout-flex wp-container-core-buttons-is-layout-16018d1d wp-block-buttons-is-layout-flex\">\n<div class=\"wp-block-button\"><a class=\"wp-block-button__link wp-element-button\" href=\"https:\/\/kappafuturfestival.it\" target=\"_blank\" rel=\"noreferrer noopener\">M\u00e1s informaci\u00f3n sobre el evento aqu\u00ed<\/a><\/div>\n<\/div>\n\n<div style=\"height:17px\" aria-hidden=\"true\" class=\"wp-block-spacer\"><\/div>\n\n<hr class=\"wp-block-separator has-alpha-channel-opacity\"\/>\n\n<p class=\"has-text-align-center\"><\/p>\n\n<h2 class=\"wp-block-heading has-text-align-center\"><span class=\"ez-toc-section\" id=\"Sound_Waves_Festival_Portugal\"><\/span><strong>Sound Waves Festival (Portugal)<\/strong><span class=\"ez-toc-section-end\"><\/span><\/h2>\n\n<figure class=\"wp-block-embed is-type-video is-provider-youtube wp-block-embed-youtube wp-embed-aspect-16-9 wp-has-aspect-ratio\"><div class=\"wp-block-embed__wrapper\">\n<iframe title=\"Sound Waves 2024 | Official Aftermovie\" width=\"1080\" height=\"608\" src=\"https:\/\/www.youtube.com\/embed\/erd4arvozIc?feature=oembed\" frameborder=\"0\" allow=\"accelerometer; autoplay; clipboard-write; encrypted-media; gyroscope; picture-in-picture; web-share\" referrerpolicy=\"strict-origin-when-cross-origin\" allowfullscreen><\/iframe>\n<\/div><\/figure>\n\n<h3 class=\"wp-block-heading has-text-align-center\">&#x1f5d3;&#xfe0f; <strong>Date :<\/strong> 5 juillet 2025<\/h3>\n\n<p class=\"has-text-align-left\"><br\/>&#x1f4cd; <strong>Lieu :<\/strong> Esmoriz, Portugal<br\/>&#x1f4b5; <strong>Prix :<\/strong> env. 40 \u20ac (billet standard)<br\/>&#x1f3b7; <strong>Style :<\/strong> Techno underground \/ hard techno<br\/>&#x1f50a; <strong>Billetterie :<\/strong> <a href=\"https:\/\/www.soundwavesfest.com\/\">www.soundwavesfest.com<\/a><strong><br\/><br\/><\/strong> Au Portugal, \u00e0 quelques kilom\u00e8tres de Porto, Sound Waves est le festival 100 % techno underground par excellence. Install\u00e9 dans un espace industriel en bord de mer, il propose un marathon sonore allant souvent jusqu\u2019\u00e0 <strong>24 heures non-stop<\/strong>. C\u2019est une exp\u00e9rience brute et intense, port\u00e9e par un public fid\u00e8le et par une programmation qui mise sur les pointures de la techno europ\u00e9enne. Attirant plusieurs <strong>milliers de raveurs<\/strong>, c\u2019est le rep\u00e8re id\u00e9al pour ceux qui aiment la techno dure, sans artifices.<\/p>\n\n<p><\/p>\n\n<div class=\"wp-block-buttons is-content-justification-center is-layout-flex wp-container-core-buttons-is-layout-16018d1d wp-block-buttons-is-layout-flex\">\n<div class=\"wp-block-button\"><a class=\"wp-block-button__link wp-element-button\" href=\"https:\/\/www.soundwavesfest.com\/\" target=\"_blank\" rel=\"noreferrer noopener\">M\u00e1s informaci\u00f3n sobre el evento aqu\u00ed<\/a><\/div>\n<\/div>\n\n<div style=\"height:17px\" aria-hidden=\"true\" class=\"wp-block-spacer\"><\/div>\n\n<hr class=\"wp-block-separator has-alpha-channel-opacity\"\/>\n\n<p class=\"has-text-align-center\"><\/p>\n\n<h2 class=\"wp-block-heading has-text-align-center\"><span class=\"ez-toc-section\" id=\"EXIT_Festival_Serbie\"><\/span><strong>EXIT Festival (Serbie)<\/strong><span class=\"ez-toc-section-end\"><\/span><\/h2>\n\n<figure class=\"wp-block-embed is-type-video is-provider-youtube wp-block-embed-youtube wp-embed-aspect-16-9 wp-has-aspect-ratio\"><div class=\"wp-block-embed__wrapper\">\n<iframe title=\"EXIT STARSEEDS 2024  | The Official Aftermovie\" width=\"1080\" height=\"608\" src=\"https:\/\/www.youtube.com\/embed\/oPk-adjHvw8?feature=oembed\" frameborder=\"0\" allow=\"accelerometer; autoplay; clipboard-write; encrypted-media; gyroscope; picture-in-picture; web-share\" referrerpolicy=\"strict-origin-when-cross-origin\" allowfullscreen><\/iframe>\n<\/div><\/figure>\n\n<h4 class=\"wp-block-heading has-text-align-center\">&#x1f5d3;&#xfe0f; <strong>Date :<\/strong> 10-13 juillet 2025<\/h4>\n\n<p>&#x1f4cd; <strong>Lieu :<\/strong> Novi Sad, Serbie<br\/>&#x1f4b5; <strong>Prix :<\/strong> \u00e0 partir de ~135 \u20ac (pass 4 jours)<br\/>&#x1f3a7; <strong>Style :<\/strong> Musique \u00e9lectronique et rock (avec une forte pr\u00e9sence techno)<br\/>&#x1f50a; <strong>Billetterie :<\/strong><a href=\"https:\/\/exitfest.org\"> exitfest.org<\/a> <\/p>\n\n<p>Nich\u00e9 dans la forteresse m\u00e9di\u00e9vale de Petrovaradin dominant le Danube, EXIT propose un cadre f\u00e9erique pour vivre de longues nuits techno. Ce g\u00e9ant europ\u00e9en de la musique (environ <strong>200 000 festivaliers<\/strong> sur 4 jours ) combine une programmation multi-genres \u00e9clectique et une sc\u00e8ne embl\u00e9matique d\u00e9di\u00e9e \u00e0 la techno : la c\u00e9l\u00e8bre <strong>Dance Arena<\/strong>, dont l\u2019aube r\u00e9v\u00e8le chaque matin des milliers de danseurs en transe sur les remparts. L\u2019ambiance est \u00e0 la f\u00eate cosmopolite et \u00e0 la libert\u00e9 \u2013 h\u00e9ritage des origines contestataires du festival. On y vient autant pour la musique que pour l\u2019\u00e9nergie unique qui se d\u00e9gage de ce festival.<br\/><\/p>\n\n<div class=\"wp-block-buttons is-content-justification-center is-layout-flex wp-container-core-buttons-is-layout-16018d1d wp-block-buttons-is-layout-flex\">\n<div class=\"wp-block-button\"><a class=\"wp-block-button__link wp-element-button\" href=\"https:\/\/www.exitfest.org\/\" target=\"_blank\" rel=\"noreferrer noopener\">M\u00e1s informaci\u00f3n sobre el evento aqu\u00ed<\/a><\/div>\n<\/div>\n\n<div style=\"height:17px\" aria-hidden=\"true\" class=\"wp-block-spacer\"><\/div>\n\n<hr class=\"wp-block-separator has-alpha-channel-opacity\"\/>\n\n<h2 class=\"wp-block-heading has-text-align-center\"><span class=\"ez-toc-section\" id=\"Awakenings_Festival_Pays-Bas\"><\/span><strong>Awakenings Festival (Pays-Bas)<\/strong><span class=\"ez-toc-section-end\"><\/span><\/h2>\n\n<figure class=\"wp-block-embed is-type-video is-provider-youtube wp-block-embed-youtube wp-embed-aspect-16-9 wp-has-aspect-ratio\"><div class=\"wp-block-embed__wrapper\">\n<iframe title=\"AWAKENINGS FESTIVAL 2024\" width=\"1080\" height=\"608\" src=\"https:\/\/www.youtube.com\/embed\/wBb-aqTI3Ac?feature=oembed\" frameborder=\"0\" allow=\"accelerometer; autoplay; clipboard-write; encrypted-media; gyroscope; picture-in-picture; web-share\" referrerpolicy=\"strict-origin-when-cross-origin\" allowfullscreen><\/iframe>\n<\/div><\/figure>\n\n<h4 class=\"wp-block-heading has-text-align-center\">&#x1f5d3;&#xfe0f; <strong>Date :<\/strong> 11-13 juillet 2025<\/h4>\n\n<p><\/p>\n\n<p>&#x1f4cd; <strong>Lieu :<\/strong> Hilvarenbeek, Pays-Bas<br\/>&#x1f4b5; <strong>Prix :<\/strong> env. 65 \u20ac (billet jour) \u00e0 275 \u20ac (pass week-end VIP)<br\/>&#x1f3a7; <strong>Style :<\/strong> Techno (100% pur son techno, tous sous-genres confondus)<br\/>&#x1f50a; <strong>Billetterie :<\/strong><a href=\"https:\/\/awakenings.com\"> awakenings.com<\/a> <\/p>\n\n<p>C\u2019est le p\u00e8lerinage ultime des fans de techno pure. Organis\u00e9 par le c\u00e9l\u00e8bre club n\u00e9erlandais Awakenings, ce festival en plein air r\u00e9unit chaque ann\u00e9e la cr\u00e8me des DJs techno sur plusieurs sc\u00e8nes spectaculaires, avec une production son et lumi\u00e8res l\u00e9gendaire. Plus de <strong>80 000 festivaliers<\/strong> affluent du monde entier pour vibrer deux jours durant sur des sets marathon, entre feu d\u2019artifice sonore et sc\u00e9nographies innovantes . L\u2019\u00e9dition 2025 s\u2019annonce explosive dans le verdoyant domaine de Hilvarenbeek : attendez-vous \u00e0 une ambiance extatique, des basses ravageuses et une foule compacte de passionn\u00e9s portant haut les couleurs du <strong>beat<\/strong> 4\/4.<\/p>\n\n<p><\/p>\n\n<div class=\"wp-block-buttons is-content-justification-center is-layout-flex wp-container-core-buttons-is-layout-16018d1d wp-block-buttons-is-layout-flex\">\n<div class=\"wp-block-button\"><a class=\"wp-block-button__link wp-element-button\" href=\"https:\/\/awakenings.com\" target=\"_blank\" rel=\"noreferrer noopener\">M\u00e1s informaci\u00f3n sobre el evento aqu\u00ed<\/a><\/div>\n<\/div>\n\n<div style=\"height:17px\" aria-hidden=\"true\" class=\"wp-block-spacer\"><\/div>\n\n<hr class=\"wp-block-separator has-alpha-channel-opacity\"\/>\n\n<h2 class=\"wp-block-heading has-text-align-center\"><span class=\"ez-toc-section\" id=\"Ultra_Europe_Croatie\"><\/span><strong>Ultra Europe (Croatie)<\/strong><span class=\"ez-toc-section-end\"><\/span><\/h2>\n\n<figure class=\"wp-block-embed is-type-video is-provider-youtube wp-block-embed-youtube wp-embed-aspect-16-9 wp-has-aspect-ratio\"><div class=\"wp-block-embed__wrapper\">\n<iframe title=\"ULTRA EUROPE 2024 - Official Aftermovie\" width=\"1080\" height=\"608\" src=\"https:\/\/www.youtube.com\/embed\/OSAPhPBcKxs?feature=oembed\" frameborder=\"0\" allow=\"accelerometer; autoplay; clipboard-write; encrypted-media; gyroscope; picture-in-picture; web-share\" referrerpolicy=\"strict-origin-when-cross-origin\" allowfullscreen><\/iframe>\n<\/div><\/figure>\n\n<h4 class=\"wp-block-heading has-text-align-center\">&#x1f5d3;&#xfe0f; <strong>Date :<\/strong> 11-13 juillet 2025<\/h4>\n\n<p>&#x1f4cd; <strong>Lieu :<\/strong> Split, Croatie<br\/>&#x1f4b5; <strong>Prix :<\/strong> env. 150-220 \u20ac (pass 3 jours GA)<br\/>&#x1f3a7; <strong>Style :<\/strong> EDM &amp; techno (sc\u00e8nes principales EDM + sc\u00e8ne techno \u201cResistance\u201d)<br\/>&#x1f50a; <strong>Billetterie :<\/strong><a href=\"https:\/\/ultraeurope.com\"> ultraeurope.com<\/a> <\/p>\n\n<p>Version europ\u00e9enne du g\u00e9ant Ultra, ce festival transforme la c\u00f4te adriatique en temple de la f\u00eate \u00e9lectronique. Pendant trois nuits surchauff\u00e9es \u00e0 Split, plus de <strong>150 000<\/strong> festivaliers venus de 140 pays se rassemblent dans un stade \u00e0 ciel ouvert pour vivre un show d\u00e9mesur\u00e9 . Mainstage grandiose, feux d\u2019artifice, et surtout l\u2019espace <strong>Resistance<\/strong> d\u00e9di\u00e9 aux sonorit\u00e9s techno underground (pilot\u00e9 par Carl Cox &amp; co) font d\u2019Ultra Europe un rendez-vous aussi bien pour les fans d\u2019EDM que de techno. L\u2019ambiance est \u00e0 la fois festive et baln\u00e9aire \u2013 boat parties sur les \u00eeles voisines le jour, avalanche de d\u00e9cibels et de lasers la nuit \u2013 le tout dans un cadre m\u00e9diterran\u00e9en idyllique.<\/p>\n\n<p><\/p>\n\n<div class=\"wp-block-buttons is-content-justification-center is-layout-flex wp-container-core-buttons-is-layout-16018d1d wp-block-buttons-is-layout-flex\">\n<div class=\"wp-block-button\"><a class=\"wp-block-button__link wp-element-button\" href=\"https:\/\/ultraeurope.com\" target=\"_blank\" rel=\"noreferrer noopener\">M\u00e1s informaci\u00f3n sobre el evento aqu\u00ed<\/a><\/div>\n<\/div>\n\n<div style=\"height:17px\" aria-hidden=\"true\" class=\"wp-block-spacer\"><\/div>\n\n<hr class=\"wp-block-separator has-alpha-channel-opacity\"\/>\n\n<h2 class=\"wp-block-heading has-text-align-center\"><span class=\"ez-toc-section\" id=\"Peacock_Society_France\"><\/span><strong>Peacock Society (France)<\/strong><span class=\"ez-toc-section-end\"><\/span><\/h2>\n\n<figure class=\"wp-block-image size-large\"><img decoding=\"async\" width=\"819\" height=\"1024\" src=\"https:\/\/www.technomag.fr\/wp-content\/uploads\/2025\/05\/PCK25_FULL-BILLING_1080x1350_VFINALE-819x1024.jpg\" alt=\"\" class=\"wp-image-18158\" srcset=\"https:\/\/www.technomag.fr\/wp-content\/uploads\/2025\/05\/PCK25_FULL-BILLING_1080x1350_VFINALE-819x1024.jpg 819w, https:\/\/www.technomag.fr\/wp-content\/uploads\/2025\/05\/PCK25_FULL-BILLING_1080x1350_VFINALE-600x750.jpg 600w, https:\/\/www.technomag.fr\/wp-content\/uploads\/2025\/05\/PCK25_FULL-BILLING_1080x1350_VFINALE-240x300.jpg 240w, https:\/\/www.technomag.fr\/wp-content\/uploads\/2025\/05\/PCK25_FULL-BILLING_1080x1350_VFINALE-768x960.jpg 768w, https:\/\/www.technomag.fr\/wp-content\/uploads\/2025\/05\/PCK25_FULL-BILLING_1080x1350_VFINALE-480x600.jpg 480w, https:\/\/www.technomag.fr\/wp-content\/uploads\/2025\/05\/PCK25_FULL-BILLING_1080x1350_VFINALE-150x187.jpg 150w, https:\/\/www.technomag.fr\/wp-content\/uploads\/2025\/05\/PCK25_FULL-BILLING_1080x1350_VFINALE.jpg 1081w\" sizes=\"(max-width: 819px) 100vw, 819px\" \/><\/figure>\n\n<h3 class=\"wp-block-heading has-text-align-center\"><br\/>&#x1f5d3;&#xfe0f; <strong>Date :<\/strong> 11-12 juillet 2025<\/h3>\n\n<p>&#x1f4cd; <strong>Lieu :<\/strong> Paris (Hippodrome de Paris-Vincennes), France<br\/>&#x1f4b5; <strong>Prix :<\/strong> \u00e0 partir de 49 \u20ac (billet 1 soir\u00e9e)<br\/>&#x1f3a7; <strong>Style :<\/strong> Techno, house (nuit \u00e9lectronique)<br\/>&#x1f50a; <strong>Billetterie :<\/strong><a href=\"https:\/\/peacocksociety.fr\"> peacocksociety.fr<\/a> (site officiel)<\/p>\n\n<p>Paris vibre au rythme de la techno en plein c\u0153ur de l\u2019\u00e9t\u00e9 gr\u00e2ce \u00e0 Peacock Society. Install\u00e9 dans le cadre insolite de l\u2019Hippodrome de Vincennes, ce festival nocturne offre deux soir\u00e9es \u00e9lectriques o\u00f9 se m\u00ealent sc\u00e9nographie soign\u00e9e, projections visuelles et line-up pointu. Jeunes talents de la sc\u00e8ne hexagonale et l\u00e9gendes internationales (de la techno sombre \u00e0 la house euphorique) s\u2019y relaient pour faire danser une foule de <strong>plus de 10 000 festivaliers<\/strong> par soir sous les \u00e9toiles. L\u2019atmosph\u00e8re y est \u00e9l\u00e9gante mais survolt\u00e9e, \u00e0 l\u2019image de la capitale : un savant m\u00e9lange de f\u00eate parisienne chic et d\u2019\u00e9nergie rave, le tout jusqu\u2019au petit matin.<\/p>\n\n<p><\/p>\n\n<div class=\"wp-block-buttons is-content-justification-center is-layout-flex wp-container-core-buttons-is-layout-16018d1d wp-block-buttons-is-layout-flex\">\n<div class=\"wp-block-button\"><a class=\"wp-block-button__link wp-element-button\" href=\"http:\/\/peacocksociety.fr\" target=\"_blank\" rel=\"noreferrer noopener\">M\u00e1s informaci\u00f3n sobre el evento aqu\u00ed<\/a><\/div>\n<\/div>\n\n<div style=\"height:17px\" aria-hidden=\"true\" class=\"wp-block-spacer\"><\/div>\n\n<hr class=\"wp-block-separator has-alpha-channel-opacity\"\/>\n\n<h2 class=\"wp-block-heading has-text-align-center\"><span class=\"ez-toc-section\" id=\"Tomorrowland_Belgique\"><\/span><strong>Tomorrowland (Belgique)<\/strong><span class=\"ez-toc-section-end\"><\/span><\/h2>\n\n<figure class=\"wp-block-embed is-type-video is-provider-youtube wp-block-embed-youtube wp-embed-aspect-16-9 wp-has-aspect-ratio\"><div class=\"wp-block-embed__wrapper\">\n<iframe title=\"Tomorrowland  2024 | Aftermovie Oficial\" width=\"1080\" height=\"608\" src=\"https:\/\/www.youtube.com\/embed\/kbJrWHVcH_0?feature=oembed\" frameborder=\"0\" allow=\"accelerometer; autoplay; clipboard-write; encrypted-media; gyroscope; picture-in-picture; web-share\" referrerpolicy=\"strict-origin-when-cross-origin\" allowfullscreen><\/iframe>\n<\/div><\/figure>\n\n<h4 class=\"wp-block-heading has-text-align-center\">&#x1f5d3;&#xfe0f; <strong>Date :<\/strong> Week-ends des 18-20 juillet <strong>et<\/strong> 25-27 juillet 2025<\/h4>\n\n<p class=\"has-text-align-left\">&#x1f4cd; <strong>Lieu :<\/strong> Boom, Belgique<br\/>&#x1f4b5; <strong>Prix :<\/strong> env. 130 \u20ac (1 jour) \u00e0 304 \u20ac (Full Madness pass)<br\/>&#x1f3a7; <strong>Style :<\/strong> EDM multi-genres (avec sc\u00e8nes d\u00e9di\u00e9es techno, hardstyle, trance\u2026)<br\/>&#x1f50a; <strong>Billetterie :<\/strong><a href=\"https:\/\/tomorrowland.com\"> tomorrowland.com<\/a> <\/p>\n\n<p>Plongez dans un conte de f\u00e9es \u00e9lectronique : Tomorrowland est l\u2019un des plus grands festivals au monde, c\u00e9l\u00e8bre pour ses d\u00e9cors f\u00e9eriques et sa production hallucinante. Chaque \u00e9t\u00e9, le petit village de Boom accueille pr\u00e8s de <strong>400 000 festivaliers<\/strong> sur deux week-ends complets, transformant le site en un royaume imaginaire \u00e0 th\u00e8me. Sous des sc\u00e8nes extravagantes (dont la majestueuse Atmosphere Stage d\u00e9di\u00e9e \u00e0 la techno), les meilleurs artistes de tous les horizons \u00e9lectroniques encha\u00eenent des sets d\u2019anthologie. L\u2019ambiance est \u00e0 la fois magique et survolt\u00e9e \u2013 une v\u00e9ritable <strong>ONU de la musique \u00e9lectronique<\/strong> avec des participants de plus de 200 pays, tous unis sous la banni\u00e8re \u00ab Live Today, Love Tomorrow \u00bb .<\/p>\n\n<div class=\"wp-block-buttons is-content-justification-center is-layout-flex wp-container-core-buttons-is-layout-16018d1d wp-block-buttons-is-layout-flex\">\n<div class=\"wp-block-button\"><a class=\"wp-block-button__link wp-element-button\" href=\"https:\/\/www.tomorrowland.com\/home\/\" target=\"_blank\" rel=\"noreferrer noopener\">M\u00e1s informaci\u00f3n sobre el evento aqu\u00ed<\/a><\/div>\n<\/div>\n\n<div style=\"height:17px\" aria-hidden=\"true\" class=\"wp-block-spacer\"><\/div>\n\n<hr class=\"wp-block-separator has-alpha-channel-opacity\"\/>\n\n<h2 class=\"wp-block-heading has-text-align-center\"><span class=\"ez-toc-section\" id=\"Parookaville_Allemagne\"><\/span><strong>Parookaville (Allemagne)<\/strong><span class=\"ez-toc-section-end\"><\/span><\/h2>\n\n<figure class=\"wp-block-embed is-type-video is-provider-youtube wp-block-embed-youtube wp-embed-aspect-16-9 wp-has-aspect-ratio\"><div class=\"wp-block-embed__wrapper\">\n<iframe title=\"PAROOKAVILLE 2024 | Official Aftermovie\" width=\"1080\" height=\"608\" src=\"https:\/\/www.youtube.com\/embed\/qyJ9Mk-D0ro?feature=oembed\" frameborder=\"0\" allow=\"accelerometer; autoplay; clipboard-write; encrypted-media; gyroscope; picture-in-picture; web-share\" referrerpolicy=\"strict-origin-when-cross-origin\" allowfullscreen><\/iframe>\n<\/div><\/figure>\n\n<h4 class=\"wp-block-heading has-text-align-center\">&#x1f5d3;&#xfe0f; <strong>Date :<\/strong> 18-20 juillet 2025<\/h4>\n\n<p class=\"has-text-align-left\">&#x1f4cd; <strong>Lieu :<\/strong> A\u00e9rodrome de Weeze, Allemagne<br\/>&#x1f4b5; <strong>Prix :<\/strong> env. 119 \u20ac (pass 3 jours GA)<br\/>&#x1f3a7; <strong>Style :<\/strong> EDM, techno, hardstyle (plusieurs sc\u00e8nes th\u00e9matiques)<br\/>&#x1f50a; <strong>Billetterie :<\/strong><a href=\"https:\/\/parookaville.com\"> parookaville.com<\/a> <\/p>\n\n<p>Bienvenue dans la \u00ab ville de la folie \u00bb : Parookaville s\u2019est impos\u00e9 comme le plus grand festival \u00e9lectro d\u2019Allemagne, recr\u00e9ant une cit\u00e9 \u00e9ph\u00e9m\u00e8re sur l\u2019a\u00e9roport de Weeze. Imagin\u00e9 comme une exp\u00e9rience immersive, le festival poss\u00e8de son propre univers (passeport, poste, mariage fictif\u2026) o\u00f9 plus de <strong>200 000 citoyens-festivaliers<\/strong> vivent un week-end de pur d\u00e9lire . C\u00f4t\u00e9 musique, la programmation EDM domine, mais la <strong>Tower Stage<\/strong> et d\u2019autres sc\u00e8nes font la part belle \u00e0 la techno et \u00e0 la hard techno, accueillant des labels et collectifs pointus. Parookaville, c\u2019est un gigantesque parc d\u2019attraction musical m\u00ealant f\u00eate foraine, shows pyrotechniques et sets explosifs \u2013 le tout dans une ambiance bon enfant de carnaval \u00e9lectro.<\/p>\n\n<div class=\"wp-block-buttons is-content-justification-center is-layout-flex wp-container-core-buttons-is-layout-16018d1d wp-block-buttons-is-layout-flex\">\n<div class=\"wp-block-button\"><a class=\"wp-block-button__link wp-element-button\" href=\"https:\/\/parookaville.com\" target=\"_blank\" rel=\"noreferrer noopener\">M\u00e1s informaci\u00f3n sobre el evento aqu\u00ed<\/a><\/div>\n<\/div>\n\n<div style=\"height:17px\" aria-hidden=\"true\" class=\"wp-block-spacer\"><\/div>\n\n<hr class=\"wp-block-separator has-alpha-channel-opacity\"\/>\n\n<h2 class=\"wp-block-heading has-text-align-center\"><span class=\"ez-toc-section\" id=\"Junction_2_Festival_Angleterre\"><\/span><strong><strong>Junction 2 Festival (Angleterre)<\/strong><\/strong><span class=\"ez-toc-section-end\"><\/span><\/h2>\n\n<figure class=\"wp-block-embed is-type-video is-provider-youtube wp-block-embed-youtube wp-embed-aspect-16-9 wp-has-aspect-ratio\"><div class=\"wp-block-embed__wrapper\">\n<iframe title=\"Official Junction 2 Aftermovie 2018\" width=\"1080\" height=\"608\" src=\"https:\/\/www.youtube.com\/embed\/YlFWvUf6c6k?start=2&#038;feature=oembed\" frameborder=\"0\" allow=\"accelerometer; autoplay; clipboard-write; encrypted-media; gyroscope; picture-in-picture; web-share\" referrerpolicy=\"strict-origin-when-cross-origin\" allowfullscreen><\/iframe>\n<\/div><\/figure>\n\n<h4 class=\"wp-block-heading has-text-align-center\">&#x1f5d3;&#xfe0f; <strong>Date :<\/strong> 25-27 juillet 2025<\/h4>\n\n<p class=\"has-text-align-left\">&#x1f4cd; <strong>Lieu :<\/strong> Boston Manor Park, Londres, Royaume-Uni<br\/>&#x1f4b5; <strong>Prix :<\/strong> env. \u00a360 (env. 70 \u20ac) par jour<br\/>&#x1f3a7; <strong>Style :<\/strong> Techno, house (programmation pointue et underground)<br\/>&#x1f50a; <strong>Billetterie :<\/strong><a href=\"https:\/\/junction2.london\"> junction2.london<\/a> <\/p>\n\n<p>Ce festival londonien s\u2019est fait un nom en proposant une <strong>techno de qualit\u00e9 dans un cadre insolite<\/strong> sous l\u2019autoroute M4, symbole de la rencontre entre nature et urbanisme. \u00c9tendu d\u00e9sormais sur trois jours, Junction 2 attire une communaut\u00e9 de passionn\u00e9s pour qui la qualit\u00e9 du son prime sur le reste. Attendez-vous \u00e0 des sets l\u00e9ch\u00e9s de la part des figures majeures de la techno underground (la programmation 2025 inclut m\u00eame Deadmau5 en mode techno sous son alias Testpilot !). Dans une ambiance conviviale et intimiste (quelques <strong>dizaines de milliers<\/strong> de personnes maximum), on danse aussi bien en plein air dans les sous-bois qu\u2019au pied de structures industrielles. Un \u00e9quilibre parfait entre rave londonienne et garden-party \u00e9lectronique soign\u00e9e.<\/p>\n\n<p><\/p>\n\n<div class=\"wp-block-buttons is-content-justification-center is-layout-flex wp-container-core-buttons-is-layout-16018d1d wp-block-buttons-is-layout-flex\">\n<div class=\"wp-block-button\"><a class=\"wp-block-button__link wp-element-button\" href=\"https:\/\/junction2.london\" target=\"_blank\" rel=\"noreferrer noopener\">M\u00e1s informaci\u00f3n sobre el evento aqu\u00ed<\/a><\/div>\n<\/div>\n\n<div style=\"height:17px\" aria-hidden=\"true\" class=\"wp-block-spacer\"><\/div>\n\n<hr class=\"wp-block-separator has-alpha-channel-opacity\"\/>\n\n<h2 class=\"wp-block-heading has-text-align-center\"><span class=\"ez-toc-section\" id=\"Monegros_Desert_Festival_Espagne\"><\/span><strong>Monegros Desert Festival (Espagne)<\/strong><span class=\"ez-toc-section-end\"><\/span><\/h2>\n\n<figure class=\"wp-block-embed is-type-video is-provider-youtube wp-block-embed-youtube wp-embed-aspect-16-9 wp-has-aspect-ratio\"><div class=\"wp-block-embed__wrapper\">\n<iframe title=\"Monegros Desert Festival 2024 - Official Aftermovie\" width=\"1080\" height=\"608\" src=\"https:\/\/www.youtube.com\/embed\/BsVoyDvsOOg?feature=oembed\" frameborder=\"0\" allow=\"accelerometer; autoplay; clipboard-write; encrypted-media; gyroscope; picture-in-picture; web-share\" referrerpolicy=\"strict-origin-when-cross-origin\" allowfullscreen><\/iframe>\n<\/div><\/figure>\n\n<h4 class=\"wp-block-heading has-text-align-center\">&#x1f5d3;&#xfe0f; <strong>Date :<\/strong> 26 juillet 2025<\/h4>\n\n<p>&#x1f4cd; <strong>Lieu :<\/strong> D\u00e9sert de Monegros (Fraga), Espagne<br\/>&#x1f4b5; <strong>Prix :<\/strong> env. 100 \u20ac (billet unique pour 22h de festival)<br\/>&#x1f3a7; <strong>Style :<\/strong> Techno, house, minimal, D&amp;B (multi-sc\u00e8nes non-stop)<br\/>&#x1f50a; <strong>Billetterie :<\/strong><a href=\"https:\/\/monegrosfestival.com\"> monegrosfestival.com<\/a> <\/p>\n\n<p>Danser 22 heures d\u2019affil\u00e9e au milieu du d\u00e9sert d\u2019Aragon, \u00e7a vous tente ? Monegros est une exp\u00e9rience hors normes : une rave g\u00e9ante en plein d\u00e9sert, sous un soleil de plomb le jour et un ciel \u00e9toil\u00e9 la nuit. Le 26 juillet 2025, les f\u00eatards les plus t\u00e9m\u00e9raires envahiront ce no man\u2019s land pour un marathon \u00e9lectronique s\u2019\u00e9tendant sur <strong>13 sc\u00e8nes<\/strong> et r\u00e9unissant plus de <strong>150 artistes<\/strong> de la sc\u00e8ne techno, house, drum&amp;bass et m\u00eame hip-hop . Entre les dunes et les d\u00e9cors Mad Max (dont un v\u00e9ritable avion \u00e9cras\u00e9 servant de sc\u00e8ne l\u00e9gendaire), l\u2019ambiance est aussi sauvage qu\u2019exaltante. Ici, on vit une parenth\u00e8se hors du temps, port\u00e9e par des basses implacables et l\u2019\u00e9nergie brute de milliers de raveurs d\u00e9cha\u00een\u00e9s.<\/p>\n\n<p><\/p>\n\n<p><\/p>\n\n<div class=\"wp-block-buttons is-content-justification-center is-layout-flex wp-container-core-buttons-is-layout-16018d1d wp-block-buttons-is-layout-flex\">\n<div class=\"wp-block-button\"><a class=\"wp-block-button__link wp-element-button\" href=\"http:\/\/monegrosfestival.com\" target=\"_blank\" rel=\"noreferrer noopener\">M\u00e1s informaci\u00f3n sobre el evento aqu\u00ed<\/a><\/div>\n<\/div>\n\n<div style=\"height:17px\" aria-hidden=\"true\" class=\"wp-block-spacer\"><\/div>\n\n<hr class=\"wp-block-separator has-alpha-channel-opacity\"\/>\n\n<h2 class=\"wp-block-heading has-text-align-center\"><span class=\"ez-toc-section\" id=\"Dekmantel_Festival_Pays-Bas\"><\/span><strong>Dekmantel Festival (Pays-Bas)<\/strong><span class=\"ez-toc-section-end\"><\/span><\/h2>\n\n<figure class=\"wp-block-embed is-type-video is-provider-youtube wp-block-embed-youtube wp-embed-aspect-4-3 wp-has-aspect-ratio\"><div class=\"wp-block-embed__wrapper\">\n<iframe title=\"Lentekabinet 2024 aftermovie\" width=\"1080\" height=\"810\" src=\"https:\/\/www.youtube.com\/embed\/o_OqnCWJ1cs?feature=oembed\" frameborder=\"0\" allow=\"accelerometer; autoplay; clipboard-write; encrypted-media; gyroscope; picture-in-picture; web-share\" referrerpolicy=\"strict-origin-when-cross-origin\" allowfullscreen><\/iframe>\n<\/div><\/figure>\n\n<h4 class=\"wp-block-heading has-text-align-center\">&#x1f5d3;&#xfe0f; <strong>Date :<\/strong> 30 juillet \u2013 3 ao\u00fbt 2025<\/h4>\n\n<h4 class=\"wp-block-heading has-text-align-center\">Ubicaci\u00f3n: <strong>Boom, <\/strong>B\u00e9lgica<\/h4>\n\n<p>&#x1f5d3;&#xfe0f; <strong>Date :<\/strong> 30 juillet \u2013 3 ao\u00fbt 2025<br\/>&#x1f4cd; <strong>Lieu :<\/strong> Amsterdam (Amsterdamse Bos), Pays-Bas<br\/>&#x1f4b5; <strong>Prix :<\/strong> \u00b1 175 \u20ac (pass 3 jours), options camping en sus<br\/>&#x1f3a7; <strong>Style :<\/strong> Techno, house, \u00e9lectro (orientation underground\/innovante)<br\/>&#x1f50a; <strong>Billetterie :<\/strong><a href=\"https:\/\/dekmantelfestival.com\"> dekmantelfestival.com<\/a> <\/p>\n\n<p>Rendez-vous des connaisseurs, Dekmantel est synonyme d\u2019avant-garde et de qualit\u00e9 sonore irr\u00e9prochable. Durant cinq jours, Amsterdamse Bos se transforme en sanctuaire pour amateurs de techno, house et musiques \u00e9lectroniques exp\u00e9rimentales. La capacit\u00e9 volontairement limit\u00e9e (environ <strong>15 000 personnes par jour<\/strong> ) garantit une atmosph\u00e8re intimiste et un public ultra-respectueux du son. Chaque sc\u00e8ne, nich\u00e9e entre les arbres, offre une immersion totale : vous pourriez aussi bien vibrer sur un live ambient au coucher du soleil que perdre pied sur un set techno acid fracassant sous une tente obscure. Dekmantel, c\u2019est l\u2019\u00e9l\u00e9gance hollandaise alli\u00e9e \u00e0 l\u2019esprit rave \u2013 une exp\u00e9rience \u00e0 la fois pointue, conviviale et inoubliable pour les puristes.<\/p>\n\n<p><\/p>\n\n<div class=\"wp-block-buttons is-content-justification-center is-layout-flex wp-container-core-buttons-is-layout-16018d1d wp-block-buttons-is-layout-flex\">\n<div class=\"wp-block-button\"><a class=\"wp-block-button__link wp-element-button\" href=\"https:\/\/dekmantelfestival.com\" target=\"_blank\" rel=\"noreferrer noopener\">M\u00e1s informaci\u00f3n sobre el evento aqu\u00ed<\/a><\/div>\n<\/div>\n\n<div style=\"height:17px\" aria-hidden=\"true\" class=\"wp-block-spacer\"><\/div>\n\n<hr class=\"wp-block-separator has-alpha-channel-opacity\"\/>\n\n<h2 class=\"wp-block-heading has-text-align-center\"><span class=\"ez-toc-section\" id=\"Nature_One_Allemagne\"><\/span><strong>Nature One (Allemagne)<\/strong><span class=\"ez-toc-section-end\"><\/span><\/h2>\n\n<figure class=\"wp-block-embed is-type-video is-provider-youtube wp-block-embed-youtube wp-embed-aspect-16-9 wp-has-aspect-ratio\"><div class=\"wp-block-embed__wrapper\">\n<iframe title=\"NATURE ONE &quot;full of life&quot; 2024 - Official Aftermovie\" width=\"1080\" height=\"608\" src=\"https:\/\/www.youtube.com\/embed\/1XsFtQYvvvA?feature=oembed\" frameborder=\"0\" allow=\"accelerometer; autoplay; clipboard-write; encrypted-media; gyroscope; picture-in-picture; web-share\" referrerpolicy=\"strict-origin-when-cross-origin\" allowfullscreen><\/iframe>\n<\/div><\/figure>\n\n<h4 class=\"wp-block-heading has-text-align-center\">&#x1f5d3;&#xfe0f; <strong>Date :<\/strong> 31 juillet \u2013 3 ao\u00fbt 2025<\/h4>\n\n<p>&#x1f4cd; <strong>Lieu :<\/strong> Base militaire de Pydna, Kastellaun, Allemagne<br\/>&#x1f4b5; <strong>Prix :<\/strong> env. 119 \u20ac \u00e0 306 \u20ac <br\/>&#x1f3a7; <strong>Style :<\/strong> Techno, trance, hardstyle (grande vari\u00e9t\u00e9 de sc\u00e8nes)<br\/>&#x1f50a; <strong>Billetterie :<\/strong><a href=\"https:\/\/nature-one.de\"> nature-one.de<\/a> <\/p>\n\n<p>Au c\u0153ur d\u2019une ancienne base de missiles de l\u2019OTAN, Nature One d\u00e9ploie l\u2019un des plus grands open-air \u00e9lectro d\u2019Europe. Chaque ann\u00e9e, plus de <strong>65 000 teufeurs<\/strong> investissent la base Pydna pour un week-end explosif m\u00ealant techno, trance, acid et hardstyle . Plus de 20 sc\u00e8nes (dont certaines anim\u00e9es par des clubs ou labels mythiques) font vibrer bunkers et champs alentours toute la nuit. L\u2019ambiance campeur fait partie du folklore : une v\u00e9ritable petite ville de tentes et de sound-systems s\u2019installe autour du site, prolongeant la f\u00eate 24h\/24 dans une atmosph\u00e8re bon enfant. Show lasers grandioses, chars d\u2019assaut d\u00e9cor\u00e9s, feux d\u2019artifice \u00e0 l\u2019aube\u2026 Nature One est un concentr\u00e9 de ce que la culture rave allemande a de plus festif et d\u00e9mesur\u00e9.<\/p>\n\n<p><\/p>\n\n<div class=\"wp-block-buttons is-content-justification-center is-layout-flex wp-container-core-buttons-is-layout-16018d1d wp-block-buttons-is-layout-flex\">\n<div class=\"wp-block-button\"><a class=\"wp-block-button__link wp-element-button\" href=\"https:\/\/nature-one.de\" target=\"_blank\" rel=\"noreferrer noopener\">M\u00e1s informaci\u00f3n sobre el evento aqu\u00ed<\/a><\/div>\n<\/div>\n\n<div style=\"height:17px\" aria-hidden=\"true\" class=\"wp-block-spacer\"><\/div>\n\n<hr class=\"wp-block-separator has-alpha-channel-opacity\"\/>\n\n<p class=\"has-text-align-center\"><\/p>\n\n<h2 class=\"wp-block-heading has-text-align-center\"><span class=\"ez-toc-section\" id=\"Eskape_Festival_France\"><\/span><strong>Eskape Festival (France)<br\/><\/strong><span class=\"ez-toc-section-end\"><\/span><\/h2>\n\n<figure class=\"wp-block-embed is-type-video is-provider-youtube wp-block-embed-youtube wp-embed-aspect-16-9 wp-has-aspect-ratio\"><div class=\"wp-block-embed__wrapper\">\n<iframe title=\"ESKAPE FESTIVAL &quot;WEST DYNASTY&quot;  AFTERMOVIE 2024\" width=\"1080\" height=\"608\" src=\"https:\/\/www.youtube.com\/embed\/ZxB2_GutKiY?start=3&#038;feature=oembed\" frameborder=\"0\" allow=\"accelerometer; autoplay; clipboard-write; encrypted-media; gyroscope; picture-in-picture; web-share\" referrerpolicy=\"strict-origin-when-cross-origin\" allowfullscreen><\/iframe>\n<\/div><\/figure>\n\n<h3 class=\"wp-block-heading has-text-align-center\">&#x1f5d3;&#xfe0f; <strong>Date :<\/strong> 1 au 3 Ao\u00fbt 2025<\/h3>\n\n<p><br\/>&#x1f4cd; <strong>Lieu :<\/strong> Sainte-Marie-de-Gosse, France<br\/>&#x1f4b5; <strong>Prix :<\/strong> env. 60-90 \u20ac (pass 3 jours)<br\/>&#x1f3b7; <strong>Style :<\/strong> Techno, indus, hardtechno<br\/>&#x1f50a; <strong>Billetterie :<\/strong> <a href=\"https:\/\/www.eskapefestival.com\/\">eskapefestival.com<\/a><\/p>\n\n<p>Jeune festival fran\u00e7ais \u00e0 l\u2019ADN 100 % techno\/hard music, Eskape s\u2019impose rapidement comme une r\u00e9f\u00e9rence pour les amateurs de BPM \u00e9lev\u00e9s. En pleine nature, dans une ambiance underground et DIY, il propose plusieurs sc\u00e8nes et une programmation allant de la techno mentale \u00e0 la hardtechno. Ce festival \u00e0 taille humaine attire une communaut\u00e9 fid\u00e8le en qu\u00eate d\u2019authenticit\u00e9 et de puissance sonore.<\/p>\n\n<p><\/p>\n\n<div class=\"wp-block-buttons is-content-justification-center is-layout-flex wp-container-core-buttons-is-layout-16018d1d wp-block-buttons-is-layout-flex\">\n<div class=\"wp-block-button\"><a class=\"wp-block-button__link wp-element-button\" href=\"https:\/\/www.eskapefestival.com\/\" target=\"_blank\" rel=\"noreferrer noopener\">M\u00e1s informaci\u00f3n sobre el evento aqu\u00ed<\/a><\/div>\n<\/div>\n\n<div style=\"height:17px\" aria-hidden=\"true\" class=\"wp-block-spacer\"><\/div>\n\n<hr class=\"wp-block-separator has-alpha-channel-opacity\"\/>\n\n<p><\/p>\n\n<h2 class=\"wp-block-heading has-text-align-center\"><span class=\"ez-toc-section\" id=\"Untold_Festival_Roumanie\"><\/span><strong>Untold Festival (Roumanie)<\/strong><span class=\"ez-toc-section-end\"><\/span><\/h2>\n\n<figure class=\"wp-block-embed is-type-video is-provider-youtube wp-block-embed-youtube wp-embed-aspect-16-9 wp-has-aspect-ratio\"><div class=\"wp-block-embed__wrapper\">\n<iframe title=\"UNTOLD Festival 2024 | Official Aftermovie\" width=\"1080\" height=\"608\" src=\"https:\/\/www.youtube.com\/embed\/__RQiydhS84?feature=oembed\" frameborder=\"0\" allow=\"accelerometer; autoplay; clipboard-write; encrypted-media; gyroscope; picture-in-picture; web-share\" referrerpolicy=\"strict-origin-when-cross-origin\" allowfullscreen><\/iframe>\n<\/div><\/figure>\n\n<h4 class=\"wp-block-heading has-text-align-center\">&#x1f5d3;&#xfe0f; <strong>Date :<\/strong> 7-10 ao\u00fbt 2025<\/h4>\n\n<p>&#x1f4cd; <strong>Lieu :<\/strong> Cluj-Napoca, Roumanie<br\/>&#x1f4b5; <strong>Prix :<\/strong> \u00e0 partir de ~\u20ac120 (pass 4 jours Early Bird)<br\/>&#x1f3a7; <strong>Style :<\/strong> EDM, pop, trance (Mainstage) + forte composante techno (sc\u00e8ne Galaxy)<br\/>&#x1f50a; <strong>Billetterie :<\/strong><a href=\"https:\/\/untold.com\"> untold.com<\/a> <\/p>\n\n<p>En une d\u00e9cennie, Untold est devenu un mastodonte de la f\u00eate europ\u00e9enne, au point d\u2019\u00eatre compar\u00e9 \u00e0 Tomorrowland. Install\u00e9 dans le vaste complexe sportif de Cluj, il attire pr\u00e8s de <strong>400 000 festivaliers<\/strong> pour sa 10\u00e8me \u00e9dition anniversaire . Mainstage EDM avec shows dignes d\u2019une c\u00e9r\u00e9monie olympique, grande roue illumin\u00e9e surplombant la foule, et surtout l\u2019imposante sc\u00e8ne <strong>Galaxy<\/strong> nich\u00e9e dans une ar\u00e8ne couverte, enti\u00e8rement d\u00e9di\u00e9e \u00e0 la techno underground (avec Charlotte de Witte, Amelie Lens, Paul Kalkbrenner et autres en t\u00eate d\u2019affiche). L\u2019ambiance est \u00e0 la fois d\u00e9mesur\u00e9e et chaleureuse \u2013 les Roumains sont connus pour leur accueil \u2013 et la f\u00eate se propage dans toute la ville avec des afters jusqu\u2019au lever du jour. Untold porte bien son nom : une exp\u00e9rience dont on ressort avec des histoires plein la t\u00eate.<\/p>\n\n<p><\/p>\n\n<div class=\"wp-block-buttons is-content-justification-center is-layout-flex wp-container-core-buttons-is-layout-16018d1d wp-block-buttons-is-layout-flex\">\n<div class=\"wp-block-button\"><a class=\"wp-block-button__link wp-element-button\" href=\"http:\/\/untold.com\" target=\"_blank\" rel=\"noreferrer noopener\">M\u00e1s informaci\u00f3n sobre el evento aqu\u00ed<\/a><\/div>\n<\/div>\n\n<div style=\"height:17px\" aria-hidden=\"true\" class=\"wp-block-spacer\"><\/div>\n\n<hr class=\"wp-block-separator has-alpha-channel-opacity\"\/>\n\n<h2 class=\"wp-block-heading has-text-align-center\"><span class=\"ez-toc-section\" id=\"Neopop_Festival_Portugal\"><\/span><strong>Neopop Festival (Portugal)<\/strong><span class=\"ez-toc-section-end\"><\/span><\/h2>\n\n<figure class=\"wp-block-embed is-type-video is-provider-youtube wp-block-embed-youtube wp-embed-aspect-16-9 wp-has-aspect-ratio\"><div class=\"wp-block-embed__wrapper\">\n<iframe title=\"NEOPOP Festival 2024 _ Official Aftermovie\" width=\"1080\" height=\"608\" src=\"https:\/\/www.youtube.com\/embed\/HQenjUbwGQc?feature=oembed\" frameborder=\"0\" allow=\"accelerometer; autoplay; clipboard-write; encrypted-media; gyroscope; picture-in-picture; web-share\" referrerpolicy=\"strict-origin-when-cross-origin\" allowfullscreen><\/iframe>\n<\/div><\/figure>\n\n<h4 class=\"wp-block-heading has-text-align-center\">&#x1f5d3;&#xfe0f; <strong>Date :<\/strong> 7-9 ao\u00fbt 2025<\/h4>\n\n<p>&#x1f4cd; <strong>Lieu :<\/strong> Viana do Castelo, Portugal<br\/>&#x1f4b5; <strong>Prix :<\/strong> \u00b1 90 \u20ac (pass 3 jours Early Bird)<br\/>&#x1f3a7; <strong>Style :<\/strong> Techno (pure et dure, orientation underground)<br\/>&#x1f50a; <strong>Billetterie :<\/strong><a href=\"https:\/\/neopopfestival.com\"> neopopfestival.com<\/a><\/p>\n\n<p>Au bord de l\u2019Atlantique, dans la citadelle de Viana do Castelo, Neopop est le rendez-vous incontournable de la techno au Portugal. Durant trois nuits d\u2019ao\u00fbt, ce festival rassemble la fine fleur de la techno mondiale ainsi qu\u2019une nouvelle garde d\u2019artistes \u00e9mergents, pour des sets souvent m\u00e9morables face \u00e0 l\u2019oc\u00e9an. L\u2019ambiance y est \u00e0 la fois bon enfant (esprit chaleureux portugais oblige) et ultra-festive, port\u00e9e par un public connaisseur. Sc\u00e8nes perch\u00e9es sur les remparts, after-parties improvis\u00e9es en bord de plage et soundsystem d\u2019une clart\u00e9 redoutable d\u00e9finissent l\u2019exp\u00e9rience Neopop. On compte <strong>plusieurs milliers<\/strong> de participants chaque soir, ce qui permet de profiter des shows dans une atmosph\u00e8re conviviale sans jamais se sentir \u00e0 l\u2019\u00e9troit sous les \u00e9toiles atlantiques.<\/p>\n\n<p><\/p>\n\n<div class=\"wp-block-buttons is-content-justification-center is-layout-flex wp-container-core-buttons-is-layout-16018d1d wp-block-buttons-is-layout-flex\">\n<div class=\"wp-block-button\"><a class=\"wp-block-button__link wp-element-button\" href=\"https:\/\/neopopfestival.com\" target=\"_blank\" rel=\"noreferrer noopener\">M\u00e1s informaci\u00f3n sobre el evento aqu\u00ed<\/a><\/div>\n<\/div>\n\n<div style=\"height:17px\" aria-hidden=\"true\" class=\"wp-block-spacer\"><\/div>\n\n<hr class=\"wp-block-separator has-alpha-channel-opacity\"\/>\n\n<h2 class=\"wp-block-heading has-text-align-center\"><span class=\"ez-toc-section\" id=\"Street_Parade_Suisse\"><\/span><strong>Street Parade (Suisse)<\/strong><span class=\"ez-toc-section-end\"><\/span><\/h2>\n\n<figure class=\"wp-block-embed is-type-video is-provider-youtube wp-block-embed-youtube wp-embed-aspect-16-9 wp-has-aspect-ratio\"><div class=\"wp-block-embed__wrapper\">\n<iframe title=\"Street Parade Official Aftermovie 2024\" width=\"1080\" height=\"608\" src=\"https:\/\/www.youtube.com\/embed\/k_7pIQqcWKs?feature=oembed\" frameborder=\"0\" allow=\"accelerometer; autoplay; clipboard-write; encrypted-media; gyroscope; picture-in-picture; web-share\" referrerpolicy=\"strict-origin-when-cross-origin\" allowfullscreen><\/iframe>\n<\/div><\/figure>\n\n<h4 class=\"wp-block-heading has-text-align-center\">&#x1f5d3;&#xfe0f; <strong>Date :<\/strong> 9 ao\u00fbt 2025<\/h4>\n\n<p>&#x1f4cd; <strong>Lieu :<\/strong> Z\u00fcrich, Suisse (parcours autour du lac)<\/p>\n\n<p>&#x1f4b5; <strong>Prix :<\/strong> Gratuit (\u00e9v\u00e9nement public)<br\/>&#x1f3a7; <strong>Style :<\/strong> Techno, trance, house (sur des chars et sc\u00e8nes ext\u00e9rieures)<br\/>&#x1f50a; <strong>Billetterie :<\/strong> N\/A (entr\u00e9e libre \u2013 infos sur<a href=\"https:\/\/streetparade.com\"> streetparade.com<\/a>)<\/p>\n\n<p>Le plus grand rassemblement techno du monde transforme chaque \u00e9t\u00e9 Zurich en dancefloor g\u00e9ant \u00e0 ciel ouvert. Pendant une journ\u00e9e, <strong>pr\u00e8s d\u2019un million de ravers<\/strong> envahissent les rues et les quais de la ville derri\u00e8re une trentaine de <strong>Love Mobiles<\/strong> (chars sonoris\u00e9s) crachant techno, trance et house . La ville vibre au rythme des basses d\u00e8s midi et jusqu\u2019\u00e0 minuit, dans une euphorie collective incomparable. Costumes extravagants, sourires, drapeaux de partout \u2013 l\u2019ambiance est incroyablement bienveillante et festive. Et une fois la parade termin\u00e9e, la f\u00eate continue toute la nuit dans d\u2019innombrables after-parties en clubs. Street Parade, c\u2019est l\u2019h\u00e9riti\u00e8re de la Love Parade de Berlin : un manifeste g\u00e9ant d\u2019amour de la musique, gratuit et ouvert \u00e0 tous, au c\u0153ur d\u2019une cit\u00e9 en liesse.<\/p>\n\n<p><\/p>\n\n<div class=\"wp-block-buttons is-content-justification-center is-layout-flex wp-container-core-buttons-is-layout-16018d1d wp-block-buttons-is-layout-flex\">\n<div class=\"wp-block-button\"><a class=\"wp-block-button__link wp-element-button\" href=\"http:\/\/streetparade.com\" target=\"_blank\" rel=\"noreferrer noopener\">M\u00e1s informaci\u00f3n sobre el evento aqu\u00ed<\/a><\/div>\n<\/div>\n\n<div style=\"height:17px\" aria-hidden=\"true\" class=\"wp-block-spacer\"><\/div>\n\n<hr class=\"wp-block-separator has-alpha-channel-opacity\"\/>\n\n<h2 class=\"wp-block-heading has-text-align-center\"><span class=\"ez-toc-section\" id=\"Loveland_Festival_Pays-Bas\"><\/span><strong>Loveland Festival (Pays-Bas)<\/strong><span class=\"ez-toc-section-end\"><\/span><\/h2>\n\n<figure class=\"wp-block-embed is-type-video is-provider-youtube wp-block-embed-youtube wp-embed-aspect-16-9 wp-has-aspect-ratio\"><div class=\"wp-block-embed__wrapper\">\n<iframe title=\"THIS WAS LOVELAND FESTIVAL 2024 \u2022 AMSTERDAM\" width=\"1080\" height=\"608\" src=\"https:\/\/www.youtube.com\/embed\/FGIn0nt05vc?feature=oembed\" frameborder=\"0\" allow=\"accelerometer; autoplay; clipboard-write; encrypted-media; gyroscope; picture-in-picture; web-share\" referrerpolicy=\"strict-origin-when-cross-origin\" allowfullscreen><\/iframe>\n<\/div><\/figure>\n\n<h4 class=\"wp-block-heading has-text-align-center\">&#x1f5d3;&#xfe0f; <strong>Date :<\/strong> 9-10 ao\u00fbt 2025<\/h4>\n\n<p>&#x1f4cd; <strong>Lieu :<\/strong> Amsterdam (Sloterpark), Pays-Bas<br\/>&#x1f4b5; <strong>Prix :<\/strong> env. 60 \u20ac (1 jour) \/ 110 \u20ac (week-end)<br\/>&#x1f3a7; <strong>Style :<\/strong> House &amp; techno (open air estival)<br\/>&#x1f50a; <strong>Billetterie :<\/strong><a href=\"https:\/\/loveland.nl\"> loveland.nl<\/a> <\/p>\n\n<p>Institution de la sc\u00e8ne n\u00e9erlandaise, Loveland f\u00eatera ses 30 ans en 2025 dans le magnifique parc de Sloterplas \u00e0 Amsterdam . Ce festival est un hymne \u00e0 la <strong>f\u00eate conviviale et interg\u00e9n\u00e9rationnelle<\/strong> : on y vient entre amis profiter d\u2019un \u00e9t\u00e9 en musique, au bord de l\u2019eau, sur des sonorit\u00e9s house ensoleill\u00e9es l\u2019apr\u00e8s-midi puis techno \u00e9nergique la nuit tomb\u00e9e. Les organisateurs mettent un point d\u2019honneur \u00e0 cr\u00e9er une exp\u00e9rience confortable et chaleureuse (espaces chill, d\u00e9co soign\u00e9e, food trucks vari\u00e9s) pour les <strong>dizaines de milliers<\/strong> de festivaliers attendus. En 2025, attendez-vous \u00e0 une programmation r\u00e9unissant les pionniers qui ont fait l\u2019histoire du festival aux c\u00f4t\u00e9s des stars actuelles \u2013 un v\u00e9ritable anniversaire de la sc\u00e8ne \u00e9lectronique hollandaise dans une ambiance feel-good garantie.<\/p>\n\n<p><\/p>\n\n<div class=\"wp-block-buttons is-content-justification-center is-layout-flex wp-container-core-buttons-is-layout-16018d1d wp-block-buttons-is-layout-flex\">\n<div class=\"wp-block-button\"><a class=\"wp-block-button__link wp-element-button\" href=\"https:\/\/www.loveland.nl\" target=\"_blank\" rel=\"noreferrer noopener\">M\u00e1s informaci\u00f3n sobre el evento aqu\u00ed<\/a><\/div>\n<\/div>\n\n<div style=\"height:17px\" aria-hidden=\"true\" class=\"wp-block-spacer\"><\/div>\n\n<hr class=\"wp-block-separator has-alpha-channel-opacity\"\/>\n\n<h2 class=\"wp-block-heading has-text-align-center\"><span class=\"ez-toc-section\" id=\"Sonus_Festival\"><\/span><strong><strong>Sonus Festival<\/strong><\/strong><span class=\"ez-toc-section-end\"><\/span><\/h2>\n\n<figure class=\"wp-block-embed is-type-video is-provider-youtube wp-block-embed-youtube wp-embed-aspect-16-9 wp-has-aspect-ratio\"><div class=\"wp-block-embed__wrapper\">\n<iframe title=\"Sonus Festival 2024 Official Aftermovie\" width=\"1080\" height=\"608\" src=\"https:\/\/www.youtube.com\/embed\/w-jOO4SIQ28?feature=oembed\" frameborder=\"0\" allow=\"accelerometer; autoplay; clipboard-write; encrypted-media; gyroscope; picture-in-picture; web-share\" referrerpolicy=\"strict-origin-when-cross-origin\" allowfullscreen><\/iframe>\n<\/div><\/figure>\n\n<h3 class=\"wp-block-heading has-text-align-center\">&#x1f5d3;&#xfe0f; <strong>Date :<\/strong> 17-21 ao\u00fbt 2025<\/h3>\n\n<p>&#x1f4cd; <strong>Lieu :<\/strong> Plage de Zr\u0107e (\u00eele de Pag), Croatie<br\/>&#x1f4b5; <strong>Prix :<\/strong> 249 \u20ac (pass 5 jours)<br\/>&#x1f3a7; <strong>Style :<\/strong> Techno, tech-hous<br\/>&#x1f50a; <strong>Billetterie :<\/strong><a href=\"https:\/\/sonus-festival.com\"> sonus-festival.com<\/a><\/p>\n\n<p>Imaginez cinq jours et cinq nuits de teuf non-stop sur une \u00eele paradisiaque : c\u2019est le pari du Sonus, temple europ\u00e9en de la techno <strong>les pieds dans l\u2019eau<\/strong>. Sur la plage de Zr\u0107e \u00e0 Novalja, ce festival offre chaque jour pool-parties et beach-parties ensoleill\u00e9es, puis des soir\u00e9es et afters dans les open-air clubs l\u00e9gendaires du coin (Papaya, Aquarius\u2026). La programmation aligne la cr\u00e8me de la techno\/house mondiale (de Adam Beyer \u00e0 Amelie Lens en passant par les h\u00e9ros du <strong>son \u201cminimal\u201d roumain<\/strong> qui jouent jusqu\u2019\u00e0 midi). L\u2019ambiance est \u00e0 la f\u00eate baln\u00e9aire d\u00e9complex\u00e9e : tenues de plage le jour, t-shirts noirs la nuit, et une communaut\u00e9 internationale d\u2019aficionados qui revient ann\u00e9e apr\u00e8s ann\u00e9e. Avec environ <strong>10 000 festivaliers<\/strong> dans un cadre aussi idyllique, Sonus r\u00e9ussit l\u2019alliance du <strong>club holiday<\/strong> et du rave trip.<\/p>\n\n<p><\/p>\n\n<div class=\"wp-block-buttons is-content-justification-center is-layout-flex wp-container-core-buttons-is-layout-16018d1d wp-block-buttons-is-layout-flex\">\n<div class=\"wp-block-button\"><a class=\"wp-block-button__link wp-element-button\" href=\"https:\/\/www.sonuscroatia.com\/\" target=\"_blank\" rel=\"noreferrer noopener\">M\u00e1s informaci\u00f3n sobre el evento aqu\u00ed<\/a><\/div>\n<\/div>\n\n<div style=\"height:17px\" aria-hidden=\"true\" class=\"wp-block-spacer\"><\/div>\n\n<hr class=\"wp-block-separator has-alpha-channel-opacity\"\/>\n\n<h2 class=\"wp-block-heading has-text-align-center\"><span class=\"ez-toc-section\" id=\"Creamfields_Angleterre\"><\/span><strong>Creamfields (Angleterre)<\/strong><span class=\"ez-toc-section-end\"><\/span><\/h2>\n\n<figure class=\"wp-block-embed is-type-video is-provider-youtube wp-block-embed-youtube wp-embed-aspect-16-9 wp-has-aspect-ratio\"><div class=\"wp-block-embed__wrapper\">\n<iframe title=\"Creamfields 2024 | Aftermovie\" width=\"1080\" height=\"608\" src=\"https:\/\/www.youtube.com\/embed\/mcb8cqIdUBk?feature=oembed\" frameborder=\"0\" allow=\"accelerometer; autoplay; clipboard-write; encrypted-media; gyroscope; picture-in-picture; web-share\" referrerpolicy=\"strict-origin-when-cross-origin\" allowfullscreen><\/iframe>\n<\/div><\/figure>\n\n<h3 class=\"wp-block-heading has-text-align-center\">&#x1f5d3;&#xfe0f; <strong>Date :<\/strong> 21-24 ao\u00fbt 2025<\/h3>\n\n<p>&#x1f4cd; <strong>Lieu :<\/strong> Daresbury (Cheshire), Angleterre<br\/>&#x1f4b5; <strong>Prix :<\/strong> env. \u00a3250 (\u2248290 \u20ac) le pass 4 jours camping<br\/>&#x1f3a7; <strong>Style :<\/strong> EDM, techno, house, trance (plusieurs sc\u00e8nes sp\u00e9cialis\u00e9es)<br\/>&#x1f50a; <strong>Billetterie :<\/strong><a href=\"https:\/\/creamfields.com\"> creamfields.com<\/a> <\/p>\n\n<p>V\u00e9ritable monstre sacr\u00e9 des festivals UK, Creamfields transforme chaque ann\u00e9e la campagne de Daresbury en capitale mondiale de la dance. Sur 4 jours (bank holiday d\u2019ao\u00fbt), plus de <strong>70 000 fans<\/strong> par jour affluent pour un marathon \u00e9lectro couvrant tous les styles \u2013 de la house \u00e0 la techno en passant par la drum &amp; bass. Des m\u00e9ga-sc\u00e8nes sous chapiteau (avec des productions visuelles rivalisant de lasers et LED) accueillent les plus gros noms du circuit EDM, tandis que des ar\u00e8nes plus intimistes sont consacr\u00e9es \u00e0 la techno underground ou \u00e0 la techno oldschool. L\u2019ambiance britannique est au rendez-vous : camping boueux mais f\u00eatard, drapeaux anglais flottant au son des drops, et une foule d\u00e9cha\u00een\u00e9e d\u00e8s l\u2019apr\u00e8s-midi. Si vous cherchez l\u2019exp\u00e9rience festival XXL \u00e0 l\u2019anglaise, Creamfields est un passage oblig\u00e9, mythique pour ses <strong>closing sets<\/strong> dantesques le dimanche soir.<\/p>\n\n<div class=\"wp-block-buttons is-content-justification-center is-layout-flex wp-container-core-buttons-is-layout-16018d1d wp-block-buttons-is-layout-flex\">\n<div class=\"wp-block-button\"><a class=\"wp-block-button__link wp-element-button\" href=\"https:\/\/creamfields.com\/\" target=\"_blank\" rel=\"noreferrer noopener\">M\u00e1s informaci\u00f3n sobre el evento aqu\u00ed<\/a><\/div>\n<\/div>\n\n<div style=\"height:17px\" aria-hidden=\"true\" class=\"wp-block-spacer\"><\/div>\n\n<hr class=\"wp-block-separator has-alpha-channel-opacity\"\/>\n\n<h2 class=\"wp-block-heading has-text-align-center\"><span class=\"ez-toc-section\" id=\"Mysteryland_Pays-Bas\"><\/span><strong>Mysteryland (Pays-Bas)<\/strong><span class=\"ez-toc-section-end\"><\/span><\/h2>\n\n<figure class=\"wp-block-embed is-type-video is-provider-youtube wp-block-embed-youtube wp-embed-aspect-16-9 wp-has-aspect-ratio\"><div class=\"wp-block-embed__wrapper\">\n<iframe title=\"Mysteryland 2024 | RECAP DAY 3\" width=\"1080\" height=\"608\" src=\"https:\/\/www.youtube.com\/embed\/AvDyLnvsjZ4?start=6&#038;feature=oembed\" frameborder=\"0\" allow=\"accelerometer; autoplay; clipboard-write; encrypted-media; gyroscope; picture-in-picture; web-share\" referrerpolicy=\"strict-origin-when-cross-origin\" allowfullscreen><\/iframe>\n<\/div><\/figure>\n\n<h3 class=\"wp-block-heading has-text-align-center\">&#x1f5d3;&#xfe0f; <strong>Date :<\/strong> 22-24 ao\u00fbt 2025<\/h3>\n\n<p>&#x1f4cd; <strong>Lieu :<\/strong> Haarlemmermeer (pr\u00e8s d\u2019Amsterdam), Pays-Bas<br\/>&#x1f4b5; <strong>Prix :<\/strong> \u00e0 partir de 82,95 \u20ac (pass week-end)<br\/>&#x1f3a7; <strong>Style :<\/strong> \u00c9lectro multi-genres (EDM, techno, hardstyle, trance\u2026)<br\/>&#x1f50a; <strong>Billetterie :<\/strong><a href=\"https:\/\/mysteryland.nl\"> mysteryland.nl<\/a> <\/p>\n\n<p>\u00c9tabli en 1993, Mysteryland est le plus ancien festival dance au monde et n\u2019a rien perdu de sa superbe. Chaque \u00e9t\u00e9 \u00e0 Haarlemmermeer, ce festival aux allures de kermesse \u00e9lectronique d\u00e9ploie un univers haut en couleur avec ses sc\u00e8nes d\u00e9cor\u00e9es de fa\u00e7on imaginaire (dragons, moulins psych\u00e9d\u00e9liques\u2026) et ses petites surprises diss\u00e9min\u00e9es sur le terrain (performeurs, art conceptuel, feux d\u2019artifice). C\u00f4t\u00e9 musique, la vari\u00e9t\u00e9 est reine : plus de <strong>300 artistes<\/strong> sur deux jours, du gros son hardstyle \u00e0 la techno m\u00e9lodique en passant par la psytrance et la house groovy . Le tout attire une foule de <strong>plus de 100 000 festivaliers<\/strong> enthousiastes, pr\u00eate \u00e0 d\u00e9couvrir de nouveaux sons tout en profitant d\u2019une ambiance de <strong>f\u00eate foraine \u00e9lectro<\/strong>. Mysteryland, c\u2019est un peu le condens\u00e9 de la culture festivali\u00e8re n\u00e9erlandaise : cr\u00e9atif, inclusif et follement festif.<\/p>\n\n<p><\/p>\n\n<div class=\"wp-block-buttons is-content-justification-center is-layout-flex wp-container-core-buttons-is-layout-16018d1d wp-block-buttons-is-layout-flex\">\n<div class=\"wp-block-button\"><a class=\"wp-block-button__link wp-element-button\" href=\"http:\/\/mysteryland.nl\" target=\"_blank\" rel=\"noreferrer noopener\">M\u00e1s informaci\u00f3n sobre el evento aqu\u00ed<\/a><\/div>\n<\/div>\n\n<div style=\"height:17px\" aria-hidden=\"true\" class=\"wp-block-spacer\"><\/div>\n\n<hr class=\"wp-block-separator has-alpha-channel-opacity\"\/>\n\n<h2 class=\"wp-block-heading has-text-align-center\"><span class=\"ez-toc-section\" id=\"Sunwaves_Roumanie\"><\/span><strong>Sunwaves (Roumanie)<\/strong><span class=\"ez-toc-section-end\"><\/span><\/h2>\n\n<figure class=\"wp-block-embed is-type-video is-provider-youtube wp-block-embed-youtube wp-embed-aspect-16-9 wp-has-aspect-ratio\"><div class=\"wp-block-embed__wrapper\">\n<iframe title=\"Aftermovie SW30 | SUNWAVES Spring Edition Highlights\" width=\"1080\" height=\"608\" src=\"https:\/\/www.youtube.com\/embed\/PnE60k5e8ag?feature=oembed\" frameborder=\"0\" allow=\"accelerometer; autoplay; clipboard-write; encrypted-media; gyroscope; picture-in-picture; web-share\" referrerpolicy=\"strict-origin-when-cross-origin\" allowfullscreen><\/iframe>\n<\/div><\/figure>\n\n<h3 class=\"wp-block-heading has-text-align-center\">&#x1f5d3;&#xfe0f; <strong>Date :<\/strong> 4-8 septembre 2025<br\/><\/h3>\n\n<p>&#x1f4cd; <strong>Lieu :<\/strong> Mamaia Nord, Roumanie<br\/>&#x1f4b5; <strong>Prix :<\/strong> env. 299 RON (\u2243 60 \u20ac) le pass complet<br\/>&#x1f3a7; <strong>Style :<\/strong> Micro-house, techno minimale (marathons DJ sets)<br\/>&#x1f50a; <strong>Billetterie :<\/strong><a href=\"https:\/\/sunwaves-fest.ro\"> sunwaves-fest.ro<\/a> <\/p>\n\n<p>L\u00e9gendaire parmi les inconditionnels de techno minimale, Sunwaves est plus qu\u2019un festival : c\u2019est un <strong>rite de passage<\/strong>. Deux fois par an sur la c\u00f4te roumaine, \u00e0 Mamaia, Sunwaves propose des marathons musicaux ininterrompus o\u00f9 les plus grands DJs de la sc\u00e8ne \u00ab rouminimal \u00bb (Petre Inspirescu, Raresh, Rhadoo\u2026) encha\u00eenent des sets pouvant durer 8 heures ou plus, de jour comme de nuit . L\u2019\u00e9dition #SW36 se tiendra d\u00e9but septembre 2025 avec 5 jours et nuits de f\u00eate sur la plage, dans un d\u00e9cor m\u00ealant tentes ouvertes sur la mer et afters au lever du soleil les pieds dans le sable. L\u2019ambiance est intimiste et hypnotique \u2013 quelques <strong>milliers<\/strong> de danseurs profond\u00e9ment connect\u00e9s \u00e0 la musique, savourant chaque kick et chaque clap dans un \u00e9tat de transe bienheureuse. Sunwaves, c\u2019est l\u2019endroit o\u00f9 le temps dispara\u00eet, aval\u00e9 par un groove sans fin face aux vagues de la Mer Noire.<\/p>\n\n<p><\/p>\n\n<div class=\"wp-block-buttons is-content-justification-center is-layout-flex wp-container-core-buttons-is-layout-16018d1d wp-block-buttons-is-layout-flex\">\n<div class=\"wp-block-button\"><a class=\"wp-block-button__link wp-element-button\" href=\"https:\/\/sunwaves-fest.ro\/\" target=\"_blank\" rel=\"noreferrer noopener\">M\u00e1s informaci\u00f3n sobre el evento aqu\u00ed<\/a><\/div>\n<\/div>\n\n<div style=\"height:17px\" aria-hidden=\"true\" class=\"wp-block-spacer\"><\/div>\n\n<hr class=\"wp-block-separator has-alpha-channel-opacity\"\/>\n\n<p class=\"has-text-align-center\"><\/p>\n\n<h2 class=\"wp-block-heading has-text-align-center\"><span class=\"ez-toc-section\" id=\"Draaimolen_Festival_Pays-Bas\"><\/span><strong>Draaimolen Festival (Pays-Bas)<\/strong><span class=\"ez-toc-section-end\"><\/span><\/h2>\n\n<figure class=\"wp-block-embed is-type-video is-provider-youtube wp-block-embed-youtube wp-embed-aspect-4-3 wp-has-aspect-ratio\"><div class=\"wp-block-embed__wrapper\">\n<iframe title=\"Draaimolen Festival 2025\" width=\"1080\" height=\"810\" src=\"https:\/\/www.youtube.com\/embed\/lWaIGQIugOQ?feature=oembed\" frameborder=\"0\" allow=\"accelerometer; autoplay; clipboard-write; encrypted-media; gyroscope; picture-in-picture; web-share\" referrerpolicy=\"strict-origin-when-cross-origin\" allowfullscreen><\/iframe>\n<\/div><\/figure>\n\n<h3 class=\"wp-block-heading has-text-align-center\">&#x1f5d3;&#xfe0f; <strong>Date :<\/strong> 5-6 septembre 2025<\/h3>\n\n<p>&#x1f4cd; <strong>Lieu :<\/strong> Tilburg, Pays-Bas<br\/>&#x1f4b5; <strong>Prix :<\/strong> 82,90 \u20ac (pass 2 jours)<br\/>&#x1f3a7; <strong>Style :<\/strong> Techno et musiques \u00e9lectroniques avant-gardistes<br\/>&#x1f50a; <strong>Billetterie :<\/strong><a href=\"https:\/\/draaimolen.nu\"> draaimolen.nu<\/a> <\/p>\n\n<p>Organis\u00e9 dans une for\u00eat verdoyante aux abords de Tilburg, Draaimolen cultive une atmosph\u00e8re intimiste et avant-gardiste qui le distingue sur la sc\u00e8ne europ\u00e9enne. Ce jeune festival ind\u00e9pendant, \u00e0 but non lucratif, propose six sc\u00e8nes aux esth\u00e9tiques soign\u00e9es, int\u00e9gr\u00e9es dans la nature, o\u00f9 se produisent aussi bien des figures montantes que des artistes confirm\u00e9s de la techno, de l\u2019EBM ou de l\u2019electronica exp\u00e9rimental. L\u2019\u00e9dition 2025 promet encore de repousser les limites : installations artistiques au milieu des bois, sc\u00e9nographie immersive et collaborations exclusives sont au programme . Avec une affluence raisonnable (quelques <strong>milliers de festivaliers<\/strong>), on circule librement entre les sc\u00e8nes et on profite d\u2019un son de grande qualit\u00e9. Draaimolen, c\u2019est un peu la p\u00e9pite underground des Pays-Bas \u2013 un festival \u00e0 taille humaine qui mise sur la cr\u00e9ativit\u00e9 et l\u2019amour de la musique avant tout.<\/p>\n\n<p><\/p>\n\n<div class=\"wp-block-buttons is-content-justification-center is-layout-flex wp-container-core-buttons-is-layout-16018d1d wp-block-buttons-is-layout-flex\">\n<div class=\"wp-block-button\"><a class=\"wp-block-button__link wp-element-button\" href=\"https:\/\/www.draaimolen.nu\/#1\" target=\"_blank\" rel=\"noreferrer noopener\">M\u00e1s informaci\u00f3n sobre el evento aqu\u00ed<\/a><\/div>\n<\/div>\n\n<div style=\"height:17px\" aria-hidden=\"true\" class=\"wp-block-spacer\"><\/div>\n\n<hr class=\"wp-block-separator has-alpha-channel-opacity\"\/>\n\n<p class=\"has-text-align-center\"><\/p>\n\n<h2 class=\"wp-block-heading has-text-align-center\"><span class=\"ez-toc-section\" id=\"Dream_Nation_France\"><\/span><strong>Dream Nation (France)<br\/><\/strong><span class=\"ez-toc-section-end\"><\/span><\/h2>\n\n<figure class=\"wp-block-embed is-type-video is-provider-youtube wp-block-embed-youtube wp-embed-aspect-16-9 wp-has-aspect-ratio\"><div class=\"wp-block-embed__wrapper\">\n<iframe title=\"DREAM NATION 2024 - OFFICIAL AFTERMOVIE\" width=\"1080\" height=\"608\" src=\"https:\/\/www.youtube.com\/embed\/Thxs-DMhdHA?feature=oembed\" frameborder=\"0\" allow=\"accelerometer; autoplay; clipboard-write; encrypted-media; gyroscope; picture-in-picture; web-share\" referrerpolicy=\"strict-origin-when-cross-origin\" allowfullscreen><\/iframe>\n<\/div><\/figure>\n\n<h3 class=\"wp-block-heading has-text-align-center\">&#x1f5d3;&#xfe0f; <strong>Date :<\/strong> 26 &#8211; 27 septembre 2025<\/h3>\n\n<p><br\/>&#x1f4cd; <strong>Lieu :<\/strong> Paris, France<br\/>&#x1f4b5; <strong>Prix :<\/strong> env. 50 \u20ac<br\/>&#x1f3b7; <strong>Style :<\/strong> Techno, trance, DnB, hard music<br\/>&#x1f50a; <strong>Billetterie :<\/strong><a href=\"https:\/\/dreamnation.fr\/\"> dreamnation.fr<\/a><br\/><br\/>Dream Nation est un incontournable de la rentr\u00e9e techno \u00e0 Paris. Organis\u00e9 dans des lieux atypiques comme les Docks de Paris ou le Parc des Expositions, ce festival urbain r\u00e9unit en une nuit le meilleur de la techno, hardtechno, trance et bass music. L\u2019ambiance y est industrielle, survolt\u00e9e, et ultra visuelle. Avec environ <strong>15 000 festivaliers<\/strong>, c\u2019est un condens\u00e9 d\u2019\u00e9nergie brute et de sc\u00e9nographies puissantes. Dream Nation, c\u2019est un clin d&#8217;\u0153il \u00e0 l&#8217;esprit rave d\u2019hier avec les moyens technologiques d\u2019aujourd\u2019hui.<\/p>\n\n<p><\/p>\n\n<div class=\"wp-block-buttons is-content-justification-center is-layout-flex wp-container-core-buttons-is-layout-16018d1d wp-block-buttons-is-layout-flex\">\n<div class=\"wp-block-button\"><a class=\"wp-block-button__link wp-element-button\" href=\"https:\/\/dreamnation.fr\" target=\"_blank\" rel=\"noreferrer noopener\">M\u00e1s informaci\u00f3n sobre el evento aqu\u00ed<\/a><\/div>\n<\/div>\n\n<div style=\"height:17px\" aria-hidden=\"true\" class=\"wp-block-spacer\"><\/div>\n\n<hr class=\"wp-block-separator has-alpha-channel-opacity\"\/>\n\n<p class=\"has-text-align-center\"><\/p>\n\n<h2 class=\"wp-block-heading has-text-align-center\"><span class=\"ez-toc-section\" id=\"Amsterdam_Dance_Event_%E2%80%93_ADE_Pays-Bas\"><\/span><strong>Amsterdam Dance Event \u2013 ADE (Pays-Bas)<\/strong><span class=\"ez-toc-section-end\"><\/span><\/h2>\n\n<figure class=\"wp-block-embed is-type-video is-provider-youtube wp-block-embed-youtube wp-embed-aspect-16-9 wp-has-aspect-ratio\"><div class=\"wp-block-embed__wrapper\">\n<iframe title=\"Armada Music - ADE 2024 AFTERMOVIE\" width=\"1080\" height=\"608\" src=\"https:\/\/www.youtube.com\/embed\/nEpZyXRT1uY?feature=oembed\" frameborder=\"0\" allow=\"accelerometer; autoplay; clipboard-write; encrypted-media; gyroscope; picture-in-picture; web-share\" referrerpolicy=\"strict-origin-when-cross-origin\" allowfullscreen><\/iframe>\n<\/div><\/figure>\n\n<h3 class=\"wp-block-heading has-text-align-center\">&#x1f5d3;&#xfe0f; <strong>Date :<\/strong> 22-26 octobre 2025<\/h3>\n\n<p>&#x1f4cd; <strong>Lieu :<\/strong> Amsterdam (plusieurs lieux dans la ville), Pays-Bas<br\/>&#x1f4b5; <strong>Prix :<\/strong> variable selon \u00e9v\u00e9nements (certains clubs ~20 \u20ac, pass complet PRO ~\u20ac600)<br\/>&#x1f3a7; <strong>Style :<\/strong> Tous styles \u00e9lectroniques (festival urbain + conf\u00e9rence)<br\/>&#x1f50a; <strong>Billetterie :<\/strong><a href=\"https:\/\/amsterdam-dance-event.nl\"> amsterdam-dance-event.nl<\/a> <br\/><br\/>Plus qu\u2019un festival, ADE est <strong>le<\/strong> rendez-vous mondial de la musique \u00e9lectronique. Chaque mois d\u2019octobre, Amsterdam se m\u00e9tamorphose en capitale de la techno\/house : pendant 5 jours et 5 nuits, la ville accueille plus de <strong>1 000 \u00e9v\u00e9nements, 2 500 artistes et 200 salles<\/strong> transform\u00e9es en clubs \u00e9ph\u00e9m\u00e8res . Du concert intimiste dans un caf\u00e9 brun aux raves g\u00e9antes dans d\u2019anciens entrep\u00f4ts, tous les formats coexistent pour offrir une programmation infinie couvrant tous les genres de l\u2019\u00e9lectronique. En 2024, ADE a franchi la barre des <strong>500 000 visiteurs<\/strong> \u2013 un record absolu . L\u2019ambiance est unique : chaque coin de rue r\u00e9sonne de beats, la communaut\u00e9 internationale de la nuit envahit les canaux, et les professionnels du milieu se m\u00ealent aux f\u00eatards. Le jour, des conf\u00e9rences et masterclass pointues (ADE Pro) rassemblent labels, DJs et passionn\u00e9s pour imaginer le futur de la sc\u00e8ne. ADE, c\u2019est l\u2019exp\u00e9rience totale de la culture \u00e9lectronique, un m\u00e9lange grisant de festival urbain et de foire professionnelle, dans l\u2019atmosph\u00e8re chaleureuse d\u2019Amsterdam.<\/p>\n\n<p><\/p>\n\n<div class=\"wp-block-buttons is-content-justification-center is-layout-flex wp-container-core-buttons-is-layout-16018d1d wp-block-buttons-is-layout-flex\">\n<div class=\"wp-block-button\"><a class=\"wp-block-button__link wp-element-button\" href=\"https:\/\/www.amsterdam-dance-event.nl\/en\/\" target=\"_blank\" rel=\"noreferrer noopener\">M\u00e1s informaci\u00f3n sobre el evento aqu\u00ed<\/a><\/div>\n<\/div>\n\n<div style=\"height:17px\" aria-hidden=\"true\" class=\"wp-block-spacer\"><\/div>\n\n<hr class=\"wp-block-separator has-alpha-channel-opacity\"\/>\n\n<h2 class=\"wp-block-heading has-text-align-center\"><\/h2>\n\n<h2 class=\"wp-block-heading has-text-align-center\"><span class=\"ez-toc-section\" id=\"Time_Warp_Germany_Allemagne\"><\/span><strong>Time Warp Germany (Allemagne)<\/strong><span class=\"ez-toc-section-end\"><\/span><\/h2>\n\n<figure class=\"wp-block-embed is-type-video is-provider-youtube wp-block-embed-youtube wp-embed-aspect-16-9 wp-has-aspect-ratio\"><div class=\"wp-block-embed__wrapper\">\n<iframe title=\"Time Warp [ES] - 2024 Official Aftermovie\" width=\"1080\" height=\"608\" src=\"https:\/\/www.youtube.com\/embed\/rYxq9NNbcAI?feature=oembed\" frameborder=\"0\" allow=\"accelerometer; autoplay; clipboard-write; encrypted-media; gyroscope; picture-in-picture; web-share\" referrerpolicy=\"strict-origin-when-cross-origin\" allowfullscreen><\/iframe>\n<\/div><\/figure>\n\n<h3 class=\"wp-block-heading has-text-align-center\">&#x1f5d3;&#xfe0f; <strong>Date :<\/strong> 7 au 8 Novembre 2025<\/h3>\n\n<p>&#x1f4cd; <strong>Lieu :<\/strong> Mannheim, Allemagne<br\/>&#x1f4b5; <strong>Prix :<\/strong> ~\u20ac99 (pass nuit)<br\/>&#x1f3a7; <strong>Style :<\/strong> Techno (festival indoor, 20h de rave non-stop)<br\/>&#x1f50a; <strong>Billetterie :<\/strong><a href=\"https:\/\/time-warp.de\"> time-warp.de<\/a> <\/p>\n\n<p>Consid\u00e9r\u00e9 comme le <strong>Saint Graal<\/strong> des raveurs techno, Time Warp est un marathon d\u2019une nuit qui rassemble chaque ann\u00e9e l\u2019\u00e9lite du genre \u00e0 Mannheim. L\u2019\u00e9dition 2026 (d\u00e9j\u00e0 annonc\u00e9e pour avril) promet de repousser encore les limites avec ses <strong>7 sc\u00e8nes indoor<\/strong> \u00e9quip\u00e9es des sound systems les plus puissants et des visuels 3D immersifs \u00e0 couper le souffle. Sur un lineup sans faille, on retrouve traditionellement la fine fleur mondiale : du roi <strong>Carl Cox<\/strong> aux poids lourds de Berghain, tous r\u00e9pondent pr\u00e9sent pour des sets souvent l\u00e9gendaires. Imaginez plus de <strong>15 000 personnes<\/strong> dansant jusqu\u2019\u00e0 midi le lendemain, totalement absorb\u00e9es par la musique et les jeux de lumi\u00e8re futuristes \u2013 c\u2019est \u00e7a l\u2019exp\u00e9rience Time Warp . L\u2019ambiance est intense et extatique, digne d\u2019une cath\u00e9drale techno o\u00f9 le temps semble suspendu. Pour beaucoup de fans, c\u2019est <em>le<\/em> rendez-vous annuel immanquable, une sorte de r\u00e9veillon de la techno qui marque chaque printemps d\u2019une empreinte ind\u00e9l\u00e9bile.<\/p>\n\n<p><\/p>\n\n<div class=\"wp-block-buttons is-content-justification-center is-layout-flex wp-container-core-buttons-is-layout-16018d1d wp-block-buttons-is-layout-flex\">\n<div class=\"wp-block-button\"><a class=\"wp-block-button__link wp-element-button\" href=\"https:\/\/www.time-warp.de\/\" target=\"_blank\" rel=\"noreferrer noopener\">M\u00e1s informaci\u00f3n sobre el evento aqu\u00ed<\/a><\/div>\n<\/div>\n\n<div style=\"height:17px\" aria-hidden=\"true\" class=\"wp-block-spacer\"><\/div>\n\n<hr class=\"wp-block-separator has-alpha-channel-opacity\"\/>\n\n<h2 class=\"wp-block-heading has-text-align-center\"><\/h2>\n\n<p>En 2025, la sc\u00e8ne techno europ\u00e9enne n\u2019a jamais \u00e9t\u00e9 aussi vivante, vari\u00e9e et motiv\u00e9e \u00e0 cr\u00e9er les meilleurs \u00e9v\u00e9nements de notre \u00e9poque.<br\/>Notre s\u00e9lection n\u2019est \u00e9videmment pas exhaustive \u2014 des dizaines d\u2019autres p\u00e9pites m\u00e9ritent d\u2019\u00eatre d\u00e9couvertes \u2014 mais elle refl\u00e8te, selon nous, le meilleur de l\u2019ann\u00e9e, en se limitant \u00e0 30 festivals qui valent vraiment le d\u00e9tour en Europe si tu aime la Techno : des festivals qui marquent, qui rassemblent, et qui font battre le c\u0153ur de la culture \u00e9lectronique.<\/p>\n\n<p>Que tu sois plut\u00f4t warehouse obscure, open air en pleine nature, beach party au couchant ou marathon de 72h sans pause\u2026 il y a forc\u00e9ment une exp\u00e9rience taill\u00e9e pour toi. <strong>Ce guide, c\u2019est une boussole pour te rep\u00e9rer dans la jungle techno de cette \u00e9t\u00e9 2025.<\/strong><\/p>\n\n<p>Alors pr\u00e9pare ton sac, tes playlists, et ouvre ton agenda : <strong>l\u2019ann\u00e9e s\u2019annonce intense, et la techno t\u2019attend quelque part entre deux subs qui grondent.<\/strong><\/p>\n\n\n<div class=\"kk-star-ratings kksr-auto kksr-align-center kksr-valign-bottom\"\n    data-payload='{&quot;align&quot;:&quot;center&quot;,&quot;id&quot;:&quot;16992&quot;,&quot;slug&quot;:&quot;default&quot;,&quot;valign&quot;:&quot;bottom&quot;,&quot;ignore&quot;:&quot;&quot;,&quot;reference&quot;:&quot;auto&quot;,&quot;class&quot;:&quot;&quot;,&quot;count&quot;:&quot;1&quot;,&quot;legendonly&quot;:&quot;&quot;,&quot;readonly&quot;:&quot;&quot;,&quot;score&quot;:&quot;5&quot;,&quot;starsonly&quot;:&quot;&quot;,&quot;best&quot;:&quot;5&quot;,&quot;gap&quot;:&quot;5&quot;,&quot;greet&quot;:&quot;Noter cet article&quot;,&quot;legend&quot;:&quot;5\\\/5 - (1 voto)&quot;,&quot;size&quot;:&quot;24&quot;,&quot;title&quot;:&quot;Lista de festivales de techno en Europa para 2025&quot;,&quot;width&quot;:&quot;142.5&quot;,&quot;_legend&quot;:&quot;{score}\\\/{best} - ({count} {votes})&quot;,&quot;font_factor&quot;:&quot;1.25&quot;}'>\n            \n<div class=\"kksr-stars\">\n    \n<div class=\"kksr-stars-inactive\">\n            <div class=\"kksr-star\" data-star=\"1\" style=\"padding-right: 5px\">\n            \n\n<div class=\"kksr-icon\" style=\"width: 24px; height: 24px;\"><\/div>\n        <\/div>\n            <div class=\"kksr-star\" data-star=\"2\" style=\"padding-right: 5px\">\n            \n\n<div class=\"kksr-icon\" style=\"width: 24px; height: 24px;\"><\/div>\n        <\/div>\n            <div class=\"kksr-star\" data-star=\"3\" style=\"padding-right: 5px\">\n            \n\n<div class=\"kksr-icon\" style=\"width: 24px; height: 24px;\"><\/div>\n        <\/div>\n            <div class=\"kksr-star\" data-star=\"4\" style=\"padding-right: 5px\">\n            \n\n<div class=\"kksr-icon\" style=\"width: 24px; height: 24px;\"><\/div>\n        <\/div>\n            <div class=\"kksr-star\" data-star=\"5\" style=\"padding-right: 5px\">\n            \n\n<div class=\"kksr-icon\" style=\"width: 24px; height: 24px;\"><\/div>\n        <\/div>\n    <\/div>\n    \n<div class=\"kksr-stars-active\" style=\"width: 142.5px;\">\n            <div class=\"kksr-star\" style=\"padding-right: 5px\">\n            \n\n<div class=\"kksr-icon\" style=\"width: 24px; height: 24px;\"><\/div>\n        <\/div>\n            <div class=\"kksr-star\" style=\"padding-right: 5px\">\n            \n\n<div class=\"kksr-icon\" style=\"width: 24px; height: 24px;\"><\/div>\n        <\/div>\n            <div class=\"kksr-star\" style=\"padding-right: 5px\">\n            \n\n<div class=\"kksr-icon\" style=\"width: 24px; height: 24px;\"><\/div>\n        <\/div>\n            <div class=\"kksr-star\" style=\"padding-right: 5px\">\n            \n\n<div class=\"kksr-icon\" style=\"width: 24px; height: 24px;\"><\/div>\n        <\/div>\n            <div class=\"kksr-star\" style=\"padding-right: 5px\">\n            \n\n<div class=\"kksr-icon\" style=\"width: 24px; height: 24px;\"><\/div>\n        <\/div>\n    <\/div>\n<\/div>\n                \n\n<div class=\"kksr-legend\" style=\"font-size: 19.2px;\">\n            5\/5 - (1 voto)    <\/div>\n    <\/div>\n","protected":false},"excerpt":{"rendered":"<p>Esc\u00e1pate con nuestra selecci\u00f3n de los 20 mejores festivales de techno de Europa en 2024. \u00a1Vibra al son de los mejores DJs! <\/p>\n","protected":false},"author":3,"featured_media":18230,"comment_status":"closed","ping_status":"closed","sticky":false,"template":"","format":"standard","meta":{"_acf_changed":false,"footnotes":""},"categories":[857],"tags":[],"class_list":["post-16992","post","type-post","status-publish","format-standard","has-post-thumbnail","hentry","category-festival-es"],"acf":[],"yoast_head":"<!-- This site is optimized with the Yoast SEO plugin v27.5 - https:\/\/yoast.com\/product\/yoast-seo-wordpress\/ -->\n<title>Lista de festivales de techno en Europa para 2025<\/title>\n<meta name=\"description\" content=\"Descubre la lista de los mejores festivales de techno de Europa en 2025: una selecci\u00f3n imperdible de eventos electro que no te puedes perder este a\u00f1o.\" \/>\n<meta name=\"robots\" content=\"index, follow, max-snippet:-1, max-image-preview:large, max-video-preview:-1\" \/>\n<link rel=\"canonical\" href=\"https:\/\/www.technomag.fr\/es\/festivales-de-techno-de-2025-europa\/\" \/>\n<meta property=\"og:locale\" content=\"es_ES\" \/>\n<meta property=\"og:type\" content=\"article\" \/>\n<meta property=\"og:title\" content=\"Lista de festivales de techno en Europa para 2025\" \/>\n<meta property=\"og:description\" content=\"Descubre la lista de los mejores festivales de techno de Europa en 2025: una selecci\u00f3n imperdible de eventos electro que no te puedes perder este a\u00f1o.\" \/>\n<meta property=\"og:url\" content=\"https:\/\/www.technomag.fr\/es\/festivales-de-techno-de-2025-europa\/\" \/>\n<meta property=\"og:site_name\" content=\"Techno Mag\" \/>\n<meta property=\"article:published_time\" content=\"2025-05-23T11:07:28+00:00\" \/>\n<meta property=\"article:modified_time\" content=\"2025-05-23T11:24:35+00:00\" \/>\n<meta property=\"og:image\" content=\"https:\/\/www.technomag.fr\/wp-content\/uploads\/2025\/05\/top-festival-techno-europe-2025.png\" \/>\n\t<meta property=\"og:image:width\" content=\"1080\" \/>\n\t<meta property=\"og:image:height\" content=\"1920\" \/>\n\t<meta property=\"og:image:type\" content=\"image\/png\" \/>\n<meta name=\"author\" content=\"Eric\" \/>\n<meta name=\"twitter:card\" content=\"summary_large_image\" \/>\n<meta name=\"twitter:label1\" content=\"Escrito por\" \/>\n\t<meta name=\"twitter:data1\" content=\"Eric\" \/>\n\t<meta name=\"twitter:label2\" content=\"Tiempo de lectura\" \/>\n\t<meta name=\"twitter:data2\" content=\"24 minutos\" \/>\n<script type=\"application\/ld+json\" class=\"yoast-schema-graph\">{\"@context\":\"https:\\\/\\\/schema.org\",\"@graph\":[{\"@type\":\"Article\",\"@id\":\"https:\\\/\\\/www.technomag.fr\\\/es\\\/festivales-de-techno-de-2025-europa\\\/#article\",\"isPartOf\":{\"@id\":\"https:\\\/\\\/www.technomag.fr\\\/es\\\/festivales-de-techno-de-2025-europa\\\/\"},\"author\":{\"name\":\"Eric\",\"@id\":\"https:\\\/\\\/www.technomag.fr\\\/#\\\/schema\\\/person\\\/5184db1055c64729cb8595a8e9d23e9e\"},\"headline\":\"Lista de festivales de techno en Europa para 2025\",\"datePublished\":\"2025-05-23T11:07:28+00:00\",\"dateModified\":\"2025-05-23T11:24:35+00:00\",\"mainEntityOfPage\":{\"@id\":\"https:\\\/\\\/www.technomag.fr\\\/es\\\/festivales-de-techno-de-2025-europa\\\/\"},\"wordCount\":5493,\"publisher\":{\"@id\":\"https:\\\/\\\/www.technomag.fr\\\/#organization\"},\"image\":{\"@id\":\"https:\\\/\\\/www.technomag.fr\\\/es\\\/festivales-de-techno-de-2025-europa\\\/#primaryimage\"},\"thumbnailUrl\":\"https:\\\/\\\/www.technomag.fr\\\/wp-content\\\/uploads\\\/2025\\\/05\\\/top-festival-techno-europe-2025.png\",\"articleSection\":[\"Festival\"],\"inLanguage\":\"es\"},{\"@type\":\"WebPage\",\"@id\":\"https:\\\/\\\/www.technomag.fr\\\/es\\\/festivales-de-techno-de-2025-europa\\\/\",\"url\":\"https:\\\/\\\/www.technomag.fr\\\/es\\\/festivales-de-techno-de-2025-europa\\\/\",\"name\":\"Lista de festivales de techno en Europa para 2025\",\"isPartOf\":{\"@id\":\"https:\\\/\\\/www.technomag.fr\\\/#website\"},\"primaryImageOfPage\":{\"@id\":\"https:\\\/\\\/www.technomag.fr\\\/es\\\/festivales-de-techno-de-2025-europa\\\/#primaryimage\"},\"image\":{\"@id\":\"https:\\\/\\\/www.technomag.fr\\\/es\\\/festivales-de-techno-de-2025-europa\\\/#primaryimage\"},\"thumbnailUrl\":\"https:\\\/\\\/www.technomag.fr\\\/wp-content\\\/uploads\\\/2025\\\/05\\\/top-festival-techno-europe-2025.png\",\"datePublished\":\"2025-05-23T11:07:28+00:00\",\"dateModified\":\"2025-05-23T11:24:35+00:00\",\"description\":\"Descubre la lista de los mejores festivales de techno de Europa en 2025: una selecci\u00f3n imperdible de eventos electro que no te puedes perder este a\u00f1o.\",\"breadcrumb\":{\"@id\":\"https:\\\/\\\/www.technomag.fr\\\/es\\\/festivales-de-techno-de-2025-europa\\\/#breadcrumb\"},\"inLanguage\":\"es\",\"potentialAction\":[{\"@type\":\"ReadAction\",\"target\":[\"https:\\\/\\\/www.technomag.fr\\\/es\\\/festivales-de-techno-de-2025-europa\\\/\"]}]},{\"@type\":\"ImageObject\",\"inLanguage\":\"es\",\"@id\":\"https:\\\/\\\/www.technomag.fr\\\/es\\\/festivales-de-techno-de-2025-europa\\\/#primaryimage\",\"url\":\"https:\\\/\\\/www.technomag.fr\\\/wp-content\\\/uploads\\\/2025\\\/05\\\/top-festival-techno-europe-2025.png\",\"contentUrl\":\"https:\\\/\\\/www.technomag.fr\\\/wp-content\\\/uploads\\\/2025\\\/05\\\/top-festival-techno-europe-2025.png\",\"width\":1080,\"height\":1920},{\"@type\":\"BreadcrumbList\",\"@id\":\"https:\\\/\\\/www.technomag.fr\\\/es\\\/festivales-de-techno-de-2025-europa\\\/#breadcrumb\",\"itemListElement\":[{\"@type\":\"ListItem\",\"position\":1,\"name\":\"Accueil\",\"item\":\"https:\\\/\\\/www.technomag.fr\\\/es\\\/revista-techno\\\/\"},{\"@type\":\"ListItem\",\"position\":2,\"name\":\"Lista de festivales de techno en Europa para 2025\"}]},{\"@type\":\"WebSite\",\"@id\":\"https:\\\/\\\/www.technomag.fr\\\/#website\",\"url\":\"https:\\\/\\\/www.technomag.fr\\\/\",\"name\":\"Techno Mag\",\"description\":\"Le magazine underground de r\u00e9f\u00e9rence pour la techno\",\"publisher\":{\"@id\":\"https:\\\/\\\/www.technomag.fr\\\/#organization\"},\"potentialAction\":[{\"@type\":\"SearchAction\",\"target\":{\"@type\":\"EntryPoint\",\"urlTemplate\":\"https:\\\/\\\/www.technomag.fr\\\/?s={search_term_string}\"},\"query-input\":{\"@type\":\"PropertyValueSpecification\",\"valueRequired\":true,\"valueName\":\"search_term_string\"}}],\"inLanguage\":\"es\"},{\"@type\":\"Organization\",\"@id\":\"https:\\\/\\\/www.technomag.fr\\\/#organization\",\"name\":\"Techno Mag\",\"url\":\"https:\\\/\\\/www.technomag.fr\\\/\",\"logo\":{\"@type\":\"ImageObject\",\"inLanguage\":\"es\",\"@id\":\"https:\\\/\\\/www.technomag.fr\\\/#\\\/schema\\\/logo\\\/image\\\/\",\"url\":\"https:\\\/\\\/www.technomag.fr\\\/wp-content\\\/uploads\\\/2023\\\/04\\\/TECHNO-e1681225415918.png\",\"contentUrl\":\"https:\\\/\\\/www.technomag.fr\\\/wp-content\\\/uploads\\\/2023\\\/04\\\/TECHNO-e1681225415918.png\",\"width\":500,\"height\":113,\"caption\":\"Techno Mag\"},\"image\":{\"@id\":\"https:\\\/\\\/www.technomag.fr\\\/#\\\/schema\\\/logo\\\/image\\\/\"}},{\"@type\":\"Person\",\"@id\":\"https:\\\/\\\/www.technomag.fr\\\/#\\\/schema\\\/person\\\/5184db1055c64729cb8595a8e9d23e9e\",\"name\":\"Eric\",\"image\":{\"@type\":\"ImageObject\",\"inLanguage\":\"es\",\"@id\":\"https:\\\/\\\/www.technomag.fr\\\/wp-content\\\/uploads\\\/2023\\\/12\\\/eric-96x96.jpg\",\"url\":\"https:\\\/\\\/www.technomag.fr\\\/wp-content\\\/uploads\\\/2023\\\/12\\\/eric-96x96.jpg\",\"contentUrl\":\"https:\\\/\\\/www.technomag.fr\\\/wp-content\\\/uploads\\\/2023\\\/12\\\/eric-96x96.jpg\",\"caption\":\"Eric\"},\"description\":\"Eric, le capitaine du navire TechnoMag, est d\u00e9veloppeur web, consultant SEO, r\u00e9dacteur de metier, et surtout fanatique de musique ! Depuis l'enfance, il est attir\u00e9 par les basses et les kicks, passant des heures \u00e0 \u00e9couter et jouer sur machines pour le plaisir, avec son fr\u00e8re et ses amis, depuis plus de dix ans. Globe-trotteur, il a explor\u00e9 des free parties sauvages et ill\u00e9gales jusqu\u2019aux plus grands festivals internationaux. Dans son pass\u00e9, il a aussi \u00e9t\u00e9 VJ et impliqu\u00e9 dans l'organisation de soir\u00e9es pas toujours vraiment autoris\u00e9es. Aujourd'hui, il aime capturer l'\u00e9nergie des \u00e9v\u00e9nements pour la retranscrire aux autres, que ce soit derri\u00e8re l'appareil photo, la cam\u00e9ra, ou en r\u00e9digeant un article. Avec quelques missions b\u00e9n\u00e9voles \u00e0 son actif et une association toute neuve, il r\u00eave d'un lieu autonome o\u00f9 chacun pourrait balancer son set sans craindre de perdre son matos.\",\"sameAs\":[\"https:\\\/\\\/www.instagram.com\\\/technomag.fr\\\/\",\"https:\\\/\\\/www.linkedin.com\\\/in\\\/boulangereric\\\/\"],\"url\":\"https:\\\/\\\/www.technomag.fr\\\/es\\\/redacteur\\\/eric-2\\\/\"}]}<\/script>\n<!-- \/ Yoast SEO plugin. -->","yoast_head_json":{"title":"Lista de festivales de techno en Europa para 2025","description":"Descubre la lista de los mejores festivales de techno de Europa en 2025: una selecci\u00f3n imperdible de eventos electro que no te puedes perder este a\u00f1o.","robots":{"index":"index","follow":"follow","max-snippet":"max-snippet:-1","max-image-preview":"max-image-preview:large","max-video-preview":"max-video-preview:-1"},"canonical":"https:\/\/www.technomag.fr\/es\/festivales-de-techno-de-2025-europa\/","og_locale":"es_ES","og_type":"article","og_title":"Lista de festivales de techno en Europa para 2025","og_description":"Descubre la lista de los mejores festivales de techno de Europa en 2025: una selecci\u00f3n imperdible de eventos electro que no te puedes perder este a\u00f1o.","og_url":"https:\/\/www.technomag.fr\/es\/festivales-de-techno-de-2025-europa\/","og_site_name":"Techno Mag","article_published_time":"2025-05-23T11:07:28+00:00","article_modified_time":"2025-05-23T11:24:35+00:00","og_image":[{"width":1080,"height":1920,"url":"https:\/\/www.technomag.fr\/wp-content\/uploads\/2025\/05\/top-festival-techno-europe-2025.png","type":"image\/png"}],"author":"Eric","twitter_card":"summary_large_image","twitter_misc":{"Escrito por":"Eric","Tiempo de lectura":"24 minutos"},"schema":{"@context":"https:\/\/schema.org","@graph":[{"@type":"Article","@id":"https:\/\/www.technomag.fr\/es\/festivales-de-techno-de-2025-europa\/#article","isPartOf":{"@id":"https:\/\/www.technomag.fr\/es\/festivales-de-techno-de-2025-europa\/"},"author":{"name":"Eric","@id":"https:\/\/www.technomag.fr\/#\/schema\/person\/5184db1055c64729cb8595a8e9d23e9e"},"headline":"Lista de festivales de techno en Europa para 2025","datePublished":"2025-05-23T11:07:28+00:00","dateModified":"2025-05-23T11:24:35+00:00","mainEntityOfPage":{"@id":"https:\/\/www.technomag.fr\/es\/festivales-de-techno-de-2025-europa\/"},"wordCount":5493,"publisher":{"@id":"https:\/\/www.technomag.fr\/#organization"},"image":{"@id":"https:\/\/www.technomag.fr\/es\/festivales-de-techno-de-2025-europa\/#primaryimage"},"thumbnailUrl":"https:\/\/www.technomag.fr\/wp-content\/uploads\/2025\/05\/top-festival-techno-europe-2025.png","articleSection":["Festival"],"inLanguage":"es"},{"@type":"WebPage","@id":"https:\/\/www.technomag.fr\/es\/festivales-de-techno-de-2025-europa\/","url":"https:\/\/www.technomag.fr\/es\/festivales-de-techno-de-2025-europa\/","name":"Lista de festivales de techno en Europa para 2025","isPartOf":{"@id":"https:\/\/www.technomag.fr\/#website"},"primaryImageOfPage":{"@id":"https:\/\/www.technomag.fr\/es\/festivales-de-techno-de-2025-europa\/#primaryimage"},"image":{"@id":"https:\/\/www.technomag.fr\/es\/festivales-de-techno-de-2025-europa\/#primaryimage"},"thumbnailUrl":"https:\/\/www.technomag.fr\/wp-content\/uploads\/2025\/05\/top-festival-techno-europe-2025.png","datePublished":"2025-05-23T11:07:28+00:00","dateModified":"2025-05-23T11:24:35+00:00","description":"Descubre la lista de los mejores festivales de techno de Europa en 2025: una selecci\u00f3n imperdible de eventos electro que no te puedes perder este a\u00f1o.","breadcrumb":{"@id":"https:\/\/www.technomag.fr\/es\/festivales-de-techno-de-2025-europa\/#breadcrumb"},"inLanguage":"es","potentialAction":[{"@type":"ReadAction","target":["https:\/\/www.technomag.fr\/es\/festivales-de-techno-de-2025-europa\/"]}]},{"@type":"ImageObject","inLanguage":"es","@id":"https:\/\/www.technomag.fr\/es\/festivales-de-techno-de-2025-europa\/#primaryimage","url":"https:\/\/www.technomag.fr\/wp-content\/uploads\/2025\/05\/top-festival-techno-europe-2025.png","contentUrl":"https:\/\/www.technomag.fr\/wp-content\/uploads\/2025\/05\/top-festival-techno-europe-2025.png","width":1080,"height":1920},{"@type":"BreadcrumbList","@id":"https:\/\/www.technomag.fr\/es\/festivales-de-techno-de-2025-europa\/#breadcrumb","itemListElement":[{"@type":"ListItem","position":1,"name":"Accueil","item":"https:\/\/www.technomag.fr\/es\/revista-techno\/"},{"@type":"ListItem","position":2,"name":"Lista de festivales de techno en Europa para 2025"}]},{"@type":"WebSite","@id":"https:\/\/www.technomag.fr\/#website","url":"https:\/\/www.technomag.fr\/","name":"Techno Mag","description":"Le magazine underground de r\u00e9f\u00e9rence pour la techno","publisher":{"@id":"https:\/\/www.technomag.fr\/#organization"},"potentialAction":[{"@type":"SearchAction","target":{"@type":"EntryPoint","urlTemplate":"https:\/\/www.technomag.fr\/?s={search_term_string}"},"query-input":{"@type":"PropertyValueSpecification","valueRequired":true,"valueName":"search_term_string"}}],"inLanguage":"es"},{"@type":"Organization","@id":"https:\/\/www.technomag.fr\/#organization","name":"Techno Mag","url":"https:\/\/www.technomag.fr\/","logo":{"@type":"ImageObject","inLanguage":"es","@id":"https:\/\/www.technomag.fr\/#\/schema\/logo\/image\/","url":"https:\/\/www.technomag.fr\/wp-content\/uploads\/2023\/04\/TECHNO-e1681225415918.png","contentUrl":"https:\/\/www.technomag.fr\/wp-content\/uploads\/2023\/04\/TECHNO-e1681225415918.png","width":500,"height":113,"caption":"Techno Mag"},"image":{"@id":"https:\/\/www.technomag.fr\/#\/schema\/logo\/image\/"}},{"@type":"Person","@id":"https:\/\/www.technomag.fr\/#\/schema\/person\/5184db1055c64729cb8595a8e9d23e9e","name":"Eric","image":{"@type":"ImageObject","inLanguage":"es","@id":"https:\/\/www.technomag.fr\/wp-content\/uploads\/2023\/12\/eric-96x96.jpg","url":"https:\/\/www.technomag.fr\/wp-content\/uploads\/2023\/12\/eric-96x96.jpg","contentUrl":"https:\/\/www.technomag.fr\/wp-content\/uploads\/2023\/12\/eric-96x96.jpg","caption":"Eric"},"description":"Eric, le capitaine du navire TechnoMag, est d\u00e9veloppeur web, consultant SEO, r\u00e9dacteur de metier, et surtout fanatique de musique ! Depuis l'enfance, il est attir\u00e9 par les basses et les kicks, passant des heures \u00e0 \u00e9couter et jouer sur machines pour le plaisir, avec son fr\u00e8re et ses amis, depuis plus de dix ans. Globe-trotteur, il a explor\u00e9 des free parties sauvages et ill\u00e9gales jusqu\u2019aux plus grands festivals internationaux. Dans son pass\u00e9, il a aussi \u00e9t\u00e9 VJ et impliqu\u00e9 dans l'organisation de soir\u00e9es pas toujours vraiment autoris\u00e9es. Aujourd'hui, il aime capturer l'\u00e9nergie des \u00e9v\u00e9nements pour la retranscrire aux autres, que ce soit derri\u00e8re l'appareil photo, la cam\u00e9ra, ou en r\u00e9digeant un article. Avec quelques missions b\u00e9n\u00e9voles \u00e0 son actif et une association toute neuve, il r\u00eave d'un lieu autonome o\u00f9 chacun pourrait balancer son set sans craindre de perdre son matos.","sameAs":["https:\/\/www.instagram.com\/technomag.fr\/","https:\/\/www.linkedin.com\/in\/boulangereric\/"],"url":"https:\/\/www.technomag.fr\/es\/redacteur\/eric-2\/"}]}},"_links":{"self":[{"href":"https:\/\/www.technomag.fr\/es\/wp-json\/wp\/v2\/posts\/16992","targetHints":{"allow":["GET"]}}],"collection":[{"href":"https:\/\/www.technomag.fr\/es\/wp-json\/wp\/v2\/posts"}],"about":[{"href":"https:\/\/www.technomag.fr\/es\/wp-json\/wp\/v2\/types\/post"}],"author":[{"embeddable":true,"href":"https:\/\/www.technomag.fr\/es\/wp-json\/wp\/v2\/users\/3"}],"replies":[{"embeddable":true,"href":"https:\/\/www.technomag.fr\/es\/wp-json\/wp\/v2\/comments?post=16992"}],"version-history":[{"count":3,"href":"https:\/\/www.technomag.fr\/es\/wp-json\/wp\/v2\/posts\/16992\/revisions"}],"predecessor-version":[{"id":18246,"href":"https:\/\/www.technomag.fr\/es\/wp-json\/wp\/v2\/posts\/16992\/revisions\/18246"}],"wp:featuredmedia":[{"embeddable":true,"href":"https:\/\/www.technomag.fr\/es\/wp-json\/wp\/v2\/media\/18230"}],"wp:attachment":[{"href":"https:\/\/www.technomag.fr\/es\/wp-json\/wp\/v2\/media?parent=16992"}],"wp:term":[{"taxonomy":"category","embeddable":true,"href":"https:\/\/www.technomag.fr\/es\/wp-json\/wp\/v2\/categories?post=16992"},{"taxonomy":"post_tag","embeddable":true,"href":"https:\/\/www.technomag.fr\/es\/wp-json\/wp\/v2\/tags?post=16992"}],"curies":[{"name":"wp","href":"https:\/\/api.w.org\/{rel}","templated":true}]}}