
{"id":16076,"date":"2024-10-02T09:00:00","date_gmt":"2024-10-02T08:00:00","guid":{"rendered":"https:\/\/www.technomag.fr\/joanna-coelho-descubre-su-trayectoria-entrevista-y-el-lanzamiento-de-su-ep-back-to-the-rave\/"},"modified":"2024-10-03T01:55:36","modified_gmt":"2024-10-03T00:55:36","slug":"joanna-coelho-descubre-su-trayectoria-entrevista-y-el-lanzamiento-de-su-ep-back-to-the-rave","status":"publish","type":"post","link":"https:\/\/www.technomag.fr\/es\/joanna-coelho-descubre-su-trayectoria-entrevista-y-el-lanzamiento-de-su-ep-back-to-the-rave\/","title":{"rendered":"Joanna Coelho: Descubre su trayectoria, entrevista y el lanzamiento de su EP \u00abBack to the Rave\u00bb."},"content":{"rendered":"\n<figure class=\"wp-block-embed is-type-video is-provider-youtube wp-block-embed-youtube wp-embed-aspect-16-9 wp-has-aspect-ratio\"><div class=\"wp-block-embed__wrapper\"> \n<iframe title=\"Joanna Coelho SoundWaves 2024\" width=\"1080\" height=\"608\" src=\"https:\/\/www.youtube.com\/embed\/B3skzZBWHVU?feature=oembed\" frameborder=\"0\" allow=\"accelerometer; autoplay; clipboard-write; encrypted-media; gyroscope; picture-in-picture; web-share\" referrerpolicy=\"strict-origin-when-cross-origin\" allowfullscreen><\/iframe>\n <\/div><\/figure>\n\n<ul class=\"wp-block-social-links is-content-justification-center is-layout-flex wp-container-core-social-links-is-layout-16018d1d wp-block-social-links-is-layout-flex\"><li class=\"wp-social-link wp-social-link-instagram  wp-block-social-link\"><a href=\"https:\/\/www.instagram.com\/joannacoelho.dj\/\" class=\"wp-block-social-link-anchor\"><svg width=\"24\" height=\"24\" viewBox=\"0 0 24 24\" version=\"1.1\" xmlns=\"http:\/\/www.w3.org\/2000\/svg\" aria-hidden=\"true\" focusable=\"false\"><path d=\"M12,4.622c2.403,0,2.688,0.009,3.637,0.052c0.877,0.04,1.354,0.187,1.671,0.31c0.42,0.163,0.72,0.358,1.035,0.673 c0.315,0.315,0.51,0.615,0.673,1.035c0.123,0.317,0.27,0.794,0.31,1.671c0.043,0.949,0.052,1.234,0.052,3.637 s-0.009,2.688-0.052,3.637c-0.04,0.877-0.187,1.354-0.31,1.671c-0.163,0.42-0.358,0.72-0.673,1.035 c-0.315,0.315-0.615,0.51-1.035,0.673c-0.317,0.123-0.794,0.27-1.671,0.31c-0.949,0.043-1.233,0.052-3.637,0.052 s-2.688-0.009-3.637-0.052c-0.877-0.04-1.354-0.187-1.671-0.31c-0.42-0.163-0.72-0.358-1.035-0.673 c-0.315-0.315-0.51-0.615-0.673-1.035c-0.123-0.317-0.27-0.794-0.31-1.671C4.631,14.688,4.622,14.403,4.622,12 s0.009-2.688,0.052-3.637c0.04-0.877,0.187-1.354,0.31-1.671c0.163-0.42,0.358-0.72,0.673-1.035 c0.315-0.315,0.615-0.51,1.035-0.673c0.317-0.123,0.794-0.27,1.671-0.31C9.312,4.631,9.597,4.622,12,4.622 M12,3 C9.556,3,9.249,3.01,8.289,3.054C7.331,3.098,6.677,3.25,6.105,3.472C5.513,3.702,5.011,4.01,4.511,4.511 c-0.5,0.5-0.808,1.002-1.038,1.594C3.25,6.677,3.098,7.331,3.054,8.289C3.01,9.249,3,9.556,3,12c0,2.444,0.01,2.751,0.054,3.711 c0.044,0.958,0.196,1.612,0.418,2.185c0.23,0.592,0.538,1.094,1.038,1.594c0.5,0.5,1.002,0.808,1.594,1.038 c0.572,0.222,1.227,0.375,2.185,0.418C9.249,20.99,9.556,21,12,21s2.751-0.01,3.711-0.054c0.958-0.044,1.612-0.196,2.185-0.418 c0.592-0.23,1.094-0.538,1.594-1.038c0.5-0.5,0.808-1.002,1.038-1.594c0.222-0.572,0.375-1.227,0.418-2.185 C20.99,14.751,21,14.444,21,12s-0.01-2.751-0.054-3.711c-0.044-0.958-0.196-1.612-0.418-2.185c-0.23-0.592-0.538-1.094-1.038-1.594 c-0.5-0.5-1.002-0.808-1.594-1.038c-0.572-0.222-1.227-0.375-2.185-0.418C14.751,3.01,14.444,3,12,3L12,3z M12,7.378 c-2.552,0-4.622,2.069-4.622,4.622S9.448,16.622,12,16.622s4.622-2.069,4.622-4.622S14.552,7.378,12,7.378z M12,15 c-1.657,0-3-1.343-3-3s1.343-3,3-3s3,1.343,3,3S13.657,15,12,15z M16.804,6.116c-0.596,0-1.08,0.484-1.08,1.08 s0.484,1.08,1.08,1.08c0.596,0,1.08-0.484,1.08-1.08S17.401,6.116,16.804,6.116z\"><\/path><\/svg><span class=\"wp-block-social-link-label screen-reader-text\">Instagram<\/span><\/a><\/li>\n\n<li class=\"wp-social-link wp-social-link-spotify  wp-block-social-link\"><a href=\"https:\/\/open.spotify.com\/intl-fr\/artist\/1tkrgUB8f7bRTyfVOuDDIP\" class=\"wp-block-social-link-anchor\"><svg width=\"24\" height=\"24\" viewBox=\"0 0 24 24\" version=\"1.1\" xmlns=\"http:\/\/www.w3.org\/2000\/svg\" aria-hidden=\"true\" focusable=\"false\"><path d=\"M12,2C6.477,2,2,6.477,2,12c0,5.523,4.477,10,10,10c5.523,0,10-4.477,10-10C22,6.477,17.523,2,12,2 M16.586,16.424 c-0.18,0.295-0.563,0.387-0.857,0.207c-2.348-1.435-5.304-1.76-8.785-0.964c-0.335,0.077-0.67-0.133-0.746-0.469 c-0.077-0.335,0.132-0.67,0.469-0.746c3.809-0.871,7.077-0.496,9.713,1.115C16.673,15.746,16.766,16.13,16.586,16.424 M17.81,13.7 c-0.226,0.367-0.706,0.482-1.072,0.257c-2.687-1.652-6.785-2.131-9.965-1.166C6.36,12.917,5.925,12.684,5.8,12.273 C5.675,11.86,5.908,11.425,6.32,11.3c3.632-1.102,8.147-0.568,11.234,1.328C17.92,12.854,18.035,13.335,17.81,13.7 M17.915,10.865 c-3.223-1.914-8.54-2.09-11.618-1.156C5.804,9.859,5.281,9.58,5.131,9.086C4.982,8.591,5.26,8.069,5.755,7.919 c3.532-1.072,9.404-0.865,13.115,1.338c0.445,0.264,0.59,0.838,0.327,1.282C18.933,10.983,18.359,11.129,17.915,10.865\"><\/path><\/svg><span class=\"wp-block-social-link-label screen-reader-text\">Spotify<\/span><\/a><\/li>\n\n<li class=\"wp-social-link wp-social-link-soundcloud  wp-block-social-link\"><a href=\"https:\/\/soundcloud.com\/joanna_coelho\" class=\"wp-block-social-link-anchor\"><svg width=\"24\" height=\"24\" viewBox=\"0 0 24 24\" version=\"1.1\" xmlns=\"http:\/\/www.w3.org\/2000\/svg\" aria-hidden=\"true\" focusable=\"false\"><path d=\"M8.9,16.1L9,14L8.9,9.5c0-0.1,0-0.1-0.1-0.1c0,0-0.1-0.1-0.1-0.1c-0.1,0-0.1,0-0.1,0.1c0,0-0.1,0.1-0.1,0.1L8.3,14l0.1,2.1 c0,0.1,0,0.1,0.1,0.1c0,0,0.1,0.1,0.1,0.1C8.8,16.3,8.9,16.3,8.9,16.1z M11.4,15.9l0.1-1.8L11.4,9c0-0.1,0-0.2-0.1-0.2 c0,0-0.1,0-0.1,0s-0.1,0-0.1,0c-0.1,0-0.1,0.1-0.1,0.2l0,0.1l-0.1,5c0,0,0,0.7,0.1,2v0c0,0.1,0,0.1,0.1,0.1c0.1,0.1,0.1,0.1,0.2,0.1 c0.1,0,0.1,0,0.2-0.1c0.1,0,0.1-0.1,0.1-0.2L11.4,15.9z M2.4,12.9L2.5,14l-0.2,1.1c0,0.1,0,0.1-0.1,0.1c0,0-0.1,0-0.1-0.1L2.1,14 l0.1-1.1C2.2,12.9,2.3,12.9,2.4,12.9C2.3,12.9,2.4,12.9,2.4,12.9z M3.1,12.2L3.3,14l-0.2,1.8c0,0.1,0,0.1-0.1,0.1 c-0.1,0-0.1,0-0.1-0.1L2.8,14L3,12.2C3,12.2,3,12.2,3.1,12.2C3.1,12.2,3.1,12.2,3.1,12.2z M3.9,11.9L4.1,14l-0.2,2.1 c0,0.1,0,0.1-0.1,0.1c-0.1,0-0.1,0-0.1-0.1L3.5,14l0.2-2.1c0-0.1,0-0.1,0.1-0.1C3.9,11.8,3.9,11.8,3.9,11.9z M4.7,11.9L4.9,14 l-0.2,2.1c0,0.1-0.1,0.1-0.1,0.1c-0.1,0-0.1,0-0.1-0.1L4.3,14l0.2-2.2c0-0.1,0-0.1,0.1-0.1C4.7,11.7,4.7,11.8,4.7,11.9z M5.6,12 l0.2,2l-0.2,2.1c0,0.1-0.1,0.1-0.1,0.1c0,0-0.1,0-0.1,0c0,0,0-0.1,0-0.1L5.1,14l0.2-2c0,0,0-0.1,0-0.1s0.1,0,0.1,0 C5.5,11.9,5.5,11.9,5.6,12L5.6,12z M6.4,10.7L6.6,14l-0.2,2.1c0,0,0,0.1,0,0.1c0,0-0.1,0-0.1,0c-0.1,0-0.1-0.1-0.2-0.2L5.9,14 l0.2-3.3c0-0.1,0.1-0.2,0.2-0.2c0,0,0.1,0,0.1,0C6.4,10.7,6.4,10.7,6.4,10.7z M7.2,10l0.2,4.1l-0.2,2.1c0,0,0,0.1,0,0.1 c0,0-0.1,0-0.1,0c-0.1,0-0.2-0.1-0.2-0.2l-0.1-2.1L6.8,10c0-0.1,0.1-0.2,0.2-0.2c0,0,0.1,0,0.1,0S7.2,9.9,7.2,10z M8,9.6L8.2,14 L8,16.1c0,0.1-0.1,0.2-0.2,0.2c-0.1,0-0.2-0.1-0.2-0.2L7.5,14l0.1-4.4c0-0.1,0-0.1,0.1-0.1c0,0,0.1-0.1,0.1-0.1c0.1,0,0.1,0,0.1,0.1 C8,9.6,8,9.6,8,9.6z M11.4,16.1L11.4,16.1L11.4,16.1z M9.7,9.6L9.8,14l-0.1,2.1c0,0.1,0,0.1-0.1,0.2s-0.1,0.1-0.2,0.1 c-0.1,0-0.1,0-0.1-0.1s-0.1-0.1-0.1-0.2L9.2,14l0.1-4.4c0-0.1,0-0.1,0.1-0.2s0.1-0.1,0.2-0.1c0.1,0,0.1,0,0.2,0.1S9.7,9.5,9.7,9.6 L9.7,9.6z M10.6,9.8l0.1,4.3l-0.1,2c0,0.1,0,0.1-0.1,0.2c0,0-0.1,0.1-0.2,0.1c-0.1,0-0.1,0-0.2-0.1c0,0-0.1-0.1-0.1-0.2L10,14 l0.1-4.3c0-0.1,0-0.1,0.1-0.2c0,0,0.1-0.1,0.2-0.1c0.1,0,0.1,0,0.2,0.1S10.6,9.7,10.6,9.8z M12.4,14l-0.1,2c0,0.1,0,0.1-0.1,0.2 c-0.1,0.1-0.1,0.1-0.2,0.1c-0.1,0-0.1,0-0.2-0.1c-0.1-0.1-0.1-0.1-0.1-0.2l-0.1-1l-0.1-1l0.1-5.5v0c0-0.1,0-0.2,0.1-0.2 c0.1,0,0.1-0.1,0.2-0.1c0,0,0.1,0,0.1,0c0.1,0,0.1,0.1,0.1,0.2L12.4,14z M22.1,13.9c0,0.7-0.2,1.3-0.7,1.7c-0.5,0.5-1.1,0.7-1.7,0.7 h-6.8c-0.1,0-0.1,0-0.2-0.1c-0.1-0.1-0.1-0.1-0.1-0.2V8.2c0-0.1,0.1-0.2,0.2-0.3c0.5-0.2,1-0.3,1.6-0.3c1.1,0,2.1,0.4,2.9,1.1 c0.8,0.8,1.3,1.7,1.4,2.8c0.3-0.1,0.6-0.2,1-0.2c0.7,0,1.3,0.2,1.7,0.7C21.8,12.6,22.1,13.2,22.1,13.9L22.1,13.9z\"><\/path><\/svg><span class=\"wp-block-social-link-label screen-reader-text\">SoundCloud<\/span><\/a><\/li><\/ul>\n\n<p>Nacida en Curitiba, en el sur de Brasil, <strong>Joanna Coelho<\/strong> desarroll\u00f3 r\u00e1pidamente su pasi\u00f3n por la m\u00fasica electr\u00f3nica.\nCon s\u00f3lo 17 a\u00f1os, se gradu\u00f3 en la<strong>Academia Internacional de M\u00fasica Electr\u00f3nica<\/strong> (AIMEC) de Curitiba, lo que marc\u00f3 el inicio de su viaje en este universo musical.\nEn 2012, se traslad\u00f3 a Holanda, donde complet\u00f3 un curso de producci\u00f3n de m\u00fasica electr\u00f3nica en SAE Rotterdam.\nDesde entonces, Joanna ha seguido desarrollando su carrera, tanto como DJ como productora.\nSus temas han contado con el apoyo de artistas de renombre como<strong>Amelie Lens<\/strong>, <strong>Shlomo<\/strong>, <strong>999999999,<\/strong> <strong>DAX J<\/strong> y muchos otros.\nHa actuado en muchos pa\u00edses, como Portugal, Francia, Alemania y Argentina, ofreciendo en cada ocasi\u00f3n actuaciones en\u00e9rgicas y mezclas din\u00e1micas.\nEn octubre, lanzar\u00e1 su nuevo EP titulado <strong>\u00abMake Your Move\u00bb<\/strong> en <strong>T Minus Records<\/strong>, seguido de <strong>\u00abBack to the Rave\u00bb<\/strong> en colaboraci\u00f3n con Schroomp, centrado en el hard techno y los sonidos industriales.\nJoanna sigue haciendo evolucionar su m\u00fasica al tiempo que aporta una energ\u00eda \u00fanica a la escena techno internacional.       <\/p>\n\n<div class=\"wp-block-buttons is-content-justification-center is-layout-flex wp-container-core-buttons-is-layout-16018d1d wp-block-buttons-is-layout-flex\">\n<div class=\"wp-block-button\"><a class=\"wp-block-button__link wp-element-button\" href=\"https:\/\/music.beepd.co\/card\/joannacoelho\">Sigue a Joanna Coelho aqu\u00ed<\/a><\/div>\n<\/div>\n\n<div style=\"height:18px\" aria-hidden=\"true\" class=\"wp-block-spacer\"><\/div>\n\n<h2 class=\"wp-block-heading has-text-align-center\"><strong>Entrevista<\/strong> con Joanna Coelho<\/h2>\n\n<p><strong>TechnoMag<\/strong>: \u00bfPuedes hablarnos un poco de ti, de tu carrera y sus momentos m\u00e1s destacados, y del origen de tu nombre art\u00edstico?<\/p>\n\n<p><strong>Joanna Coelho<\/strong>: Tras 20 a\u00f1os tocando y 10 produciendo, la m\u00fasica electr\u00f3nica se ha convertido en parte de lo que soy.\nMi nombre art\u00edstico es simplemente mi nombre real.\nMe habr\u00eda encantado tener un nombre guay lleno de n\u00fameros y letras, pero no funcion\u00f3 as\u00ed.\nMe gusta ese toque personal, crea un v\u00ednculo especial con los fans, o como yo los llamo, mis \u00abfrans\u00bb, porque despu\u00e9s de ver tantas veces ciertas caras conocidas en diferentes fiestas, se convierten un poco en amigos.   <\/p>\n\n<p><strong>TechnoMag<\/strong>: \u00bfC\u00f3mo te enamoraste de la m\u00fasica electr\u00f3nica y qu\u00e9 te inspir\u00f3 para convertirte en DJ y productor?<\/p>\n\n<p><strong>Joanna Coelho<\/strong>: Mi afici\u00f3n por la m\u00fasica electr\u00f3nica comenz\u00f3 cuando era adolescente, gracias a un grupo de amigos.\nCuando ten\u00eda 16 a\u00f1os, empec\u00e9 un curso de DJ.\nPor aquel entonces, a\u00fan utiliz\u00e1bamos discos de vinilo.\nFormar parte de colectivos en mi ciudad natal me permiti\u00f3 sumergirme en la cultura rave, estudiar y viajar.\nFue realmente cuando me traslad\u00e9 a Europa, diez a\u00f1os m\u00e1s tarde, cuando pude trabajar profesionalmente en este campo.    <\/p>\n\n<p><strong>TechnoMag<\/strong>: \u00bfC\u00f3mo describir\u00edas tu estilo musical como DJ\/productor?<\/p>\n\n<p><strong>Joanna Coelho<\/strong>: Siempre es una pregunta complicada, porque me resulta dif\u00edcil limitarme a un \u00fanico g\u00e9nero.\nPodr\u00eda decirse que es hard techno, pero en mis sesiones tambi\u00e9n oir\u00e1s psytechno, rawstyle, schranz, hardstyle, new rave, gabba, hardgroove y mucho m\u00e1s. <\/p>\n\n<p><strong>TechnoMag<\/strong>: \u00bfPuedes hablarnos un poco de tu proceso creativo como productor?\n\u00bfC\u00f3mo enfocas la creaci\u00f3n de un nuevo tema? <\/p>\n\n<p><strong>Joanna Coelho<\/strong>: Normalmente empiezo con la bater\u00eda y luego a\u00f1ado la melod\u00eda.\nCreo un bucle convincente y luego construyo una estructura b\u00e1sica.\nDespu\u00e9s, defino las melod\u00edas, las voces y la atm\u00f3sfera general del tema.\nEn esta fase, la canci\u00f3n probablemente tenga un nombre relacionado con su tema.\nDespu\u00e9s de afinarla mucho, escucharla y probarla, a veces la toco en el estudio.\nSi el tema parece prometedor, lo presento como maqueta; si no, sigo trabajando en \u00e9l o paso a otra cosa.     <\/p>\n\n<p><strong>TechnoMag<\/strong>: \u00bfQu\u00e9 programas, equipos o instrumentos utilizas para producir tu m\u00fasica?<\/p>\n\n<p><strong>Joanna Coelho<\/strong>: Utilizo Ableton para la producci\u00f3n, con un micro Shure y un teclado midi AKAI.\nA veces utilizo el TD3 de Behringer para crear bucles para actuaciones en directo y lo mapeo todo al APC40. <\/p>\n\n<p><strong>TechnoMag<\/strong>: \u00bfCu\u00e1l es tu DAW favorito y qu\u00e9 VST recomiendas?<\/p>\n\n<p><strong>Joanna Coelho<\/strong>: Mi DAW favorito es Ableton, y entre los VST que utilizo a menudo est\u00e1n Serum, Vital, Rave Generator, Izotope, Ozone, Nectar y muchos otros.<\/p>\n\n<p><strong>TechnoMag<\/strong>: \u00bfQu\u00e9 consejo dar\u00edas a los j\u00f3venes artistas que quieren introducirse en la industria de la m\u00fasica electr\u00f3nica como DJ\/productor?<\/p>\n\n<p><strong>Joanna Coelho<\/strong>: Sum\u00e9rgete en tu amor por la m\u00fasica.\nConf\u00eda en tu capacidad para ser \u00fanica y construye tu imagen en torno a ella. <\/p>\n\n<p><strong>TechnoMag<\/strong>: \u00bfQu\u00e9 aspectos t\u00e9cnicos o art\u00edsticos crees que es importante desarrollar para progresar como DJ\/productor?<\/p>\n\n<p><strong>Joanna Coelho<\/strong>: No existe una f\u00f3rmula m\u00e1gica, pero es importante expresar a trav\u00e9s del sonido y la imagen lo que caracteriza tu arte.\nTodos tenemos una personalidad y un gusto particulares, y es interesante impregnar tu arte de esa esencia, porque dar\u00e1 forma a todo lo que produzcas. <\/p>\n\n<p><strong>TechnoMag<\/strong>: \u00bfCu\u00e1les son tus planes y objetivos de futuro?<\/p>\n\n<p><strong>Joanna Coelho<\/strong>: Espero llevar mis actuaciones al siguiente nivel y estoy planeando desarrollar un conjunto en directo para 2025.<\/p>\n<div class=\"wp-block-image\">\n<figure class=\"aligncenter size-large\"><img fetchpriority=\"high\" decoding=\"async\" width=\"1024\" height=\"576\" src=\"https:\/\/www.technomag.fr\/wp-content\/uploads\/2024\/09\/Joanna-Soundwaves-summer-13-1024x576.jpg\" alt=\"\" class=\"wp-image-15925\" srcset=\"https:\/\/www.technomag.fr\/wp-content\/uploads\/2024\/09\/Joanna-Soundwaves-summer-13-1024x576.jpg 1024w, https:\/\/www.technomag.fr\/wp-content\/uploads\/2024\/09\/Joanna-Soundwaves-summer-13-600x338.jpg 600w, https:\/\/www.technomag.fr\/wp-content\/uploads\/2024\/09\/Joanna-Soundwaves-summer-13-300x169.jpg 300w, https:\/\/www.technomag.fr\/wp-content\/uploads\/2024\/09\/Joanna-Soundwaves-summer-13-768x432.jpg 768w, https:\/\/www.technomag.fr\/wp-content\/uploads\/2024\/09\/Joanna-Soundwaves-summer-13-1536x864.jpg 1536w, https:\/\/www.technomag.fr\/wp-content\/uploads\/2024\/09\/Joanna-Soundwaves-summer-13-2048x1152.jpg 2048w, https:\/\/www.technomag.fr\/wp-content\/uploads\/2024\/09\/Joanna-Soundwaves-summer-13-150x84.jpg 150w\" sizes=\"(max-width: 1024px) 100vw, 1024px\" \/><figcaption class=\"wp-element-caption\">Joanna Coelho @ Festival Sound Waves, Portugal, 2024<\/figcaption><\/figure>\n<\/div>\n<p>Con sus en\u00e9rgicas actuaciones y din\u00e1micas creaciones musicales, <strong>Joanna Coelho<\/strong> es una artista a tener en cuenta.\nSu <strong>EP \u00abMake Your Move\u00bb<\/strong>, que saldr\u00e1 en T Minus Records, promete incisivos sonidos hard techno, al igual que su proyecto <strong>\u00abBack to the Rave<\/strong>\u00ab.\nYa sea como DJ o como productora, Joanna ampl\u00eda constantemente los l\u00edmites de la m\u00fasica electr\u00f3nica, aportando un toque personal y aut\u00e9ntico a cada una de sus actuaciones.\nNo dejes de consultar estos dos EP, que encarnan a la perfecci\u00f3n la energ\u00eda y la pasi\u00f3n que Joanna aporta a su arte.   <\/p>\n\n\n<div class=\"kk-star-ratings kksr-auto kksr-align-center kksr-valign-bottom\"\n    data-payload='{&quot;align&quot;:&quot;center&quot;,&quot;id&quot;:&quot;16076&quot;,&quot;slug&quot;:&quot;default&quot;,&quot;valign&quot;:&quot;bottom&quot;,&quot;ignore&quot;:&quot;&quot;,&quot;reference&quot;:&quot;auto&quot;,&quot;class&quot;:&quot;&quot;,&quot;count&quot;:&quot;0&quot;,&quot;legendonly&quot;:&quot;&quot;,&quot;readonly&quot;:&quot;&quot;,&quot;score&quot;:&quot;0&quot;,&quot;starsonly&quot;:&quot;&quot;,&quot;best&quot;:&quot;5&quot;,&quot;gap&quot;:&quot;5&quot;,&quot;greet&quot;:&quot;Noter cet article&quot;,&quot;legend&quot;:&quot;0\\\/5 - (0 votos)&quot;,&quot;size&quot;:&quot;24&quot;,&quot;title&quot;:&quot;Joanna Coelho: Descubre su trayectoria, entrevista y el lanzamiento de su EP \\u0026quot;Back to the Rave\\u0026quot;.&quot;,&quot;width&quot;:&quot;0&quot;,&quot;_legend&quot;:&quot;{score}\\\/{best} - ({count} {votes})&quot;,&quot;font_factor&quot;:&quot;1.25&quot;}'>\n            \n<div class=\"kksr-stars\">\n    \n<div class=\"kksr-stars-inactive\">\n            <div class=\"kksr-star\" data-star=\"1\" style=\"padding-right: 5px\">\n            \n\n<div class=\"kksr-icon\" style=\"width: 24px; height: 24px;\"><\/div>\n        <\/div>\n            <div class=\"kksr-star\" data-star=\"2\" style=\"padding-right: 5px\">\n            \n\n<div class=\"kksr-icon\" style=\"width: 24px; height: 24px;\"><\/div>\n        <\/div>\n            <div class=\"kksr-star\" data-star=\"3\" style=\"padding-right: 5px\">\n            \n\n<div class=\"kksr-icon\" style=\"width: 24px; height: 24px;\"><\/div>\n        <\/div>\n            <div class=\"kksr-star\" data-star=\"4\" style=\"padding-right: 5px\">\n            \n\n<div class=\"kksr-icon\" style=\"width: 24px; height: 24px;\"><\/div>\n        <\/div>\n            <div class=\"kksr-star\" data-star=\"5\" style=\"padding-right: 5px\">\n            \n\n<div class=\"kksr-icon\" style=\"width: 24px; height: 24px;\"><\/div>\n        <\/div>\n    <\/div>\n    \n<div class=\"kksr-stars-active\" style=\"width: 0px;\">\n            <div class=\"kksr-star\" style=\"padding-right: 5px\">\n            \n\n<div class=\"kksr-icon\" style=\"width: 24px; height: 24px;\"><\/div>\n        <\/div>\n            <div class=\"kksr-star\" style=\"padding-right: 5px\">\n            \n\n<div class=\"kksr-icon\" style=\"width: 24px; height: 24px;\"><\/div>\n        <\/div>\n            <div class=\"kksr-star\" style=\"padding-right: 5px\">\n            \n\n<div class=\"kksr-icon\" style=\"width: 24px; height: 24px;\"><\/div>\n        <\/div>\n            <div class=\"kksr-star\" style=\"padding-right: 5px\">\n            \n\n<div class=\"kksr-icon\" style=\"width: 24px; height: 24px;\"><\/div>\n        <\/div>\n            <div class=\"kksr-star\" style=\"padding-right: 5px\">\n            \n\n<div class=\"kksr-icon\" style=\"width: 24px; height: 24px;\"><\/div>\n        <\/div>\n    <\/div>\n<\/div>\n                \n\n<div class=\"kksr-legend\" style=\"font-size: 19.2px;\">\n            <span class=\"kksr-muted\">Noter cet article<\/span>\n    <\/div>\n    <\/div>\n","protected":false},"excerpt":{"rendered":"<p>Nacida en Curitiba, en el sur de Brasil, Joanna Coelho desarroll\u00f3 r\u00e1pidamente su pasi\u00f3n por la m\u00fasica electr\u00f3nica. Con s\u00f3lo 17 a\u00f1os, se gradu\u00f3 en laAcademia Internacional de M\u00fasica Electr\u00f3nica (AIMEC) de Curitiba, lo que marc\u00f3 el inicio de su viaje en este universo musical. En 2012, se traslad\u00f3 a Holanda, donde complet\u00f3 un curso [&hellip;]<\/p>\n","protected":false},"author":3,"featured_media":15920,"comment_status":"closed","ping_status":"closed","sticky":false,"template":"","format":"standard","meta":{"_acf_changed":false,"footnotes":""},"categories":[863,860],"tags":[],"class_list":["post-16076","post","type-post","status-publish","format-standard","has-post-thumbnail","hentry","category-artistas-sellos","category-entrevistas"],"acf":[],"yoast_head":"<!-- This site is optimized with the Yoast SEO plugin v27.5 - https:\/\/yoast.com\/product\/yoast-seo-wordpress\/ -->\n<title>Joanna Coelho: antecedentes, entrevista y el lanzamiento de su EP &quot;Back to the Rave&quot;.<\/title>\n<meta name=\"robots\" content=\"index, follow, max-snippet:-1, max-image-preview:large, max-video-preview:-1\" \/>\n<link rel=\"canonical\" href=\"https:\/\/www.technomag.fr\/es\/joanna-coelho-descubre-su-trayectoria-entrevista-y-el-lanzamiento-de-su-ep-back-to-the-rave\/\" \/>\n<meta property=\"og:locale\" content=\"es_ES\" \/>\n<meta property=\"og:type\" content=\"article\" \/>\n<meta property=\"og:title\" content=\"Joanna Coelho: antecedentes, entrevista y el lanzamiento de su EP &quot;Back to the Rave&quot;.\" \/>\n<meta property=\"og:description\" content=\"Nacida en Curitiba, en el sur de Brasil, Joanna Coelho desarroll\u00f3 r\u00e1pidamente su pasi\u00f3n por la m\u00fasica electr\u00f3nica. Con s\u00f3lo 17 a\u00f1os, se gradu\u00f3 en laAcademia Internacional de M\u00fasica Electr\u00f3nica (AIMEC) de Curitiba, lo que marc\u00f3 el inicio de su viaje en este universo musical. En 2012, se traslad\u00f3 a Holanda, donde complet\u00f3 un curso [&hellip;]\" \/>\n<meta property=\"og:url\" content=\"https:\/\/www.technomag.fr\/es\/joanna-coelho-descubre-su-trayectoria-entrevista-y-el-lanzamiento-de-su-ep-back-to-the-rave\/\" \/>\n<meta property=\"og:site_name\" content=\"Techno Mag\" \/>\n<meta property=\"article:published_time\" content=\"2024-10-02T08:00:00+00:00\" \/>\n<meta property=\"article:modified_time\" content=\"2024-10-03T00:55:36+00:00\" \/>\n<meta property=\"og:image\" content=\"https:\/\/www.technomag.fr\/wp-content\/uploads\/2024\/09\/EstenopeicaStudios_JoannaC-20-683x1024.jpg\" \/>\n\t<meta property=\"og:image:width\" content=\"683\" \/>\n\t<meta property=\"og:image:height\" content=\"1024\" \/>\n\t<meta property=\"og:image:type\" content=\"image\/jpeg\" \/>\n<meta name=\"author\" content=\"Eric\" \/>\n<meta name=\"twitter:card\" content=\"summary_large_image\" \/>\n<meta name=\"twitter:label1\" content=\"Escrito por\" \/>\n\t<meta name=\"twitter:data1\" content=\"Eric\" \/>\n\t<meta name=\"twitter:label2\" content=\"Tiempo de lectura\" \/>\n\t<meta name=\"twitter:data2\" content=\"5 minutos\" \/>\n<script type=\"application\/ld+json\" class=\"yoast-schema-graph\">{\"@context\":\"https:\\\/\\\/schema.org\",\"@graph\":[{\"@type\":\"Article\",\"@id\":\"https:\\\/\\\/www.technomag.fr\\\/es\\\/joanna-coelho-descubre-su-trayectoria-entrevista-y-el-lanzamiento-de-su-ep-back-to-the-rave\\\/#article\",\"isPartOf\":{\"@id\":\"https:\\\/\\\/www.technomag.fr\\\/es\\\/joanna-coelho-descubre-su-trayectoria-entrevista-y-el-lanzamiento-de-su-ep-back-to-the-rave\\\/\"},\"author\":{\"name\":\"Eric\",\"@id\":\"https:\\\/\\\/www.technomag.fr\\\/#\\\/schema\\\/person\\\/5184db1055c64729cb8595a8e9d23e9e\"},\"headline\":\"Joanna Coelho: Descubre su trayectoria, entrevista y el lanzamiento de su EP \u00abBack to the Rave\u00bb.\",\"datePublished\":\"2024-10-02T08:00:00+00:00\",\"dateModified\":\"2024-10-03T00:55:36+00:00\",\"mainEntityOfPage\":{\"@id\":\"https:\\\/\\\/www.technomag.fr\\\/es\\\/joanna-coelho-descubre-su-trayectoria-entrevista-y-el-lanzamiento-de-su-ep-back-to-the-rave\\\/\"},\"wordCount\":939,\"publisher\":{\"@id\":\"https:\\\/\\\/www.technomag.fr\\\/#organization\"},\"image\":{\"@id\":\"https:\\\/\\\/www.technomag.fr\\\/es\\\/joanna-coelho-descubre-su-trayectoria-entrevista-y-el-lanzamiento-de-su-ep-back-to-the-rave\\\/#primaryimage\"},\"thumbnailUrl\":\"https:\\\/\\\/www.technomag.fr\\\/wp-content\\\/uploads\\\/2024\\\/09\\\/EstenopeicaStudios_JoannaC-20.jpg\",\"articleSection\":[\"Artistas \\\/ Sellos\",\"Entrevistas\"],\"inLanguage\":\"es\"},{\"@type\":\"WebPage\",\"@id\":\"https:\\\/\\\/www.technomag.fr\\\/es\\\/joanna-coelho-descubre-su-trayectoria-entrevista-y-el-lanzamiento-de-su-ep-back-to-the-rave\\\/\",\"url\":\"https:\\\/\\\/www.technomag.fr\\\/es\\\/joanna-coelho-descubre-su-trayectoria-entrevista-y-el-lanzamiento-de-su-ep-back-to-the-rave\\\/\",\"name\":\"Joanna Coelho: antecedentes, entrevista y el lanzamiento de su EP \\\"Back to the Rave\\\".\",\"isPartOf\":{\"@id\":\"https:\\\/\\\/www.technomag.fr\\\/#website\"},\"primaryImageOfPage\":{\"@id\":\"https:\\\/\\\/www.technomag.fr\\\/es\\\/joanna-coelho-descubre-su-trayectoria-entrevista-y-el-lanzamiento-de-su-ep-back-to-the-rave\\\/#primaryimage\"},\"image\":{\"@id\":\"https:\\\/\\\/www.technomag.fr\\\/es\\\/joanna-coelho-descubre-su-trayectoria-entrevista-y-el-lanzamiento-de-su-ep-back-to-the-rave\\\/#primaryimage\"},\"thumbnailUrl\":\"https:\\\/\\\/www.technomag.fr\\\/wp-content\\\/uploads\\\/2024\\\/09\\\/EstenopeicaStudios_JoannaC-20.jpg\",\"datePublished\":\"2024-10-02T08:00:00+00:00\",\"dateModified\":\"2024-10-03T00:55:36+00:00\",\"breadcrumb\":{\"@id\":\"https:\\\/\\\/www.technomag.fr\\\/es\\\/joanna-coelho-descubre-su-trayectoria-entrevista-y-el-lanzamiento-de-su-ep-back-to-the-rave\\\/#breadcrumb\"},\"inLanguage\":\"es\",\"potentialAction\":[{\"@type\":\"ReadAction\",\"target\":[\"https:\\\/\\\/www.technomag.fr\\\/es\\\/joanna-coelho-descubre-su-trayectoria-entrevista-y-el-lanzamiento-de-su-ep-back-to-the-rave\\\/\"]}]},{\"@type\":\"ImageObject\",\"inLanguage\":\"es\",\"@id\":\"https:\\\/\\\/www.technomag.fr\\\/es\\\/joanna-coelho-descubre-su-trayectoria-entrevista-y-el-lanzamiento-de-su-ep-back-to-the-rave\\\/#primaryimage\",\"url\":\"https:\\\/\\\/www.technomag.fr\\\/wp-content\\\/uploads\\\/2024\\\/09\\\/EstenopeicaStudios_JoannaC-20.jpg\",\"contentUrl\":\"https:\\\/\\\/www.technomag.fr\\\/wp-content\\\/uploads\\\/2024\\\/09\\\/EstenopeicaStudios_JoannaC-20.jpg\",\"width\":3648,\"height\":5472},{\"@type\":\"BreadcrumbList\",\"@id\":\"https:\\\/\\\/www.technomag.fr\\\/es\\\/joanna-coelho-descubre-su-trayectoria-entrevista-y-el-lanzamiento-de-su-ep-back-to-the-rave\\\/#breadcrumb\",\"itemListElement\":[{\"@type\":\"ListItem\",\"position\":1,\"name\":\"Accueil\",\"item\":\"https:\\\/\\\/www.technomag.fr\\\/es\\\/revista-techno\\\/\"},{\"@type\":\"ListItem\",\"position\":2,\"name\":\"Joanna Coelho: Descubre su trayectoria, entrevista y el lanzamiento de su EP &#8220;Back to the Rave&#8221;.\"}]},{\"@type\":\"WebSite\",\"@id\":\"https:\\\/\\\/www.technomag.fr\\\/#website\",\"url\":\"https:\\\/\\\/www.technomag.fr\\\/\",\"name\":\"Techno Mag\",\"description\":\"Le magazine underground de r\u00e9f\u00e9rence pour la techno\",\"publisher\":{\"@id\":\"https:\\\/\\\/www.technomag.fr\\\/#organization\"},\"potentialAction\":[{\"@type\":\"SearchAction\",\"target\":{\"@type\":\"EntryPoint\",\"urlTemplate\":\"https:\\\/\\\/www.technomag.fr\\\/?s={search_term_string}\"},\"query-input\":{\"@type\":\"PropertyValueSpecification\",\"valueRequired\":true,\"valueName\":\"search_term_string\"}}],\"inLanguage\":\"es\"},{\"@type\":\"Organization\",\"@id\":\"https:\\\/\\\/www.technomag.fr\\\/#organization\",\"name\":\"Techno Mag\",\"url\":\"https:\\\/\\\/www.technomag.fr\\\/\",\"logo\":{\"@type\":\"ImageObject\",\"inLanguage\":\"es\",\"@id\":\"https:\\\/\\\/www.technomag.fr\\\/#\\\/schema\\\/logo\\\/image\\\/\",\"url\":\"https:\\\/\\\/www.technomag.fr\\\/wp-content\\\/uploads\\\/2023\\\/04\\\/TECHNO-e1681225415918.png\",\"contentUrl\":\"https:\\\/\\\/www.technomag.fr\\\/wp-content\\\/uploads\\\/2023\\\/04\\\/TECHNO-e1681225415918.png\",\"width\":500,\"height\":113,\"caption\":\"Techno Mag\"},\"image\":{\"@id\":\"https:\\\/\\\/www.technomag.fr\\\/#\\\/schema\\\/logo\\\/image\\\/\"}},{\"@type\":\"Person\",\"@id\":\"https:\\\/\\\/www.technomag.fr\\\/#\\\/schema\\\/person\\\/5184db1055c64729cb8595a8e9d23e9e\",\"name\":\"Eric\",\"image\":{\"@type\":\"ImageObject\",\"inLanguage\":\"es\",\"@id\":\"https:\\\/\\\/www.technomag.fr\\\/wp-content\\\/uploads\\\/2023\\\/12\\\/eric-96x96.jpg\",\"url\":\"https:\\\/\\\/www.technomag.fr\\\/wp-content\\\/uploads\\\/2023\\\/12\\\/eric-96x96.jpg\",\"contentUrl\":\"https:\\\/\\\/www.technomag.fr\\\/wp-content\\\/uploads\\\/2023\\\/12\\\/eric-96x96.jpg\",\"caption\":\"Eric\"},\"description\":\"Eric, le capitaine du navire TechnoMag, est d\u00e9veloppeur web, consultant SEO, r\u00e9dacteur de metier, et surtout fanatique de musique ! Depuis l'enfance, il est attir\u00e9 par les basses et les kicks, passant des heures \u00e0 \u00e9couter et jouer sur machines pour le plaisir, avec son fr\u00e8re et ses amis, depuis plus de dix ans. Globe-trotteur, il a explor\u00e9 des free parties sauvages et ill\u00e9gales jusqu\u2019aux plus grands festivals internationaux. Dans son pass\u00e9, il a aussi \u00e9t\u00e9 VJ et impliqu\u00e9 dans l'organisation de soir\u00e9es pas toujours vraiment autoris\u00e9es. Aujourd'hui, il aime capturer l'\u00e9nergie des \u00e9v\u00e9nements pour la retranscrire aux autres, que ce soit derri\u00e8re l'appareil photo, la cam\u00e9ra, ou en r\u00e9digeant un article. Avec quelques missions b\u00e9n\u00e9voles \u00e0 son actif et une association toute neuve, il r\u00eave d'un lieu autonome o\u00f9 chacun pourrait balancer son set sans craindre de perdre son matos.\",\"sameAs\":[\"https:\\\/\\\/www.instagram.com\\\/technomag.fr\\\/\",\"https:\\\/\\\/www.linkedin.com\\\/in\\\/boulangereric\\\/\"],\"url\":\"https:\\\/\\\/www.technomag.fr\\\/es\\\/redacteur\\\/eric-2\\\/\"}]}<\/script>\n<!-- \/ Yoast SEO plugin. -->","yoast_head_json":{"title":"Joanna Coelho: antecedentes, entrevista y el lanzamiento de su EP \"Back to the Rave\".","robots":{"index":"index","follow":"follow","max-snippet":"max-snippet:-1","max-image-preview":"max-image-preview:large","max-video-preview":"max-video-preview:-1"},"canonical":"https:\/\/www.technomag.fr\/es\/joanna-coelho-descubre-su-trayectoria-entrevista-y-el-lanzamiento-de-su-ep-back-to-the-rave\/","og_locale":"es_ES","og_type":"article","og_title":"Joanna Coelho: antecedentes, entrevista y el lanzamiento de su EP \"Back to the Rave\".","og_description":"Nacida en Curitiba, en el sur de Brasil, Joanna Coelho desarroll\u00f3 r\u00e1pidamente su pasi\u00f3n por la m\u00fasica electr\u00f3nica. Con s\u00f3lo 17 a\u00f1os, se gradu\u00f3 en laAcademia Internacional de M\u00fasica Electr\u00f3nica (AIMEC) de Curitiba, lo que marc\u00f3 el inicio de su viaje en este universo musical. En 2012, se traslad\u00f3 a Holanda, donde complet\u00f3 un curso [&hellip;]","og_url":"https:\/\/www.technomag.fr\/es\/joanna-coelho-descubre-su-trayectoria-entrevista-y-el-lanzamiento-de-su-ep-back-to-the-rave\/","og_site_name":"Techno Mag","article_published_time":"2024-10-02T08:00:00+00:00","article_modified_time":"2024-10-03T00:55:36+00:00","og_image":[{"width":683,"height":1024,"url":"https:\/\/www.technomag.fr\/wp-content\/uploads\/2024\/09\/EstenopeicaStudios_JoannaC-20-683x1024.jpg","type":"image\/jpeg"}],"author":"Eric","twitter_card":"summary_large_image","twitter_misc":{"Escrito por":"Eric","Tiempo de lectura":"5 minutos"},"schema":{"@context":"https:\/\/schema.org","@graph":[{"@type":"Article","@id":"https:\/\/www.technomag.fr\/es\/joanna-coelho-descubre-su-trayectoria-entrevista-y-el-lanzamiento-de-su-ep-back-to-the-rave\/#article","isPartOf":{"@id":"https:\/\/www.technomag.fr\/es\/joanna-coelho-descubre-su-trayectoria-entrevista-y-el-lanzamiento-de-su-ep-back-to-the-rave\/"},"author":{"name":"Eric","@id":"https:\/\/www.technomag.fr\/#\/schema\/person\/5184db1055c64729cb8595a8e9d23e9e"},"headline":"Joanna Coelho: Descubre su trayectoria, entrevista y el lanzamiento de su EP \u00abBack to the Rave\u00bb.","datePublished":"2024-10-02T08:00:00+00:00","dateModified":"2024-10-03T00:55:36+00:00","mainEntityOfPage":{"@id":"https:\/\/www.technomag.fr\/es\/joanna-coelho-descubre-su-trayectoria-entrevista-y-el-lanzamiento-de-su-ep-back-to-the-rave\/"},"wordCount":939,"publisher":{"@id":"https:\/\/www.technomag.fr\/#organization"},"image":{"@id":"https:\/\/www.technomag.fr\/es\/joanna-coelho-descubre-su-trayectoria-entrevista-y-el-lanzamiento-de-su-ep-back-to-the-rave\/#primaryimage"},"thumbnailUrl":"https:\/\/www.technomag.fr\/wp-content\/uploads\/2024\/09\/EstenopeicaStudios_JoannaC-20.jpg","articleSection":["Artistas \/ Sellos","Entrevistas"],"inLanguage":"es"},{"@type":"WebPage","@id":"https:\/\/www.technomag.fr\/es\/joanna-coelho-descubre-su-trayectoria-entrevista-y-el-lanzamiento-de-su-ep-back-to-the-rave\/","url":"https:\/\/www.technomag.fr\/es\/joanna-coelho-descubre-su-trayectoria-entrevista-y-el-lanzamiento-de-su-ep-back-to-the-rave\/","name":"Joanna Coelho: antecedentes, entrevista y el lanzamiento de su EP \"Back to the Rave\".","isPartOf":{"@id":"https:\/\/www.technomag.fr\/#website"},"primaryImageOfPage":{"@id":"https:\/\/www.technomag.fr\/es\/joanna-coelho-descubre-su-trayectoria-entrevista-y-el-lanzamiento-de-su-ep-back-to-the-rave\/#primaryimage"},"image":{"@id":"https:\/\/www.technomag.fr\/es\/joanna-coelho-descubre-su-trayectoria-entrevista-y-el-lanzamiento-de-su-ep-back-to-the-rave\/#primaryimage"},"thumbnailUrl":"https:\/\/www.technomag.fr\/wp-content\/uploads\/2024\/09\/EstenopeicaStudios_JoannaC-20.jpg","datePublished":"2024-10-02T08:00:00+00:00","dateModified":"2024-10-03T00:55:36+00:00","breadcrumb":{"@id":"https:\/\/www.technomag.fr\/es\/joanna-coelho-descubre-su-trayectoria-entrevista-y-el-lanzamiento-de-su-ep-back-to-the-rave\/#breadcrumb"},"inLanguage":"es","potentialAction":[{"@type":"ReadAction","target":["https:\/\/www.technomag.fr\/es\/joanna-coelho-descubre-su-trayectoria-entrevista-y-el-lanzamiento-de-su-ep-back-to-the-rave\/"]}]},{"@type":"ImageObject","inLanguage":"es","@id":"https:\/\/www.technomag.fr\/es\/joanna-coelho-descubre-su-trayectoria-entrevista-y-el-lanzamiento-de-su-ep-back-to-the-rave\/#primaryimage","url":"https:\/\/www.technomag.fr\/wp-content\/uploads\/2024\/09\/EstenopeicaStudios_JoannaC-20.jpg","contentUrl":"https:\/\/www.technomag.fr\/wp-content\/uploads\/2024\/09\/EstenopeicaStudios_JoannaC-20.jpg","width":3648,"height":5472},{"@type":"BreadcrumbList","@id":"https:\/\/www.technomag.fr\/es\/joanna-coelho-descubre-su-trayectoria-entrevista-y-el-lanzamiento-de-su-ep-back-to-the-rave\/#breadcrumb","itemListElement":[{"@type":"ListItem","position":1,"name":"Accueil","item":"https:\/\/www.technomag.fr\/es\/revista-techno\/"},{"@type":"ListItem","position":2,"name":"Joanna Coelho: Descubre su trayectoria, entrevista y el lanzamiento de su EP &#8220;Back to the Rave&#8221;."}]},{"@type":"WebSite","@id":"https:\/\/www.technomag.fr\/#website","url":"https:\/\/www.technomag.fr\/","name":"Techno Mag","description":"Le magazine underground de r\u00e9f\u00e9rence pour la techno","publisher":{"@id":"https:\/\/www.technomag.fr\/#organization"},"potentialAction":[{"@type":"SearchAction","target":{"@type":"EntryPoint","urlTemplate":"https:\/\/www.technomag.fr\/?s={search_term_string}"},"query-input":{"@type":"PropertyValueSpecification","valueRequired":true,"valueName":"search_term_string"}}],"inLanguage":"es"},{"@type":"Organization","@id":"https:\/\/www.technomag.fr\/#organization","name":"Techno Mag","url":"https:\/\/www.technomag.fr\/","logo":{"@type":"ImageObject","inLanguage":"es","@id":"https:\/\/www.technomag.fr\/#\/schema\/logo\/image\/","url":"https:\/\/www.technomag.fr\/wp-content\/uploads\/2023\/04\/TECHNO-e1681225415918.png","contentUrl":"https:\/\/www.technomag.fr\/wp-content\/uploads\/2023\/04\/TECHNO-e1681225415918.png","width":500,"height":113,"caption":"Techno Mag"},"image":{"@id":"https:\/\/www.technomag.fr\/#\/schema\/logo\/image\/"}},{"@type":"Person","@id":"https:\/\/www.technomag.fr\/#\/schema\/person\/5184db1055c64729cb8595a8e9d23e9e","name":"Eric","image":{"@type":"ImageObject","inLanguage":"es","@id":"https:\/\/www.technomag.fr\/wp-content\/uploads\/2023\/12\/eric-96x96.jpg","url":"https:\/\/www.technomag.fr\/wp-content\/uploads\/2023\/12\/eric-96x96.jpg","contentUrl":"https:\/\/www.technomag.fr\/wp-content\/uploads\/2023\/12\/eric-96x96.jpg","caption":"Eric"},"description":"Eric, le capitaine du navire TechnoMag, est d\u00e9veloppeur web, consultant SEO, r\u00e9dacteur de metier, et surtout fanatique de musique ! Depuis l'enfance, il est attir\u00e9 par les basses et les kicks, passant des heures \u00e0 \u00e9couter et jouer sur machines pour le plaisir, avec son fr\u00e8re et ses amis, depuis plus de dix ans. Globe-trotteur, il a explor\u00e9 des free parties sauvages et ill\u00e9gales jusqu\u2019aux plus grands festivals internationaux. Dans son pass\u00e9, il a aussi \u00e9t\u00e9 VJ et impliqu\u00e9 dans l'organisation de soir\u00e9es pas toujours vraiment autoris\u00e9es. Aujourd'hui, il aime capturer l'\u00e9nergie des \u00e9v\u00e9nements pour la retranscrire aux autres, que ce soit derri\u00e8re l'appareil photo, la cam\u00e9ra, ou en r\u00e9digeant un article. Avec quelques missions b\u00e9n\u00e9voles \u00e0 son actif et une association toute neuve, il r\u00eave d'un lieu autonome o\u00f9 chacun pourrait balancer son set sans craindre de perdre son matos.","sameAs":["https:\/\/www.instagram.com\/technomag.fr\/","https:\/\/www.linkedin.com\/in\/boulangereric\/"],"url":"https:\/\/www.technomag.fr\/es\/redacteur\/eric-2\/"}]}},"_links":{"self":[{"href":"https:\/\/www.technomag.fr\/es\/wp-json\/wp\/v2\/posts\/16076","targetHints":{"allow":["GET"]}}],"collection":[{"href":"https:\/\/www.technomag.fr\/es\/wp-json\/wp\/v2\/posts"}],"about":[{"href":"https:\/\/www.technomag.fr\/es\/wp-json\/wp\/v2\/types\/post"}],"author":[{"embeddable":true,"href":"https:\/\/www.technomag.fr\/es\/wp-json\/wp\/v2\/users\/3"}],"replies":[{"embeddable":true,"href":"https:\/\/www.technomag.fr\/es\/wp-json\/wp\/v2\/comments?post=16076"}],"version-history":[{"count":1,"href":"https:\/\/www.technomag.fr\/es\/wp-json\/wp\/v2\/posts\/16076\/revisions"}],"predecessor-version":[{"id":16077,"href":"https:\/\/www.technomag.fr\/es\/wp-json\/wp\/v2\/posts\/16076\/revisions\/16077"}],"wp:featuredmedia":[{"embeddable":true,"href":"https:\/\/www.technomag.fr\/es\/wp-json\/wp\/v2\/media\/15920"}],"wp:attachment":[{"href":"https:\/\/www.technomag.fr\/es\/wp-json\/wp\/v2\/media?parent=16076"}],"wp:term":[{"taxonomy":"category","embeddable":true,"href":"https:\/\/www.technomag.fr\/es\/wp-json\/wp\/v2\/categories?post=16076"},{"taxonomy":"post_tag","embeddable":true,"href":"https:\/\/www.technomag.fr\/es\/wp-json\/wp\/v2\/tags?post=16076"}],"curies":[{"name":"wp","href":"https:\/\/api.w.org\/{rel}","templated":true}]}}