
{"id":15424,"date":"2023-08-26T20:27:00","date_gmt":"2023-08-26T19:27:00","guid":{"rendered":"https:\/\/www.technomag.fr\/el-techno-berlines-declarado-patrimonio-de-la-humanidad-por-la-unesco\/"},"modified":"2024-08-28T11:03:15","modified_gmt":"2024-08-28T10:03:15","slug":"el-techno-berlines-declarado-patrimonio-de-la-humanidad-por-la-unesco","status":"publish","type":"post","link":"https:\/\/www.technomag.fr\/es\/el-techno-berlines-declarado-patrimonio-de-la-humanidad-por-la-unesco\/","title":{"rendered":"El techno berlin\u00e9s declarado Patrimonio de la Humanidad por la UNESCO"},"content":{"rendered":"\n<p>La escena musical de Berl\u00edn siempre ha estado a la vanguardia de la innovaci\u00f3n y la creatividad.\nHoy recibe reconocimiento mundial con la inclusi\u00f3n del techno berlin\u00e9s en el Patrimonio Cultural Inmaterial de la Humanidad de la UNESCO.\nEste art\u00edculo explora qu\u00e9 hace que esta m\u00fasica sea tan singular y su impacto en la cultura mundial.  <\/p>\n\n<p>Desde la d\u00e9cada de 1990, el techno berlin\u00e9s se ha consolidado como un movimiento musical emblem\u00e1tico.\nEste reconocimiento de la UNESCO subraya no s\u00f3lo su importancia cultural, sino tambi\u00e9n los valores de diversidad, respeto y apertura que encarna.\nNo es s\u00f3lo un g\u00e9nero musical, sino una cultura que se ha desarrollado y evolucionado a lo largo de las d\u00e9cadas.  <\/p>\n\n<div id=\"ez-toc-container\" class=\"ez-toc-v2_0_82_2 ez-toc-wrap-center counter-hierarchy ez-toc-counter ez-toc-custom ez-toc-container-direction\">\n<div class=\"ez-toc-title-container\">\n<p class=\"ez-toc-title\" style=\"cursor:inherit\">Sommaire<\/p>\n<span class=\"ez-toc-title-toggle\"><a href=\"#\" class=\"ez-toc-pull-right ez-toc-btn ez-toc-btn-xs ez-toc-btn-default ez-toc-toggle\" aria-label=\"Alternar tabla de contenidos\"><span class=\"ez-toc-js-icon-con\"><span class=\"\"><span class=\"eztoc-hide\" style=\"display:none;\">Toggle<\/span><span class=\"ez-toc-icon-toggle-span\"><svg style=\"fill: #ffffff;color:#ffffff\" xmlns=\"http:\/\/www.w3.org\/2000\/svg\" class=\"list-377408\" width=\"20px\" height=\"20px\" viewBox=\"0 0 24 24\" fill=\"none\"><path d=\"M6 6H4v2h2V6zm14 0H8v2h12V6zM4 11h2v2H4v-2zm16 0H8v2h12v-2zM4 16h2v2H4v-2zm16 0H8v2h12v-2z\" fill=\"currentColor\"><\/path><\/svg><svg style=\"fill: #ffffff;color:#ffffff\" class=\"arrow-unsorted-368013\" xmlns=\"http:\/\/www.w3.org\/2000\/svg\" width=\"10px\" height=\"10px\" viewBox=\"0 0 24 24\" version=\"1.2\" baseProfile=\"tiny\"><path d=\"M18.2 9.3l-6.2-6.3-6.2 6.3c-.2.2-.3.4-.3.7s.1.5.3.7c.2.2.4.3.7.3h11c.3 0 .5-.1.7-.3.2-.2.3-.5.3-.7s-.1-.5-.3-.7zM5.8 14.7l6.2 6.3 6.2-6.3c.2-.2.3-.5.3-.7s-.1-.5-.3-.7c-.2-.2-.4-.3-.7-.3h-11c-.3 0-.5.1-.7.3-.2.2-.3.5-.3.7s.1.5.3.7z\"\/><\/svg><\/span><\/span><\/span><\/a><\/span><\/div>\n<nav><ul class='ez-toc-list ez-toc-list-level-1 ' ><li class='ez-toc-page-1 ez-toc-heading-level-2'><a class=\"ez-toc-link ez-toc-heading-1\" href=\"https:\/\/www.technomag.fr\/es\/el-techno-berlines-declarado-patrimonio-de-la-humanidad-por-la-unesco\/#Breve_historia_del_techno_berlines\" >Breve historia del techno berlin\u00e9s<\/a><\/li><li class='ez-toc-page-1 ez-toc-heading-level-2'><a class=\"ez-toc-link ez-toc-heading-2\" href=\"https:\/\/www.technomag.fr\/es\/el-techno-berlines-declarado-patrimonio-de-la-humanidad-por-la-unesco\/#El_impacto_cultural_del_techno_berlines\" >El impacto cultural del techno berlin\u00e9s<\/a><\/li><li class='ez-toc-page-1 ez-toc-heading-level-2'><a class=\"ez-toc-link ez-toc-heading-3\" href=\"https:\/\/www.technomag.fr\/es\/el-techno-berlines-declarado-patrimonio-de-la-humanidad-por-la-unesco\/#Reconocimiento_de_la_UNESCO\" >Reconocimiento de la UNESCO<\/a><\/li><li class='ez-toc-page-1 ez-toc-heading-level-2'><a class=\"ez-toc-link ez-toc-heading-4\" href=\"https:\/\/www.technomag.fr\/es\/el-techno-berlines-declarado-patrimonio-de-la-humanidad-por-la-unesco\/#Conclusion\" >Conclusi\u00f3n<\/a><\/li><\/ul><\/nav><\/div>\n<h2 class=\"wp-block-heading has-text-align-center\"><span class=\"ez-toc-section\" id=\"Breve_historia_del_techno_berlines\"><\/span>Breve historia del techno berlin\u00e9s<span class=\"ez-toc-section-end\"><\/span><\/h2>\n\n<figure class=\"wp-block-embed is-type-video is-provider-youtube wp-block-embed-youtube wp-embed-aspect-16-9 wp-has-aspect-ratio\"><div class=\"wp-block-embed__wrapper\"> \n<iframe title=\"ARTE Berlin, le mur des sons (reportage sur les debuts de la techno a aujourd&#039;hui\" width=\"1080\" height=\"608\" src=\"https:\/\/www.youtube.com\/embed\/pBXeFMX8jXc?feature=oembed\" frameborder=\"0\" allow=\"accelerometer; autoplay; clipboard-write; encrypted-media; gyroscope; picture-in-picture; web-share\" referrerpolicy=\"strict-origin-when-cross-origin\" allowfullscreen><\/iframe>\n <\/div><\/figure>\n\n<h3 class=\"wp-block-heading\">El nacimiento de un movimiento<\/h3>\n\n<p>El techno comenz\u00f3 en Detroit en la d\u00e9cada de 1980, antes de cruzar el Atl\u00e1ntico hacia Europa.\nFue en Berl\u00edn, tras la ca\u00edda del Muro en 1989, donde el g\u00e9nero encontr\u00f3 terreno f\u00e9rtil en el underground de la ciudad.\nLa reunificaci\u00f3n alemana abri\u00f3 nuevos espacios de expresi\u00f3n y libertad, permitiendo el florecimiento del techno.  <\/p>\n\n<h3 class=\"wp-block-heading\">El auge en los a\u00f1os 90<\/h3>\n\n<p>Durante este periodo, Berl\u00edn se convirti\u00f3 en un hervidero para la creaci\u00f3n y difusi\u00f3n del techno.\nSurgieron clubes ic\u00f3nicos como Tresor, Berghain y KitKat, que atra\u00edan a artistas y aficionados de todo el mundo.\nEstos locales se convirtieron r\u00e1pidamente en templos de la m\u00fasica electr\u00f3nica, donde se fomentaba la innovaci\u00f3n y la experimentaci\u00f3n.  <\/p>\n\n<h2 class=\"wp-block-heading has-text-align-center\"><span class=\"ez-toc-section\" id=\"El_impacto_cultural_del_techno_berlines\"><\/span>El impacto cultural del techno berlin\u00e9s<span class=\"ez-toc-section-end\"><\/span><\/h2>\n\n<h3 class=\"wp-block-heading\">Una influencia mundial<\/h3>\n\n<p>El techno berlin\u00e9s no se content\u00f3 con seguir siendo una subcultura local.\nR\u00e1pidamente obtuvo reconocimiento internacional, influyendo en artistas y movimientos de todo el mundo.\nArtistas como Paul Kalkbrenner, Nina Kraviz y Ellen Allien se han convertido en figuras destacadas del g\u00e9nero, llevando sus valores y su est\u00e9tica m\u00e1s all\u00e1 de las fronteras alemanas.  <\/p>\n\n<h3 class=\"wp-block-heading\">El techno como vector de diversidad y libertad<\/h3>\n\n<p>La UNESCO ha reconocido el techno berlin\u00e9s por su papel en la promoci\u00f3n de valores universales como la diversidad, el respeto y la apertura de miras.\nDe hecho, los clubes de techno de Berl\u00edn siempre han sido espacios inclusivos donde se acogen y celebran todas las identidades.\nLa m\u00fasica se considera un medio de expresi\u00f3n y liberaci\u00f3n, que trasciende las barreras culturales y sociales.  <\/p>\n\n<h2 class=\"wp-block-heading has-text-align-center\"><span class=\"ez-toc-section\" id=\"Reconocimiento_de_la_UNESCO\"><\/span>Reconocimiento de la UNESCO<span class=\"ez-toc-section-end\"><\/span><\/h2>\n\n<h3 class=\"wp-block-heading\">Una nueva etapa para el techno berlin\u00e9s<\/h3>\n\n<p>El 13 de marzo de 2024, la UNESCO declar\u00f3 el techno berlin\u00e9s patrimonio cultural inmaterial de la humanidad.\nEste reconocimiento es fruto de varios a\u00f1os de militancia por parte de los implicados en la escena techno, especialmente el fundador de la Loveparade, Dr. Motte.\nMotte.\nEste gesto simb\u00f3lico pone de relieve la importancia de Berl\u00edn en el desarrollo del techno y subraya la riqueza cultural del movimiento.   <\/p>\n\n<h3 class=\"wp-block-heading\">Ventajas del registro<\/h3>\n\n<p>La inclusi\u00f3n de la escena tecno de Berl\u00edn en la Lista del Patrimonio Mundial de la UNESCO conlleva una serie de ventajas.\nEn particular, permitir\u00e1 obtener ayudas para el desarrollo y mantenimiento de esta cultura.\nAdem\u00e1s, este reconocimiento mundial podr\u00eda atraer a Berl\u00edn a m\u00e1s turistas y aficionados al techno, impulsando la econom\u00eda local y el perfil internacional de la ciudad.  <\/p>\n\n<h2 class=\"wp-block-heading\"><span class=\"ez-toc-section\" id=\"Conclusion\"><\/span>Conclusi\u00f3n<span class=\"ez-toc-section-end\"><\/span><\/h2>\n\n<p>El reconocimiento del techno berlin\u00e9s por parte de la UNESCO marca un hito importante en la historia de este movimiento musical.\nIlustra la importancia de la m\u00fasica como veh\u00edculo de valores universales y subraya el papel de Berl\u00edn como centro neur\u00e1lgico de la cultura techno.   <\/p>\n\n<p>Para saber m\u00e1s sobre la escena techno y estar al d\u00eda de las \u00faltimas noticias, visita <a href=\"https:\/\/www.technomag.fr\/es\/\">Technomag.fr<\/a>, tu referencia para la m\u00fasica techno y electro.  <\/p>\n\n<p>La escena techno de Berl\u00edn sigue fuerte, manteni\u00e9ndonos bailando al ritmo de sus ritmos fren\u00e9ticos.\nLa pr\u00f3xima vez que oigas un tema techno, recuerda que se ha convertido en parte integrante de nuestro patrimonio cultural global. <\/p>\n\n<p><\/p>\n\n\n<div class=\"kk-star-ratings kksr-auto kksr-align-center kksr-valign-bottom\"\n    data-payload='{&quot;align&quot;:&quot;center&quot;,&quot;id&quot;:&quot;15424&quot;,&quot;slug&quot;:&quot;default&quot;,&quot;valign&quot;:&quot;bottom&quot;,&quot;ignore&quot;:&quot;&quot;,&quot;reference&quot;:&quot;auto&quot;,&quot;class&quot;:&quot;&quot;,&quot;count&quot;:&quot;0&quot;,&quot;legendonly&quot;:&quot;&quot;,&quot;readonly&quot;:&quot;&quot;,&quot;score&quot;:&quot;0&quot;,&quot;starsonly&quot;:&quot;&quot;,&quot;best&quot;:&quot;5&quot;,&quot;gap&quot;:&quot;5&quot;,&quot;greet&quot;:&quot;Noter cet article&quot;,&quot;legend&quot;:&quot;0\\\/5 - (0 votos)&quot;,&quot;size&quot;:&quot;24&quot;,&quot;title&quot;:&quot;El techno berlin\u00e9s declarado Patrimonio de la Humanidad por la UNESCO&quot;,&quot;width&quot;:&quot;0&quot;,&quot;_legend&quot;:&quot;{score}\\\/{best} - ({count} {votes})&quot;,&quot;font_factor&quot;:&quot;1.25&quot;}'>\n            \n<div class=\"kksr-stars\">\n    \n<div class=\"kksr-stars-inactive\">\n            <div class=\"kksr-star\" data-star=\"1\" style=\"padding-right: 5px\">\n            \n\n<div class=\"kksr-icon\" style=\"width: 24px; height: 24px;\"><\/div>\n        <\/div>\n            <div class=\"kksr-star\" data-star=\"2\" style=\"padding-right: 5px\">\n            \n\n<div class=\"kksr-icon\" style=\"width: 24px; height: 24px;\"><\/div>\n        <\/div>\n            <div class=\"kksr-star\" data-star=\"3\" style=\"padding-right: 5px\">\n            \n\n<div class=\"kksr-icon\" style=\"width: 24px; height: 24px;\"><\/div>\n        <\/div>\n            <div class=\"kksr-star\" data-star=\"4\" style=\"padding-right: 5px\">\n            \n\n<div class=\"kksr-icon\" style=\"width: 24px; height: 24px;\"><\/div>\n        <\/div>\n            <div class=\"kksr-star\" data-star=\"5\" style=\"padding-right: 5px\">\n            \n\n<div class=\"kksr-icon\" style=\"width: 24px; height: 24px;\"><\/div>\n        <\/div>\n    <\/div>\n    \n<div class=\"kksr-stars-active\" style=\"width: 0px;\">\n            <div class=\"kksr-star\" style=\"padding-right: 5px\">\n            \n\n<div class=\"kksr-icon\" style=\"width: 24px; height: 24px;\"><\/div>\n        <\/div>\n            <div class=\"kksr-star\" style=\"padding-right: 5px\">\n            \n\n<div class=\"kksr-icon\" style=\"width: 24px; height: 24px;\"><\/div>\n        <\/div>\n            <div class=\"kksr-star\" style=\"padding-right: 5px\">\n            \n\n<div class=\"kksr-icon\" style=\"width: 24px; height: 24px;\"><\/div>\n        <\/div>\n            <div class=\"kksr-star\" style=\"padding-right: 5px\">\n            \n\n<div class=\"kksr-icon\" style=\"width: 24px; height: 24px;\"><\/div>\n        <\/div>\n            <div class=\"kksr-star\" style=\"padding-right: 5px\">\n            \n\n<div class=\"kksr-icon\" style=\"width: 24px; height: 24px;\"><\/div>\n        <\/div>\n    <\/div>\n<\/div>\n                \n\n<div class=\"kksr-legend\" style=\"font-size: 19.2px;\">\n            <span class=\"kksr-muted\">Noter cet article<\/span>\n    <\/div>\n    <\/div>\n","protected":false},"excerpt":{"rendered":"<p>La escena musical de Berl\u00edn siempre ha estado a la vanguardia de la innovaci\u00f3n y la creatividad. Hoy recibe reconocimiento mundial con la inclusi\u00f3n del techno berlin\u00e9s en el Patrimonio Cultural Inmaterial de la Humanidad de la UNESCO. Este art\u00edculo explora qu\u00e9 hace que esta m\u00fasica sea tan singular y su impacto en la cultura [&hellip;]<\/p>\n","protected":false},"author":3,"featured_media":15419,"comment_status":"closed","ping_status":"closed","sticky":false,"template":"","format":"standard","meta":{"_acf_changed":false,"footnotes":""},"categories":[870],"tags":[],"class_list":["post-15424","post","type-post","status-publish","format-standard","has-post-thumbnail","hentry","category-documentales"],"acf":[],"yoast_head":"<!-- This site is optimized with the Yoast SEO plugin v27.5 - https:\/\/yoast.com\/product\/yoast-seo-wordpress\/ -->\n<title>El techno berlin\u00e9s declarado Patrimonio de la Humanidad por la UNESCO | Techno Mag<\/title>\n<meta name=\"robots\" content=\"index, follow, max-snippet:-1, max-image-preview:large, max-video-preview:-1\" \/>\n<link rel=\"canonical\" href=\"https:\/\/www.technomag.fr\/es\/el-techno-berlines-declarado-patrimonio-de-la-humanidad-por-la-unesco\/\" \/>\n<meta property=\"og:locale\" content=\"es_ES\" \/>\n<meta property=\"og:type\" content=\"article\" \/>\n<meta property=\"og:title\" content=\"El techno berlin\u00e9s declarado Patrimonio de la Humanidad por la UNESCO | Techno Mag\" \/>\n<meta property=\"og:description\" content=\"La escena musical de Berl\u00edn siempre ha estado a la vanguardia de la innovaci\u00f3n y la creatividad. Hoy recibe reconocimiento mundial con la inclusi\u00f3n del techno berlin\u00e9s en el Patrimonio Cultural Inmaterial de la Humanidad de la UNESCO. Este art\u00edculo explora qu\u00e9 hace que esta m\u00fasica sea tan singular y su impacto en la cultura [&hellip;]\" \/>\n<meta property=\"og:url\" content=\"https:\/\/www.technomag.fr\/es\/el-techno-berlines-declarado-patrimonio-de-la-humanidad-por-la-unesco\/\" \/>\n<meta property=\"og:site_name\" content=\"Techno Mag\" \/>\n<meta property=\"article:published_time\" content=\"2023-08-26T19:27:00+00:00\" \/>\n<meta property=\"article:modified_time\" content=\"2024-08-28T10:03:15+00:00\" \/>\n<meta property=\"og:image\" content=\"https:\/\/www.technomag.fr\/wp-content\/uploads\/2024\/08\/Techno-berlinoise-classe-patrimoine-mondiale-de-lunescco-1024x576.png\" \/>\n\t<meta property=\"og:image:width\" content=\"1024\" \/>\n\t<meta property=\"og:image:height\" content=\"576\" \/>\n\t<meta property=\"og:image:type\" content=\"image\/png\" \/>\n<meta name=\"author\" content=\"Eric\" \/>\n<meta name=\"twitter:card\" content=\"summary_large_image\" \/>\n<meta name=\"twitter:label1\" content=\"Escrito por\" \/>\n\t<meta name=\"twitter:data1\" content=\"Eric\" \/>\n\t<meta name=\"twitter:label2\" content=\"Tiempo de lectura\" \/>\n\t<meta name=\"twitter:data2\" content=\"3 minutos\" \/>\n<script type=\"application\/ld+json\" class=\"yoast-schema-graph\">{\"@context\":\"https:\\\/\\\/schema.org\",\"@graph\":[{\"@type\":\"Article\",\"@id\":\"https:\\\/\\\/www.technomag.fr\\\/es\\\/el-techno-berlines-declarado-patrimonio-de-la-humanidad-por-la-unesco\\\/#article\",\"isPartOf\":{\"@id\":\"https:\\\/\\\/www.technomag.fr\\\/es\\\/el-techno-berlines-declarado-patrimonio-de-la-humanidad-por-la-unesco\\\/\"},\"author\":{\"name\":\"Eric\",\"@id\":\"https:\\\/\\\/www.technomag.fr\\\/#\\\/schema\\\/person\\\/5184db1055c64729cb8595a8e9d23e9e\"},\"headline\":\"El techno berlin\u00e9s declarado Patrimonio de la Humanidad por la UNESCO\",\"datePublished\":\"2023-08-26T19:27:00+00:00\",\"dateModified\":\"2024-08-28T10:03:15+00:00\",\"mainEntityOfPage\":{\"@id\":\"https:\\\/\\\/www.technomag.fr\\\/es\\\/el-techno-berlines-declarado-patrimonio-de-la-humanidad-por-la-unesco\\\/\"},\"wordCount\":708,\"publisher\":{\"@id\":\"https:\\\/\\\/www.technomag.fr\\\/#organization\"},\"image\":{\"@id\":\"https:\\\/\\\/www.technomag.fr\\\/es\\\/el-techno-berlines-declarado-patrimonio-de-la-humanidad-por-la-unesco\\\/#primaryimage\"},\"thumbnailUrl\":\"https:\\\/\\\/www.technomag.fr\\\/wp-content\\\/uploads\\\/2024\\\/08\\\/Techno-berlinoise-classe-patrimoine-mondiale-de-lunescco.png\",\"articleSection\":[\"Documentales\"],\"inLanguage\":\"es\"},{\"@type\":\"WebPage\",\"@id\":\"https:\\\/\\\/www.technomag.fr\\\/es\\\/el-techno-berlines-declarado-patrimonio-de-la-humanidad-por-la-unesco\\\/\",\"url\":\"https:\\\/\\\/www.technomag.fr\\\/es\\\/el-techno-berlines-declarado-patrimonio-de-la-humanidad-por-la-unesco\\\/\",\"name\":\"El techno berlin\u00e9s declarado Patrimonio de la Humanidad por la UNESCO | Techno Mag\",\"isPartOf\":{\"@id\":\"https:\\\/\\\/www.technomag.fr\\\/#website\"},\"primaryImageOfPage\":{\"@id\":\"https:\\\/\\\/www.technomag.fr\\\/es\\\/el-techno-berlines-declarado-patrimonio-de-la-humanidad-por-la-unesco\\\/#primaryimage\"},\"image\":{\"@id\":\"https:\\\/\\\/www.technomag.fr\\\/es\\\/el-techno-berlines-declarado-patrimonio-de-la-humanidad-por-la-unesco\\\/#primaryimage\"},\"thumbnailUrl\":\"https:\\\/\\\/www.technomag.fr\\\/wp-content\\\/uploads\\\/2024\\\/08\\\/Techno-berlinoise-classe-patrimoine-mondiale-de-lunescco.png\",\"datePublished\":\"2023-08-26T19:27:00+00:00\",\"dateModified\":\"2024-08-28T10:03:15+00:00\",\"breadcrumb\":{\"@id\":\"https:\\\/\\\/www.technomag.fr\\\/es\\\/el-techno-berlines-declarado-patrimonio-de-la-humanidad-por-la-unesco\\\/#breadcrumb\"},\"inLanguage\":\"es\",\"potentialAction\":[{\"@type\":\"ReadAction\",\"target\":[\"https:\\\/\\\/www.technomag.fr\\\/es\\\/el-techno-berlines-declarado-patrimonio-de-la-humanidad-por-la-unesco\\\/\"]}]},{\"@type\":\"ImageObject\",\"inLanguage\":\"es\",\"@id\":\"https:\\\/\\\/www.technomag.fr\\\/es\\\/el-techno-berlines-declarado-patrimonio-de-la-humanidad-por-la-unesco\\\/#primaryimage\",\"url\":\"https:\\\/\\\/www.technomag.fr\\\/wp-content\\\/uploads\\\/2024\\\/08\\\/Techno-berlinoise-classe-patrimoine-mondiale-de-lunescco.png\",\"contentUrl\":\"https:\\\/\\\/www.technomag.fr\\\/wp-content\\\/uploads\\\/2024\\\/08\\\/Techno-berlinoise-classe-patrimoine-mondiale-de-lunescco.png\",\"width\":3840,\"height\":2160},{\"@type\":\"BreadcrumbList\",\"@id\":\"https:\\\/\\\/www.technomag.fr\\\/es\\\/el-techno-berlines-declarado-patrimonio-de-la-humanidad-por-la-unesco\\\/#breadcrumb\",\"itemListElement\":[{\"@type\":\"ListItem\",\"position\":1,\"name\":\"Accueil\",\"item\":\"https:\\\/\\\/www.technomag.fr\\\/es\\\/revista-techno\\\/\"},{\"@type\":\"ListItem\",\"position\":2,\"name\":\"El techno berlin\u00e9s declarado Patrimonio de la Humanidad por la UNESCO\"}]},{\"@type\":\"WebSite\",\"@id\":\"https:\\\/\\\/www.technomag.fr\\\/#website\",\"url\":\"https:\\\/\\\/www.technomag.fr\\\/\",\"name\":\"Techno Mag\",\"description\":\"Le magazine underground de r\u00e9f\u00e9rence pour la techno\",\"publisher\":{\"@id\":\"https:\\\/\\\/www.technomag.fr\\\/#organization\"},\"potentialAction\":[{\"@type\":\"SearchAction\",\"target\":{\"@type\":\"EntryPoint\",\"urlTemplate\":\"https:\\\/\\\/www.technomag.fr\\\/?s={search_term_string}\"},\"query-input\":{\"@type\":\"PropertyValueSpecification\",\"valueRequired\":true,\"valueName\":\"search_term_string\"}}],\"inLanguage\":\"es\"},{\"@type\":\"Organization\",\"@id\":\"https:\\\/\\\/www.technomag.fr\\\/#organization\",\"name\":\"Techno Mag\",\"url\":\"https:\\\/\\\/www.technomag.fr\\\/\",\"logo\":{\"@type\":\"ImageObject\",\"inLanguage\":\"es\",\"@id\":\"https:\\\/\\\/www.technomag.fr\\\/#\\\/schema\\\/logo\\\/image\\\/\",\"url\":\"https:\\\/\\\/www.technomag.fr\\\/wp-content\\\/uploads\\\/2023\\\/04\\\/TECHNO-e1681225415918.png\",\"contentUrl\":\"https:\\\/\\\/www.technomag.fr\\\/wp-content\\\/uploads\\\/2023\\\/04\\\/TECHNO-e1681225415918.png\",\"width\":500,\"height\":113,\"caption\":\"Techno Mag\"},\"image\":{\"@id\":\"https:\\\/\\\/www.technomag.fr\\\/#\\\/schema\\\/logo\\\/image\\\/\"}},{\"@type\":\"Person\",\"@id\":\"https:\\\/\\\/www.technomag.fr\\\/#\\\/schema\\\/person\\\/5184db1055c64729cb8595a8e9d23e9e\",\"name\":\"Eric\",\"image\":{\"@type\":\"ImageObject\",\"inLanguage\":\"es\",\"@id\":\"https:\\\/\\\/www.technomag.fr\\\/wp-content\\\/uploads\\\/2023\\\/12\\\/eric-96x96.jpg\",\"url\":\"https:\\\/\\\/www.technomag.fr\\\/wp-content\\\/uploads\\\/2023\\\/12\\\/eric-96x96.jpg\",\"contentUrl\":\"https:\\\/\\\/www.technomag.fr\\\/wp-content\\\/uploads\\\/2023\\\/12\\\/eric-96x96.jpg\",\"caption\":\"Eric\"},\"description\":\"Eric, le capitaine du navire TechnoMag, est d\u00e9veloppeur web, consultant SEO, r\u00e9dacteur de metier, et surtout fanatique de musique ! Depuis l'enfance, il est attir\u00e9 par les basses et les kicks, passant des heures \u00e0 \u00e9couter et jouer sur machines pour le plaisir, avec son fr\u00e8re et ses amis, depuis plus de dix ans. Globe-trotteur, il a explor\u00e9 des free parties sauvages et ill\u00e9gales jusqu\u2019aux plus grands festivals internationaux. Dans son pass\u00e9, il a aussi \u00e9t\u00e9 VJ et impliqu\u00e9 dans l'organisation de soir\u00e9es pas toujours vraiment autoris\u00e9es. Aujourd'hui, il aime capturer l'\u00e9nergie des \u00e9v\u00e9nements pour la retranscrire aux autres, que ce soit derri\u00e8re l'appareil photo, la cam\u00e9ra, ou en r\u00e9digeant un article. Avec quelques missions b\u00e9n\u00e9voles \u00e0 son actif et une association toute neuve, il r\u00eave d'un lieu autonome o\u00f9 chacun pourrait balancer son set sans craindre de perdre son matos.\",\"sameAs\":[\"https:\\\/\\\/www.instagram.com\\\/technomag.fr\\\/\",\"https:\\\/\\\/www.linkedin.com\\\/in\\\/boulangereric\\\/\"],\"url\":\"https:\\\/\\\/www.technomag.fr\\\/es\\\/redacteur\\\/eric-2\\\/\"}]}<\/script>\n<!-- \/ Yoast SEO plugin. -->","yoast_head_json":{"title":"El techno berlin\u00e9s declarado Patrimonio de la Humanidad por la UNESCO | Techno Mag","robots":{"index":"index","follow":"follow","max-snippet":"max-snippet:-1","max-image-preview":"max-image-preview:large","max-video-preview":"max-video-preview:-1"},"canonical":"https:\/\/www.technomag.fr\/es\/el-techno-berlines-declarado-patrimonio-de-la-humanidad-por-la-unesco\/","og_locale":"es_ES","og_type":"article","og_title":"El techno berlin\u00e9s declarado Patrimonio de la Humanidad por la UNESCO | Techno Mag","og_description":"La escena musical de Berl\u00edn siempre ha estado a la vanguardia de la innovaci\u00f3n y la creatividad. Hoy recibe reconocimiento mundial con la inclusi\u00f3n del techno berlin\u00e9s en el Patrimonio Cultural Inmaterial de la Humanidad de la UNESCO. Este art\u00edculo explora qu\u00e9 hace que esta m\u00fasica sea tan singular y su impacto en la cultura [&hellip;]","og_url":"https:\/\/www.technomag.fr\/es\/el-techno-berlines-declarado-patrimonio-de-la-humanidad-por-la-unesco\/","og_site_name":"Techno Mag","article_published_time":"2023-08-26T19:27:00+00:00","article_modified_time":"2024-08-28T10:03:15+00:00","og_image":[{"width":1024,"height":576,"url":"https:\/\/www.technomag.fr\/wp-content\/uploads\/2024\/08\/Techno-berlinoise-classe-patrimoine-mondiale-de-lunescco-1024x576.png","type":"image\/png"}],"author":"Eric","twitter_card":"summary_large_image","twitter_misc":{"Escrito por":"Eric","Tiempo de lectura":"3 minutos"},"schema":{"@context":"https:\/\/schema.org","@graph":[{"@type":"Article","@id":"https:\/\/www.technomag.fr\/es\/el-techno-berlines-declarado-patrimonio-de-la-humanidad-por-la-unesco\/#article","isPartOf":{"@id":"https:\/\/www.technomag.fr\/es\/el-techno-berlines-declarado-patrimonio-de-la-humanidad-por-la-unesco\/"},"author":{"name":"Eric","@id":"https:\/\/www.technomag.fr\/#\/schema\/person\/5184db1055c64729cb8595a8e9d23e9e"},"headline":"El techno berlin\u00e9s declarado Patrimonio de la Humanidad por la UNESCO","datePublished":"2023-08-26T19:27:00+00:00","dateModified":"2024-08-28T10:03:15+00:00","mainEntityOfPage":{"@id":"https:\/\/www.technomag.fr\/es\/el-techno-berlines-declarado-patrimonio-de-la-humanidad-por-la-unesco\/"},"wordCount":708,"publisher":{"@id":"https:\/\/www.technomag.fr\/#organization"},"image":{"@id":"https:\/\/www.technomag.fr\/es\/el-techno-berlines-declarado-patrimonio-de-la-humanidad-por-la-unesco\/#primaryimage"},"thumbnailUrl":"https:\/\/www.technomag.fr\/wp-content\/uploads\/2024\/08\/Techno-berlinoise-classe-patrimoine-mondiale-de-lunescco.png","articleSection":["Documentales"],"inLanguage":"es"},{"@type":"WebPage","@id":"https:\/\/www.technomag.fr\/es\/el-techno-berlines-declarado-patrimonio-de-la-humanidad-por-la-unesco\/","url":"https:\/\/www.technomag.fr\/es\/el-techno-berlines-declarado-patrimonio-de-la-humanidad-por-la-unesco\/","name":"El techno berlin\u00e9s declarado Patrimonio de la Humanidad por la UNESCO | Techno Mag","isPartOf":{"@id":"https:\/\/www.technomag.fr\/#website"},"primaryImageOfPage":{"@id":"https:\/\/www.technomag.fr\/es\/el-techno-berlines-declarado-patrimonio-de-la-humanidad-por-la-unesco\/#primaryimage"},"image":{"@id":"https:\/\/www.technomag.fr\/es\/el-techno-berlines-declarado-patrimonio-de-la-humanidad-por-la-unesco\/#primaryimage"},"thumbnailUrl":"https:\/\/www.technomag.fr\/wp-content\/uploads\/2024\/08\/Techno-berlinoise-classe-patrimoine-mondiale-de-lunescco.png","datePublished":"2023-08-26T19:27:00+00:00","dateModified":"2024-08-28T10:03:15+00:00","breadcrumb":{"@id":"https:\/\/www.technomag.fr\/es\/el-techno-berlines-declarado-patrimonio-de-la-humanidad-por-la-unesco\/#breadcrumb"},"inLanguage":"es","potentialAction":[{"@type":"ReadAction","target":["https:\/\/www.technomag.fr\/es\/el-techno-berlines-declarado-patrimonio-de-la-humanidad-por-la-unesco\/"]}]},{"@type":"ImageObject","inLanguage":"es","@id":"https:\/\/www.technomag.fr\/es\/el-techno-berlines-declarado-patrimonio-de-la-humanidad-por-la-unesco\/#primaryimage","url":"https:\/\/www.technomag.fr\/wp-content\/uploads\/2024\/08\/Techno-berlinoise-classe-patrimoine-mondiale-de-lunescco.png","contentUrl":"https:\/\/www.technomag.fr\/wp-content\/uploads\/2024\/08\/Techno-berlinoise-classe-patrimoine-mondiale-de-lunescco.png","width":3840,"height":2160},{"@type":"BreadcrumbList","@id":"https:\/\/www.technomag.fr\/es\/el-techno-berlines-declarado-patrimonio-de-la-humanidad-por-la-unesco\/#breadcrumb","itemListElement":[{"@type":"ListItem","position":1,"name":"Accueil","item":"https:\/\/www.technomag.fr\/es\/revista-techno\/"},{"@type":"ListItem","position":2,"name":"El techno berlin\u00e9s declarado Patrimonio de la Humanidad por la UNESCO"}]},{"@type":"WebSite","@id":"https:\/\/www.technomag.fr\/#website","url":"https:\/\/www.technomag.fr\/","name":"Techno Mag","description":"Le magazine underground de r\u00e9f\u00e9rence pour la techno","publisher":{"@id":"https:\/\/www.technomag.fr\/#organization"},"potentialAction":[{"@type":"SearchAction","target":{"@type":"EntryPoint","urlTemplate":"https:\/\/www.technomag.fr\/?s={search_term_string}"},"query-input":{"@type":"PropertyValueSpecification","valueRequired":true,"valueName":"search_term_string"}}],"inLanguage":"es"},{"@type":"Organization","@id":"https:\/\/www.technomag.fr\/#organization","name":"Techno Mag","url":"https:\/\/www.technomag.fr\/","logo":{"@type":"ImageObject","inLanguage":"es","@id":"https:\/\/www.technomag.fr\/#\/schema\/logo\/image\/","url":"https:\/\/www.technomag.fr\/wp-content\/uploads\/2023\/04\/TECHNO-e1681225415918.png","contentUrl":"https:\/\/www.technomag.fr\/wp-content\/uploads\/2023\/04\/TECHNO-e1681225415918.png","width":500,"height":113,"caption":"Techno Mag"},"image":{"@id":"https:\/\/www.technomag.fr\/#\/schema\/logo\/image\/"}},{"@type":"Person","@id":"https:\/\/www.technomag.fr\/#\/schema\/person\/5184db1055c64729cb8595a8e9d23e9e","name":"Eric","image":{"@type":"ImageObject","inLanguage":"es","@id":"https:\/\/www.technomag.fr\/wp-content\/uploads\/2023\/12\/eric-96x96.jpg","url":"https:\/\/www.technomag.fr\/wp-content\/uploads\/2023\/12\/eric-96x96.jpg","contentUrl":"https:\/\/www.technomag.fr\/wp-content\/uploads\/2023\/12\/eric-96x96.jpg","caption":"Eric"},"description":"Eric, le capitaine du navire TechnoMag, est d\u00e9veloppeur web, consultant SEO, r\u00e9dacteur de metier, et surtout fanatique de musique ! Depuis l'enfance, il est attir\u00e9 par les basses et les kicks, passant des heures \u00e0 \u00e9couter et jouer sur machines pour le plaisir, avec son fr\u00e8re et ses amis, depuis plus de dix ans. Globe-trotteur, il a explor\u00e9 des free parties sauvages et ill\u00e9gales jusqu\u2019aux plus grands festivals internationaux. Dans son pass\u00e9, il a aussi \u00e9t\u00e9 VJ et impliqu\u00e9 dans l'organisation de soir\u00e9es pas toujours vraiment autoris\u00e9es. Aujourd'hui, il aime capturer l'\u00e9nergie des \u00e9v\u00e9nements pour la retranscrire aux autres, que ce soit derri\u00e8re l'appareil photo, la cam\u00e9ra, ou en r\u00e9digeant un article. Avec quelques missions b\u00e9n\u00e9voles \u00e0 son actif et une association toute neuve, il r\u00eave d'un lieu autonome o\u00f9 chacun pourrait balancer son set sans craindre de perdre son matos.","sameAs":["https:\/\/www.instagram.com\/technomag.fr\/","https:\/\/www.linkedin.com\/in\/boulangereric\/"],"url":"https:\/\/www.technomag.fr\/es\/redacteur\/eric-2\/"}]}},"_links":{"self":[{"href":"https:\/\/www.technomag.fr\/es\/wp-json\/wp\/v2\/posts\/15424","targetHints":{"allow":["GET"]}}],"collection":[{"href":"https:\/\/www.technomag.fr\/es\/wp-json\/wp\/v2\/posts"}],"about":[{"href":"https:\/\/www.technomag.fr\/es\/wp-json\/wp\/v2\/types\/post"}],"author":[{"embeddable":true,"href":"https:\/\/www.technomag.fr\/es\/wp-json\/wp\/v2\/users\/3"}],"replies":[{"embeddable":true,"href":"https:\/\/www.technomag.fr\/es\/wp-json\/wp\/v2\/comments?post=15424"}],"version-history":[{"count":1,"href":"https:\/\/www.technomag.fr\/es\/wp-json\/wp\/v2\/posts\/15424\/revisions"}],"predecessor-version":[{"id":15425,"href":"https:\/\/www.technomag.fr\/es\/wp-json\/wp\/v2\/posts\/15424\/revisions\/15425"}],"wp:featuredmedia":[{"embeddable":true,"href":"https:\/\/www.technomag.fr\/es\/wp-json\/wp\/v2\/media\/15419"}],"wp:attachment":[{"href":"https:\/\/www.technomag.fr\/es\/wp-json\/wp\/v2\/media?parent=15424"}],"wp:term":[{"taxonomy":"category","embeddable":true,"href":"https:\/\/www.technomag.fr\/es\/wp-json\/wp\/v2\/categories?post=15424"},{"taxonomy":"post_tag","embeddable":true,"href":"https:\/\/www.technomag.fr\/es\/wp-json\/wp\/v2\/tags?post=15424"}],"curies":[{"name":"wp","href":"https:\/\/api.w.org\/{rel}","templated":true}]}}