
{"id":14282,"date":"2023-07-16T12:13:30","date_gmt":"2023-07-16T11:13:30","guid":{"rendered":"https:\/\/www.technomag.fr\/insane-festival-2023-una-experiencia-musical-inmersiva-en-el-sur-de-francia\/"},"modified":"2024-08-08T13:40:40","modified_gmt":"2024-08-08T12:40:40","slug":"insane-festival-2023-una-experiencia-musical-inmersiva-en-el-sur-de-francia","status":"publish","type":"post","link":"https:\/\/www.technomag.fr\/es\/insane-festival-2023-una-experiencia-musical-inmersiva-en-el-sur-de-francia\/","title":{"rendered":"Insane Festival 2023: Una experiencia musical inmersiva en el sur de Francia"},"content":{"rendered":"\n<div id=\"ez-toc-container\" class=\"ez-toc-v2_0_82_2 ez-toc-wrap-center counter-hierarchy ez-toc-counter ez-toc-custom ez-toc-container-direction\">\n<div class=\"ez-toc-title-container\">\n<p class=\"ez-toc-title\" style=\"cursor:inherit\">Sommaire<\/p>\n<span class=\"ez-toc-title-toggle\"><a href=\"#\" class=\"ez-toc-pull-right ez-toc-btn ez-toc-btn-xs ez-toc-btn-default ez-toc-toggle\" aria-label=\"Alternar tabla de contenidos\"><span class=\"ez-toc-js-icon-con\"><span class=\"\"><span class=\"eztoc-hide\" style=\"display:none;\">Toggle<\/span><span class=\"ez-toc-icon-toggle-span\"><svg style=\"fill: #ffffff;color:#ffffff\" xmlns=\"http:\/\/www.w3.org\/2000\/svg\" class=\"list-377408\" width=\"20px\" height=\"20px\" viewBox=\"0 0 24 24\" fill=\"none\"><path d=\"M6 6H4v2h2V6zm14 0H8v2h12V6zM4 11h2v2H4v-2zm16 0H8v2h12v-2zM4 16h2v2H4v-2zm16 0H8v2h12v-2z\" fill=\"currentColor\"><\/path><\/svg><svg style=\"fill: #ffffff;color:#ffffff\" class=\"arrow-unsorted-368013\" xmlns=\"http:\/\/www.w3.org\/2000\/svg\" width=\"10px\" height=\"10px\" viewBox=\"0 0 24 24\" version=\"1.2\" baseProfile=\"tiny\"><path d=\"M18.2 9.3l-6.2-6.3-6.2 6.3c-.2.2-.3.4-.3.7s.1.5.3.7c.2.2.4.3.7.3h11c.3 0 .5-.1.7-.3.2-.2.3-.5.3-.7s-.1-.5-.3-.7zM5.8 14.7l6.2 6.3 6.2-6.3c.2-.2.3-.5.3-.7s-.1-.5-.3-.7c-.2-.2-.4-.3-.7-.3h-11c-.3 0-.5.1-.7.3-.2.2-.3.5-.3.7s.1.5.3.7z\"\/><\/svg><\/span><\/span><\/span><\/a><\/span><\/div>\n<nav><ul class='ez-toc-list ez-toc-list-level-1 ' ><li class='ez-toc-page-1 ez-toc-heading-level-1'><a class=\"ez-toc-link ez-toc-heading-1\" href=\"https:\/\/www.technomag.fr\/es\/insane-festival-2023-una-experiencia-musical-inmersiva-en-el-sur-de-francia\/#Una_experiencia_musical_unica\" >Una experiencia musical \u00fanica<\/a><\/li><li class='ez-toc-page-1 ez-toc-heading-level-1'><a class=\"ez-toc-link ez-toc-heading-2\" href=\"https:\/\/www.technomag.fr\/es\/insane-festival-2023-una-experiencia-musical-inmersiva-en-el-sur-de-francia\/#Insane_Festival_2023_%C2%BFQue_podemos_esperar\" >Insane Festival 2023: \u00bfQu\u00e9 podemos esperar?<\/a><ul class='ez-toc-list-level-2' ><li class='ez-toc-heading-level-2'><a class=\"ez-toc-link ez-toc-heading-3\" href=\"https:\/\/www.technomag.fr\/es\/insane-festival-2023-una-experiencia-musical-inmersiva-en-el-sur-de-francia\/#El_Festival_Insane_destaca_por_un_programa_de_artistas_emergentes_y_un_fuerte_compromiso_con_las_artes\" >El Festival Insane destaca por un programa de artistas emergentes y un fuerte compromiso con las artes.<\/a><\/li><li class='ez-toc-page-1 ez-toc-heading-level-2'><a class=\"ez-toc-link ez-toc-heading-4\" href=\"https:\/\/www.technomag.fr\/es\/insane-festival-2023-una-experiencia-musical-inmersiva-en-el-sur-de-francia\/#Facil_acceso_y_comodidad_para_una_experiencia_sin_complicaciones\" >F\u00e1cil acceso y comodidad para una experiencia sin complicaciones<\/a><\/li><li class='ez-toc-page-1 ez-toc-heading-level-2'><a class=\"ez-toc-link ez-toc-heading-5\" href=\"https:\/\/www.technomag.fr\/es\/insane-festival-2023-una-experiencia-musical-inmersiva-en-el-sur-de-francia\/#%C2%A1Un_festival_inclusivo_para_todos_los_aficionados_a_la_musica\" >\u00a1Un festival inclusivo para todos los aficionados a la m\u00fasica!<\/a><\/li><li class='ez-toc-page-1 ez-toc-heading-level-2'><a class=\"ez-toc-link ez-toc-heading-6\" href=\"https:\/\/www.technomag.fr\/es\/insane-festival-2023-una-experiencia-musical-inmersiva-en-el-sur-de-francia\/#Un_impacto_economico_notable_para_la_region\" >Un impacto econ\u00f3mico notable para la regi\u00f3n<\/a><\/li><\/ul><\/li><li class='ez-toc-page-1 ez-toc-heading-level-1'><a class=\"ez-toc-link ez-toc-heading-7\" href=\"https:\/\/www.technomag.fr\/es\/insane-festival-2023-una-experiencia-musical-inmersiva-en-el-sur-de-francia\/#BONUS_%C2%A1Ponemos_tus_preguntas_a_los_organizadores\" >BONUS | \u00a1Ponemos tus preguntas a los organizadores!<\/a><\/li><\/ul><\/nav><\/div>\n<h1 class=\"wp-block-heading\"><span class=\"ez-toc-section\" id=\"Una_experiencia_musical_unica\"><\/span>Una experiencia musical \u00fanica<span class=\"ez-toc-section-end\"><\/span><\/h1>\n\n<p>Sum\u00e9rgete en la magia de Insane, un festival que ha cautivado los corazones de miles de festivaleros desde 2015.\nCon 80 artistas repartidos en 3 escenarios en 2022, este acontecimiento musical es una aut\u00e9ntica explosi\u00f3n de talento y diversidad.\nLa edici\u00f3n de este a\u00f1o tiene reservada una peque\u00f1a sorpresa: una inmersi\u00f3n en el mundo japon\u00e9s de la \u00abMitolog\u00eda de Jap\u00f3n\u00bb, con luces y decorados preparados para sumergirte en un universo en el que los dioses japoneses tambi\u00e9n representan los distintos escenarios del festival: <a href=\"https:\/\/en.wikipedia.org\/wiki\/Amaterasu#:~:text=Amaterasu%2C%20also%20known%20as%20Amaterasu,texts%2C%20the%20Kojiki%20(%20c.\" target=\"_blank\" rel=\"noreferrer noopener\">Amaterasu<\/a>, diosa del sol para el<strong> Mainstage<\/strong>, <a href=\"https:\/\/fr.wikipedia.org\/wiki\/Tsukuyomi\" target=\"_blank\" rel=\"noreferrer noopener\">Tsukuyomi<\/a>, dios de la luna para el <strong>Understage<\/strong> y <a href=\"https:\/\/fr.wikipedia.org\/wiki\/Uzume\" target=\"_blank\" rel=\"noreferrer noopener\">Uzume<\/a>, diosa de la alegr\u00eda para el <strong>Bivouac Stage<\/strong>.    <\/p>\n\n<h1 class=\"wp-block-heading\"><span class=\"ez-toc-section\" id=\"Insane_Festival_2023_%C2%BFQue_podemos_esperar\"><\/span>Insane Festival 2023: \u00bfQu\u00e9 podemos esperar?<span class=\"ez-toc-section-end\"><\/span><\/h1>\n<div class=\"wp-block-image\">\n<figure class=\"aligncenter\"><img decoding=\"async\" src=\"https:\/\/lh4.googleusercontent.com\/IadA2f6Mnv2uMz1WYm3Lg9acwGaPDVfUjy5a-ktmxcZYgcl0SjevBG4OEOoq4YkuQD3U0Oc_i6orbKng3cZU2eF0A2-eQHSPa-It90MFDB7R0v_PayfqmearPHCuay1uIxDmwiKTr9jNgI0Lg679c4w\" alt=\"\"\/><\/figure>\n<\/div>\n<p class=\"has-text-align-center\">Localizaci\u00f3n: Plan D&#8217;eau &#8211; APT (84400)<\/p>\n\n<p class=\"has-text-align-center\">Del 10 al 13 de agosto de 2023<\/p>\n\n<div class=\"wp-block-buttons is-content-justification-center is-layout-flex wp-container-core-buttons-is-layout-16018d1d wp-block-buttons-is-layout-flex\">\n<div class=\"wp-block-button\"><a class=\"wp-block-button__link wp-element-button\" href=\"https:\/\/insanefestival.com\/billetterie-insane-2023\/\" target=\"_blank\" rel=\"noreferrer noopener\">Entradas locas  <\/a><\/div>\n<\/div>\n\n<div style=\"height:34px\" aria-hidden=\"true\" class=\"wp-block-spacer\"><\/div>\n\n<p>El<strong>Festival Insane vuelve este a\u00f1o 2023 con un mont\u00f3n de novedades<\/strong> y sorpresas que har\u00e1n las delicias de los asistentes al festival, \u00e1vidos de descubrimientos y experiencias enriquecedoras.\nAdem\u00e1s de excepcionales actuaciones musicales, el evento promete una variada gama de entretenimientos y servicios para proporcionar una experiencia inolvidable a todos los participantes. <\/p>\n\n<p>Una de las novedades m\u00e1s destacadas del festival de este a\u00f1o es la introducci\u00f3n de una zona matinal de yoga.\nLos asistentes al festival tendr\u00e1n la oportunidad de empezar el d\u00eda en armon\u00eda con su cuerpo y su mente, mientras se preparan para una intensa jornada de m\u00fasica y encuentros.\nTanto si eres principiante como experto, esta zona dedicada a la relajaci\u00f3n y la meditaci\u00f3n te ofrecer\u00e1 un momento para recargar las pilas.  <\/p>\n\n<h3 class=\"wp-block-heading\">Actividades diurnas<\/h3>\n\n<p>Por las tardes, habr\u00e1 una serie de charlas que har\u00e1n reflexionar a los asistentes, d\u00e1ndoles la oportunidad de saber m\u00e1s e intercambiar opiniones sobre asuntos de actualidad y temas sociales que les interesan.\nExpertos y ponentes de renombre compartir\u00e1n sus conocimientos y suscitar\u00e1n debates apasionantes. <\/p>\n\n<p>Otra gran novedad del <strong>festival de<\/strong> este a\u00f1o es que se permitir\u00e1 <strong>nadar en el Plan d&#8217;Eau, situado justo al lado del festival<\/strong>.\nLos asistentes al festival podr\u00e1n tomarse un refrescante descanso y relajarse en las tranquilas aguas del lago, a\u00f1adiendo una dimensi\u00f3n acu\u00e1tica a su experiencia en el festival. <\/p>\n\n<p>Este a\u00f1o tambi\u00e9n se crear\u00e1 una amplia zona de actividades en colaboraci\u00f3n con <strong>Decathlon, que ofrecer\u00e1 a los participantes una gran variedad de<\/strong> deportes y <strong>actividades<\/strong> divertidas.\nTanto si te gusta el f\u00fatbol como el frisbee o el ciclismo, encontrar\u00e1s muchas cosas para entretenerte y divertirte entre concierto y concierto. <\/p>\n\n<h3 class=\"wp-block-heading\">Comodidad para los asistentes al festival<\/h3>\n\n<p>Cuando se trata de comodidad, el Insane Festival 2023 no repara en gastos.\nCon<strong> m\u00e1s de 8.500 m\u00b2 de espacio cubierto<\/strong>, los asistentes al festival podr\u00e1n disfrutar de numerosas <strong>zonas de sombra<\/strong>.\nYa sea delante de los escenarios, en la zona de conferencias, en la<strong>zona de picnic<\/strong>, en la <strong>zona segura<\/strong> o en el pueblo de los stands, siempre encontrar\u00e1s un lugar donde refugiarte del sol y recargar las pilas.  <\/p>\n\n<p>Adem\u00e1s, se instalar\u00e1n puntos de<strong>agua<\/strong> gratuitos en varios puntos del festival, para que todo el mundo pueda saciar su sed y mantenerse hidratado durante todo el d\u00eda.\nEsta atenci\u00f3n a la salud y el bienestar de los asistentes al festival es una prioridad para el equipo del Insane Festival, que quiere proporcionar una experiencia segura y agradable para todos. <\/p>\n\n<p>En aras de una mayor seguridad, este a\u00f1o se ha introducido el sistema SAFER.\nEsto permitir\u00e1 a los asistentes al festival activar una alerta a trav\u00e9s de su tel\u00e9fono m\u00f3vil en caso de necesidad, para garantizar la r\u00e1pida intervenci\u00f3n de los equipos de emergencia.\nAdem\u00e1s, se colocar\u00e1n carteles y lonas de prevenci\u00f3n en todo el recinto del evento, para concienciar a los participantes sobre las buenas pr\u00e1cticas y la prevenci\u00f3n de riesgos.  <\/p>\n\n<p>A lo largo del a\u00f1o, el equipo del Insane Festival se comunica activamente en las redes sociales, sobre todo a trav\u00e9s de su rama de prevenci\u00f3n Insant\u00e9.\nAl proporcionar informaci\u00f3n peri\u00f3dica sobre c\u00f3mo mantenerse sano y seguro, el Insane Festival se ha posicionado como un evento comprometido que promueve el bienestar de sus participantes. <\/p>\n\n<figure class=\"wp-block-image size-large is-resized\"><img fetchpriority=\"high\" decoding=\"async\" width=\"1024\" height=\"683\" src=\"https:\/\/www.technomag.fr\/wp-content\/uploads\/2023\/07\/insane-festival-1-1024x683.jpg\" alt=\"\" class=\"wp-image-3312\" style=\"width:1168px;height:779px\" srcset=\"https:\/\/www.technomag.fr\/wp-content\/uploads\/2023\/07\/insane-festival-1-1024x683.jpg 1024w, https:\/\/www.technomag.fr\/wp-content\/uploads\/2023\/07\/insane-festival-1-600x400.jpg 600w, https:\/\/www.technomag.fr\/wp-content\/uploads\/2023\/07\/insane-festival-1-300x200.jpg 300w, https:\/\/www.technomag.fr\/wp-content\/uploads\/2023\/07\/insane-festival-1-768x512.jpg 768w, https:\/\/www.technomag.fr\/wp-content\/uploads\/2023\/07\/insane-festival-1-391x260.jpg 391w, https:\/\/www.technomag.fr\/wp-content\/uploads\/2023\/07\/insane-festival-1-1536x1024.jpg 1536w, https:\/\/www.technomag.fr\/wp-content\/uploads\/2023\/07\/insane-festival-1.jpg 2048w\" sizes=\"(max-width: 1024px) 100vw, 1024px\" \/><\/figure>\n\n<h2 class=\"wp-block-heading\"><span class=\"ez-toc-section\" id=\"El_Festival_Insane_destaca_por_un_programa_de_artistas_emergentes_y_un_fuerte_compromiso_con_las_artes\"><\/span>El Festival Insane destaca por un programa de artistas emergentes y un fuerte compromiso con las artes.<span class=\"ez-toc-section-end\"><\/span><\/h2>\n\n<p>Lo que diferencia al Insane Festival de otros festivales es su cartel.\n\u00abSolemos decir que los artistas emergentes que tocan en nuestro evento son los cabezas de cartel del ma\u00f1ana\u00bb. <\/p>\n\n<p>Insane no es s\u00f3lo m\u00fasica, tambi\u00e9n es un festival comprometido que pretende concienciar sobre temas importantes.\nLa zona de sensibilizaci\u00f3n, formada por stands, ofrece a los asistentes al festival la oportunidad de descubrir a las personas que luchan por una sociedad m\u00e1s justa y respetuosa.\nLos debates se centran en temas como la salud, la igualdad de g\u00e9nero, la ecolog\u00eda y los derechos humanos.\nInsane tambi\u00e9n participa en el \u00e1rea de Innovaci\u00f3n y Empleo, en la que se presentan nuevas empresas innovadoras y organizaciones de apoyo al empleo.\nEs una oportunidad para descubrir a los emprendedores locales y promover el acceso al empleo para todos.    <\/p>\n\n<h2 class=\"wp-block-heading\"><span class=\"ez-toc-section\" id=\"Facil_acceso_y_comodidad_para_una_experiencia_sin_complicaciones\"><\/span>F\u00e1cil acceso y comodidad para una experiencia sin complicaciones<span class=\"ez-toc-section-end\"><\/span><\/h2>\n\n<p>Para que llegar a Insane sea a\u00fan m\u00e1s agradable, se han previsto varios medios de transporte.\nDesde las principales ciudades francesas (Par\u00eds, Marsella, Lyon, Montpellier, Toulouse, Burdeos y Niza) salen autobuses fletados especialmente para llevar a los asistentes directamente al recinto del festival, sin complicaciones ni problemas de aparcamiento.\nLos que prefieran venir en tren, s\u00f3lo tienen que reservar un billete para la Gare d&#8217;Avignon TGV o la Gare d&#8217;Avignon Centre, y aprovechar el servicio reforzado de lanzaderas hasta el recinto del evento.\nY para los que decidan venir en coche, hay disponible un aparcamiento gratuito y vigilado.\nS\u00f3lo tienes que seguir los itinerarios se\u00f1alizados para llegar al festival sin problemas.      <\/p>\n\n<p>In situ, los asistentes al festival pueden aprovechar las instalaciones que se ofrecen, incluidos 3 bares de agua y 8 fuentes para mantenerse hidratados,<strong>137 cabinas y urinarios <\/strong>para hombres y mujeres para garantizar su comodidad, as\u00ed como <strong>bebederos que circulan entre la multitud y una rampa de agua potable <\/strong>en el vivac.\nPor la noche, dos bares con 5 fuentes, <strong>134 cabinas y 100 duchas<\/strong> tambi\u00e9n est\u00e1n disponibles para refrescarse y prepararse para otro d\u00eda de fiesta. <\/p>\n\n<h2 class=\"wp-block-heading\"><span class=\"ez-toc-section\" id=\"%C2%A1Un_festival_inclusivo_para_todos_los_aficionados_a_la_musica\"><\/span>\u00a1Un festival inclusivo para todos los aficionados a la m\u00fasica!<span class=\"ez-toc-section-end\"><\/span><\/h2>\n\n<p><strong>La accesibilidad<\/strong> es primordial en el festival Insane.\nSe han tomado medidas espec\u00edficas para proporcionar un entorno c\u00f3modo a las <strong>personas discapacitadas<\/strong>.\n <strong>Los acompa\u00f1antes tienen derecho a entrada gratuita presentando una tarjeta de discapacidad<\/strong>.\nHay <strong>instalaciones adaptadas<\/strong>, plataformas elevadas y un <strong>aparcamiento PMR\/DSP<\/strong>.\nUn equipo especializado est\u00e1 a tu disposici\u00f3n para proporcionarte ayuda e informaci\u00f3n.\nPor \u00faltimo, <strong>las personas sordas o con dificultades auditivas disponen de chalecos vibradores<\/strong>.\nEstos innovadores chalecos individuales transforman las fuentes sonoras del espect\u00e1culo en vibraciones, ofreciendo una forma diferente de experimentar la m\u00fasica y el sonido.      <\/p>\n\n<p>El objetivo es crear una experiencia inclusiva en la que todo el mundo pueda disfrutar de la m\u00fasica, el baile y la camarader\u00eda sin barreras.\nEsperamos que estas instalaciones y servicios especialmente dise\u00f1ados contribuyan a que su experiencia en Insane sea a\u00fan m\u00e1s memorable y agradable. <\/p>\n\n<h2 class=\"wp-block-heading\"><span class=\"ez-toc-section\" id=\"Un_impacto_economico_notable_para_la_region\"><\/span>Un impacto econ\u00f3mico notable para la regi\u00f3n<span class=\"ez-toc-section-end\"><\/span><\/h2>\n\n<p>Insane no s\u00f3lo ofrece una experiencia musical inolvidable, sino que tambi\u00e9n contribuye al desarrollo econ\u00f3mico de la regi\u00f3n PACA.\nEn 2022, el festival gener\u00f3 una derrama econ\u00f3mica de 4,4 millones de euros en Francia, el 79% de los cuales benefici\u00f3 a la regi\u00f3n PACA.\nTambi\u00e9n cre\u00f3 43 puestos de trabajo a tiempo completo y contribuy\u00f3 con 535.000 euros en impuestos.\nAs\u00ed pues, Insane no es s\u00f3lo una fuente de felicidad para los asistentes al festival, sino tambi\u00e9n un motor econ\u00f3mico local.   <\/p>\n\n<p><\/p>\n\n<h1 class=\"wp-block-heading\"><span class=\"ez-toc-section\" id=\"BONUS_%C2%A1Ponemos_tus_preguntas_a_los_organizadores\"><\/span>BONUS | \u00a1Ponemos tus preguntas a los organizadores!<span class=\"ez-toc-section-end\"><\/span><\/h1>\n\n<p>En esta entrevista exclusiva, echamos un vistazo entre bastidores a este emblem\u00e1tico festival y compartimos algunos de los momentos memorables que han marcado su historia.<\/p>\n\n<ul class=\"wp-block-list\">\n<li><strong><br\/>\u00bfPuedes compartir alg\u00fan momento memorable o alguna an\u00e9cdota interesante de ediciones anteriores del Festival Insane?<\/strong>\u00a1La famosa tormenta de 2022! Todos los que estuvimos all\u00ed la recordamos, fue intensa. Tuvimos que evacuar los escenarios del festival, asegurar las decoraciones que pudieran haberse ca\u00eddo, recoger casi todas las barreras del festival y volver a poner en marcha el sonido en menos de 1 hora y 30 minutos. Fue un trabajo duro, \u00a1pero lo superamos!<strong><\/strong><\/li>\n\n\n\n<li><strong>\u00bfCu\u00e1les son los retos log\u00edsticos particulares que plantea la organizaci\u00f3n de un festival al aire libre como el Insane Festival, y c\u00f3mo los afrontas?<\/strong><strong><br\/><\/strong>El mayor reto fue llegar a un emplazamiento desnudo: \u00a1sin agua, sin electricidad y sin infraestructuras!\nAlojar a 16.000 personas al d\u00eda ya es bastante complicado.\nContamos con un equipo t\u00e9cnico competente y con la ayuda de las autoridades locales para establecer este lugar de vida verdaderamente ef\u00edmero, \u00a1y cada a\u00f1o es mejor!  <\/li>\n\n\n\n<li><strong>\u00bfPuedes hablarnos de los esfuerzos del Insane Festival por promover la diversidad y la inclusi\u00f3n en el escenario y entre el p\u00fablico?<\/strong><strong><br\/><\/strong>\u00a1Y dentro de nuestra asociaci\u00f3n!\nAhora tenemos m\u00e1s mujeres que hombres en nuestro equipo de producci\u00f3n.\nNo se puede llamar a eso un \u00abesfuerzo\u00bb, pero intentamos equilibrar la balanza en la medida de lo posible y promocionar a las artistas femeninas y queer.\nAdem\u00e1s de adaptarnos a nuestro p\u00fablico, son valores que tenemos personalmente, as\u00ed que nos complace haberlo conseguido.   <\/li>\n\n\n\n<li><strong>\u00bfC\u00f3mo crea el Insane Festival una experiencia de inmersi\u00f3n para los asistentes al festival que va m\u00e1s all\u00e1 de la simple escucha de m\u00fasica en directo?<\/strong><strong><br\/><\/strong>\u00a1Ponemos mucho \u00e9nfasis en la decoraci\u00f3n y el espect\u00e1culo!\nUna buena m\u00fasica est\u00e1 muy bien, pero hacemos todo lo posible para que el momento sea lo m\u00e1s envolvente posible con la decoraci\u00f3n y espectacular con el espect\u00e1culo de luces. <br\/><\/li>\n<\/ul>\n\n<p>El Insane Festival es mucho m\u00e1s que un evento musical: es una experiencia inolvidable que despierta los sentidos y transporta a los asistentes al festival a un universo electrizante.\nCombinando m\u00fasica, decorados hechizantes y espect\u00e1culos visuales, este evento supera los l\u00edmites de la creatividad y ofrece una aut\u00e9ntica evasi\u00f3n.\nTanto si eres un fan\u00e1tico de la m\u00fasica, un amante de los nuevos descubrimientos o simplemente buscas una experiencia \u00fanica, el Insane Festival te conquistar\u00e1.\n.\nNo te pierdas el Insane Festival de este a\u00f1o, una aventura musical que nunca olvidar\u00e1s.    <\/p>\n\n\n<div class=\"kk-star-ratings kksr-auto kksr-align-center kksr-valign-bottom\"\n    data-payload='{&quot;align&quot;:&quot;center&quot;,&quot;id&quot;:&quot;14282&quot;,&quot;slug&quot;:&quot;default&quot;,&quot;valign&quot;:&quot;bottom&quot;,&quot;ignore&quot;:&quot;&quot;,&quot;reference&quot;:&quot;auto&quot;,&quot;class&quot;:&quot;&quot;,&quot;count&quot;:&quot;0&quot;,&quot;legendonly&quot;:&quot;&quot;,&quot;readonly&quot;:&quot;&quot;,&quot;score&quot;:&quot;0&quot;,&quot;starsonly&quot;:&quot;&quot;,&quot;best&quot;:&quot;5&quot;,&quot;gap&quot;:&quot;5&quot;,&quot;greet&quot;:&quot;Noter cet article&quot;,&quot;legend&quot;:&quot;0\\\/5 - (0 votos)&quot;,&quot;size&quot;:&quot;24&quot;,&quot;title&quot;:&quot;Insane Festival 2023: Una experiencia musical inmersiva en el sur de Francia&quot;,&quot;width&quot;:&quot;0&quot;,&quot;_legend&quot;:&quot;{score}\\\/{best} - ({count} {votes})&quot;,&quot;font_factor&quot;:&quot;1.25&quot;}'>\n            \n<div class=\"kksr-stars\">\n    \n<div class=\"kksr-stars-inactive\">\n            <div class=\"kksr-star\" data-star=\"1\" style=\"padding-right: 5px\">\n            \n\n<div class=\"kksr-icon\" style=\"width: 24px; height: 24px;\"><\/div>\n        <\/div>\n            <div class=\"kksr-star\" data-star=\"2\" style=\"padding-right: 5px\">\n            \n\n<div class=\"kksr-icon\" style=\"width: 24px; height: 24px;\"><\/div>\n        <\/div>\n            <div class=\"kksr-star\" data-star=\"3\" style=\"padding-right: 5px\">\n            \n\n<div class=\"kksr-icon\" style=\"width: 24px; height: 24px;\"><\/div>\n        <\/div>\n            <div class=\"kksr-star\" data-star=\"4\" style=\"padding-right: 5px\">\n            \n\n<div class=\"kksr-icon\" style=\"width: 24px; height: 24px;\"><\/div>\n        <\/div>\n            <div class=\"kksr-star\" data-star=\"5\" style=\"padding-right: 5px\">\n            \n\n<div class=\"kksr-icon\" style=\"width: 24px; height: 24px;\"><\/div>\n        <\/div>\n    <\/div>\n    \n<div class=\"kksr-stars-active\" style=\"width: 0px;\">\n            <div class=\"kksr-star\" style=\"padding-right: 5px\">\n            \n\n<div class=\"kksr-icon\" style=\"width: 24px; height: 24px;\"><\/div>\n        <\/div>\n            <div class=\"kksr-star\" style=\"padding-right: 5px\">\n            \n\n<div class=\"kksr-icon\" style=\"width: 24px; height: 24px;\"><\/div>\n        <\/div>\n            <div class=\"kksr-star\" style=\"padding-right: 5px\">\n            \n\n<div class=\"kksr-icon\" style=\"width: 24px; height: 24px;\"><\/div>\n        <\/div>\n            <div class=\"kksr-star\" style=\"padding-right: 5px\">\n            \n\n<div class=\"kksr-icon\" style=\"width: 24px; height: 24px;\"><\/div>\n        <\/div>\n            <div class=\"kksr-star\" style=\"padding-right: 5px\">\n            \n\n<div class=\"kksr-icon\" style=\"width: 24px; height: 24px;\"><\/div>\n        <\/div>\n    <\/div>\n<\/div>\n                \n\n<div class=\"kksr-legend\" style=\"font-size: 19.2px;\">\n            <span class=\"kksr-muted\">Noter cet article<\/span>\n    <\/div>\n    <\/div>\n","protected":false},"excerpt":{"rendered":"<p>Una experiencia musical \u00fanica Sum\u00e9rgete en la magia de Insane, un festival que ha cautivado los corazones de miles de festivaleros desde 2015. Con 80 artistas repartidos en 3 escenarios en 2022, este acontecimiento musical es una aut\u00e9ntica explosi\u00f3n de talento y diversidad. La edici\u00f3n de este a\u00f1o tiene reservada una peque\u00f1a sorpresa: una inmersi\u00f3n [&hellip;]<\/p>\n","protected":false},"author":2,"featured_media":14283,"comment_status":"closed","ping_status":"closed","sticky":false,"template":"","format":"standard","meta":{"_acf_changed":false,"footnotes":""},"categories":[857],"tags":[],"class_list":["post-14282","post","type-post","status-publish","format-standard","has-post-thumbnail","hentry","category-festival-es"],"acf":[],"yoast_head":"<!-- This site is optimized with the Yoast SEO plugin v27.5 - https:\/\/yoast.com\/product\/yoast-seo-wordpress\/ -->\n<title>Insane Festival 2023: Inolvidable inmersi\u00f3n musical en la regi\u00f3n PACA<\/title>\n<meta name=\"description\" content=\"Descubre el Insane Festival 2023, un acontecimiento musical \u00fanico en su g\u00e9nero que te sumergir\u00e1 en una experiencia envolvente en el coraz\u00f3n del sur de Francia. Vibra al ritmo de los mejores artistas, explora escenarios impresionantes y crea recuerdos inolvidables en esta cita ineludible de la escena musical.\" \/>\n<meta name=\"robots\" content=\"index, follow, max-snippet:-1, max-image-preview:large, max-video-preview:-1\" \/>\n<link rel=\"canonical\" href=\"https:\/\/www.technomag.fr\/es\/insane-festival-2023-una-experiencia-musical-inmersiva-en-el-sur-de-francia\/\" \/>\n<meta property=\"og:locale\" content=\"es_ES\" \/>\n<meta property=\"og:type\" content=\"article\" \/>\n<meta property=\"og:title\" content=\"Insane Festival 2023: Inolvidable inmersi\u00f3n musical en la regi\u00f3n PACA\" \/>\n<meta property=\"og:description\" content=\"Descubre el Insane Festival 2023, un acontecimiento musical \u00fanico en su g\u00e9nero que te sumergir\u00e1 en una experiencia envolvente en el coraz\u00f3n del sur de Francia. Vibra al ritmo de los mejores artistas, explora escenarios impresionantes y crea recuerdos inolvidables en esta cita ineludible de la escena musical.\" \/>\n<meta property=\"og:url\" content=\"https:\/\/www.technomag.fr\/es\/insane-festival-2023-una-experiencia-musical-inmersiva-en-el-sur-de-francia\/\" \/>\n<meta property=\"og:site_name\" content=\"Techno Mag\" \/>\n<meta property=\"article:published_time\" content=\"2023-07-16T11:13:30+00:00\" \/>\n<meta property=\"article:modified_time\" content=\"2024-08-08T12:40:40+00:00\" \/>\n<meta property=\"og:image\" content=\"https:\/\/www.technomag.fr\/wp-content\/uploads\/2023\/07\/insane-festival.jpg\" \/>\n\t<meta property=\"og:image:width\" content=\"960\" \/>\n\t<meta property=\"og:image:height\" content=\"960\" \/>\n\t<meta property=\"og:image:type\" content=\"image\/jpeg\" \/>\n<meta name=\"author\" content=\"Malo\" \/>\n<meta name=\"twitter:card\" content=\"summary_large_image\" \/>\n<meta name=\"twitter:label1\" content=\"Escrito por\" \/>\n\t<meta name=\"twitter:data1\" content=\"Malo\" \/>\n\t<meta name=\"twitter:label2\" content=\"Tiempo de lectura\" \/>\n\t<meta name=\"twitter:data2\" content=\"9 minutos\" \/>\n<script type=\"application\/ld+json\" class=\"yoast-schema-graph\">{\"@context\":\"https:\\\/\\\/schema.org\",\"@graph\":[{\"@type\":\"Article\",\"@id\":\"https:\\\/\\\/www.technomag.fr\\\/es\\\/insane-festival-2023-una-experiencia-musical-inmersiva-en-el-sur-de-francia\\\/#article\",\"isPartOf\":{\"@id\":\"https:\\\/\\\/www.technomag.fr\\\/es\\\/insane-festival-2023-una-experiencia-musical-inmersiva-en-el-sur-de-francia\\\/\"},\"author\":{\"name\":\"Malo\",\"@id\":\"https:\\\/\\\/www.technomag.fr\\\/#\\\/schema\\\/person\\\/a70f6ccc8d17802992de88544d744e6b\"},\"headline\":\"Insane Festival 2023: Una experiencia musical inmersiva en el sur de Francia\",\"datePublished\":\"2023-07-16T11:13:30+00:00\",\"dateModified\":\"2024-08-08T12:40:40+00:00\",\"mainEntityOfPage\":{\"@id\":\"https:\\\/\\\/www.technomag.fr\\\/es\\\/insane-festival-2023-una-experiencia-musical-inmersiva-en-el-sur-de-francia\\\/\"},\"wordCount\":1808,\"publisher\":{\"@id\":\"https:\\\/\\\/www.technomag.fr\\\/#organization\"},\"image\":{\"@id\":\"https:\\\/\\\/www.technomag.fr\\\/es\\\/insane-festival-2023-una-experiencia-musical-inmersiva-en-el-sur-de-francia\\\/#primaryimage\"},\"thumbnailUrl\":\"https:\\\/\\\/www.technomag.fr\\\/wp-content\\\/uploads\\\/2023\\\/07\\\/insane-festival.jpg\",\"articleSection\":[\"Festival\"],\"inLanguage\":\"es\"},{\"@type\":\"WebPage\",\"@id\":\"https:\\\/\\\/www.technomag.fr\\\/es\\\/insane-festival-2023-una-experiencia-musical-inmersiva-en-el-sur-de-francia\\\/\",\"url\":\"https:\\\/\\\/www.technomag.fr\\\/es\\\/insane-festival-2023-una-experiencia-musical-inmersiva-en-el-sur-de-francia\\\/\",\"name\":\"Insane Festival 2023: Inolvidable inmersi\u00f3n musical en la regi\u00f3n PACA\",\"isPartOf\":{\"@id\":\"https:\\\/\\\/www.technomag.fr\\\/#website\"},\"primaryImageOfPage\":{\"@id\":\"https:\\\/\\\/www.technomag.fr\\\/es\\\/insane-festival-2023-una-experiencia-musical-inmersiva-en-el-sur-de-francia\\\/#primaryimage\"},\"image\":{\"@id\":\"https:\\\/\\\/www.technomag.fr\\\/es\\\/insane-festival-2023-una-experiencia-musical-inmersiva-en-el-sur-de-francia\\\/#primaryimage\"},\"thumbnailUrl\":\"https:\\\/\\\/www.technomag.fr\\\/wp-content\\\/uploads\\\/2023\\\/07\\\/insane-festival.jpg\",\"datePublished\":\"2023-07-16T11:13:30+00:00\",\"dateModified\":\"2024-08-08T12:40:40+00:00\",\"description\":\"Descubre el Insane Festival 2023, un acontecimiento musical \u00fanico en su g\u00e9nero que te sumergir\u00e1 en una experiencia envolvente en el coraz\u00f3n del sur de Francia. Vibra al ritmo de los mejores artistas, explora escenarios impresionantes y crea recuerdos inolvidables en esta cita ineludible de la escena musical.\",\"breadcrumb\":{\"@id\":\"https:\\\/\\\/www.technomag.fr\\\/es\\\/insane-festival-2023-una-experiencia-musical-inmersiva-en-el-sur-de-francia\\\/#breadcrumb\"},\"inLanguage\":\"es\",\"potentialAction\":[{\"@type\":\"ReadAction\",\"target\":[\"https:\\\/\\\/www.technomag.fr\\\/es\\\/insane-festival-2023-una-experiencia-musical-inmersiva-en-el-sur-de-francia\\\/\"]}]},{\"@type\":\"ImageObject\",\"inLanguage\":\"es\",\"@id\":\"https:\\\/\\\/www.technomag.fr\\\/es\\\/insane-festival-2023-una-experiencia-musical-inmersiva-en-el-sur-de-francia\\\/#primaryimage\",\"url\":\"https:\\\/\\\/www.technomag.fr\\\/wp-content\\\/uploads\\\/2023\\\/07\\\/insane-festival.jpg\",\"contentUrl\":\"https:\\\/\\\/www.technomag.fr\\\/wp-content\\\/uploads\\\/2023\\\/07\\\/insane-festival.jpg\",\"width\":960,\"height\":960},{\"@type\":\"BreadcrumbList\",\"@id\":\"https:\\\/\\\/www.technomag.fr\\\/es\\\/insane-festival-2023-una-experiencia-musical-inmersiva-en-el-sur-de-francia\\\/#breadcrumb\",\"itemListElement\":[{\"@type\":\"ListItem\",\"position\":1,\"name\":\"Accueil\",\"item\":\"https:\\\/\\\/www.technomag.fr\\\/es\\\/revista-techno\\\/\"},{\"@type\":\"ListItem\",\"position\":2,\"name\":\"Insane Festival 2023: Una experiencia musical inmersiva en el sur de Francia\"}]},{\"@type\":\"WebSite\",\"@id\":\"https:\\\/\\\/www.technomag.fr\\\/#website\",\"url\":\"https:\\\/\\\/www.technomag.fr\\\/\",\"name\":\"Techno Mag\",\"description\":\"Le magazine underground de r\u00e9f\u00e9rence pour la techno\",\"publisher\":{\"@id\":\"https:\\\/\\\/www.technomag.fr\\\/#organization\"},\"potentialAction\":[{\"@type\":\"SearchAction\",\"target\":{\"@type\":\"EntryPoint\",\"urlTemplate\":\"https:\\\/\\\/www.technomag.fr\\\/?s={search_term_string}\"},\"query-input\":{\"@type\":\"PropertyValueSpecification\",\"valueRequired\":true,\"valueName\":\"search_term_string\"}}],\"inLanguage\":\"es\"},{\"@type\":\"Organization\",\"@id\":\"https:\\\/\\\/www.technomag.fr\\\/#organization\",\"name\":\"Techno Mag\",\"url\":\"https:\\\/\\\/www.technomag.fr\\\/\",\"logo\":{\"@type\":\"ImageObject\",\"inLanguage\":\"es\",\"@id\":\"https:\\\/\\\/www.technomag.fr\\\/#\\\/schema\\\/logo\\\/image\\\/\",\"url\":\"https:\\\/\\\/www.technomag.fr\\\/wp-content\\\/uploads\\\/2023\\\/04\\\/TECHNO-e1681225415918.png\",\"contentUrl\":\"https:\\\/\\\/www.technomag.fr\\\/wp-content\\\/uploads\\\/2023\\\/04\\\/TECHNO-e1681225415918.png\",\"width\":500,\"height\":113,\"caption\":\"Techno Mag\"},\"image\":{\"@id\":\"https:\\\/\\\/www.technomag.fr\\\/#\\\/schema\\\/logo\\\/image\\\/\"}},{\"@type\":\"Person\",\"@id\":\"https:\\\/\\\/www.technomag.fr\\\/#\\\/schema\\\/person\\\/a70f6ccc8d17802992de88544d744e6b\",\"name\":\"Malo\",\"image\":{\"@type\":\"ImageObject\",\"inLanguage\":\"es\",\"@id\":\"https:\\\/\\\/www.technomag.fr\\\/wp-content\\\/uploads\\\/2023\\\/12\\\/image_6483441-2-96x96.jpg\",\"url\":\"https:\\\/\\\/www.technomag.fr\\\/wp-content\\\/uploads\\\/2023\\\/12\\\/image_6483441-2-96x96.jpg\",\"contentUrl\":\"https:\\\/\\\/www.technomag.fr\\\/wp-content\\\/uploads\\\/2023\\\/12\\\/image_6483441-2-96x96.jpg\",\"caption\":\"Malo\"},\"description\":\"Malo est co-fondatrice de Technomag. N\u00e9e dans l\u2019univers techno, elle a \u00e9t\u00e9 berc\u00e9e par la vibration des basses (ont vous laisse imaginer les s\u00e9quelles\u00a0 :').\u00a0 Vid\u00e9aste &amp;\u00a0photographe freelance, ce qu\u2019elle aime dans son m\u00e9tier, c\u2019est la possibilit\u00e9 de capturer des \u00e9motions et des instants pr\u00e9cieux \u00e0 travers ses photos et vid\u00e9os. Mais surtout, elle est l\u00e0 pour capturer vos meilleures bass-faces !\u00a0 Chaque \u00e9v\u00e9nement est pour elle une occasion unique de raconter une histoire, qu\u2019elle essaie de faire avec authenticit\u00e9.\u00a0 Chez Technomag, Malo r\u00e9dige des articles, g\u00e8re les r\u00e9seaux sociaux et partage des projets qui lui tiennent \u00e0 c\u0153ur. Elle s\u2019occupe \u00e9galement d\u2019une partie de la communication (ne lui en voulez pas si elle n\u2019a pas encore r\u00e9pondu aux mails ! ^^' ). Pour jeter un coup d'\u0153il \u00e0 son travail, vous pouvez checker son site par ici , et pour les r\u00e9seaux, c'est par l\u00e0 .\",\"sameAs\":[\"http:\\\/\\\/www.amitaistudio.com\",\"https:\\\/\\\/www.instagram.com\\\/amitai.studio06\\\/\"],\"url\":\"https:\\\/\\\/www.technomag.fr\\\/es\\\/redacteur\\\/malo\\\/\"}]}<\/script>\n<!-- \/ Yoast SEO plugin. -->","yoast_head_json":{"title":"Insane Festival 2023: Inolvidable inmersi\u00f3n musical en la regi\u00f3n PACA","description":"Descubre el Insane Festival 2023, un acontecimiento musical \u00fanico en su g\u00e9nero que te sumergir\u00e1 en una experiencia envolvente en el coraz\u00f3n del sur de Francia. Vibra al ritmo de los mejores artistas, explora escenarios impresionantes y crea recuerdos inolvidables en esta cita ineludible de la escena musical.","robots":{"index":"index","follow":"follow","max-snippet":"max-snippet:-1","max-image-preview":"max-image-preview:large","max-video-preview":"max-video-preview:-1"},"canonical":"https:\/\/www.technomag.fr\/es\/insane-festival-2023-una-experiencia-musical-inmersiva-en-el-sur-de-francia\/","og_locale":"es_ES","og_type":"article","og_title":"Insane Festival 2023: Inolvidable inmersi\u00f3n musical en la regi\u00f3n PACA","og_description":"Descubre el Insane Festival 2023, un acontecimiento musical \u00fanico en su g\u00e9nero que te sumergir\u00e1 en una experiencia envolvente en el coraz\u00f3n del sur de Francia. Vibra al ritmo de los mejores artistas, explora escenarios impresionantes y crea recuerdos inolvidables en esta cita ineludible de la escena musical.","og_url":"https:\/\/www.technomag.fr\/es\/insane-festival-2023-una-experiencia-musical-inmersiva-en-el-sur-de-francia\/","og_site_name":"Techno Mag","article_published_time":"2023-07-16T11:13:30+00:00","article_modified_time":"2024-08-08T12:40:40+00:00","og_image":[{"width":960,"height":960,"url":"https:\/\/www.technomag.fr\/wp-content\/uploads\/2023\/07\/insane-festival.jpg","type":"image\/jpeg"}],"author":"Malo","twitter_card":"summary_large_image","twitter_misc":{"Escrito por":"Malo","Tiempo de lectura":"9 minutos"},"schema":{"@context":"https:\/\/schema.org","@graph":[{"@type":"Article","@id":"https:\/\/www.technomag.fr\/es\/insane-festival-2023-una-experiencia-musical-inmersiva-en-el-sur-de-francia\/#article","isPartOf":{"@id":"https:\/\/www.technomag.fr\/es\/insane-festival-2023-una-experiencia-musical-inmersiva-en-el-sur-de-francia\/"},"author":{"name":"Malo","@id":"https:\/\/www.technomag.fr\/#\/schema\/person\/a70f6ccc8d17802992de88544d744e6b"},"headline":"Insane Festival 2023: Una experiencia musical inmersiva en el sur de Francia","datePublished":"2023-07-16T11:13:30+00:00","dateModified":"2024-08-08T12:40:40+00:00","mainEntityOfPage":{"@id":"https:\/\/www.technomag.fr\/es\/insane-festival-2023-una-experiencia-musical-inmersiva-en-el-sur-de-francia\/"},"wordCount":1808,"publisher":{"@id":"https:\/\/www.technomag.fr\/#organization"},"image":{"@id":"https:\/\/www.technomag.fr\/es\/insane-festival-2023-una-experiencia-musical-inmersiva-en-el-sur-de-francia\/#primaryimage"},"thumbnailUrl":"https:\/\/www.technomag.fr\/wp-content\/uploads\/2023\/07\/insane-festival.jpg","articleSection":["Festival"],"inLanguage":"es"},{"@type":"WebPage","@id":"https:\/\/www.technomag.fr\/es\/insane-festival-2023-una-experiencia-musical-inmersiva-en-el-sur-de-francia\/","url":"https:\/\/www.technomag.fr\/es\/insane-festival-2023-una-experiencia-musical-inmersiva-en-el-sur-de-francia\/","name":"Insane Festival 2023: Inolvidable inmersi\u00f3n musical en la regi\u00f3n PACA","isPartOf":{"@id":"https:\/\/www.technomag.fr\/#website"},"primaryImageOfPage":{"@id":"https:\/\/www.technomag.fr\/es\/insane-festival-2023-una-experiencia-musical-inmersiva-en-el-sur-de-francia\/#primaryimage"},"image":{"@id":"https:\/\/www.technomag.fr\/es\/insane-festival-2023-una-experiencia-musical-inmersiva-en-el-sur-de-francia\/#primaryimage"},"thumbnailUrl":"https:\/\/www.technomag.fr\/wp-content\/uploads\/2023\/07\/insane-festival.jpg","datePublished":"2023-07-16T11:13:30+00:00","dateModified":"2024-08-08T12:40:40+00:00","description":"Descubre el Insane Festival 2023, un acontecimiento musical \u00fanico en su g\u00e9nero que te sumergir\u00e1 en una experiencia envolvente en el coraz\u00f3n del sur de Francia. Vibra al ritmo de los mejores artistas, explora escenarios impresionantes y crea recuerdos inolvidables en esta cita ineludible de la escena musical.","breadcrumb":{"@id":"https:\/\/www.technomag.fr\/es\/insane-festival-2023-una-experiencia-musical-inmersiva-en-el-sur-de-francia\/#breadcrumb"},"inLanguage":"es","potentialAction":[{"@type":"ReadAction","target":["https:\/\/www.technomag.fr\/es\/insane-festival-2023-una-experiencia-musical-inmersiva-en-el-sur-de-francia\/"]}]},{"@type":"ImageObject","inLanguage":"es","@id":"https:\/\/www.technomag.fr\/es\/insane-festival-2023-una-experiencia-musical-inmersiva-en-el-sur-de-francia\/#primaryimage","url":"https:\/\/www.technomag.fr\/wp-content\/uploads\/2023\/07\/insane-festival.jpg","contentUrl":"https:\/\/www.technomag.fr\/wp-content\/uploads\/2023\/07\/insane-festival.jpg","width":960,"height":960},{"@type":"BreadcrumbList","@id":"https:\/\/www.technomag.fr\/es\/insane-festival-2023-una-experiencia-musical-inmersiva-en-el-sur-de-francia\/#breadcrumb","itemListElement":[{"@type":"ListItem","position":1,"name":"Accueil","item":"https:\/\/www.technomag.fr\/es\/revista-techno\/"},{"@type":"ListItem","position":2,"name":"Insane Festival 2023: Una experiencia musical inmersiva en el sur de Francia"}]},{"@type":"WebSite","@id":"https:\/\/www.technomag.fr\/#website","url":"https:\/\/www.technomag.fr\/","name":"Techno Mag","description":"Le magazine underground de r\u00e9f\u00e9rence pour la techno","publisher":{"@id":"https:\/\/www.technomag.fr\/#organization"},"potentialAction":[{"@type":"SearchAction","target":{"@type":"EntryPoint","urlTemplate":"https:\/\/www.technomag.fr\/?s={search_term_string}"},"query-input":{"@type":"PropertyValueSpecification","valueRequired":true,"valueName":"search_term_string"}}],"inLanguage":"es"},{"@type":"Organization","@id":"https:\/\/www.technomag.fr\/#organization","name":"Techno Mag","url":"https:\/\/www.technomag.fr\/","logo":{"@type":"ImageObject","inLanguage":"es","@id":"https:\/\/www.technomag.fr\/#\/schema\/logo\/image\/","url":"https:\/\/www.technomag.fr\/wp-content\/uploads\/2023\/04\/TECHNO-e1681225415918.png","contentUrl":"https:\/\/www.technomag.fr\/wp-content\/uploads\/2023\/04\/TECHNO-e1681225415918.png","width":500,"height":113,"caption":"Techno Mag"},"image":{"@id":"https:\/\/www.technomag.fr\/#\/schema\/logo\/image\/"}},{"@type":"Person","@id":"https:\/\/www.technomag.fr\/#\/schema\/person\/a70f6ccc8d17802992de88544d744e6b","name":"Malo","image":{"@type":"ImageObject","inLanguage":"es","@id":"https:\/\/www.technomag.fr\/wp-content\/uploads\/2023\/12\/image_6483441-2-96x96.jpg","url":"https:\/\/www.technomag.fr\/wp-content\/uploads\/2023\/12\/image_6483441-2-96x96.jpg","contentUrl":"https:\/\/www.technomag.fr\/wp-content\/uploads\/2023\/12\/image_6483441-2-96x96.jpg","caption":"Malo"},"description":"Malo est co-fondatrice de Technomag. N\u00e9e dans l\u2019univers techno, elle a \u00e9t\u00e9 berc\u00e9e par la vibration des basses (ont vous laisse imaginer les s\u00e9quelles\u00a0 :').\u00a0 Vid\u00e9aste &amp;\u00a0photographe freelance, ce qu\u2019elle aime dans son m\u00e9tier, c\u2019est la possibilit\u00e9 de capturer des \u00e9motions et des instants pr\u00e9cieux \u00e0 travers ses photos et vid\u00e9os. Mais surtout, elle est l\u00e0 pour capturer vos meilleures bass-faces !\u00a0 Chaque \u00e9v\u00e9nement est pour elle une occasion unique de raconter une histoire, qu\u2019elle essaie de faire avec authenticit\u00e9.\u00a0 Chez Technomag, Malo r\u00e9dige des articles, g\u00e8re les r\u00e9seaux sociaux et partage des projets qui lui tiennent \u00e0 c\u0153ur. Elle s\u2019occupe \u00e9galement d\u2019une partie de la communication (ne lui en voulez pas si elle n\u2019a pas encore r\u00e9pondu aux mails ! ^^' ). Pour jeter un coup d'\u0153il \u00e0 son travail, vous pouvez checker son site par ici , et pour les r\u00e9seaux, c'est par l\u00e0 .","sameAs":["http:\/\/www.amitaistudio.com","https:\/\/www.instagram.com\/amitai.studio06\/"],"url":"https:\/\/www.technomag.fr\/es\/redacteur\/malo\/"}]}},"_links":{"self":[{"href":"https:\/\/www.technomag.fr\/es\/wp-json\/wp\/v2\/posts\/14282","targetHints":{"allow":["GET"]}}],"collection":[{"href":"https:\/\/www.technomag.fr\/es\/wp-json\/wp\/v2\/posts"}],"about":[{"href":"https:\/\/www.technomag.fr\/es\/wp-json\/wp\/v2\/types\/post"}],"author":[{"embeddable":true,"href":"https:\/\/www.technomag.fr\/es\/wp-json\/wp\/v2\/users\/2"}],"replies":[{"embeddable":true,"href":"https:\/\/www.technomag.fr\/es\/wp-json\/wp\/v2\/comments?post=14282"}],"version-history":[{"count":1,"href":"https:\/\/www.technomag.fr\/es\/wp-json\/wp\/v2\/posts\/14282\/revisions"}],"predecessor-version":[{"id":14290,"href":"https:\/\/www.technomag.fr\/es\/wp-json\/wp\/v2\/posts\/14282\/revisions\/14290"}],"wp:featuredmedia":[{"embeddable":true,"href":"https:\/\/www.technomag.fr\/es\/wp-json\/wp\/v2\/media\/14283"}],"wp:attachment":[{"href":"https:\/\/www.technomag.fr\/es\/wp-json\/wp\/v2\/media?parent=14282"}],"wp:term":[{"taxonomy":"category","embeddable":true,"href":"https:\/\/www.technomag.fr\/es\/wp-json\/wp\/v2\/categories?post=14282"},{"taxonomy":"post_tag","embeddable":true,"href":"https:\/\/www.technomag.fr\/es\/wp-json\/wp\/v2\/tags?post=14282"}],"curies":[{"name":"wp","href":"https:\/\/api.w.org\/{rel}","templated":true}]}}