
{"id":14275,"date":"2023-07-06T18:45:40","date_gmt":"2023-07-06T17:45:40","guid":{"rendered":"https:\/\/www.technomag.fr\/anton-kubikov-el-artista-polifacetico\/"},"modified":"2024-08-08T13:40:39","modified_gmt":"2024-08-08T12:40:39","slug":"anton-kubikov-el-artista-polifacetico","status":"publish","type":"post","link":"https:\/\/www.technomag.fr\/es\/anton-kubikov-el-artista-polifacetico\/","title":{"rendered":"Anton Kubikov: El artista polifac\u00e9tico"},"content":{"rendered":"\n<p>Anton Kubikov es un compositor y DJ activo en la escena internacional de la m\u00fasica electr\u00f3nica desde 1994.\nCon m\u00e1s de 90 publicaciones en sellos como <strong>Kompakt<\/strong>, <strong>Fabric, Force Tracks, Trapez, Salo, MAYAK, Pro-tez, Nervmusic, Traum, Freizeitglauben y Heisenberg<\/strong>, Kubikov ha dejado su huella en la industria musical.\nYa sea con su propio nombre o con proyectos como <strong>Scsi-9 y Multiplear Juras Lieturs<\/strong>, ha producido temas que combinan lo underground con un toque po\u00e9tico.  <\/p>\n\n<div id=\"ez-toc-container\" class=\"ez-toc-v2_0_82_2 ez-toc-wrap-center counter-hierarchy ez-toc-counter ez-toc-custom ez-toc-container-direction\">\n<div class=\"ez-toc-title-container\">\n<p class=\"ez-toc-title\" style=\"cursor:inherit\">Sommaire<\/p>\n<span class=\"ez-toc-title-toggle\"><a href=\"#\" class=\"ez-toc-pull-right ez-toc-btn ez-toc-btn-xs ez-toc-btn-default ez-toc-toggle\" aria-label=\"Alternar tabla de contenidos\"><span class=\"ez-toc-js-icon-con\"><span class=\"\"><span class=\"eztoc-hide\" style=\"display:none;\">Toggle<\/span><span class=\"ez-toc-icon-toggle-span\"><svg style=\"fill: #ffffff;color:#ffffff\" xmlns=\"http:\/\/www.w3.org\/2000\/svg\" class=\"list-377408\" width=\"20px\" height=\"20px\" viewBox=\"0 0 24 24\" fill=\"none\"><path d=\"M6 6H4v2h2V6zm14 0H8v2h12V6zM4 11h2v2H4v-2zm16 0H8v2h12v-2zM4 16h2v2H4v-2zm16 0H8v2h12v-2z\" fill=\"currentColor\"><\/path><\/svg><svg style=\"fill: #ffffff;color:#ffffff\" class=\"arrow-unsorted-368013\" xmlns=\"http:\/\/www.w3.org\/2000\/svg\" width=\"10px\" height=\"10px\" viewBox=\"0 0 24 24\" version=\"1.2\" baseProfile=\"tiny\"><path d=\"M18.2 9.3l-6.2-6.3-6.2 6.3c-.2.2-.3.4-.3.7s.1.5.3.7c.2.2.4.3.7.3h11c.3 0 .5-.1.7-.3.2-.2.3-.5.3-.7s-.1-.5-.3-.7zM5.8 14.7l6.2 6.3 6.2-6.3c.2-.2.3-.5.3-.7s-.1-.5-.3-.7c-.2-.2-.4-.3-.7-.3h-11c-.3 0-.5.1-.7.3-.2.2-.3.5-.3.7s.1.5.3.7z\"\/><\/svg><\/span><\/span><\/span><\/a><\/span><\/div>\n<nav><ul class='ez-toc-list ez-toc-list-level-1 ' ><li class='ez-toc-page-1 ez-toc-heading-level-2'><a class=\"ez-toc-link ez-toc-heading-1\" href=\"https:\/\/www.technomag.fr\/es\/anton-kubikov-el-artista-polifacetico\/#Anton_Kubikov_como_DJ\" >Anton Kubikov como DJ<\/a><\/li><li class='ez-toc-page-1 ez-toc-heading-level-2'><a class=\"ez-toc-link ez-toc-heading-2\" href=\"https:\/\/www.technomag.fr\/es\/anton-kubikov-el-artista-polifacetico\/#Publicaciones_recientes_y_proximas\" >Publicaciones recientes y pr\u00f3ximas<\/a><\/li><li class='ez-toc-page-1 ez-toc-heading-level-2'><a class=\"ez-toc-link ez-toc-heading-3\" href=\"https:\/\/www.technomag.fr\/es\/anton-kubikov-el-artista-polifacetico\/#Su_ultimo_proyecto_%C2%ABCafe_de_Flore%C2%BB_Cuando_Chicago_se_encuentra_con_Paris\" >Su \u00faltimo proyecto \u00abCaf\u00e9 de Flore\u00bb: Cuando Chicago se encuentra con Par\u00eds<\/a><\/li><li class='ez-toc-page-1 ez-toc-heading-level-2'><a class=\"ez-toc-link ez-toc-heading-4\" href=\"https:\/\/www.technomag.fr\/es\/anton-kubikov-el-artista-polifacetico\/#La_reinvencion_del_%C2%ABCafe_de_Flore%C2%BB_de_Kubikov\" >La reinvenci\u00f3n del \u00abCaf\u00e9 de Flore\u00bb de Kubikov<\/a><\/li><li class='ez-toc-page-1 ez-toc-heading-level-2'><a class=\"ez-toc-link ez-toc-heading-5\" href=\"https:\/\/www.technomag.fr\/es\/anton-kubikov-el-artista-polifacetico\/#Sigue_a_Anton_Kubikov\" >Sigue a Anton Kubikov<\/a><\/li><li class='ez-toc-page-1 ez-toc-heading-level-2'><a class=\"ez-toc-link ez-toc-heading-6\" href=\"https:\/\/www.technomag.fr\/es\/anton-kubikov-el-artista-polifacetico\/#PREGUNTAS_FRECUENTES\" >PREGUNTAS FRECUENTES<\/a><\/li><\/ul><\/nav><\/div>\n<h2 class=\"wp-block-heading\"><span class=\"ez-toc-section\" id=\"Anton_Kubikov_como_DJ\"><\/span><strong>Anton Kubikov como DJ<\/strong><span class=\"ez-toc-section-end\"><\/span><\/h2>\n\n<p>Adem\u00e1s de por su talento como compositor, Anton Kubikov tambi\u00e9n es conocido por sus sesiones de DJ de gran calidad.\nSus selecciones musicales cautivan a las multitudes y crean un ambiente \u00fanico en la pista de baile.\nEn sus 28 a\u00f1os de carrera, Kubikov ha viajado por todo el mundo, actuando en casi todos los continentes excepto el Polo Norte, la Ant\u00e1rtida y \u00c1frica.\nSu experiencia y pasi\u00f3n brillan en cada una de sus actuaciones.   <\/p>\n\n<h2 class=\"wp-block-heading\"><span class=\"ez-toc-section\" id=\"Publicaciones_recientes_y_proximas\"><\/span><strong>Publicaciones recientes y pr\u00f3ximas<\/strong><span class=\"ez-toc-section-end\"><\/span><\/h2>\n\n<p>En 2021 <strong>Stately Records<\/strong> public\u00f3 el EP<strong> <\/strong><strong><em>Fiebre<\/em><\/strong><em> <\/em>y, en 2023, s\u00f3lo 200 copias del \u00e1lbum <strong><em>\u00e1lbum Ambient Occlusion. <\/em><\/strong>Estas dos obras <em>s\u00f3lo <\/em>se distribuyeron <em>en <\/em>vinilo, ofreciendo a los oyentes una experiencia exclusiva y envolvente en el mundo del dub-techno.\nEn 2023, tambi\u00e9n colabor\u00f3 en el recopilatorio <strong><em>Berl\u00edn Undercover<\/em><\/strong> publicado en <strong>Sound of Berlin<\/strong>, que recoge el legendario<strong>Caf\u00e9 Flore<\/strong>de <strong>Matthew Herbert<\/strong>.\nAdem\u00e1s, est\u00e1n previstos varios lanzamientos m\u00e1s en sellos independientes, que atestiguan la creatividad de Kubikov y su compromiso constante con su m\u00fasica.  <\/p>\n\n<h2 class=\"wp-block-heading\"><span class=\"ez-toc-section\" id=\"Su_ultimo_proyecto_%C2%ABCafe_de_Flore%C2%BB_Cuando_Chicago_se_encuentra_con_Paris\"><\/span><strong>Su \u00faltimo proyecto \u00abCaf\u00e9 de Flore\u00bb: Cuando Chicago se encuentra con Par\u00eds  <\/strong><span class=\"ez-toc-section-end\"><\/span><\/h2>\n\n<h3 class=\"wp-block-heading\"><strong>El viaje cultural de Anton Kubikov<\/strong><\/h3>\n\n<p>Reinterpretaci\u00f3n de Kubikov del<strong>\u00abCaf\u00e9 de Flore<\/strong>\u00bb para el proyecto <strong><em>Berl\u00edn encubierto<\/em><\/strong> es una ilustraci\u00f3n perfecta de su dominio de las armon\u00edas musicales.\nTransportando al oyente de una terraza de Saint-Germain-des-Pr\u00e9s a los clubes underground de Chicago, Kubikov consigue insuflar nueva vida a esta emblem\u00e1tica pieza. <\/p>\n\n<p class=\"has-text-align-center\">ESCUCHA Berl\u00edn encubierto: https: <a href=\"https:\/\/berlinundercover.lnk.to\/Compilation\">\/\/berlinundercover.lnk.to\/Compilation<\/a><\/p>\n<div class=\"wp-block-image\">\n<figure class=\"aligncenter is-resized\"><img decoding=\"async\" src=\"https:\/\/lh4.googleusercontent.com\/yVVUs2Hde8ZSPRfv9M9zQuWYkZhephIz7BQprKbQmCiVXbWYTw4tR6paZM-eKygqjtA5ksFWElqDrEQ-Y0aJ-738tuWBEgWqxgfS27xv_6dWnU9U2iZuOuugURRH4laYxP-4DDxpMl-xw-ZtfiIR7jg\" alt=\"\" width=\"224\" height=\"106\"\/><\/figure>\n<\/div>\n<h3 class=\"wp-block-heading has-text-align-center\"><strong>Sigue el Sonido de Berl\u00edn<\/strong><\/h3>\n\n<h3 class=\"wp-block-heading has-text-align-center\"><a href=\"https:\/\/www.youtube.com\/channel\/UCCUXH3-NyLZv7SeMHEcIcRg\" target=\"_blank\" rel=\"noreferrer noopener\">Youtube<\/a><strong> I <\/strong><a href=\"https:\/\/www.facebook.com\/soundofberlin.official\" target=\"_blank\" rel=\"noreferrer noopener\">Facebook<\/a><strong> I <\/strong><a href=\"https:\/\/www.instagram.com\/soundofberlin_official\/\" target=\"_blank\" rel=\"noreferrer noopener\">Instagram<\/a><\/h3>\n\n<h3 class=\"wp-block-heading\"><strong>El esp\u00edritu del Doctor Rokit<\/strong><\/h3>\n\n<p>Creado en 2000 por<strong> Doctor Rokit<\/strong>, uno de los alias del productor brit\u00e1nico<strong> Matthew Herbert<\/strong>, \u00ab<a href=\"https:\/\/www.youtube.com\/watch?v=6eJWByujohg\"><strong>Caf\u00e9 de Flore<\/strong><\/a>\u00bb capta la esencia de la frescura parisina.\nKubikov respeta el alma original del tema, pero le pone su sello personal transformando sutilmente su ritmo. <\/p>\n\n<h2 class=\"wp-block-heading\"><span class=\"ez-toc-section\" id=\"La_reinvencion_del_%C2%ABCafe_de_Flore%C2%BB_de_Kubikov\"><\/span><strong>La reinvenci\u00f3n del \u00abCaf\u00e9 de Flore\u00bb de Kubikov<\/strong><span class=\"ez-toc-section-end\"><\/span><\/h2>\n\n<figure class=\"wp-block-embed is-type-rich is-provider-spotify wp-block-embed-spotify wp-embed-aspect-21-9 wp-has-aspect-ratio\"><div class=\"wp-block-embed__wrapper\"> \n<iframe title=\"Spotify Embed: Caf\u00e9 de Flore\" style=\"border-radius: 12px\" width=\"100%\" height=\"352\" frameborder=\"0\" allowfullscreen allow=\"autoplay; clipboard-write; encrypted-media; fullscreen; picture-in-picture\" loading=\"lazy\" src=\"https:\/\/open.spotify.com\/embed\/album\/5RRM9GJ4yerFQ2d5qeXiAT?si=MzcNsId7Q-itsYdUtdw8Zg&#038;utm_source=oembed\"><\/iframe>\n <\/div><\/figure>\n\n<h3 class=\"wp-block-heading\"><strong>La transici\u00f3n a la Microcasa Jazzy<\/strong><\/h3>\n\n<p>Jugando con el sonido y el tempo, Anton Kubikov transforma el downtempo franc\u00e9s en un microhouse jazz\u00edstico.\nLa integraci\u00f3n de un plug-in de tambor de leng\u00fceta de acero y unos pads atmosf\u00e9ricos reverberados en un impulsivo 4\/4 confirman la singularidad de su versi\u00f3n. <\/p>\n\n<h3 class=\"wp-block-heading\"><strong>Las audaces decisiones de Kubikov<\/strong><\/h3>\n\n<p>Dejando atr\u00e1s el acorde\u00f3n y la guitarra ac\u00fastica del tema que da t\u00edtulo a Herbert, Kubikov opta por la audacia, dotando a su obra de una identidad propia y \u00fanica.<\/p>\n\n<h2 class=\"wp-block-heading\"><span class=\"ez-toc-section\" id=\"Sigue_a_Anton_Kubikov\"><\/span><strong>Sigue a Anton Kubikov<\/strong><span class=\"ez-toc-section-end\"><\/span><\/h2>\n\n<p>Para estar al d\u00eda de las \u00faltimas creaciones musicales, cautivadoras actuaciones y noticias de Anton Kubikov, puedes seguirle en las siguientes plataformas:<\/p>\n\n<ul class=\"wp-block-list\">\n<li><strong>Asesor Residente:<\/strong><a href=\"https:\/\/www.residentadvisor.net\/dj\/antonkubikov\" target=\"_blank\" rel=\"noreferrer noopener\"> enlace a la p\u00e1gina Resident Advisor de Anton Kubikov<\/a><\/li>\n\n\n\n<li><strong>Soundcloud:<\/strong><a href=\"https:\/\/soundcloud.com\/antonkubikov\" target=\"_blank\" rel=\"noreferrer noopener\"> enlace a la p\u00e1gina de Soundcloud de Anton Kubikov<\/a><\/li>\n\n\n\n<li><strong>P\u00e1gina de Facebook:<\/strong><a href=\"https:\/\/www.facebook.com\/antonkubikovdj\/\" target=\"_blank\" rel=\"noreferrer noopener\"> enlace a la p\u00e1gina de Facebook de Anton Kubikov<\/a><\/li>\n\n\n\n<li><strong>Instagram<\/strong><a href=\"https:\/\/www.instagram.com\/kubikov_anton\/\" target=\"_blank\" rel=\"noreferrer noopener\"> enlace a la p\u00e1gina de Instagram de Anton Kubikov<\/a><\/li>\n\n\n\n<li><strong>Spotify<\/strong>:<a href=\"https:\/\/open.spotify.com\/artist\/6EFW97xZ8UyegVYNJ2fJtg?si=OoNzz62FTT2mbE_0WgeuSg\" target=\"_blank\" rel=\"noreferrer noopener\"> enlace a la p\u00e1gina Spotify de Anton Kubikov<\/a><\/li>\n<\/ul>\n\n<hr class=\"wp-block-separator has-alpha-channel-opacity\"\/>\n\n<h2 class=\"wp-block-heading\"><span class=\"ez-toc-section\" id=\"PREGUNTAS_FRECUENTES\"><\/span><strong>PREGUNTAS FRECUENTES<\/strong><span class=\"ez-toc-section-end\"><\/span><\/h2>\n\n<h3 class=\"wp-block-heading\"><strong>\u00bfQui\u00e9n es Anton Kubikov?<\/strong><\/h3>\n\n<p>Anton Kubikov es un productor de m\u00fasica electr\u00f3nica conocido por su enfoque \u00fanico de la producci\u00f3n musical.<\/p>\n\n<h3 class=\"wp-block-heading\"><strong>\u00bfQu\u00e9 es el \u00abCaf\u00e9 de Flore\u00bb?<\/strong><\/h3>\n\n<p>\u00abCaf\u00e9 de Flore\u00bb es un tema original de Doctor Rokit, alias del productor brit\u00e1nico Matthew Herbert.\nHa sido versionada y transformada por Anton Kubikov. <\/p>\n\n<h3 class=\"wp-block-heading\"><strong>\u00bfC\u00f3mo transform\u00f3 Anton Kubikov el \u00abCaf\u00e9 de Flore\u00bb?<\/strong><\/h3>\n\n<p>Kubikov ha aumentado el tempo del tema, ha prescindido del acorde\u00f3n y la guitarra ac\u00fastica, y ha integrado un plugin de tambor de lengua de acero y unos pads atmosf\u00e9ricos reverberados.<\/p>\n\n<h3 class=\"wp-block-heading\"><strong>\u00bfCu\u00e1l es el estilo musical de Anton Kubikov?<\/strong><\/h3>\n\n<p>Anton Kubikov es conocido por su m\u00fasica electr\u00f3nica, con influencias que van del house al techno.<\/p>\n\n<h3 class=\"wp-block-heading\"><strong>\u00bfQu\u00e9 importancia tiene Anton Kubikov en la m\u00fasica electr\u00f3nica?<\/strong><\/h3>\n\n<p>Kubikov es una figura influyente en el mundo de la m\u00fasica electr\u00f3nica.\nSu capacidad para innovar y fusionar diversas influencias musicales le ha convertido en un artista muy respetado. <\/p>\n\n<h3 class=\"wp-block-heading\"><strong>\u00bfQu\u00e9 g\u00e9neros musicales explora Anton Kubikov?<\/strong><\/h3>\n\n<p>Anton Kubikov es conocido por explorar una amplia gama de g\u00e9neros musicales, como el dub-techno, el microhouse, el downtempo y el jazz.\nFusiona estos estilos para crear su propio sello musical. <\/p>\n\n<h3 class=\"wp-block-heading\"><strong>\u00bfAnton Kubikov tambi\u00e9n es productor?<\/strong><\/h3>\n\n<p>S\u00ed, Anton Kubikov es un productor consumado con numerosos lanzamientos en sellos establecidos.\nSus producciones muestran su talento para la composici\u00f3n musical y su enfoque innovador. <\/p>\n\n<h3 class=\"wp-block-heading\"><strong>\u00bfD\u00f3nde puedo escuchar la m\u00fasica de Anton Kubikov?<\/strong><\/h3>\n\n<p>Las canciones de Anton Kubikov est\u00e1n disponibles en varias plataformas de streaming musical, como Spotify.\nTambi\u00e9n puedes encontrarlas en tiendas de m\u00fasica en l\u00ednea o en sus actuaciones en directo. <\/p>\n\n<h3 class=\"wp-block-heading\"><strong>\u00bfCu\u00e1les son los pr\u00f3ximos proyectos de Anton Kubikov?<\/strong><\/h3>\n\n<p>Anton Kubikov sigue explorando nuevos horizontes musicales y tiene previstos varios lanzamientos en sellos independientes.\nPermanece atento a sus \u00faltimas creaciones para descubrir sus pr\u00f3ximos proyectos. <\/p>\n\n<hr class=\"wp-block-separator has-alpha-channel-opacity\"\/>\n\n<p>En conclusi\u00f3n, Anton Kubikov es un artista completo que ha dejado su huella en la industria de la m\u00fasica electr\u00f3nica.\nSu dilatada carrera musical, sus variadas producciones y su presencia como DJ le han convertido en una figura ic\u00f3nica de la escena underground.\nNo te pierdas sus fascinantes actuaciones y sus pr\u00f3ximos lanzamientos, ya que Anton Kubikov sigue explorando nuevos horizontes musicales con pasi\u00f3n y creatividad.  <\/p>\n\n\n<div class=\"kk-star-ratings kksr-auto kksr-align-center kksr-valign-bottom\"\n    data-payload='{&quot;align&quot;:&quot;center&quot;,&quot;id&quot;:&quot;14275&quot;,&quot;slug&quot;:&quot;default&quot;,&quot;valign&quot;:&quot;bottom&quot;,&quot;ignore&quot;:&quot;&quot;,&quot;reference&quot;:&quot;auto&quot;,&quot;class&quot;:&quot;&quot;,&quot;count&quot;:&quot;0&quot;,&quot;legendonly&quot;:&quot;&quot;,&quot;readonly&quot;:&quot;&quot;,&quot;score&quot;:&quot;0&quot;,&quot;starsonly&quot;:&quot;&quot;,&quot;best&quot;:&quot;5&quot;,&quot;gap&quot;:&quot;5&quot;,&quot;greet&quot;:&quot;Noter cet article&quot;,&quot;legend&quot;:&quot;0\\\/5 - (0 votos)&quot;,&quot;size&quot;:&quot;24&quot;,&quot;title&quot;:&quot;Anton Kubikov: El artista polifac\u00e9tico&quot;,&quot;width&quot;:&quot;0&quot;,&quot;_legend&quot;:&quot;{score}\\\/{best} - ({count} {votes})&quot;,&quot;font_factor&quot;:&quot;1.25&quot;}'>\n            \n<div class=\"kksr-stars\">\n    \n<div class=\"kksr-stars-inactive\">\n            <div class=\"kksr-star\" data-star=\"1\" style=\"padding-right: 5px\">\n            \n\n<div class=\"kksr-icon\" style=\"width: 24px; height: 24px;\"><\/div>\n        <\/div>\n            <div class=\"kksr-star\" data-star=\"2\" style=\"padding-right: 5px\">\n            \n\n<div class=\"kksr-icon\" style=\"width: 24px; height: 24px;\"><\/div>\n        <\/div>\n            <div class=\"kksr-star\" data-star=\"3\" style=\"padding-right: 5px\">\n            \n\n<div class=\"kksr-icon\" style=\"width: 24px; height: 24px;\"><\/div>\n        <\/div>\n            <div class=\"kksr-star\" data-star=\"4\" style=\"padding-right: 5px\">\n            \n\n<div class=\"kksr-icon\" style=\"width: 24px; height: 24px;\"><\/div>\n        <\/div>\n            <div class=\"kksr-star\" data-star=\"5\" style=\"padding-right: 5px\">\n            \n\n<div class=\"kksr-icon\" style=\"width: 24px; height: 24px;\"><\/div>\n        <\/div>\n    <\/div>\n    \n<div class=\"kksr-stars-active\" style=\"width: 0px;\">\n            <div class=\"kksr-star\" style=\"padding-right: 5px\">\n            \n\n<div class=\"kksr-icon\" style=\"width: 24px; height: 24px;\"><\/div>\n        <\/div>\n            <div class=\"kksr-star\" style=\"padding-right: 5px\">\n            \n\n<div class=\"kksr-icon\" style=\"width: 24px; height: 24px;\"><\/div>\n        <\/div>\n            <div class=\"kksr-star\" style=\"padding-right: 5px\">\n            \n\n<div class=\"kksr-icon\" style=\"width: 24px; height: 24px;\"><\/div>\n        <\/div>\n            <div class=\"kksr-star\" style=\"padding-right: 5px\">\n            \n\n<div class=\"kksr-icon\" style=\"width: 24px; height: 24px;\"><\/div>\n        <\/div>\n            <div class=\"kksr-star\" style=\"padding-right: 5px\">\n            \n\n<div class=\"kksr-icon\" style=\"width: 24px; height: 24px;\"><\/div>\n        <\/div>\n    <\/div>\n<\/div>\n                \n\n<div class=\"kksr-legend\" style=\"font-size: 19.2px;\">\n            <span class=\"kksr-muted\">Noter cet article<\/span>\n    <\/div>\n    <\/div>\n","protected":false},"excerpt":{"rendered":"<p>Anton Kubikov es un compositor y DJ activo en la escena internacional de la m\u00fasica electr\u00f3nica desde 1994. Con m\u00e1s de 90 publicaciones en sellos como Kompakt, Fabric, Force Tracks, Trapez, Salo, MAYAK, Pro-tez, Nervmusic, Traum, Freizeitglauben y Heisenberg, Kubikov ha dejado su huella en la industria musical. Ya sea con su propio nombre o [&hellip;]<\/p>\n","protected":false},"author":3,"featured_media":14277,"comment_status":"closed","ping_status":"closed","sticky":false,"template":"","format":"standard","meta":{"_acf_changed":false,"footnotes":""},"categories":[863],"tags":[],"class_list":["post-14275","post","type-post","status-publish","format-standard","has-post-thumbnail","hentry","category-artistas-sellos"],"acf":[],"yoast_head":"<!-- This site is optimized with the Yoast SEO plugin v27.5 - https:\/\/yoast.com\/product\/yoast-seo-wordpress\/ -->\n<title>Anton Kubikov: El artista polifac\u00e9tico | Techno Mag<\/title>\n<meta name=\"robots\" content=\"index, follow, max-snippet:-1, max-image-preview:large, max-video-preview:-1\" \/>\n<link rel=\"canonical\" href=\"https:\/\/www.technomag.fr\/es\/anton-kubikov-el-artista-polifacetico\/\" \/>\n<meta property=\"og:locale\" content=\"es_ES\" \/>\n<meta property=\"og:type\" content=\"article\" \/>\n<meta property=\"og:title\" content=\"Anton Kubikov: El artista polifac\u00e9tico | Techno Mag\" \/>\n<meta property=\"og:description\" content=\"Anton Kubikov es un compositor y DJ activo en la escena internacional de la m\u00fasica electr\u00f3nica desde 1994. Con m\u00e1s de 90 publicaciones en sellos como Kompakt, Fabric, Force Tracks, Trapez, Salo, MAYAK, Pro-tez, Nervmusic, Traum, Freizeitglauben y Heisenberg, Kubikov ha dejado su huella en la industria musical. Ya sea con su propio nombre o [&hellip;]\" \/>\n<meta property=\"og:url\" content=\"https:\/\/www.technomag.fr\/es\/anton-kubikov-el-artista-polifacetico\/\" \/>\n<meta property=\"og:site_name\" content=\"Techno Mag\" \/>\n<meta property=\"article:published_time\" content=\"2023-07-06T17:45:40+00:00\" \/>\n<meta property=\"article:modified_time\" content=\"2024-08-08T12:40:39+00:00\" \/>\n<meta property=\"og:image\" content=\"https:\/\/www.technomag.fr\/wp-content\/uploads\/2023\/07\/presspic-by-anton-kubikov.png\" \/>\n\t<meta property=\"og:image:width\" content=\"1080\" \/>\n\t<meta property=\"og:image:height\" content=\"1080\" \/>\n\t<meta property=\"og:image:type\" content=\"image\/png\" \/>\n<meta name=\"author\" content=\"Eric\" \/>\n<meta name=\"twitter:card\" content=\"summary_large_image\" \/>\n<meta name=\"twitter:label1\" content=\"Escrito por\" \/>\n\t<meta name=\"twitter:data1\" content=\"Eric\" \/>\n\t<meta name=\"twitter:label2\" content=\"Tiempo de lectura\" \/>\n\t<meta name=\"twitter:data2\" content=\"5 minutos\" \/>\n<script type=\"application\/ld+json\" class=\"yoast-schema-graph\">{\"@context\":\"https:\\\/\\\/schema.org\",\"@graph\":[{\"@type\":\"Article\",\"@id\":\"https:\\\/\\\/www.technomag.fr\\\/es\\\/anton-kubikov-el-artista-polifacetico\\\/#article\",\"isPartOf\":{\"@id\":\"https:\\\/\\\/www.technomag.fr\\\/es\\\/anton-kubikov-el-artista-polifacetico\\\/\"},\"author\":{\"name\":\"Eric\",\"@id\":\"https:\\\/\\\/www.technomag.fr\\\/#\\\/schema\\\/person\\\/5184db1055c64729cb8595a8e9d23e9e\"},\"headline\":\"Anton Kubikov: El artista polifac\u00e9tico\",\"datePublished\":\"2023-07-06T17:45:40+00:00\",\"dateModified\":\"2024-08-08T12:40:39+00:00\",\"mainEntityOfPage\":{\"@id\":\"https:\\\/\\\/www.technomag.fr\\\/es\\\/anton-kubikov-el-artista-polifacetico\\\/\"},\"wordCount\":995,\"publisher\":{\"@id\":\"https:\\\/\\\/www.technomag.fr\\\/#organization\"},\"image\":{\"@id\":\"https:\\\/\\\/www.technomag.fr\\\/es\\\/anton-kubikov-el-artista-polifacetico\\\/#primaryimage\"},\"thumbnailUrl\":\"https:\\\/\\\/www.technomag.fr\\\/wp-content\\\/uploads\\\/2023\\\/07\\\/presspic-by-anton-kubikov.png\",\"articleSection\":[\"Artistas \\\/ Sellos\"],\"inLanguage\":\"es\"},{\"@type\":\"WebPage\",\"@id\":\"https:\\\/\\\/www.technomag.fr\\\/es\\\/anton-kubikov-el-artista-polifacetico\\\/\",\"url\":\"https:\\\/\\\/www.technomag.fr\\\/es\\\/anton-kubikov-el-artista-polifacetico\\\/\",\"name\":\"Anton Kubikov: El artista polifac\u00e9tico | Techno Mag\",\"isPartOf\":{\"@id\":\"https:\\\/\\\/www.technomag.fr\\\/#website\"},\"primaryImageOfPage\":{\"@id\":\"https:\\\/\\\/www.technomag.fr\\\/es\\\/anton-kubikov-el-artista-polifacetico\\\/#primaryimage\"},\"image\":{\"@id\":\"https:\\\/\\\/www.technomag.fr\\\/es\\\/anton-kubikov-el-artista-polifacetico\\\/#primaryimage\"},\"thumbnailUrl\":\"https:\\\/\\\/www.technomag.fr\\\/wp-content\\\/uploads\\\/2023\\\/07\\\/presspic-by-anton-kubikov.png\",\"datePublished\":\"2023-07-06T17:45:40+00:00\",\"dateModified\":\"2024-08-08T12:40:39+00:00\",\"breadcrumb\":{\"@id\":\"https:\\\/\\\/www.technomag.fr\\\/es\\\/anton-kubikov-el-artista-polifacetico\\\/#breadcrumb\"},\"inLanguage\":\"es\",\"potentialAction\":[{\"@type\":\"ReadAction\",\"target\":[\"https:\\\/\\\/www.technomag.fr\\\/es\\\/anton-kubikov-el-artista-polifacetico\\\/\"]}]},{\"@type\":\"ImageObject\",\"inLanguage\":\"es\",\"@id\":\"https:\\\/\\\/www.technomag.fr\\\/es\\\/anton-kubikov-el-artista-polifacetico\\\/#primaryimage\",\"url\":\"https:\\\/\\\/www.technomag.fr\\\/wp-content\\\/uploads\\\/2023\\\/07\\\/presspic-by-anton-kubikov.png\",\"contentUrl\":\"https:\\\/\\\/www.technomag.fr\\\/wp-content\\\/uploads\\\/2023\\\/07\\\/presspic-by-anton-kubikov.png\",\"width\":1080,\"height\":1080},{\"@type\":\"BreadcrumbList\",\"@id\":\"https:\\\/\\\/www.technomag.fr\\\/es\\\/anton-kubikov-el-artista-polifacetico\\\/#breadcrumb\",\"itemListElement\":[{\"@type\":\"ListItem\",\"position\":1,\"name\":\"Accueil\",\"item\":\"https:\\\/\\\/www.technomag.fr\\\/es\\\/revista-techno\\\/\"},{\"@type\":\"ListItem\",\"position\":2,\"name\":\"Anton Kubikov: El artista polifac\u00e9tico\"}]},{\"@type\":\"WebSite\",\"@id\":\"https:\\\/\\\/www.technomag.fr\\\/#website\",\"url\":\"https:\\\/\\\/www.technomag.fr\\\/\",\"name\":\"Techno Mag\",\"description\":\"Le magazine underground de r\u00e9f\u00e9rence pour la techno\",\"publisher\":{\"@id\":\"https:\\\/\\\/www.technomag.fr\\\/#organization\"},\"potentialAction\":[{\"@type\":\"SearchAction\",\"target\":{\"@type\":\"EntryPoint\",\"urlTemplate\":\"https:\\\/\\\/www.technomag.fr\\\/?s={search_term_string}\"},\"query-input\":{\"@type\":\"PropertyValueSpecification\",\"valueRequired\":true,\"valueName\":\"search_term_string\"}}],\"inLanguage\":\"es\"},{\"@type\":\"Organization\",\"@id\":\"https:\\\/\\\/www.technomag.fr\\\/#organization\",\"name\":\"Techno Mag\",\"url\":\"https:\\\/\\\/www.technomag.fr\\\/\",\"logo\":{\"@type\":\"ImageObject\",\"inLanguage\":\"es\",\"@id\":\"https:\\\/\\\/www.technomag.fr\\\/#\\\/schema\\\/logo\\\/image\\\/\",\"url\":\"https:\\\/\\\/www.technomag.fr\\\/wp-content\\\/uploads\\\/2023\\\/04\\\/TECHNO-e1681225415918.png\",\"contentUrl\":\"https:\\\/\\\/www.technomag.fr\\\/wp-content\\\/uploads\\\/2023\\\/04\\\/TECHNO-e1681225415918.png\",\"width\":500,\"height\":113,\"caption\":\"Techno Mag\"},\"image\":{\"@id\":\"https:\\\/\\\/www.technomag.fr\\\/#\\\/schema\\\/logo\\\/image\\\/\"}},{\"@type\":\"Person\",\"@id\":\"https:\\\/\\\/www.technomag.fr\\\/#\\\/schema\\\/person\\\/5184db1055c64729cb8595a8e9d23e9e\",\"name\":\"Eric\",\"image\":{\"@type\":\"ImageObject\",\"inLanguage\":\"es\",\"@id\":\"https:\\\/\\\/www.technomag.fr\\\/wp-content\\\/uploads\\\/2023\\\/12\\\/eric-96x96.jpg\",\"url\":\"https:\\\/\\\/www.technomag.fr\\\/wp-content\\\/uploads\\\/2023\\\/12\\\/eric-96x96.jpg\",\"contentUrl\":\"https:\\\/\\\/www.technomag.fr\\\/wp-content\\\/uploads\\\/2023\\\/12\\\/eric-96x96.jpg\",\"caption\":\"Eric\"},\"description\":\"Eric, le capitaine du navire TechnoMag, est d\u00e9veloppeur web, consultant SEO, r\u00e9dacteur de metier, et surtout fanatique de musique ! Depuis l'enfance, il est attir\u00e9 par les basses et les kicks, passant des heures \u00e0 \u00e9couter et jouer sur machines pour le plaisir, avec son fr\u00e8re et ses amis, depuis plus de dix ans. Globe-trotteur, il a explor\u00e9 des free parties sauvages et ill\u00e9gales jusqu\u2019aux plus grands festivals internationaux. Dans son pass\u00e9, il a aussi \u00e9t\u00e9 VJ et impliqu\u00e9 dans l'organisation de soir\u00e9es pas toujours vraiment autoris\u00e9es. Aujourd'hui, il aime capturer l'\u00e9nergie des \u00e9v\u00e9nements pour la retranscrire aux autres, que ce soit derri\u00e8re l'appareil photo, la cam\u00e9ra, ou en r\u00e9digeant un article. Avec quelques missions b\u00e9n\u00e9voles \u00e0 son actif et une association toute neuve, il r\u00eave d'un lieu autonome o\u00f9 chacun pourrait balancer son set sans craindre de perdre son matos.\",\"sameAs\":[\"https:\\\/\\\/www.instagram.com\\\/technomag.fr\\\/\",\"https:\\\/\\\/www.linkedin.com\\\/in\\\/boulangereric\\\/\"],\"url\":\"https:\\\/\\\/www.technomag.fr\\\/es\\\/redacteur\\\/eric-2\\\/\"}]}<\/script>\n<!-- \/ Yoast SEO plugin. -->","yoast_head_json":{"title":"Anton Kubikov: El artista polifac\u00e9tico | Techno Mag","robots":{"index":"index","follow":"follow","max-snippet":"max-snippet:-1","max-image-preview":"max-image-preview:large","max-video-preview":"max-video-preview:-1"},"canonical":"https:\/\/www.technomag.fr\/es\/anton-kubikov-el-artista-polifacetico\/","og_locale":"es_ES","og_type":"article","og_title":"Anton Kubikov: El artista polifac\u00e9tico | Techno Mag","og_description":"Anton Kubikov es un compositor y DJ activo en la escena internacional de la m\u00fasica electr\u00f3nica desde 1994. Con m\u00e1s de 90 publicaciones en sellos como Kompakt, Fabric, Force Tracks, Trapez, Salo, MAYAK, Pro-tez, Nervmusic, Traum, Freizeitglauben y Heisenberg, Kubikov ha dejado su huella en la industria musical. Ya sea con su propio nombre o [&hellip;]","og_url":"https:\/\/www.technomag.fr\/es\/anton-kubikov-el-artista-polifacetico\/","og_site_name":"Techno Mag","article_published_time":"2023-07-06T17:45:40+00:00","article_modified_time":"2024-08-08T12:40:39+00:00","og_image":[{"width":1080,"height":1080,"url":"https:\/\/www.technomag.fr\/wp-content\/uploads\/2023\/07\/presspic-by-anton-kubikov.png","type":"image\/png"}],"author":"Eric","twitter_card":"summary_large_image","twitter_misc":{"Escrito por":"Eric","Tiempo de lectura":"5 minutos"},"schema":{"@context":"https:\/\/schema.org","@graph":[{"@type":"Article","@id":"https:\/\/www.technomag.fr\/es\/anton-kubikov-el-artista-polifacetico\/#article","isPartOf":{"@id":"https:\/\/www.technomag.fr\/es\/anton-kubikov-el-artista-polifacetico\/"},"author":{"name":"Eric","@id":"https:\/\/www.technomag.fr\/#\/schema\/person\/5184db1055c64729cb8595a8e9d23e9e"},"headline":"Anton Kubikov: El artista polifac\u00e9tico","datePublished":"2023-07-06T17:45:40+00:00","dateModified":"2024-08-08T12:40:39+00:00","mainEntityOfPage":{"@id":"https:\/\/www.technomag.fr\/es\/anton-kubikov-el-artista-polifacetico\/"},"wordCount":995,"publisher":{"@id":"https:\/\/www.technomag.fr\/#organization"},"image":{"@id":"https:\/\/www.technomag.fr\/es\/anton-kubikov-el-artista-polifacetico\/#primaryimage"},"thumbnailUrl":"https:\/\/www.technomag.fr\/wp-content\/uploads\/2023\/07\/presspic-by-anton-kubikov.png","articleSection":["Artistas \/ Sellos"],"inLanguage":"es"},{"@type":"WebPage","@id":"https:\/\/www.technomag.fr\/es\/anton-kubikov-el-artista-polifacetico\/","url":"https:\/\/www.technomag.fr\/es\/anton-kubikov-el-artista-polifacetico\/","name":"Anton Kubikov: El artista polifac\u00e9tico | Techno Mag","isPartOf":{"@id":"https:\/\/www.technomag.fr\/#website"},"primaryImageOfPage":{"@id":"https:\/\/www.technomag.fr\/es\/anton-kubikov-el-artista-polifacetico\/#primaryimage"},"image":{"@id":"https:\/\/www.technomag.fr\/es\/anton-kubikov-el-artista-polifacetico\/#primaryimage"},"thumbnailUrl":"https:\/\/www.technomag.fr\/wp-content\/uploads\/2023\/07\/presspic-by-anton-kubikov.png","datePublished":"2023-07-06T17:45:40+00:00","dateModified":"2024-08-08T12:40:39+00:00","breadcrumb":{"@id":"https:\/\/www.technomag.fr\/es\/anton-kubikov-el-artista-polifacetico\/#breadcrumb"},"inLanguage":"es","potentialAction":[{"@type":"ReadAction","target":["https:\/\/www.technomag.fr\/es\/anton-kubikov-el-artista-polifacetico\/"]}]},{"@type":"ImageObject","inLanguage":"es","@id":"https:\/\/www.technomag.fr\/es\/anton-kubikov-el-artista-polifacetico\/#primaryimage","url":"https:\/\/www.technomag.fr\/wp-content\/uploads\/2023\/07\/presspic-by-anton-kubikov.png","contentUrl":"https:\/\/www.technomag.fr\/wp-content\/uploads\/2023\/07\/presspic-by-anton-kubikov.png","width":1080,"height":1080},{"@type":"BreadcrumbList","@id":"https:\/\/www.technomag.fr\/es\/anton-kubikov-el-artista-polifacetico\/#breadcrumb","itemListElement":[{"@type":"ListItem","position":1,"name":"Accueil","item":"https:\/\/www.technomag.fr\/es\/revista-techno\/"},{"@type":"ListItem","position":2,"name":"Anton Kubikov: El artista polifac\u00e9tico"}]},{"@type":"WebSite","@id":"https:\/\/www.technomag.fr\/#website","url":"https:\/\/www.technomag.fr\/","name":"Techno Mag","description":"Le magazine underground de r\u00e9f\u00e9rence pour la techno","publisher":{"@id":"https:\/\/www.technomag.fr\/#organization"},"potentialAction":[{"@type":"SearchAction","target":{"@type":"EntryPoint","urlTemplate":"https:\/\/www.technomag.fr\/?s={search_term_string}"},"query-input":{"@type":"PropertyValueSpecification","valueRequired":true,"valueName":"search_term_string"}}],"inLanguage":"es"},{"@type":"Organization","@id":"https:\/\/www.technomag.fr\/#organization","name":"Techno Mag","url":"https:\/\/www.technomag.fr\/","logo":{"@type":"ImageObject","inLanguage":"es","@id":"https:\/\/www.technomag.fr\/#\/schema\/logo\/image\/","url":"https:\/\/www.technomag.fr\/wp-content\/uploads\/2023\/04\/TECHNO-e1681225415918.png","contentUrl":"https:\/\/www.technomag.fr\/wp-content\/uploads\/2023\/04\/TECHNO-e1681225415918.png","width":500,"height":113,"caption":"Techno Mag"},"image":{"@id":"https:\/\/www.technomag.fr\/#\/schema\/logo\/image\/"}},{"@type":"Person","@id":"https:\/\/www.technomag.fr\/#\/schema\/person\/5184db1055c64729cb8595a8e9d23e9e","name":"Eric","image":{"@type":"ImageObject","inLanguage":"es","@id":"https:\/\/www.technomag.fr\/wp-content\/uploads\/2023\/12\/eric-96x96.jpg","url":"https:\/\/www.technomag.fr\/wp-content\/uploads\/2023\/12\/eric-96x96.jpg","contentUrl":"https:\/\/www.technomag.fr\/wp-content\/uploads\/2023\/12\/eric-96x96.jpg","caption":"Eric"},"description":"Eric, le capitaine du navire TechnoMag, est d\u00e9veloppeur web, consultant SEO, r\u00e9dacteur de metier, et surtout fanatique de musique ! Depuis l'enfance, il est attir\u00e9 par les basses et les kicks, passant des heures \u00e0 \u00e9couter et jouer sur machines pour le plaisir, avec son fr\u00e8re et ses amis, depuis plus de dix ans. Globe-trotteur, il a explor\u00e9 des free parties sauvages et ill\u00e9gales jusqu\u2019aux plus grands festivals internationaux. Dans son pass\u00e9, il a aussi \u00e9t\u00e9 VJ et impliqu\u00e9 dans l'organisation de soir\u00e9es pas toujours vraiment autoris\u00e9es. Aujourd'hui, il aime capturer l'\u00e9nergie des \u00e9v\u00e9nements pour la retranscrire aux autres, que ce soit derri\u00e8re l'appareil photo, la cam\u00e9ra, ou en r\u00e9digeant un article. Avec quelques missions b\u00e9n\u00e9voles \u00e0 son actif et une association toute neuve, il r\u00eave d'un lieu autonome o\u00f9 chacun pourrait balancer son set sans craindre de perdre son matos.","sameAs":["https:\/\/www.instagram.com\/technomag.fr\/","https:\/\/www.linkedin.com\/in\/boulangereric\/"],"url":"https:\/\/www.technomag.fr\/es\/redacteur\/eric-2\/"}]}},"_links":{"self":[{"href":"https:\/\/www.technomag.fr\/es\/wp-json\/wp\/v2\/posts\/14275","targetHints":{"allow":["GET"]}}],"collection":[{"href":"https:\/\/www.technomag.fr\/es\/wp-json\/wp\/v2\/posts"}],"about":[{"href":"https:\/\/www.technomag.fr\/es\/wp-json\/wp\/v2\/types\/post"}],"author":[{"embeddable":true,"href":"https:\/\/www.technomag.fr\/es\/wp-json\/wp\/v2\/users\/3"}],"replies":[{"embeddable":true,"href":"https:\/\/www.technomag.fr\/es\/wp-json\/wp\/v2\/comments?post=14275"}],"version-history":[{"count":1,"href":"https:\/\/www.technomag.fr\/es\/wp-json\/wp\/v2\/posts\/14275\/revisions"}],"predecessor-version":[{"id":14281,"href":"https:\/\/www.technomag.fr\/es\/wp-json\/wp\/v2\/posts\/14275\/revisions\/14281"}],"wp:featuredmedia":[{"embeddable":true,"href":"https:\/\/www.technomag.fr\/es\/wp-json\/wp\/v2\/media\/14277"}],"wp:attachment":[{"href":"https:\/\/www.technomag.fr\/es\/wp-json\/wp\/v2\/media?parent=14275"}],"wp:term":[{"taxonomy":"category","embeddable":true,"href":"https:\/\/www.technomag.fr\/es\/wp-json\/wp\/v2\/categories?post=14275"},{"taxonomy":"post_tag","embeddable":true,"href":"https:\/\/www.technomag.fr\/es\/wp-json\/wp\/v2\/tags?post=14275"}],"curies":[{"name":"wp","href":"https:\/\/api.w.org\/{rel}","templated":true}]}}