
{"id":14116,"date":"2023-07-25T06:00:00","date_gmt":"2023-07-25T05:00:00","guid":{"rendered":"https:\/\/www.technomag.fr\/festival-de-los-espiritus-2023-la-musica-electronica-se-invita-a-lac-de-siguret-los-dias-18-y-19-de-agosto\/"},"modified":"2024-08-08T13:39:43","modified_gmt":"2024-08-08T12:39:43","slug":"festival-de-los-espiritus-2023-la-musica-electronica-se-invita-a-lac-de-siguret-los-dias-18-y-19-de-agosto","status":"publish","type":"post","link":"https:\/\/www.technomag.fr\/es\/festival-de-los-espiritus-2023-la-musica-electronica-se-invita-a-lac-de-siguret-los-dias-18-y-19-de-agosto\/","title":{"rendered":"Festival de los Esp\u00edritus 2023: La m\u00fasica electr\u00f3nica se invita a Lac de Siguret los d\u00edas 18 y 19 de agosto"},"content":{"rendered":"\n<figure class=\"wp-block-image size-large\"><img fetchpriority=\"high\" decoding=\"async\" width=\"1024\" height=\"597\" src=\"https:\/\/www.technomag.fr\/wp-content\/uploads\/2023\/07\/Spirits-Festival-1-Darkside-Events-1-1024x597.png\" alt=\"\" class=\"wp-image-3374\" srcset=\"https:\/\/www.technomag.fr\/wp-content\/uploads\/2023\/07\/Spirits-Festival-1-Darkside-Events-1-1024x597.png 1024w, https:\/\/www.technomag.fr\/wp-content\/uploads\/2023\/07\/Spirits-Festival-1-Darkside-Events-1-600x350.png 600w, https:\/\/www.technomag.fr\/wp-content\/uploads\/2023\/07\/Spirits-Festival-1-Darkside-Events-1-300x175.png 300w, https:\/\/www.technomag.fr\/wp-content\/uploads\/2023\/07\/Spirits-Festival-1-Darkside-Events-1-768x448.png 768w, https:\/\/www.technomag.fr\/wp-content\/uploads\/2023\/07\/Spirits-Festival-1-Darkside-Events-1.png 1200w\" sizes=\"(max-width: 1024px) 100vw, 1024px\" \/><\/figure>\n\n<p class=\"has-text-align-center\">Localizaci\u00f3n:<a href=\"https:\/\/www.google.com\/maps\/place\/Lac+de+Siguret\/@44.614018,6.5571094,18z\/data=!3m1!4b1!4m6!3m5!1s0x12cca4c29d30160d:0xb9a8f46cc8a04b79!8m2!3d44.6137192!4d6.5566546!16s%2Fg%2F1tfhvwnv?entry=ttu\" target=\"_blank\" rel=\"noreferrer noopener\"> Lac de Siguret, Saint-Andr\u00e9 d&#8217;embrun<\/a> (05200)  <\/p>\n\n<p class=\"has-text-align-center\">Fechas: del 18 al 19 de agosto de 2023<\/p>\n\n<div class=\"wp-block-buttons is-content-justification-center is-layout-flex wp-container-core-buttons-is-layout-16018d1d wp-block-buttons-is-layout-flex\">\n<div class=\"wp-block-button\"><a class=\"wp-block-button__link wp-element-button\" href=\"https:\/\/www.billetweb.fr\/spirits-festival\" target=\"_blank\" rel=\"noreferrer noopener\">Taquilla del Festival Spirits  <\/a><\/div>\n<\/div>\n\n<div style=\"height:60px\" aria-hidden=\"true\" class=\"wp-block-spacer\"><\/div>\n\n<div id=\"ez-toc-container\" class=\"ez-toc-v2_0_82_2 ez-toc-wrap-center counter-hierarchy ez-toc-counter ez-toc-custom ez-toc-container-direction\">\n<div class=\"ez-toc-title-container\">\n<p class=\"ez-toc-title\" style=\"cursor:inherit\">Sommaire<\/p>\n<span class=\"ez-toc-title-toggle\"><a href=\"#\" class=\"ez-toc-pull-right ez-toc-btn ez-toc-btn-xs ez-toc-btn-default ez-toc-toggle\" aria-label=\"Alternar tabla de contenidos\"><span class=\"ez-toc-js-icon-con\"><span class=\"\"><span class=\"eztoc-hide\" style=\"display:none;\">Toggle<\/span><span class=\"ez-toc-icon-toggle-span\"><svg style=\"fill: #ffffff;color:#ffffff\" xmlns=\"http:\/\/www.w3.org\/2000\/svg\" class=\"list-377408\" width=\"20px\" height=\"20px\" viewBox=\"0 0 24 24\" fill=\"none\"><path d=\"M6 6H4v2h2V6zm14 0H8v2h12V6zM4 11h2v2H4v-2zm16 0H8v2h12v-2zM4 16h2v2H4v-2zm16 0H8v2h12v-2z\" fill=\"currentColor\"><\/path><\/svg><svg style=\"fill: #ffffff;color:#ffffff\" class=\"arrow-unsorted-368013\" xmlns=\"http:\/\/www.w3.org\/2000\/svg\" width=\"10px\" height=\"10px\" viewBox=\"0 0 24 24\" version=\"1.2\" baseProfile=\"tiny\"><path d=\"M18.2 9.3l-6.2-6.3-6.2 6.3c-.2.2-.3.4-.3.7s.1.5.3.7c.2.2.4.3.7.3h11c.3 0 .5-.1.7-.3.2-.2.3-.5.3-.7s-.1-.5-.3-.7zM5.8 14.7l6.2 6.3 6.2-6.3c.2-.2.3-.5.3-.7s-.1-.5-.3-.7c-.2-.2-.4-.3-.7-.3h-11c-.3 0-.5.1-.7.3-.2.2-.3.5-.3.7s.1.5.3.7z\"\/><\/svg><\/span><\/span><\/span><\/a><\/span><\/div>\n<nav><ul class='ez-toc-list ez-toc-list-level-1 ' ><li class='ez-toc-page-1 ez-toc-heading-level-2'><a class=\"ez-toc-link ez-toc-heading-1\" href=\"https:\/\/www.technomag.fr\/es\/festival-de-los-espiritus-2023-la-musica-electronica-se-invita-a-lac-de-siguret-los-dias-18-y-19-de-agosto\/#Un_acontecimiento_musical_unico_en_un_entorno_impresionante\" >Un acontecimiento musical \u00fanico en un entorno impresionante<\/a><\/li><li class='ez-toc-page-1 ez-toc-heading-level-2'><a class=\"ez-toc-link ez-toc-heading-2\" href=\"https:\/\/www.technomag.fr\/es\/festival-de-los-espiritus-2023-la-musica-electronica-se-invita-a-lac-de-siguret-los-dias-18-y-19-de-agosto\/#Programacion_cuidadosa_para_una_experiencia_memorable\" >Programaci\u00f3n cuidadosa para una experiencia memorable<\/a><\/li><li class='ez-toc-page-1 ez-toc-heading-level-2'><a class=\"ez-toc-link ez-toc-heading-3\" href=\"https:\/\/www.technomag.fr\/es\/festival-de-los-espiritus-2023-la-musica-electronica-se-invita-a-lac-de-siguret-los-dias-18-y-19-de-agosto\/#Una_cita_ineludible\" >Una cita ineludible<\/a><\/li><\/ul><\/nav><\/div>\n<h2 class=\"wp-block-heading\"><span class=\"ez-toc-section\" id=\"Un_acontecimiento_musical_unico_en_un_entorno_impresionante\"><\/span>Un acontecimiento musical \u00fanico en un entorno impresionante<span class=\"ez-toc-section-end\"><\/span><\/h2>\n\n<p>Hace ocho a\u00f1os, en el coraz\u00f3n de los Altos Alpes, dos amigos lanzaron Darkside Events, una iniciativa con un objetivo concreto: acercar la m\u00fasica electr\u00f3nica a un p\u00fablico m\u00e1s amplio.\nHoy, te preguntar\u00e1s, \u00bfc\u00f3mo ha evolucionado? <\/p>\n\n<p>Si sigues la escena de la m\u00fasica electr\u00f3nica en los Altos Alpes, probablemente hayas o\u00eddo hablar de la serie de eventos organizados por Darkside Events.\nDesde peque\u00f1as fiestas hasta festivales en toda regla, el atractivo ha crecido y la comunidad se ha ampliado a\u00f1o tras a\u00f1o.\nEsta trayectoria ha estado marcada por un deseo constante de promover y democratizar la m\u00fasica electr\u00f3nica, de ofrecer una rica oferta cultural en el coraz\u00f3n de los Altos Alpes y de dar a conocer la regi\u00f3n a escala nacional.  <\/p>\n\n<p>La primera edici\u00f3n del Festival Spirits se celebrar\u00e1 los d\u00edas 18 y 19 de agosto, en pleno coraz\u00f3n de los Altos Alpes, a orillas del magn\u00edfico lago de Siguret.\nEl acontecimiento promete ser el punto culminante del verano para todos los aficionados a la m\u00fasica electr\u00f3nica. <\/p>\n<div class=\"wp-block-image\">\n<figure class=\"aligncenter size-full is-resized\"><img decoding=\"async\" src=\"https:\/\/www.technomag.fr\/wp-content\/uploads\/2023\/07\/lac-de-siguret-saint-andre-embrun-ok.png\" alt=\"\" class=\"wp-image-3378\" width=\"1067\" height=\"665\" srcset=\"https:\/\/www.technomag.fr\/wp-content\/uploads\/2023\/07\/lac-de-siguret-saint-andre-embrun-ok.png 745w, https:\/\/www.technomag.fr\/wp-content\/uploads\/2023\/07\/lac-de-siguret-saint-andre-embrun-ok-600x374.png 600w, https:\/\/www.technomag.fr\/wp-content\/uploads\/2023\/07\/lac-de-siguret-saint-andre-embrun-ok-300x187.png 300w\" sizes=\"(max-width: 1067px) 100vw, 1067px\" \/><\/figure>\n<\/div>\n<h2 class=\"wp-block-heading\"><span class=\"ez-toc-section\" id=\"Programacion_cuidadosa_para_una_experiencia_memorable\"><\/span>Programaci\u00f3n cuidadosa para una experiencia memorable<span class=\"ez-toc-section-end\"><\/span><\/h2>\n\n<p>El festival destaca por su ubicaci\u00f3n \u00fanica.\nEncaramado a m\u00e1s de 1.000 metros de altitud, entre bosques y monta\u00f1as, al borde de un lago&#8230;\nTodos los ingredientes est\u00e1n ah\u00ed para ofrecer a los asistentes al festival una experiencia inolvidable y completamente nueva en los Altos Alpes.  <\/p>\n\n<p>El Festival Spirits constar\u00e1 de una zona de acampada para quienes deseen alojarse in situ, una zona de conciertos accesible mediante la compra de entradas y una zona diurna de libre acceso.\nLos organizadores se han propuesto acoger a artistas de renombre internacional, as\u00ed como a talentos emergentes y, por supuesto, a artistas locales. <\/p>\n\n<p>Entre los cabezas de cartel figuran el DJ italiano Gonzi, que ha recorrido el mundo y ha tocado en algunos de los mayores festivales, el productor franc\u00e9s Sk\u00f6ne, uno de los artistas m\u00e1s de moda, y Badjokes, un artista de Marsella cuyos temas han sido pinchados por DJs de primera fila como DJ Snake y Malaa.<\/p>\n\n<h2 class=\"wp-block-heading\"><span class=\"ez-toc-section\" id=\"Una_cita_ineludible\"><\/span>Una cita ineludible<span class=\"ez-toc-section-end\"><\/span><\/h2>\n\n<p>El Festival de los Esp\u00edritus promete ser un acontecimiento que no te puedes perder.\nPero no se trata s\u00f3lo de m\u00fasica, este festival es tambi\u00e9n una gran oportunidad para poner de relieve la regi\u00f3n de los Altos Alpes y ofrecerte una experiencia cultural \u00fanica.\nAs\u00ed que no esperes m\u00e1s, reserva tu fin de semana del 18 al 19 de agosto y ven a vibrar al ritmo de la m\u00fasica electr\u00f3nica en un marco excepcional.  <\/p>\n\n<p>As\u00ed que prepara tu tienda, compra tus entradas y \u00fanete a nosotros durante dos d\u00edas de m\u00fasica, baile y fiesta en el coraz\u00f3n de las monta\u00f1as.\n\u00a1El Festival de los Esp\u00edritus 2023 te est\u00e1 esperando! <\/p>\n\n\n<div class=\"kk-star-ratings kksr-auto kksr-align-center kksr-valign-bottom\"\n    data-payload='{&quot;align&quot;:&quot;center&quot;,&quot;id&quot;:&quot;14116&quot;,&quot;slug&quot;:&quot;default&quot;,&quot;valign&quot;:&quot;bottom&quot;,&quot;ignore&quot;:&quot;&quot;,&quot;reference&quot;:&quot;auto&quot;,&quot;class&quot;:&quot;&quot;,&quot;count&quot;:&quot;0&quot;,&quot;legendonly&quot;:&quot;&quot;,&quot;readonly&quot;:&quot;&quot;,&quot;score&quot;:&quot;0&quot;,&quot;starsonly&quot;:&quot;&quot;,&quot;best&quot;:&quot;5&quot;,&quot;gap&quot;:&quot;5&quot;,&quot;greet&quot;:&quot;Noter cet article&quot;,&quot;legend&quot;:&quot;0\\\/5 - (0 votos)&quot;,&quot;size&quot;:&quot;24&quot;,&quot;title&quot;:&quot;Festival de los Esp\u00edritus 2023: La m\u00fasica electr\u00f3nica se invita a Lac de Siguret los d\u00edas 18 y 19 de agosto&quot;,&quot;width&quot;:&quot;0&quot;,&quot;_legend&quot;:&quot;{score}\\\/{best} - ({count} {votes})&quot;,&quot;font_factor&quot;:&quot;1.25&quot;}'>\n            \n<div class=\"kksr-stars\">\n    \n<div class=\"kksr-stars-inactive\">\n            <div class=\"kksr-star\" data-star=\"1\" style=\"padding-right: 5px\">\n            \n\n<div class=\"kksr-icon\" style=\"width: 24px; height: 24px;\"><\/div>\n        <\/div>\n            <div class=\"kksr-star\" data-star=\"2\" style=\"padding-right: 5px\">\n            \n\n<div class=\"kksr-icon\" style=\"width: 24px; height: 24px;\"><\/div>\n        <\/div>\n            <div class=\"kksr-star\" data-star=\"3\" style=\"padding-right: 5px\">\n            \n\n<div class=\"kksr-icon\" style=\"width: 24px; height: 24px;\"><\/div>\n        <\/div>\n            <div class=\"kksr-star\" data-star=\"4\" style=\"padding-right: 5px\">\n            \n\n<div class=\"kksr-icon\" style=\"width: 24px; height: 24px;\"><\/div>\n        <\/div>\n            <div class=\"kksr-star\" data-star=\"5\" style=\"padding-right: 5px\">\n            \n\n<div class=\"kksr-icon\" style=\"width: 24px; height: 24px;\"><\/div>\n        <\/div>\n    <\/div>\n    \n<div class=\"kksr-stars-active\" style=\"width: 0px;\">\n            <div class=\"kksr-star\" style=\"padding-right: 5px\">\n            \n\n<div class=\"kksr-icon\" style=\"width: 24px; height: 24px;\"><\/div>\n        <\/div>\n            <div class=\"kksr-star\" style=\"padding-right: 5px\">\n            \n\n<div class=\"kksr-icon\" style=\"width: 24px; height: 24px;\"><\/div>\n        <\/div>\n            <div class=\"kksr-star\" style=\"padding-right: 5px\">\n            \n\n<div class=\"kksr-icon\" style=\"width: 24px; height: 24px;\"><\/div>\n        <\/div>\n            <div class=\"kksr-star\" style=\"padding-right: 5px\">\n            \n\n<div class=\"kksr-icon\" style=\"width: 24px; height: 24px;\"><\/div>\n        <\/div>\n            <div class=\"kksr-star\" style=\"padding-right: 5px\">\n            \n\n<div class=\"kksr-icon\" style=\"width: 24px; height: 24px;\"><\/div>\n        <\/div>\n    <\/div>\n<\/div>\n                \n\n<div class=\"kksr-legend\" style=\"font-size: 19.2px;\">\n            <span class=\"kksr-muted\">Noter cet article<\/span>\n    <\/div>\n    <\/div>\n","protected":false},"excerpt":{"rendered":"<p>Localizaci\u00f3n: Lac de Siguret, Saint-Andr\u00e9 d&#8217;embrun (05200) Fechas: del 18 al 19 de agosto de 2023 Un acontecimiento musical \u00fanico en un entorno impresionante Hace ocho a\u00f1os, en el coraz\u00f3n de los Altos Alpes, dos amigos lanzaron Darkside Events, una iniciativa con un objetivo concreto: acercar la m\u00fasica electr\u00f3nica a un p\u00fablico m\u00e1s amplio. Hoy, [&hellip;]<\/p>\n","protected":false},"author":3,"featured_media":14118,"comment_status":"closed","ping_status":"closed","sticky":false,"template":"","format":"standard","meta":{"_acf_changed":false,"footnotes":""},"categories":[857],"tags":[],"class_list":["post-14116","post","type-post","status-publish","format-standard","has-post-thumbnail","hentry","category-festival-es"],"acf":[],"yoast_head":"<!-- This site is optimized with the Yoast SEO plugin v27.5 - https:\/\/yoast.com\/product\/yoast-seo-wordpress\/ -->\n<title>Spirits Festival 2023 - Evento de M\u00fasica Electro - Lac de Siguret, Hautes-Alpes, 18-19 de agosto<\/title>\n<meta name=\"description\" content=\"Descubre el Festival Spirits 2023, el evento de m\u00fasica electr\u00f3nica que no te puedes perder en el Lac de Siguret, en los Altos Alpes. Reserva tus entradas para los d\u00edas 18 y 19 de agosto y disfruta de una experiencia inolvidable de conciertos al aire libre.\" \/>\n<meta name=\"robots\" content=\"index, follow, max-snippet:-1, max-image-preview:large, max-video-preview:-1\" \/>\n<link rel=\"canonical\" href=\"https:\/\/www.technomag.fr\/es\/festival-de-los-espiritus-2023-la-musica-electronica-se-invita-a-lac-de-siguret-los-dias-18-y-19-de-agosto\/\" \/>\n<meta property=\"og:locale\" content=\"es_ES\" \/>\n<meta property=\"og:type\" content=\"article\" \/>\n<meta property=\"og:title\" content=\"Spirits Festival 2023 - Evento de M\u00fasica Electro - Lac de Siguret, Hautes-Alpes, 18-19 de agosto\" \/>\n<meta property=\"og:description\" content=\"Descubre el Festival Spirits 2023, el evento de m\u00fasica electr\u00f3nica que no te puedes perder en el Lac de Siguret, en los Altos Alpes. Reserva tus entradas para los d\u00edas 18 y 19 de agosto y disfruta de una experiencia inolvidable de conciertos al aire libre.\" \/>\n<meta property=\"og:url\" content=\"https:\/\/www.technomag.fr\/es\/festival-de-los-espiritus-2023-la-musica-electronica-se-invita-a-lac-de-siguret-los-dias-18-y-19-de-agosto\/\" \/>\n<meta property=\"og:site_name\" content=\"Techno Mag\" \/>\n<meta property=\"article:published_time\" content=\"2023-07-25T05:00:00+00:00\" \/>\n<meta property=\"article:modified_time\" content=\"2024-08-08T12:39:43+00:00\" \/>\n<meta property=\"og:image\" content=\"https:\/\/www.technomag.fr\/wp-content\/uploads\/2023\/07\/ERRATUM-Spirits-Festival-1-Darkside-Events-1-scaled.jpg\" \/>\n\t<meta property=\"og:image:width\" content=\"2560\" \/>\n\t<meta property=\"og:image:height\" content=\"1707\" \/>\n\t<meta property=\"og:image:type\" content=\"image\/jpeg\" \/>\n<meta name=\"author\" content=\"Eric\" \/>\n<meta name=\"twitter:card\" content=\"summary_large_image\" \/>\n<meta name=\"twitter:label1\" content=\"Escrito por\" \/>\n\t<meta name=\"twitter:data1\" content=\"Eric\" \/>\n\t<meta name=\"twitter:label2\" content=\"Tiempo de lectura\" \/>\n\t<meta name=\"twitter:data2\" content=\"3 minutos\" \/>\n<script type=\"application\/ld+json\" class=\"yoast-schema-graph\">{\"@context\":\"https:\\\/\\\/schema.org\",\"@graph\":[{\"@type\":\"Article\",\"@id\":\"https:\\\/\\\/www.technomag.fr\\\/es\\\/festival-de-los-espiritus-2023-la-musica-electronica-se-invita-a-lac-de-siguret-los-dias-18-y-19-de-agosto\\\/#article\",\"isPartOf\":{\"@id\":\"https:\\\/\\\/www.technomag.fr\\\/es\\\/festival-de-los-espiritus-2023-la-musica-electronica-se-invita-a-lac-de-siguret-los-dias-18-y-19-de-agosto\\\/\"},\"author\":{\"name\":\"Eric\",\"@id\":\"https:\\\/\\\/www.technomag.fr\\\/#\\\/schema\\\/person\\\/5184db1055c64729cb8595a8e9d23e9e\"},\"headline\":\"Festival de los Esp\u00edritus 2023: La m\u00fasica electr\u00f3nica se invita a Lac de Siguret los d\u00edas 18 y 19 de agosto\",\"datePublished\":\"2023-07-25T05:00:00+00:00\",\"dateModified\":\"2024-08-08T12:39:43+00:00\",\"mainEntityOfPage\":{\"@id\":\"https:\\\/\\\/www.technomag.fr\\\/es\\\/festival-de-los-espiritus-2023-la-musica-electronica-se-invita-a-lac-de-siguret-los-dias-18-y-19-de-agosto\\\/\"},\"wordCount\":528,\"publisher\":{\"@id\":\"https:\\\/\\\/www.technomag.fr\\\/#organization\"},\"image\":{\"@id\":\"https:\\\/\\\/www.technomag.fr\\\/es\\\/festival-de-los-espiritus-2023-la-musica-electronica-se-invita-a-lac-de-siguret-los-dias-18-y-19-de-agosto\\\/#primaryimage\"},\"thumbnailUrl\":\"https:\\\/\\\/www.technomag.fr\\\/wp-content\\\/uploads\\\/2023\\\/07\\\/ERRATUM-Spirits-Festival-1-Darkside-Events-1-scaled.jpg\",\"articleSection\":[\"Festival\"],\"inLanguage\":\"es\"},{\"@type\":\"WebPage\",\"@id\":\"https:\\\/\\\/www.technomag.fr\\\/es\\\/festival-de-los-espiritus-2023-la-musica-electronica-se-invita-a-lac-de-siguret-los-dias-18-y-19-de-agosto\\\/\",\"url\":\"https:\\\/\\\/www.technomag.fr\\\/es\\\/festival-de-los-espiritus-2023-la-musica-electronica-se-invita-a-lac-de-siguret-los-dias-18-y-19-de-agosto\\\/\",\"name\":\"Spirits Festival 2023 - Evento de M\u00fasica Electro - Lac de Siguret, Hautes-Alpes, 18-19 de agosto\",\"isPartOf\":{\"@id\":\"https:\\\/\\\/www.technomag.fr\\\/#website\"},\"primaryImageOfPage\":{\"@id\":\"https:\\\/\\\/www.technomag.fr\\\/es\\\/festival-de-los-espiritus-2023-la-musica-electronica-se-invita-a-lac-de-siguret-los-dias-18-y-19-de-agosto\\\/#primaryimage\"},\"image\":{\"@id\":\"https:\\\/\\\/www.technomag.fr\\\/es\\\/festival-de-los-espiritus-2023-la-musica-electronica-se-invita-a-lac-de-siguret-los-dias-18-y-19-de-agosto\\\/#primaryimage\"},\"thumbnailUrl\":\"https:\\\/\\\/www.technomag.fr\\\/wp-content\\\/uploads\\\/2023\\\/07\\\/ERRATUM-Spirits-Festival-1-Darkside-Events-1-scaled.jpg\",\"datePublished\":\"2023-07-25T05:00:00+00:00\",\"dateModified\":\"2024-08-08T12:39:43+00:00\",\"description\":\"Descubre el Festival Spirits 2023, el evento de m\u00fasica electr\u00f3nica que no te puedes perder en el Lac de Siguret, en los Altos Alpes. Reserva tus entradas para los d\u00edas 18 y 19 de agosto y disfruta de una experiencia inolvidable de conciertos al aire libre.\",\"breadcrumb\":{\"@id\":\"https:\\\/\\\/www.technomag.fr\\\/es\\\/festival-de-los-espiritus-2023-la-musica-electronica-se-invita-a-lac-de-siguret-los-dias-18-y-19-de-agosto\\\/#breadcrumb\"},\"inLanguage\":\"es\",\"potentialAction\":[{\"@type\":\"ReadAction\",\"target\":[\"https:\\\/\\\/www.technomag.fr\\\/es\\\/festival-de-los-espiritus-2023-la-musica-electronica-se-invita-a-lac-de-siguret-los-dias-18-y-19-de-agosto\\\/\"]}]},{\"@type\":\"ImageObject\",\"inLanguage\":\"es\",\"@id\":\"https:\\\/\\\/www.technomag.fr\\\/es\\\/festival-de-los-espiritus-2023-la-musica-electronica-se-invita-a-lac-de-siguret-los-dias-18-y-19-de-agosto\\\/#primaryimage\",\"url\":\"https:\\\/\\\/www.technomag.fr\\\/wp-content\\\/uploads\\\/2023\\\/07\\\/ERRATUM-Spirits-Festival-1-Darkside-Events-1-scaled.jpg\",\"contentUrl\":\"https:\\\/\\\/www.technomag.fr\\\/wp-content\\\/uploads\\\/2023\\\/07\\\/ERRATUM-Spirits-Festival-1-Darkside-Events-1-scaled.jpg\",\"width\":2560,\"height\":1707},{\"@type\":\"BreadcrumbList\",\"@id\":\"https:\\\/\\\/www.technomag.fr\\\/es\\\/festival-de-los-espiritus-2023-la-musica-electronica-se-invita-a-lac-de-siguret-los-dias-18-y-19-de-agosto\\\/#breadcrumb\",\"itemListElement\":[{\"@type\":\"ListItem\",\"position\":1,\"name\":\"Accueil\",\"item\":\"https:\\\/\\\/www.technomag.fr\\\/es\\\/revista-techno\\\/\"},{\"@type\":\"ListItem\",\"position\":2,\"name\":\"Festival de los Esp\u00edritus 2023: La m\u00fasica electr\u00f3nica se invita a Lac de Siguret los d\u00edas 18 y 19 de agosto\"}]},{\"@type\":\"WebSite\",\"@id\":\"https:\\\/\\\/www.technomag.fr\\\/#website\",\"url\":\"https:\\\/\\\/www.technomag.fr\\\/\",\"name\":\"Techno Mag\",\"description\":\"Le magazine underground de r\u00e9f\u00e9rence pour la techno\",\"publisher\":{\"@id\":\"https:\\\/\\\/www.technomag.fr\\\/#organization\"},\"potentialAction\":[{\"@type\":\"SearchAction\",\"target\":{\"@type\":\"EntryPoint\",\"urlTemplate\":\"https:\\\/\\\/www.technomag.fr\\\/?s={search_term_string}\"},\"query-input\":{\"@type\":\"PropertyValueSpecification\",\"valueRequired\":true,\"valueName\":\"search_term_string\"}}],\"inLanguage\":\"es\"},{\"@type\":\"Organization\",\"@id\":\"https:\\\/\\\/www.technomag.fr\\\/#organization\",\"name\":\"Techno Mag\",\"url\":\"https:\\\/\\\/www.technomag.fr\\\/\",\"logo\":{\"@type\":\"ImageObject\",\"inLanguage\":\"es\",\"@id\":\"https:\\\/\\\/www.technomag.fr\\\/#\\\/schema\\\/logo\\\/image\\\/\",\"url\":\"https:\\\/\\\/www.technomag.fr\\\/wp-content\\\/uploads\\\/2023\\\/04\\\/TECHNO-e1681225415918.png\",\"contentUrl\":\"https:\\\/\\\/www.technomag.fr\\\/wp-content\\\/uploads\\\/2023\\\/04\\\/TECHNO-e1681225415918.png\",\"width\":500,\"height\":113,\"caption\":\"Techno Mag\"},\"image\":{\"@id\":\"https:\\\/\\\/www.technomag.fr\\\/#\\\/schema\\\/logo\\\/image\\\/\"}},{\"@type\":\"Person\",\"@id\":\"https:\\\/\\\/www.technomag.fr\\\/#\\\/schema\\\/person\\\/5184db1055c64729cb8595a8e9d23e9e\",\"name\":\"Eric\",\"image\":{\"@type\":\"ImageObject\",\"inLanguage\":\"es\",\"@id\":\"https:\\\/\\\/www.technomag.fr\\\/wp-content\\\/uploads\\\/2023\\\/12\\\/eric-96x96.jpg\",\"url\":\"https:\\\/\\\/www.technomag.fr\\\/wp-content\\\/uploads\\\/2023\\\/12\\\/eric-96x96.jpg\",\"contentUrl\":\"https:\\\/\\\/www.technomag.fr\\\/wp-content\\\/uploads\\\/2023\\\/12\\\/eric-96x96.jpg\",\"caption\":\"Eric\"},\"description\":\"Eric, le capitaine du navire TechnoMag, est d\u00e9veloppeur web, consultant SEO, r\u00e9dacteur de metier, et surtout fanatique de musique ! Depuis l'enfance, il est attir\u00e9 par les basses et les kicks, passant des heures \u00e0 \u00e9couter et jouer sur machines pour le plaisir, avec son fr\u00e8re et ses amis, depuis plus de dix ans. Globe-trotteur, il a explor\u00e9 des free parties sauvages et ill\u00e9gales jusqu\u2019aux plus grands festivals internationaux. Dans son pass\u00e9, il a aussi \u00e9t\u00e9 VJ et impliqu\u00e9 dans l'organisation de soir\u00e9es pas toujours vraiment autoris\u00e9es. Aujourd'hui, il aime capturer l'\u00e9nergie des \u00e9v\u00e9nements pour la retranscrire aux autres, que ce soit derri\u00e8re l'appareil photo, la cam\u00e9ra, ou en r\u00e9digeant un article. Avec quelques missions b\u00e9n\u00e9voles \u00e0 son actif et une association toute neuve, il r\u00eave d'un lieu autonome o\u00f9 chacun pourrait balancer son set sans craindre de perdre son matos.\",\"sameAs\":[\"https:\\\/\\\/www.instagram.com\\\/technomag.fr\\\/\",\"https:\\\/\\\/www.linkedin.com\\\/in\\\/boulangereric\\\/\"],\"url\":\"https:\\\/\\\/www.technomag.fr\\\/es\\\/redacteur\\\/eric-2\\\/\"}]}<\/script>\n<!-- \/ Yoast SEO plugin. -->","yoast_head_json":{"title":"Spirits Festival 2023 - Evento de M\u00fasica Electro - Lac de Siguret, Hautes-Alpes, 18-19 de agosto","description":"Descubre el Festival Spirits 2023, el evento de m\u00fasica electr\u00f3nica que no te puedes perder en el Lac de Siguret, en los Altos Alpes. Reserva tus entradas para los d\u00edas 18 y 19 de agosto y disfruta de una experiencia inolvidable de conciertos al aire libre.","robots":{"index":"index","follow":"follow","max-snippet":"max-snippet:-1","max-image-preview":"max-image-preview:large","max-video-preview":"max-video-preview:-1"},"canonical":"https:\/\/www.technomag.fr\/es\/festival-de-los-espiritus-2023-la-musica-electronica-se-invita-a-lac-de-siguret-los-dias-18-y-19-de-agosto\/","og_locale":"es_ES","og_type":"article","og_title":"Spirits Festival 2023 - Evento de M\u00fasica Electro - Lac de Siguret, Hautes-Alpes, 18-19 de agosto","og_description":"Descubre el Festival Spirits 2023, el evento de m\u00fasica electr\u00f3nica que no te puedes perder en el Lac de Siguret, en los Altos Alpes. Reserva tus entradas para los d\u00edas 18 y 19 de agosto y disfruta de una experiencia inolvidable de conciertos al aire libre.","og_url":"https:\/\/www.technomag.fr\/es\/festival-de-los-espiritus-2023-la-musica-electronica-se-invita-a-lac-de-siguret-los-dias-18-y-19-de-agosto\/","og_site_name":"Techno Mag","article_published_time":"2023-07-25T05:00:00+00:00","article_modified_time":"2024-08-08T12:39:43+00:00","og_image":[{"width":2560,"height":1707,"url":"https:\/\/www.technomag.fr\/wp-content\/uploads\/2023\/07\/ERRATUM-Spirits-Festival-1-Darkside-Events-1-scaled.jpg","type":"image\/jpeg"}],"author":"Eric","twitter_card":"summary_large_image","twitter_misc":{"Escrito por":"Eric","Tiempo de lectura":"3 minutos"},"schema":{"@context":"https:\/\/schema.org","@graph":[{"@type":"Article","@id":"https:\/\/www.technomag.fr\/es\/festival-de-los-espiritus-2023-la-musica-electronica-se-invita-a-lac-de-siguret-los-dias-18-y-19-de-agosto\/#article","isPartOf":{"@id":"https:\/\/www.technomag.fr\/es\/festival-de-los-espiritus-2023-la-musica-electronica-se-invita-a-lac-de-siguret-los-dias-18-y-19-de-agosto\/"},"author":{"name":"Eric","@id":"https:\/\/www.technomag.fr\/#\/schema\/person\/5184db1055c64729cb8595a8e9d23e9e"},"headline":"Festival de los Esp\u00edritus 2023: La m\u00fasica electr\u00f3nica se invita a Lac de Siguret los d\u00edas 18 y 19 de agosto","datePublished":"2023-07-25T05:00:00+00:00","dateModified":"2024-08-08T12:39:43+00:00","mainEntityOfPage":{"@id":"https:\/\/www.technomag.fr\/es\/festival-de-los-espiritus-2023-la-musica-electronica-se-invita-a-lac-de-siguret-los-dias-18-y-19-de-agosto\/"},"wordCount":528,"publisher":{"@id":"https:\/\/www.technomag.fr\/#organization"},"image":{"@id":"https:\/\/www.technomag.fr\/es\/festival-de-los-espiritus-2023-la-musica-electronica-se-invita-a-lac-de-siguret-los-dias-18-y-19-de-agosto\/#primaryimage"},"thumbnailUrl":"https:\/\/www.technomag.fr\/wp-content\/uploads\/2023\/07\/ERRATUM-Spirits-Festival-1-Darkside-Events-1-scaled.jpg","articleSection":["Festival"],"inLanguage":"es"},{"@type":"WebPage","@id":"https:\/\/www.technomag.fr\/es\/festival-de-los-espiritus-2023-la-musica-electronica-se-invita-a-lac-de-siguret-los-dias-18-y-19-de-agosto\/","url":"https:\/\/www.technomag.fr\/es\/festival-de-los-espiritus-2023-la-musica-electronica-se-invita-a-lac-de-siguret-los-dias-18-y-19-de-agosto\/","name":"Spirits Festival 2023 - Evento de M\u00fasica Electro - Lac de Siguret, Hautes-Alpes, 18-19 de agosto","isPartOf":{"@id":"https:\/\/www.technomag.fr\/#website"},"primaryImageOfPage":{"@id":"https:\/\/www.technomag.fr\/es\/festival-de-los-espiritus-2023-la-musica-electronica-se-invita-a-lac-de-siguret-los-dias-18-y-19-de-agosto\/#primaryimage"},"image":{"@id":"https:\/\/www.technomag.fr\/es\/festival-de-los-espiritus-2023-la-musica-electronica-se-invita-a-lac-de-siguret-los-dias-18-y-19-de-agosto\/#primaryimage"},"thumbnailUrl":"https:\/\/www.technomag.fr\/wp-content\/uploads\/2023\/07\/ERRATUM-Spirits-Festival-1-Darkside-Events-1-scaled.jpg","datePublished":"2023-07-25T05:00:00+00:00","dateModified":"2024-08-08T12:39:43+00:00","description":"Descubre el Festival Spirits 2023, el evento de m\u00fasica electr\u00f3nica que no te puedes perder en el Lac de Siguret, en los Altos Alpes. Reserva tus entradas para los d\u00edas 18 y 19 de agosto y disfruta de una experiencia inolvidable de conciertos al aire libre.","breadcrumb":{"@id":"https:\/\/www.technomag.fr\/es\/festival-de-los-espiritus-2023-la-musica-electronica-se-invita-a-lac-de-siguret-los-dias-18-y-19-de-agosto\/#breadcrumb"},"inLanguage":"es","potentialAction":[{"@type":"ReadAction","target":["https:\/\/www.technomag.fr\/es\/festival-de-los-espiritus-2023-la-musica-electronica-se-invita-a-lac-de-siguret-los-dias-18-y-19-de-agosto\/"]}]},{"@type":"ImageObject","inLanguage":"es","@id":"https:\/\/www.technomag.fr\/es\/festival-de-los-espiritus-2023-la-musica-electronica-se-invita-a-lac-de-siguret-los-dias-18-y-19-de-agosto\/#primaryimage","url":"https:\/\/www.technomag.fr\/wp-content\/uploads\/2023\/07\/ERRATUM-Spirits-Festival-1-Darkside-Events-1-scaled.jpg","contentUrl":"https:\/\/www.technomag.fr\/wp-content\/uploads\/2023\/07\/ERRATUM-Spirits-Festival-1-Darkside-Events-1-scaled.jpg","width":2560,"height":1707},{"@type":"BreadcrumbList","@id":"https:\/\/www.technomag.fr\/es\/festival-de-los-espiritus-2023-la-musica-electronica-se-invita-a-lac-de-siguret-los-dias-18-y-19-de-agosto\/#breadcrumb","itemListElement":[{"@type":"ListItem","position":1,"name":"Accueil","item":"https:\/\/www.technomag.fr\/es\/revista-techno\/"},{"@type":"ListItem","position":2,"name":"Festival de los Esp\u00edritus 2023: La m\u00fasica electr\u00f3nica se invita a Lac de Siguret los d\u00edas 18 y 19 de agosto"}]},{"@type":"WebSite","@id":"https:\/\/www.technomag.fr\/#website","url":"https:\/\/www.technomag.fr\/","name":"Techno Mag","description":"Le magazine underground de r\u00e9f\u00e9rence pour la techno","publisher":{"@id":"https:\/\/www.technomag.fr\/#organization"},"potentialAction":[{"@type":"SearchAction","target":{"@type":"EntryPoint","urlTemplate":"https:\/\/www.technomag.fr\/?s={search_term_string}"},"query-input":{"@type":"PropertyValueSpecification","valueRequired":true,"valueName":"search_term_string"}}],"inLanguage":"es"},{"@type":"Organization","@id":"https:\/\/www.technomag.fr\/#organization","name":"Techno Mag","url":"https:\/\/www.technomag.fr\/","logo":{"@type":"ImageObject","inLanguage":"es","@id":"https:\/\/www.technomag.fr\/#\/schema\/logo\/image\/","url":"https:\/\/www.technomag.fr\/wp-content\/uploads\/2023\/04\/TECHNO-e1681225415918.png","contentUrl":"https:\/\/www.technomag.fr\/wp-content\/uploads\/2023\/04\/TECHNO-e1681225415918.png","width":500,"height":113,"caption":"Techno Mag"},"image":{"@id":"https:\/\/www.technomag.fr\/#\/schema\/logo\/image\/"}},{"@type":"Person","@id":"https:\/\/www.technomag.fr\/#\/schema\/person\/5184db1055c64729cb8595a8e9d23e9e","name":"Eric","image":{"@type":"ImageObject","inLanguage":"es","@id":"https:\/\/www.technomag.fr\/wp-content\/uploads\/2023\/12\/eric-96x96.jpg","url":"https:\/\/www.technomag.fr\/wp-content\/uploads\/2023\/12\/eric-96x96.jpg","contentUrl":"https:\/\/www.technomag.fr\/wp-content\/uploads\/2023\/12\/eric-96x96.jpg","caption":"Eric"},"description":"Eric, le capitaine du navire TechnoMag, est d\u00e9veloppeur web, consultant SEO, r\u00e9dacteur de metier, et surtout fanatique de musique ! Depuis l'enfance, il est attir\u00e9 par les basses et les kicks, passant des heures \u00e0 \u00e9couter et jouer sur machines pour le plaisir, avec son fr\u00e8re et ses amis, depuis plus de dix ans. Globe-trotteur, il a explor\u00e9 des free parties sauvages et ill\u00e9gales jusqu\u2019aux plus grands festivals internationaux. Dans son pass\u00e9, il a aussi \u00e9t\u00e9 VJ et impliqu\u00e9 dans l'organisation de soir\u00e9es pas toujours vraiment autoris\u00e9es. Aujourd'hui, il aime capturer l'\u00e9nergie des \u00e9v\u00e9nements pour la retranscrire aux autres, que ce soit derri\u00e8re l'appareil photo, la cam\u00e9ra, ou en r\u00e9digeant un article. Avec quelques missions b\u00e9n\u00e9voles \u00e0 son actif et une association toute neuve, il r\u00eave d'un lieu autonome o\u00f9 chacun pourrait balancer son set sans craindre de perdre son matos.","sameAs":["https:\/\/www.instagram.com\/technomag.fr\/","https:\/\/www.linkedin.com\/in\/boulangereric\/"],"url":"https:\/\/www.technomag.fr\/es\/redacteur\/eric-2\/"}]}},"_links":{"self":[{"href":"https:\/\/www.technomag.fr\/es\/wp-json\/wp\/v2\/posts\/14116","targetHints":{"allow":["GET"]}}],"collection":[{"href":"https:\/\/www.technomag.fr\/es\/wp-json\/wp\/v2\/posts"}],"about":[{"href":"https:\/\/www.technomag.fr\/es\/wp-json\/wp\/v2\/types\/post"}],"author":[{"embeddable":true,"href":"https:\/\/www.technomag.fr\/es\/wp-json\/wp\/v2\/users\/3"}],"replies":[{"embeddable":true,"href":"https:\/\/www.technomag.fr\/es\/wp-json\/wp\/v2\/comments?post=14116"}],"version-history":[{"count":1,"href":"https:\/\/www.technomag.fr\/es\/wp-json\/wp\/v2\/posts\/14116\/revisions"}],"predecessor-version":[{"id":14122,"href":"https:\/\/www.technomag.fr\/es\/wp-json\/wp\/v2\/posts\/14116\/revisions\/14122"}],"wp:featuredmedia":[{"embeddable":true,"href":"https:\/\/www.technomag.fr\/es\/wp-json\/wp\/v2\/media\/14118"}],"wp:attachment":[{"href":"https:\/\/www.technomag.fr\/es\/wp-json\/wp\/v2\/media?parent=14116"}],"wp:term":[{"taxonomy":"category","embeddable":true,"href":"https:\/\/www.technomag.fr\/es\/wp-json\/wp\/v2\/categories?post=14116"},{"taxonomy":"post_tag","embeddable":true,"href":"https:\/\/www.technomag.fr\/es\/wp-json\/wp\/v2\/tags?post=14116"}],"curies":[{"name":"wp","href":"https:\/\/api.w.org\/{rel}","templated":true}]}}