
{"id":13938,"date":"2023-05-09T06:00:00","date_gmt":"2023-05-09T05:00:00","guid":{"rendered":"https:\/\/www.technomag.fr\/festivales-psytrance-2023-europa-eventos-que-no-te-puedes-perder\/"},"modified":"2024-08-08T13:38:24","modified_gmt":"2024-08-08T12:38:24","slug":"festivales-psytrance-2023-europa-eventos-que-no-te-puedes-perder","status":"publish","type":"post","link":"https:\/\/www.technomag.fr\/es\/festivales-psytrance-2023-europa-eventos-que-no-te-puedes-perder\/","title":{"rendered":"Festivales psytrance 2023 Europa: \u00a1eventos que no te puedes perder!"},"content":{"rendered":"\n<p>Si te gusta la m\u00fasica psytrance, el verano es el momento perfecto para explorar los diversos festivales que se celebran por toda Europa.\nHe aqu\u00ed nuestra selecci\u00f3n de festivales de psytrance que no te puedes perder este a\u00f1o. <\/p>\n\n<p>Y no olvides que cada festival y cada festivalero es \u00fanico, as\u00ed que esto no es un ranking, sino una selecci\u00f3n para inspirarte a explorar la escena psytrance y encontrar el que mejor se adapte a tus gustos y deseos en ese momento.<\/p>\n\n<p><\/p>\n\n<div id=\"ez-toc-container\" class=\"ez-toc-v2_0_82_2 ez-toc-wrap-center counter-hierarchy ez-toc-counter ez-toc-custom ez-toc-container-direction\">\n<div class=\"ez-toc-title-container\">\n<p class=\"ez-toc-title\" style=\"cursor:inherit\">Sommaire<\/p>\n<span class=\"ez-toc-title-toggle\"><a href=\"#\" class=\"ez-toc-pull-right ez-toc-btn ez-toc-btn-xs ez-toc-btn-default ez-toc-toggle\" aria-label=\"Alternar tabla de contenidos\"><span class=\"ez-toc-js-icon-con\"><span class=\"\"><span class=\"eztoc-hide\" style=\"display:none;\">Toggle<\/span><span class=\"ez-toc-icon-toggle-span\"><svg style=\"fill: #ffffff;color:#ffffff\" xmlns=\"http:\/\/www.w3.org\/2000\/svg\" class=\"list-377408\" width=\"20px\" height=\"20px\" viewBox=\"0 0 24 24\" fill=\"none\"><path d=\"M6 6H4v2h2V6zm14 0H8v2h12V6zM4 11h2v2H4v-2zm16 0H8v2h12v-2zM4 16h2v2H4v-2zm16 0H8v2h12v-2z\" fill=\"currentColor\"><\/path><\/svg><svg style=\"fill: #ffffff;color:#ffffff\" class=\"arrow-unsorted-368013\" xmlns=\"http:\/\/www.w3.org\/2000\/svg\" width=\"10px\" height=\"10px\" viewBox=\"0 0 24 24\" version=\"1.2\" baseProfile=\"tiny\"><path d=\"M18.2 9.3l-6.2-6.3-6.2 6.3c-.2.2-.3.4-.3.7s.1.5.3.7c.2.2.4.3.7.3h11c.3 0 .5-.1.7-.3.2-.2.3-.5.3-.7s-.1-.5-.3-.7zM5.8 14.7l6.2 6.3 6.2-6.3c.2-.2.3-.5.3-.7s-.1-.5-.3-.7c-.2-.2-.4-.3-.7-.3h-11c-.3 0-.5.1-.7.3-.2.2-.3.5-.3.7s.1.5.3.7z\"\/><\/svg><\/span><\/span><\/span><\/a><\/span><\/div>\n<nav><ul class='ez-toc-list ez-toc-list-level-1 ' ><li class='ez-toc-page-1 ez-toc-heading-level-2'><a class=\"ez-toc-link ez-toc-heading-1\" href=\"https:\/\/www.technomag.fr\/es\/festivales-psytrance-2023-europa-eventos-que-no-te-puedes-perder\/#Festival_de_Circo_Psicodelico_%E2%80%93_Alemania\" >Festival de Circo Psicod\u00e9lico &#8211; Alemania<\/a><\/li><li class='ez-toc-page-1 ez-toc-heading-level-2'><a class=\"ez-toc-link ez-toc-heading-2\" href=\"https:\/\/www.technomag.fr\/es\/festivales-psytrance-2023-europa-eventos-que-no-te-puedes-perder\/#Festival_Spirit_Base_%E2%80%93_Austria\" >Festival Spirit Base &#8211; Austria<\/a><\/li><li class='ez-toc-page-1 ez-toc-heading-level-2'><a class=\"ez-toc-link ez-toc-heading-3\" href=\"https:\/\/www.technomag.fr\/es\/festivales-psytrance-2023-europa-eventos-que-no-te-puedes-perder\/#Proyecto_Antaris_%E2%80%93_Alemania\" >Proyecto Antaris &#8211; Alemania<\/a><\/li><li class='ez-toc-page-1 ez-toc-heading-level-2'><a class=\"ez-toc-link ez-toc-heading-4\" href=\"https:\/\/www.technomag.fr\/es\/festivales-psytrance-2023-europa-eventos-que-no-te-puedes-perder\/#Festival_Estrella_del_Bosque_%E2%80%93_Eslovaquia\" >Festival Estrella del Bosque &#8211; Eslovaquia<\/a><\/li><li class='ez-toc-page-1 ez-toc-heading-level-2'><a class=\"ez-toc-link ez-toc-heading-5\" href=\"https:\/\/www.technomag.fr\/es\/festivales-psytrance-2023-europa-eventos-que-no-te-puedes-perder\/#Festival_de_la_Montana_Ardiente_%E2%80%93_Suiza\" >Festival de la Monta\u00f1a Ardiente &#8211; Suiza<\/a><\/li><li class='ez-toc-page-1 ez-toc-heading-level-2'><a class=\"ez-toc-link ez-toc-heading-6\" href=\"https:\/\/www.technomag.fr\/es\/festivales-psytrance-2023-europa-eventos-que-no-te-puedes-perder\/#Festival_Shankra_2023_%E2%80%93_Suiza\" >Festival Shankra 2023 &#8211; Suiza<\/a><\/li><li class='ez-toc-page-1 ez-toc-heading-level-2'><a class=\"ez-toc-link ez-toc-heading-7\" href=\"https:\/\/www.technomag.fr\/es\/festivales-psytrance-2023-europa-eventos-que-no-te-puedes-perder\/#Festival_Boom_%E2%80%93_Portugal\" >Festival Boom &#8211; Portugal<\/a><\/li><li class='ez-toc-page-1 ez-toc-heading-level-2'><a class=\"ez-toc-link ez-toc-heading-8\" href=\"https:\/\/www.technomag.fr\/es\/festivales-psytrance-2023-europa-eventos-que-no-te-puedes-perder\/#Experiencia_VooV_%E2%80%93_Alemania\" >Experiencia VooV &#8211; Alemania<\/a><\/li><li class='ez-toc-page-1 ez-toc-heading-level-2'><a class=\"ez-toc-link ez-toc-heading-9\" href=\"https:\/\/www.technomag.fr\/es\/festivales-psytrance-2023-europa-eventos-que-no-te-puedes-perder\/#Festival_Ozora_%E2%80%93_Hungria\" >Festival Ozora &#8211; Hungr\u00eda<\/a><\/li><li class='ez-toc-page-1 ez-toc-heading-level-2'><a class=\"ez-toc-link ez-toc-heading-10\" href=\"https:\/\/www.technomag.fr\/es\/festivales-psytrance-2023-europa-eventos-que-no-te-puedes-perder\/#Festival_MO_DEM_2023_%E2%80%93_Croacia\" >Festival MO:DEM 2023 &#8211; Croacia<\/a><\/li><li class='ez-toc-page-1 ez-toc-heading-level-2'><a class=\"ez-toc-link ez-toc-heading-11\" href=\"https:\/\/www.technomag.fr\/es\/festivales-psytrance-2023-europa-eventos-que-no-te-puedes-perder\/#Festival_del_Pais_de_las_Maravillas_de_Waldfrieden_%E2%80%93_Alemania\" >Festival del Pa\u00eds de las Maravillas de Waldfrieden &#8211; Alemania<\/a><\/li><li class='ez-toc-page-1 ez-toc-heading-level-2'><a class=\"ez-toc-link ez-toc-heading-12\" href=\"https:\/\/www.technomag.fr\/es\/festivales-psytrance-2023-europa-eventos-que-no-te-puedes-perder\/#Festival_Oasis_De_Iniciacion_%E2%80%93_Espana\" >Festival Oasis De Iniciaci\u00f3n &#8211; Espa\u00f1a<\/a><\/li><li class='ez-toc-page-1 ez-toc-heading-level-2'><a class=\"ez-toc-link ez-toc-heading-13\" href=\"https:\/\/www.technomag.fr\/es\/festivales-psytrance-2023-europa-eventos-que-no-te-puedes-perder\/#Festival_Hadra_Trance_%E2%80%93_Francia\" >Festival Hadra Trance &#8211; Francia<\/a><\/li><li class='ez-toc-page-1 ez-toc-heading-level-2'><a class=\"ez-toc-link ez-toc-heading-14\" href=\"https:\/\/www.technomag.fr\/es\/festivales-psytrance-2023-europa-eventos-que-no-te-puedes-perder\/#Encuentro_Psicodelico_Nataraja_%E2%80%93_Francia\" >Encuentro Psicod\u00e9lico Nataraja &#8211; Francia<\/a><\/li><li class='ez-toc-page-1 ez-toc-heading-level-2'><a class=\"ez-toc-link ez-toc-heading-15\" href=\"https:\/\/www.technomag.fr\/es\/festivales-psytrance-2023-europa-eventos-que-no-te-puedes-perder\/#Festival_Espiritu_Propio_%E2%80%93_Espana\" >Festival Esp\u00edritu Propio &#8211; Espa\u00f1a<\/a><\/li><\/ul><\/nav><\/div>\n<h2 class=\"wp-block-heading has-text-align-center\"><span class=\"ez-toc-section\" id=\"Festival_de_Circo_Psicodelico_%E2%80%93_Alemania\"><\/span>Festival de Circo Psicod\u00e9lico &#8211; Alemania<span class=\"ez-toc-section-end\"><\/span><\/h2>\n<div class=\"wp-block-image\">\n<figure class=\"aligncenter\"><img decoding=\"async\" src=\"https:\/\/scontent-mrs2-2.xx.fbcdn.net\/v\/t39.30808-6\/303623085_107070002141388_7613946981326715490_n.jpg?_nc_cat=106&amp;ccb=1-7&amp;_nc_sid=340051&amp;_nc_ohc=1cTucOhrU80AX_dk_dj&amp;_nc_ht=scontent-mrs2-2.xx&amp;oh=00_AfA_XoeF8_WHH-Gsf0w58B1fWxOzTwVSS5-DMyy9202Sxw&amp;oe=645E8220\" alt=\"\"\/><\/figure>\n<\/div>\n<p class=\"has-text-align-center\"><strong>18\/05\/2023 a 22\/05\/2023<\/strong><\/p>\n\n<p>El Festival del Circo Psicod\u00e9lico es un acontecimiento importante en la escena psytrance alemana.\nSituado en un parque natural, ofrece una experiencia musical \u00fanica con actuaciones de psytrance, espect\u00e1culos de fuego, instalaciones art\u00edsticas y talleres. <\/p>\n\n<div class=\"wp-block-buttons is-content-justification-center is-layout-flex wp-container-core-buttons-is-layout-16018d1d wp-block-buttons-is-layout-flex\">\n<div class=\"wp-block-button\"><a class=\"wp-block-button__link wp-element-button\" href=\"https:\/\/www.facebook.com\/events\/773453270630046?acontext=%7B%22event_action_history%22%3A[%7B%22surface%22%3A%22external_search_engine%22%7D%2C%7B%22mechanism%22%3A%22search_results%22%2C%22surface%22%3A%22bookmark_search%22%7D]%2C%22ref_notif_type%22%3Anull%7D\" target=\"_blank\" rel=\"noreferrer noopener\">Consulta la p\u00e1gina oficial del Festival de Circo Psicod\u00e9lico<\/a><\/div>\n<\/div>\n\n<h2 class=\"wp-block-heading\"><br\/><\/h2>\n\n<h2 class=\"wp-block-heading has-text-align-center\"><span class=\"ez-toc-section\" id=\"Festival_Spirit_Base_%E2%80%93_Austria\"><\/span>Festival Spirit Base &#8211; Austria<span class=\"ez-toc-section-end\"><\/span><\/h2>\n<div class=\"wp-block-image\">\n<figure class=\"aligncenter\"><img decoding=\"async\" src=\"https:\/\/scontent-mrs2-1.xx.fbcdn.net\/v\/t39.30808-6\/332077259_910340976782674_6610051869600787220_n.jpg?_nc_cat=104&amp;ccb=1-7&amp;_nc_sid=e3f864&amp;_nc_ohc=ulEGUHqXIg0AX9SWT-B&amp;_nc_ht=scontent-mrs2-1.xx&amp;oh=00_AfC4x5zv3_QL9e4GpcKMtqXEjOEKHK1hEbUzNjPaHIjZDA&amp;oe=645E1E09\" alt=\"\"\/><\/figure>\n<\/div>\n<p class=\"has-text-align-center\"><strong>08\/06\/2023 a 11\/06\/2023<\/strong><\/p>\n\n<p>El Spirit Base Festival es un festival de m\u00fasica psytrance que se celebra en Austria.\nEl festival es famoso por su ambiente amistoso y familiar, creado por los propios asistentes al festival. <\/p>\n\n<p>Adem\u00e1s de un cartel variado que va desde el psytrance progresivo al psybient, el Festival Spirit Base tambi\u00e9n ofrece actividades para toda la familia, con talleres para ni\u00f1os y actividades para adultos.\nLos asistentes al festival podr\u00e1n disfrutar de un festival inclusivo y diverso, donde todo el mundo se sentir\u00e1 como en casa. <\/p>\n\n<div class=\"wp-block-buttons is-content-justification-center is-layout-flex wp-container-core-buttons-is-layout-16018d1d wp-block-buttons-is-layout-flex\">\n<div class=\"wp-block-button\"><a class=\"wp-block-button__link wp-element-button\" href=\"https:\/\/www.facebook.com\/SpiritBaseFestival\" target=\"_blank\" rel=\"noreferrer noopener\">Ver la p\u00e1gina del Festival<\/a><\/div>\n<\/div>\n\n<h2 class=\"wp-block-heading has-text-align-center\"><span class=\"ez-toc-section\" id=\"Proyecto_Antaris_%E2%80%93_Alemania\"><\/span>Proyecto Antaris &#8211; Alemania<span class=\"ez-toc-section-end\"><\/span><\/h2>\n<div class=\"wp-block-image\">\n<figure class=\"aligncenter\"><img decoding=\"async\" src=\"https:\/\/scontent-mrs2-1.xx.fbcdn.net\/v\/t39.30808-6\/316163808_8423629521012890_8733953100867137870_n.jpg?stp=dst-jpg_p960x960&amp;_nc_cat=100&amp;ccb=1-7&amp;_nc_sid=e3f864&amp;_nc_ohc=Q3K9SQh3lP8AX9l44PC&amp;_nc_ht=scontent-mrs2-1.xx&amp;oh=00_AfCGTFnbtRakTcgMLQgyU_X9bM4zx4LN_YCg3snJGbR82g&amp;oe=645EF2AD\" alt=\"\"\/><\/figure>\n<\/div>\n<p class=\"has-text-align-center\"><strong>Del 23\/06\/2023 al 26\/06\/2023<\/strong><\/p>\n\n<p>El Proyecto Antaris es un festival de m\u00fasica psytrance que se celebra en Alemania desde hace m\u00e1s de 20 a\u00f1os.\nEl festival es conocido por su cartel internacional de DJs y artistas, que vienen de todo el mundo para tocar en los escenarios del festival. <\/p>\n\n<p class=\"has-text-align-left\">El Proyecto Antaris tambi\u00e9n se centra en la concienciaci\u00f3n medioambiental y la armon\u00eda con la naturaleza, ofreciendo instalaciones y actividades ecol\u00f3gicas para concienciar a los asistentes al festival de la importancia de proteger el medio ambiente.\nLos asistentes al festival podr\u00e1n disfrutar de un festival responsable y respetuoso con la naturaleza. <\/p>\n\n<div class=\"wp-block-buttons is-content-justification-center is-layout-flex wp-container-core-buttons-is-layout-16018d1d wp-block-buttons-is-layout-flex\">\n<div class=\"wp-block-button\"><a class=\"wp-block-button__link wp-element-button\" href=\"https:\/\/antaris-project.de\/en\" target=\"_blank\" rel=\"noreferrer noopener\">Ver el sitio web del Festival del Proyecto Antaris<\/a><\/div>\n<\/div>\n\n<h2 class=\"wp-block-heading has-text-align-center\"><span class=\"ez-toc-section\" id=\"Festival_Estrella_del_Bosque_%E2%80%93_Eslovaquia\"><\/span>Festival Estrella del Bosque &#8211; Eslovaquia<span class=\"ez-toc-section-end\"><\/span><\/h2>\n\n<figure class=\"wp-block-image\"><img decoding=\"async\" src=\"https:\/\/scontent-mrs2-1.xx.fbcdn.net\/v\/t39.30808-6\/334246123_216850104153526_5188384771004418446_n.jpg?_nc_cat=105&amp;ccb=1-7&amp;_nc_sid=340051&amp;_nc_ohc=y--fukRNnQAAX9XSOLJ&amp;_nc_ht=scontent-mrs2-1.xx&amp;oh=00_AfCOKoYZ5jzVxNyxXS807eMVP5PhnlSv1z9CKzgTFaRGDw&amp;oe=645CF465\" alt=\"\"\/><\/figure>\n\n<p class=\"has-text-align-center\"><strong>Del 22\/06\/2023 al 26\/06\/2023<\/strong><\/p>\n\n<p class=\"has-text-align-left\">Forest Star Festival es un festival eslovaco que se celebra en un entorno id\u00edlico rodeado de monta\u00f1as y bosques.\nCon actuaciones en directo y sesiones de DJ de psytrance, es un festival que te sumergir\u00e1 en una atm\u00f3sfera psicod\u00e9lica \u00fanica. <\/p>\n\n<div class=\"wp-block-buttons is-content-justification-center is-layout-flex wp-container-core-buttons-is-layout-16018d1d wp-block-buttons-is-layout-flex\">\n<div class=\"wp-block-button\"><a class=\"wp-block-button__link wp-element-button\" href=\"https:\/\/www.foreststar.se\/\" target=\"_blank\" rel=\"noreferrer noopener\">Ver el sitio web oficial del Festival Forest star<\/a><\/div>\n<\/div>\n\n<h2 class=\"wp-block-heading has-text-align-center\"><span class=\"ez-toc-section\" id=\"Festival_de_la_Montana_Ardiente_%E2%80%93_Suiza\"><\/span>Festival de la Monta\u00f1a Ardiente &#8211; Suiza<span class=\"ez-toc-section-end\"><\/span><\/h2>\n<div class=\"wp-block-image\">\n<figure class=\"aligncenter\"><img decoding=\"async\" src=\"https:\/\/scontent-mrs2-1.xx.fbcdn.net\/v\/t39.30808-6\/316267019_8650575384967590_8479989499507814414_n.jpg?stp=dst-jpg_p960x960&amp;_nc_cat=111&amp;ccb=1-7&amp;_nc_sid=e3f864&amp;_nc_ohc=u4b6mBIh_6kAX9jDjCn&amp;_nc_ht=scontent-mrs2-1.xx&amp;oh=00_AfDu1t_EFXeS_wFLLbVPFopZs81FrS8jkFfxJBlSY0LXZg&amp;oe=645E1D61\" alt=\"\"\/><\/figure>\n<\/div>\n<p class=\"has-text-align-center\"><strong>22\/06\/2023 a 25\/06\/2023<\/strong><\/p>\n\n<p>El Burning Mountain Festival es un festival de m\u00fasica psytrance que se celebra en las monta\u00f1as suizas.\nEl festival es conocido por su atm\u00f3sfera m\u00e1gica y m\u00edstica, creada por las decoraciones e instalaciones art\u00edsticas, as\u00ed como por las luces y los l\u00e1seres. <\/p>\n\n<p class=\"has-text-align-left\">Adem\u00e1s de su variado cartel musical, que va desde el psytrance progresivo hasta el full-on, el Festival Burning Mountain tambi\u00e9n hace hincapi\u00e9 en la sostenibilidad y la ecolog\u00eda en su organizaci\u00f3n.\nLos asistentes podr\u00e1n disfrutar de un festival respetuoso con el medio ambiente y la naturaleza. <\/p>\n\n<div class=\"wp-block-buttons is-content-justification-center is-layout-flex wp-container-core-buttons-is-layout-16018d1d wp-block-buttons-is-layout-flex\">\n<div class=\"wp-block-button\"><a class=\"wp-block-button__link wp-element-button\" href=\"https:\/\/www.burning-mountain.ch\/\" target=\"_blank\" rel=\"noreferrer noopener\">Ver el sitio web oficial del Festival Burning Mountain<\/a><\/div>\n<\/div>\n\n<h2 class=\"wp-block-heading has-text-align-center\"><span class=\"ez-toc-section\" id=\"Festival_Shankra_2023_%E2%80%93_Suiza\"><\/span>Festival Shankra 2023 &#8211; Suiza<span class=\"ez-toc-section-end\"><\/span><\/h2>\n\n<figure class=\"wp-block-image\"><img decoding=\"async\" src=\"https:\/\/scontent-mrs2-2.xx.fbcdn.net\/v\/t39.30808-6\/322691257_570576908418151_744926113269218170_n.jpg?stp=dst-jpg_p600x600&amp;_nc_cat=106&amp;ccb=1-7&amp;_nc_sid=e3f864&amp;_nc_ohc=2eJGowtIhdUAX-KoArF&amp;_nc_oc=AQk0vEiTnpr7j29Rjl-V7K1wiPQrAywkkBC1g_ihKw8vex16caiCPhDsKQ3l9xRP1YxRBlRFR3wQWHBboJONWYpL&amp;_nc_ht=scontent-mrs2-2.xx&amp;oh=00_AfDxRQJ5ODOsYciMY5ZY3RYTZmDNRXbzUyktHPv8A37IHA&amp;oe=645DA3D4\" alt=\"\"\/><\/figure>\n\n<p class=\"has-text-align-center\"><strong>Del 12\/07\/2023 al 16\/07\/2023<\/strong><\/p>\n\n<p class=\"has-text-align-left\">El Festival Shankra es un gran acontecimiento en Suiza, que se celebra en un magn\u00edfico entorno rodeado de monta\u00f1as.\nCon escenarios excepcionales y actuaciones en directo, es un festival que te sumergir\u00e1 en una atm\u00f3sfera psicod\u00e9lica \u00fanica. <\/p>\n\n<div class=\"wp-block-buttons is-content-justification-center is-layout-flex wp-container-core-buttons-is-layout-16018d1d wp-block-buttons-is-layout-flex\">\n<div class=\"wp-block-button\"><a class=\"wp-block-button__link wp-element-button\" href=\"https:\/\/shankrafestival.org\/fr\" target=\"_blank\" rel=\"noreferrer noopener\">Consulta el sitio web oficial del Festival Shankara<\/a><\/div>\n<\/div>\n\n<h2 class=\"wp-block-heading has-text-align-center\"><span class=\"ez-toc-section\" id=\"Festival_Boom_%E2%80%93_Portugal\"><\/span><br\/><br\/>Festival Boom &#8211; Portugal<span class=\"ez-toc-section-end\"><\/span><\/h2>\n<div class=\"wp-block-image\">\n<figure class=\"aligncenter\"><img decoding=\"async\" src=\"https:\/\/scontent-mrs2-1.xx.fbcdn.net\/v\/t39.30808-6\/342710823_255498346919311_7357724977359774078_n.jpg?stp=cp6_dst-jpg&amp;_nc_cat=109&amp;ccb=1-7&amp;_nc_sid=8631f5&amp;_nc_ohc=-THFEv7RygwAX-nhXRT&amp;_nc_ht=scontent-mrs2-1.xx&amp;oh=00_AfArG-pnda80a9zQ4rbAh3jMlO1BELSyppnwgCiAMmDawQ&amp;oe=645D653C\" alt=\"\"\/><\/figure>\n<\/div>\n<p class=\"has-text-align-center\"><strong>Del 20\/07\/2023 al 27\/07\/2023<\/strong><\/p>\n\n<p class=\"has-text-align-left\">El Festival Boom es un acontecimiento legendario que se celebra cada dos a\u00f1os en Portugal.\nOfrece una mezcla de psytrance y m\u00fasicas del mundo, as\u00ed como actuaciones art\u00edsticas y talleres.\nEs un festival que promueve la ecorresponsabilidad y la conciencia social.  <\/p>\n\n<div class=\"wp-block-buttons is-content-justification-center is-layout-flex wp-container-core-buttons-is-layout-16018d1d wp-block-buttons-is-layout-flex\">\n<div class=\"wp-block-button\"><a class=\"wp-block-button__link wp-element-button\" href=\"https:\/\/boomfestival.org\/\" target=\"_blank\" rel=\"noreferrer noopener\">Ver el sitio web oficial del Festival Boom<\/a><\/div>\n<\/div>\n\n<h2 class=\"wp-block-heading has-text-align-center\"><span class=\"ez-toc-section\" id=\"Experiencia_VooV_%E2%80%93_Alemania\"><\/span>Experiencia VooV &#8211; Alemania<span class=\"ez-toc-section-end\"><\/span><\/h2>\n<div class=\"wp-block-image\">\n<figure class=\"aligncenter\"><img decoding=\"async\" src=\"https:\/\/scontent-mrs2-2.xx.fbcdn.net\/v\/t39.30808-6\/344026261_624083699247856_1351094481002265243_n.jpg?stp=dst-jpg_p180x540&amp;_nc_cat=110&amp;ccb=1-7&amp;_nc_sid=e3f864&amp;_nc_ohc=rfOehQNGYS8AX_B2yhZ&amp;_nc_ht=scontent-mrs2-2.xx&amp;oh=00_AfDeEFNnsab-h8wS2Tb_ExRoCvv5VpxJqAHxn3583oHHTw&amp;oe=645DDF24\" alt=\"\"\/><\/figure>\n<\/div>\n<p class=\"has-text-align-center\"><strong>21\/07\/2023 a 24\/07\/2023<\/strong><\/p>\n\n<p class=\"has-text-align-left\">La Experiencia VooV es uno de los principales acontecimientos de la escena psytrance alemana, y lleva celebr\u00e1ndose m\u00e1s de 25 a\u00f1os.\nSituado en un aeropuerto en desuso, ofrece una experiencia musical \u00fanica con actuaciones de psytrance, espect\u00e1culos de fuego, instalaciones art\u00edsticas y talleres.\nEs uno de los festivales m\u00e1s antiguos y respetados de la escena psytrance europea.  <\/p>\n\n<div class=\"wp-block-buttons is-content-justification-center is-layout-flex wp-container-core-buttons-is-layout-16018d1d wp-block-buttons-is-layout-flex\">\n<div class=\"wp-block-button\"><a class=\"wp-block-button__link wp-element-button\" href=\"https:\/\/www.voov-festival.de\/\" target=\"_blank\" rel=\"noreferrer noopener\">Visita la web oficial del Festival VooV Experience<\/a><\/div>\n<\/div>\n\n<h2 class=\"wp-block-heading has-text-align-center\"><span class=\"ez-toc-section\" id=\"Festival_Ozora_%E2%80%93_Hungria\"><\/span>Festival Ozora &#8211; Hungr\u00eda<span class=\"ez-toc-section-end\"><\/span><\/h2>\n<div class=\"wp-block-image\">\n<figure class=\"aligncenter is-resized\"><img fetchpriority=\"high\" decoding=\"async\" src=\"https:\/\/scontent-mrs2-1.xx.fbcdn.net\/v\/t39.30808-6\/306127494_5889941091040683_5724960417854616156_n.jpg?_nc_cat=105&amp;ccb=1-7&amp;_nc_sid=09cbfe&amp;_nc_ohc=2ShejzXQ5fsAX_ApQrs&amp;_nc_ht=scontent-mrs2-1.xx&amp;oh=00_AfDQ4VPwIYQ57knFOgmuMK7Naz24Txd4EftaRf_sE7ZV2Q&amp;oe=645ED457\" alt=\"No hay descripci&#xF3;n fotogr&#xE1;fica disponible.\" width=\"366\" height=\"366\"\/><\/figure>\n<\/div>\n<p class=\"has-text-align-center\"><strong>31\/07\/2023 a 06\/08\/2023<\/strong><\/p>\n\n<p class=\"has-text-align-left\">El Festival Ozora es una cita ineludible para los aficionados al psytrance.\nSituado en un id\u00edlico entorno h\u00fangaro, atrae a miles de personas cada a\u00f1o.\nCon un cartel incre\u00edble y un ambiente \u00fanico, es un festival que no te puedes perder.  <\/p>\n\n<div class=\"wp-block-buttons is-content-justification-center is-layout-flex wp-container-core-buttons-is-layout-16018d1d wp-block-buttons-is-layout-flex\">\n<div class=\"wp-block-button\"><a class=\"wp-block-button__link has-text-align-center wp-element-button\" href=\"https:\/\/ozorafestival.eu\/\" target=\"_blank\" rel=\"noreferrer noopener\">Ver el sitio web oficial del festival Ozora<\/a><\/div>\n<\/div>\n\n<h2 class=\"wp-block-heading has-text-align-center\"><span class=\"ez-toc-section\" id=\"Festival_MO_DEM_2023_%E2%80%93_Croacia\"><\/span>Festival MO:DEM 2023 &#8211; Croacia<span class=\"ez-toc-section-end\"><\/span><\/h2>\n\n<figure class=\"wp-block-image\"><img decoding=\"async\" src=\"https:\/\/scontent-mrs2-1.xx.fbcdn.net\/v\/t39.30808-6\/316804713_5680783548663930_7333415915911583273_n.jpg?_nc_cat=104&amp;ccb=1-7&amp;_nc_sid=340051&amp;_nc_ohc=jFa8HQNISVcAX-0c2ry&amp;_nc_ht=scontent-mrs2-1.xx&amp;oh=00_AfB2XHCsmg45GIG9bjHZAWBp66Ccl32JPfBuhWIsUuzkKA&amp;oe=645D4D1A\" alt=\"No hay descripci&#xF3;n fotogr&#xE1;fica disponible.\"\/><\/figure>\n\n<p class=\"has-text-align-center\"><strong>Del 07\/08\/2023 al 13\/08\/2023<\/strong><\/p>\n\n<p class=\"has-text-align-left\">El Festival Modem es un festival croata que se celebra en un bosque, con actuaciones en directo y sesiones de DJ de psytrance.\nEs un acontecimiento que atrae a aficionados a la m\u00fasica electr\u00f3nica de todo el mundo. <\/p>\n\n<div class=\"wp-block-buttons is-content-justification-center is-layout-flex wp-container-core-buttons-is-layout-16018d1d wp-block-buttons-is-layout-flex\">\n<div class=\"wp-block-button\"><a class=\"wp-block-button__link wp-element-button\" href=\"https:\/\/modemfestival.com\/home\/\" target=\"_blank\" rel=\"noreferrer noopener\">Ver la p\u00e1gina oficial del Festival MODEM<\/a><\/div>\n<\/div>\n\n<p><\/p>\n\n<h2 class=\"wp-block-heading\"><span class=\"ez-toc-section\" id=\"Festival_del_Pais_de_las_Maravillas_de_Waldfrieden_%E2%80%93_Alemania\"><\/span>Festival del Pa\u00eds de las Maravillas de Waldfrieden &#8211; Alemania<span class=\"ez-toc-section-end\"><\/span><\/h2>\n<div class=\"wp-block-image\">\n<figure class=\"aligncenter\"><img decoding=\"async\" src=\"https:\/\/www.waldfrieden.net\/wp-content\/uploads\/2022\/12\/WL2023.jpg\" alt=\"\" class=\"wp-image-22983\"\/><\/figure>\n<\/div>\n<p class=\"has-text-align-center\"><strong>Del 10\/08\/2023 al 13\/08\/2023<\/strong><\/p>\n\n<p class=\"has-text-align-left\">El Festival del Pa\u00eds de las Maravillas de Waldfriden es un acontecimiento suizo que se celebra en un entorno excepcional, rodeado de monta\u00f1as y bosques.\nCon un variado programa de m\u00fasica psytrance, espect\u00e1culos de fuego e instalaciones art\u00edsticas, es un festival que ofrece una experiencia \u00fanica. <\/p>\n\n<div class=\"wp-block-buttons is-content-justification-center is-layout-flex wp-container-core-buttons-is-layout-16018d1d wp-block-buttons-is-layout-flex\">\n<div class=\"wp-block-button\"><a class=\"wp-block-button__link wp-element-button\" href=\"https:\/\/www.waldfrieden.net\/en\/wonderland\/\" target=\"_blank\" rel=\"noreferrer noopener\">Ver el sitio web oficial del festival<\/a><\/div>\n<\/div>\n\n<h2 class=\"wp-block-heading has-text-align-center\"><span class=\"ez-toc-section\" id=\"Festival_Oasis_De_Iniciacion_%E2%80%93_Espana\"><\/span>Festival Oasis De Iniciaci\u00f3n &#8211; Espa\u00f1a<span class=\"ez-toc-section-end\"><\/span><\/h2>\n<div class=\"wp-block-image\">\n<figure class=\"aligncenter\"><img decoding=\"async\" src=\"https:\/\/scontent-mrs2-1.xx.fbcdn.net\/v\/t39.30808-6\/345248897_751754906651010_7859172510548552171_n.jpg?stp=dst-jpg_s960x960&amp;_nc_cat=100&amp;ccb=1-7&amp;_nc_sid=730e14&amp;_nc_ohc=I-Tlk1OVfEwAX-XPHg-&amp;_nc_ht=scontent-mrs2-1.xx&amp;oh=00_AfBItofM4w9QRARHBzWXJKcIMPBZnnMmP_FT6upueH6fXQ&amp;oe=645DC108\" alt=\"Puede ser una imagen de 1 persona y un texto\"\/><\/figure>\n<\/div>\n<p class=\"has-text-align-center\"><strong>Del 17\/08\/2023 al 20\/08\/2023<\/strong><\/p>\n\n<p>El Festival Oasis Of Initiation es un festival de m\u00fasica psytrance que se celebra en Espa\u00f1a.\nOfrece una experiencia \u00fanica a los asistentes al festival, con un cartel musical ecl\u00e9ctico que abarca desde el psytrance y las m\u00fasicas del mundo hasta el dub y el techno.\nLos artistas invitados vienen de todo el mundo para hacer bailar a los asistentes al festival.  <\/p>\n\n<p class=\"has-text-align-left\">El festival tambi\u00e9n se centra en la espiritualidad y el desarrollo personal, y ofrece talleres, conferencias y diversas actividades para que los asistentes puedan reconectar consigo mismos y con su entorno.\nEl entorno natural del Festival Oasis de Iniciaci\u00f3n tambi\u00e9n ofrece una oportunidad \u00fanica para recargar las pilas y conectar con la naturaleza. <\/p>\n\n<div class=\"wp-block-buttons is-content-justification-center is-layout-flex wp-container-core-buttons-is-layout-16018d1d wp-block-buttons-is-layout-flex\">\n<div class=\"wp-block-button\"><a class=\"wp-block-button__link wp-element-button\" href=\"https:\/\/www.oasis-of-initiation-festival.com\/\" target=\"_blank\" rel=\"noreferrer noopener\">Ver el sitio web del Festival<\/a><\/div>\n<\/div>\n\n<h2 class=\"wp-block-heading has-text-align-center\"><span class=\"ez-toc-section\" id=\"Festival_Hadra_Trance_%E2%80%93_Francia\"><\/span>Festival Hadra Trance &#8211; Francia<span class=\"ez-toc-section-end\"><\/span><\/h2>\n\n<figure class=\"wp-block-image\"><img decoding=\"async\" src=\"https:\/\/scontent-mrs2-1.xx.fbcdn.net\/v\/t39.30808-6\/332311399_929078891563128_7828582296007500225_n.png?stp=dst-png_p600x600&amp;_nc_cat=109&amp;ccb=1-7&amp;_nc_sid=e3f864&amp;_nc_ohc=I9hGTWe_bO4AX8tvLcg&amp;_nc_ht=scontent-mrs2-1.xx&amp;oh=00_AfAk346xNDqInOHZ06GuDy5GctPg20q6goc0r5jbe6T6-g&amp;oe=645E5CBA\" alt=\"\"\/><\/figure>\n\n<p class=\"has-text-align-center\"><strong>Del 24\/08\/2023 al 27\/08\/2023<\/strong><\/p>\n\n<p class=\"has-text-align-left\">El Festival Hadra Trance es un festival franc\u00e9s que se celebra en el campo, con actuaciones en directo y sesiones de DJ de psytrance.\nEs un acontecimiento que se ha labrado un lugar importante en la escena europea de la m\u00fasica psicod\u00e9lica, con un programa rico y variado. <\/p>\n\n<div class=\"wp-block-buttons is-content-justification-center is-layout-flex wp-container-core-buttons-is-layout-16018d1d wp-block-buttons-is-layout-flex\">\n<div class=\"wp-block-button\"><a class=\"wp-block-button__link wp-element-button\" href=\"https:\/\/www.hadra.net\/home.php\" target=\"_blank\" rel=\"noreferrer noopener\">Ver el sitio web oficial del Festival de Hadra<\/a><\/div>\n<\/div>\n\n<h2 class=\"wp-block-heading has-text-align-center\"><span class=\"ez-toc-section\" id=\"Encuentro_Psicodelico_Nataraja_%E2%80%93_Francia\"><\/span><strong>Encuentro Psicod\u00e9lico Nataraja &#8211;<\/strong> Francia<span class=\"ez-toc-section-end\"><\/span><\/h2>\n<div class=\"wp-block-image\">\n<figure class=\"aligncenter\"><img decoding=\"async\" src=\"https:\/\/scontent-mrs2-1.xx.fbcdn.net\/v\/t39.30808-6\/316529021_5573000249414707_5357903934652029332_n.jpg?stp=dst-jpg_p600x600&amp;_nc_cat=103&amp;ccb=1-7&amp;_nc_sid=340051&amp;_nc_ohc=tIUcDeRqb_gAX_jc6ZQ&amp;_nc_ht=scontent-mrs2-1.xx&amp;oh=00_AfDwo2VuPinqJsmRdRAoP2By_-NXjzaf1CrSOLSVWEFnjA&amp;oe=645D992B\" alt=\"\"\/><\/figure>\n<\/div>\n<p class=\"has-text-align-center\"><strong>06\/07\/2023 a 09\/07\/2023<\/strong><\/p>\n\n<p class=\"has-text-align-left\">El Nataraja Psychedelic Gathering, festival de m\u00fasica psytrance, es un acontecimiento ineludible que se celebra en Francia.\nLa edici\u00f3n de 2023, que durar\u00e1 4 d\u00edas y 3 noches, promete ser un momento de intercambio, amor, sonrisas, cultura alternativa, actividades, m\u00fasica y baile en un ambiente c\u00e1lido y acogedor.\nEs una oportunidad para dejarse transportar por las vibraciones del psytrance y descubrir nuevos horizontes en un entorno m\u00e1gico y festivo.\n\u00a1Ven y disfruta de una experiencia \u00fanica e inolvidable en el Encuentro Psicod\u00e9lico Nataraja 2023!   <\/p>\n\n<div class=\"wp-block-buttons is-content-justification-center is-layout-flex wp-container-core-buttons-is-layout-16018d1d wp-block-buttons-is-layout-flex\">\n<div class=\"wp-block-button\"><a class=\"wp-block-button__link wp-element-button\" href=\"https:\/\/www.nataraja-psychedelic-gathering.com\/\" target=\"_blank\" rel=\"noreferrer noopener\">Ver la p\u00e1gina web del Encuentro Psicod\u00e9lico Nataraja<\/a><\/div>\n<\/div>\n\n<h2 class=\"wp-block-heading has-text-align-center\"><span class=\"ez-toc-section\" id=\"Festival_Espiritu_Propio_%E2%80%93_Espana\"><\/span>Festival Esp\u00edritu Propio &#8211; Espa\u00f1a<span class=\"ez-toc-section-end\"><\/span><\/h2>\n<div class=\"wp-block-image\">\n<figure class=\"aligncenter\"><img decoding=\"async\" src=\"https:\/\/scontent-mrs2-2.xx.fbcdn.net\/v\/t39.30808-6\/345435904_949452669410731_2746554422577530565_n.jpg?stp=dst-jpg_p843x403&amp;_nc_cat=108&amp;ccb=1-7&amp;_nc_sid=8bfeb9&amp;_nc_ohc=RoS9-VwUtNoAX-dwidR&amp;_nc_ht=scontent-mrs2-2.xx&amp;oh=00_AfAs-PdAWzEada8O3t-jqlNxJX-JXIjZvAW25gZebRHBXQ&amp;oe=645EF2D4\" alt=\"Tal vez una imagen de texto que diga 'O&#xE23;ALPITN own SPIRIT FESTIVAL 2023 70% LINE UP 1200 MICROGRAMS ALBERT SALVATIERRA ALIEN TRANCESISTOR ANA&#xEF;S-LIN ANIMATO ASTRAL PROJECTION CONFO DARWISH DEKEL DJANTRIX EKANTA ETNICA FERNANDA PISTELLI FREAK BROTHERS.&#10;FREEDOM MFIGTHERS GIUSEPPE GMS HEAVY HERTZ.&#10;HYPNOISE HYPOGEO.&#10;K.I.M. KRYPTONE LUIS M LUNATICA HYPATIA MARC MAYA MNGRM NELIO NOFACE PROTONICA PSYNONIMA RAUL MEZCOLANZA REGAN RENDER.&#10;SCHROTT&#10;SONIC SPECIES SOUTH ZONE STARLAB SYMBOLICO TECNICA TRIFORGE TRISTAN V-SOCIETY 06-11 SEPTIEMBRE BALDELLOU ESPA&#xD1;A'     \"\/><\/figure>\n<\/div>\n<p class=\"has-text-align-center\"><strong>06\/09\/2023 a 11\/09\/2023<\/strong><\/p>\n\n<p class=\"has-text-align-left\">Own Spirit Festival es un festival de m\u00fasica psytrance que se celebra en las monta\u00f1as espa\u00f1olas, con un programa variado que va desde el psytrance a las m\u00fasicas del mundo, y centrado en la conexi\u00f3n con la naturaleza y la cultura local.\nEl festival es conocido por proporcionar una experiencia de inmersi\u00f3n a sus asistentes, ofreciendo talleres y actividades para conectar con uno mismo, con los dem\u00e1s y con la naturaleza. <\/p>\n\n<p>El festival se cre\u00f3 en 2014 con la misi\u00f3n de crear un espacio de encuentro para los amantes de la m\u00fasica psytrance y los artistas, valorando al mismo tiempo la cultura local y la conexi\u00f3n con la naturaleza.\nEl festival se celebra en un entorno natural espectacular, rodeado por las monta\u00f1as espa\u00f1olas, creando una atm\u00f3sfera \u00fanica para una experiencia musical m\u00e1gica. <\/p>\n\n<p>El festival ofrece una variedad de talleres y actividades para los asistentes, como talleres de yoga y meditaci\u00f3n, talleres art\u00edsticos y creativos, sesiones de sanaci\u00f3n, charlas y representaciones art\u00edsticas.\nLa atenci\u00f3n se centra en la experiencia global y la conexi\u00f3n con la naturaleza, creando una atm\u00f3sfera de celebraci\u00f3n, intercambio y conexi\u00f3n.\nEl festival tambi\u00e9n est\u00e1 comprometido con la sostenibilidad y la ecolog\u00eda, y ofrece instalaciones y actividades ecol\u00f3gicas para educar a los asistentes sobre la protecci\u00f3n del medio ambiente.  <\/p>\n\n<div class=\"wp-block-buttons is-content-justification-center is-layout-flex wp-container-core-buttons-is-layout-16018d1d wp-block-buttons-is-layout-flex\">\n<div class=\"wp-block-button\"><a class=\"wp-block-button__link wp-element-button\" href=\"https:\/\/www.ownspiritfestival.org\/\" target=\"_blank\" rel=\"noreferrer noopener\">Ver el sitio web del Festival del Esp\u00edritu Propio<\/a><\/div>\n<\/div>\n\n\n<div class=\"kk-star-ratings kksr-auto kksr-align-center kksr-valign-bottom\"\n    data-payload='{&quot;align&quot;:&quot;center&quot;,&quot;id&quot;:&quot;13938&quot;,&quot;slug&quot;:&quot;default&quot;,&quot;valign&quot;:&quot;bottom&quot;,&quot;ignore&quot;:&quot;&quot;,&quot;reference&quot;:&quot;auto&quot;,&quot;class&quot;:&quot;&quot;,&quot;count&quot;:&quot;0&quot;,&quot;legendonly&quot;:&quot;&quot;,&quot;readonly&quot;:&quot;&quot;,&quot;score&quot;:&quot;0&quot;,&quot;starsonly&quot;:&quot;&quot;,&quot;best&quot;:&quot;5&quot;,&quot;gap&quot;:&quot;5&quot;,&quot;greet&quot;:&quot;Noter cet article&quot;,&quot;legend&quot;:&quot;0\\\/5 - (0 votos)&quot;,&quot;size&quot;:&quot;24&quot;,&quot;title&quot;:&quot;Festivales psytrance 2023 Europa: \u00a1eventos que no te puedes perder!&quot;,&quot;width&quot;:&quot;0&quot;,&quot;_legend&quot;:&quot;{score}\\\/{best} - ({count} {votes})&quot;,&quot;font_factor&quot;:&quot;1.25&quot;}'>\n            \n<div class=\"kksr-stars\">\n    \n<div class=\"kksr-stars-inactive\">\n            <div class=\"kksr-star\" data-star=\"1\" style=\"padding-right: 5px\">\n            \n\n<div class=\"kksr-icon\" style=\"width: 24px; height: 24px;\"><\/div>\n        <\/div>\n            <div class=\"kksr-star\" data-star=\"2\" style=\"padding-right: 5px\">\n            \n\n<div class=\"kksr-icon\" style=\"width: 24px; height: 24px;\"><\/div>\n        <\/div>\n            <div class=\"kksr-star\" data-star=\"3\" style=\"padding-right: 5px\">\n            \n\n<div class=\"kksr-icon\" style=\"width: 24px; height: 24px;\"><\/div>\n        <\/div>\n            <div class=\"kksr-star\" data-star=\"4\" style=\"padding-right: 5px\">\n            \n\n<div class=\"kksr-icon\" style=\"width: 24px; height: 24px;\"><\/div>\n        <\/div>\n            <div class=\"kksr-star\" data-star=\"5\" style=\"padding-right: 5px\">\n            \n\n<div class=\"kksr-icon\" style=\"width: 24px; height: 24px;\"><\/div>\n        <\/div>\n    <\/div>\n    \n<div class=\"kksr-stars-active\" style=\"width: 0px;\">\n            <div class=\"kksr-star\" style=\"padding-right: 5px\">\n            \n\n<div class=\"kksr-icon\" style=\"width: 24px; height: 24px;\"><\/div>\n        <\/div>\n            <div class=\"kksr-star\" style=\"padding-right: 5px\">\n            \n\n<div class=\"kksr-icon\" style=\"width: 24px; height: 24px;\"><\/div>\n        <\/div>\n            <div class=\"kksr-star\" style=\"padding-right: 5px\">\n            \n\n<div class=\"kksr-icon\" style=\"width: 24px; height: 24px;\"><\/div>\n        <\/div>\n            <div class=\"kksr-star\" style=\"padding-right: 5px\">\n            \n\n<div class=\"kksr-icon\" style=\"width: 24px; height: 24px;\"><\/div>\n        <\/div>\n            <div class=\"kksr-star\" style=\"padding-right: 5px\">\n            \n\n<div class=\"kksr-icon\" style=\"width: 24px; height: 24px;\"><\/div>\n        <\/div>\n    <\/div>\n<\/div>\n                \n\n<div class=\"kksr-legend\" style=\"font-size: 19.2px;\">\n            <span class=\"kksr-muted\">Noter cet article<\/span>\n    <\/div>\n    <\/div>\n","protected":false},"excerpt":{"rendered":"<p>Si te gusta la m\u00fasica psytrance, el verano es el momento perfecto para explorar los diversos festivales que se celebran por toda Europa. He aqu\u00ed nuestra selecci\u00f3n de festivales de psytrance que no te puedes perder este a\u00f1o. Y no olvides que cada festival y cada festivalero es \u00fanico, as\u00ed que esto no es un [&hellip;]<\/p>\n","protected":false},"author":3,"featured_media":13940,"comment_status":"open","ping_status":"open","sticky":false,"template":"","format":"standard","meta":{"_acf_changed":false,"footnotes":""},"categories":[857],"tags":[879,902],"class_list":["post-13938","post","type-post","status-publish","format-standard","has-post-thumbnail","hentry","category-festival-es","tag-festival-es","tag-psytrance-es"],"acf":[],"yoast_head":"<!-- This site is optimized with the Yoast SEO plugin v27.5 - https:\/\/yoast.com\/product\/yoast-seo-wordpress\/ -->\n<title>Festivales psytrance 2023 Europa: \u00a1eventos que no te puedes perder!<\/title>\n<meta name=\"robots\" content=\"index, follow, max-snippet:-1, max-image-preview:large, max-video-preview:-1\" \/>\n<link rel=\"canonical\" href=\"https:\/\/www.technomag.fr\/es\/festivales-psytrance-2023-europa-eventos-que-no-te-puedes-perder\/\" \/>\n<meta property=\"og:locale\" content=\"es_ES\" \/>\n<meta property=\"og:type\" content=\"article\" \/>\n<meta property=\"og:title\" content=\"Festivales psytrance 2023 Europa: \u00a1eventos que no te puedes perder!\" \/>\n<meta property=\"og:description\" content=\"Si te gusta la m\u00fasica psytrance, el verano es el momento perfecto para explorar los diversos festivales que se celebran por toda Europa. He aqu\u00ed nuestra selecci\u00f3n de festivales de psytrance que no te puedes perder este a\u00f1o. Y no olvides que cada festival y cada festivalero es \u00fanico, as\u00ed que esto no es un [&hellip;]\" \/>\n<meta property=\"og:url\" content=\"https:\/\/www.technomag.fr\/es\/festivales-psytrance-2023-europa-eventos-que-no-te-puedes-perder\/\" \/>\n<meta property=\"og:site_name\" content=\"Techno Mag\" \/>\n<meta property=\"article:published_time\" content=\"2023-05-09T05:00:00+00:00\" \/>\n<meta property=\"article:modified_time\" content=\"2024-08-08T12:38:24+00:00\" \/>\n<meta property=\"og:image\" content=\"https:\/\/www.technomag.fr\/wp-content\/uploads\/2023\/05\/festivals-psytrance-a-faire-en-europe-pour-2023-1-1024x576.png\" \/>\n\t<meta property=\"og:image:width\" content=\"1024\" \/>\n\t<meta property=\"og:image:height\" content=\"576\" \/>\n\t<meta property=\"og:image:type\" content=\"image\/png\" \/>\n<meta name=\"author\" content=\"Eric\" \/>\n<meta name=\"twitter:card\" content=\"summary_large_image\" \/>\n<meta name=\"twitter:label1\" content=\"Escrito por\" \/>\n\t<meta name=\"twitter:data1\" content=\"Eric\" \/>\n\t<meta name=\"twitter:label2\" content=\"Tiempo de lectura\" \/>\n\t<meta name=\"twitter:data2\" content=\"7 minutos\" \/>\n<script type=\"application\/ld+json\" class=\"yoast-schema-graph\">{\"@context\":\"https:\\\/\\\/schema.org\",\"@graph\":[{\"@type\":\"Article\",\"@id\":\"https:\\\/\\\/www.technomag.fr\\\/es\\\/festivales-psytrance-2023-europa-eventos-que-no-te-puedes-perder\\\/#article\",\"isPartOf\":{\"@id\":\"https:\\\/\\\/www.technomag.fr\\\/es\\\/festivales-psytrance-2023-europa-eventos-que-no-te-puedes-perder\\\/\"},\"author\":{\"name\":\"Eric\",\"@id\":\"https:\\\/\\\/www.technomag.fr\\\/#\\\/schema\\\/person\\\/5184db1055c64729cb8595a8e9d23e9e\"},\"headline\":\"Festivales psytrance 2023 Europa: \u00a1eventos que no te puedes perder!\",\"datePublished\":\"2023-05-09T05:00:00+00:00\",\"dateModified\":\"2024-08-08T12:38:24+00:00\",\"mainEntityOfPage\":{\"@id\":\"https:\\\/\\\/www.technomag.fr\\\/es\\\/festivales-psytrance-2023-europa-eventos-que-no-te-puedes-perder\\\/\"},\"wordCount\":1487,\"commentCount\":0,\"publisher\":{\"@id\":\"https:\\\/\\\/www.technomag.fr\\\/#organization\"},\"image\":{\"@id\":\"https:\\\/\\\/www.technomag.fr\\\/es\\\/festivales-psytrance-2023-europa-eventos-que-no-te-puedes-perder\\\/#primaryimage\"},\"thumbnailUrl\":\"https:\\\/\\\/www.technomag.fr\\\/wp-content\\\/uploads\\\/2023\\\/05\\\/festivals-psytrance-a-faire-en-europe-pour-2023-1.png\",\"keywords\":[\"Festival\",\"Psytrance\"],\"articleSection\":[\"Festival\"],\"inLanguage\":\"es\"},{\"@type\":\"WebPage\",\"@id\":\"https:\\\/\\\/www.technomag.fr\\\/es\\\/festivales-psytrance-2023-europa-eventos-que-no-te-puedes-perder\\\/\",\"url\":\"https:\\\/\\\/www.technomag.fr\\\/es\\\/festivales-psytrance-2023-europa-eventos-que-no-te-puedes-perder\\\/\",\"name\":\"Festivales psytrance 2023 Europa: \u00a1eventos que no te puedes perder!\",\"isPartOf\":{\"@id\":\"https:\\\/\\\/www.technomag.fr\\\/#website\"},\"primaryImageOfPage\":{\"@id\":\"https:\\\/\\\/www.technomag.fr\\\/es\\\/festivales-psytrance-2023-europa-eventos-que-no-te-puedes-perder\\\/#primaryimage\"},\"image\":{\"@id\":\"https:\\\/\\\/www.technomag.fr\\\/es\\\/festivales-psytrance-2023-europa-eventos-que-no-te-puedes-perder\\\/#primaryimage\"},\"thumbnailUrl\":\"https:\\\/\\\/www.technomag.fr\\\/wp-content\\\/uploads\\\/2023\\\/05\\\/festivals-psytrance-a-faire-en-europe-pour-2023-1.png\",\"datePublished\":\"2023-05-09T05:00:00+00:00\",\"dateModified\":\"2024-08-08T12:38:24+00:00\",\"breadcrumb\":{\"@id\":\"https:\\\/\\\/www.technomag.fr\\\/es\\\/festivales-psytrance-2023-europa-eventos-que-no-te-puedes-perder\\\/#breadcrumb\"},\"inLanguage\":\"es\",\"potentialAction\":[{\"@type\":\"ReadAction\",\"target\":[\"https:\\\/\\\/www.technomag.fr\\\/es\\\/festivales-psytrance-2023-europa-eventos-que-no-te-puedes-perder\\\/\"]}]},{\"@type\":\"ImageObject\",\"inLanguage\":\"es\",\"@id\":\"https:\\\/\\\/www.technomag.fr\\\/es\\\/festivales-psytrance-2023-europa-eventos-que-no-te-puedes-perder\\\/#primaryimage\",\"url\":\"https:\\\/\\\/www.technomag.fr\\\/wp-content\\\/uploads\\\/2023\\\/05\\\/festivals-psytrance-a-faire-en-europe-pour-2023-1.png\",\"contentUrl\":\"https:\\\/\\\/www.technomag.fr\\\/wp-content\\\/uploads\\\/2023\\\/05\\\/festivals-psytrance-a-faire-en-europe-pour-2023-1.png\",\"width\":2560,\"height\":1440},{\"@type\":\"BreadcrumbList\",\"@id\":\"https:\\\/\\\/www.technomag.fr\\\/es\\\/festivales-psytrance-2023-europa-eventos-que-no-te-puedes-perder\\\/#breadcrumb\",\"itemListElement\":[{\"@type\":\"ListItem\",\"position\":1,\"name\":\"Accueil\",\"item\":\"https:\\\/\\\/www.technomag.fr\\\/es\\\/revista-techno\\\/\"},{\"@type\":\"ListItem\",\"position\":2,\"name\":\"Festivales psytrance 2023 Europa: \u00a1eventos que no te puedes perder!\"}]},{\"@type\":\"WebSite\",\"@id\":\"https:\\\/\\\/www.technomag.fr\\\/#website\",\"url\":\"https:\\\/\\\/www.technomag.fr\\\/\",\"name\":\"Techno Mag\",\"description\":\"Le magazine underground de r\u00e9f\u00e9rence pour la techno\",\"publisher\":{\"@id\":\"https:\\\/\\\/www.technomag.fr\\\/#organization\"},\"potentialAction\":[{\"@type\":\"SearchAction\",\"target\":{\"@type\":\"EntryPoint\",\"urlTemplate\":\"https:\\\/\\\/www.technomag.fr\\\/?s={search_term_string}\"},\"query-input\":{\"@type\":\"PropertyValueSpecification\",\"valueRequired\":true,\"valueName\":\"search_term_string\"}}],\"inLanguage\":\"es\"},{\"@type\":\"Organization\",\"@id\":\"https:\\\/\\\/www.technomag.fr\\\/#organization\",\"name\":\"Techno Mag\",\"url\":\"https:\\\/\\\/www.technomag.fr\\\/\",\"logo\":{\"@type\":\"ImageObject\",\"inLanguage\":\"es\",\"@id\":\"https:\\\/\\\/www.technomag.fr\\\/#\\\/schema\\\/logo\\\/image\\\/\",\"url\":\"https:\\\/\\\/www.technomag.fr\\\/wp-content\\\/uploads\\\/2023\\\/04\\\/TECHNO-e1681225415918.png\",\"contentUrl\":\"https:\\\/\\\/www.technomag.fr\\\/wp-content\\\/uploads\\\/2023\\\/04\\\/TECHNO-e1681225415918.png\",\"width\":500,\"height\":113,\"caption\":\"Techno Mag\"},\"image\":{\"@id\":\"https:\\\/\\\/www.technomag.fr\\\/#\\\/schema\\\/logo\\\/image\\\/\"}},{\"@type\":\"Person\",\"@id\":\"https:\\\/\\\/www.technomag.fr\\\/#\\\/schema\\\/person\\\/5184db1055c64729cb8595a8e9d23e9e\",\"name\":\"Eric\",\"image\":{\"@type\":\"ImageObject\",\"inLanguage\":\"es\",\"@id\":\"https:\\\/\\\/www.technomag.fr\\\/wp-content\\\/uploads\\\/2023\\\/12\\\/eric-96x96.jpg\",\"url\":\"https:\\\/\\\/www.technomag.fr\\\/wp-content\\\/uploads\\\/2023\\\/12\\\/eric-96x96.jpg\",\"contentUrl\":\"https:\\\/\\\/www.technomag.fr\\\/wp-content\\\/uploads\\\/2023\\\/12\\\/eric-96x96.jpg\",\"caption\":\"Eric\"},\"description\":\"Eric, le capitaine du navire TechnoMag, est d\u00e9veloppeur web, consultant SEO, r\u00e9dacteur de metier, et surtout fanatique de musique ! Depuis l'enfance, il est attir\u00e9 par les basses et les kicks, passant des heures \u00e0 \u00e9couter et jouer sur machines pour le plaisir, avec son fr\u00e8re et ses amis, depuis plus de dix ans. Globe-trotteur, il a explor\u00e9 des free parties sauvages et ill\u00e9gales jusqu\u2019aux plus grands festivals internationaux. Dans son pass\u00e9, il a aussi \u00e9t\u00e9 VJ et impliqu\u00e9 dans l'organisation de soir\u00e9es pas toujours vraiment autoris\u00e9es. Aujourd'hui, il aime capturer l'\u00e9nergie des \u00e9v\u00e9nements pour la retranscrire aux autres, que ce soit derri\u00e8re l'appareil photo, la cam\u00e9ra, ou en r\u00e9digeant un article. Avec quelques missions b\u00e9n\u00e9voles \u00e0 son actif et une association toute neuve, il r\u00eave d'un lieu autonome o\u00f9 chacun pourrait balancer son set sans craindre de perdre son matos.\",\"sameAs\":[\"https:\\\/\\\/www.instagram.com\\\/technomag.fr\\\/\",\"https:\\\/\\\/www.linkedin.com\\\/in\\\/boulangereric\\\/\"],\"url\":\"https:\\\/\\\/www.technomag.fr\\\/es\\\/redacteur\\\/eric-2\\\/\"}]}<\/script>\n<!-- \/ Yoast SEO plugin. -->","yoast_head_json":{"title":"Festivales psytrance 2023 Europa: \u00a1eventos que no te puedes perder!","robots":{"index":"index","follow":"follow","max-snippet":"max-snippet:-1","max-image-preview":"max-image-preview:large","max-video-preview":"max-video-preview:-1"},"canonical":"https:\/\/www.technomag.fr\/es\/festivales-psytrance-2023-europa-eventos-que-no-te-puedes-perder\/","og_locale":"es_ES","og_type":"article","og_title":"Festivales psytrance 2023 Europa: \u00a1eventos que no te puedes perder!","og_description":"Si te gusta la m\u00fasica psytrance, el verano es el momento perfecto para explorar los diversos festivales que se celebran por toda Europa. He aqu\u00ed nuestra selecci\u00f3n de festivales de psytrance que no te puedes perder este a\u00f1o. Y no olvides que cada festival y cada festivalero es \u00fanico, as\u00ed que esto no es un [&hellip;]","og_url":"https:\/\/www.technomag.fr\/es\/festivales-psytrance-2023-europa-eventos-que-no-te-puedes-perder\/","og_site_name":"Techno Mag","article_published_time":"2023-05-09T05:00:00+00:00","article_modified_time":"2024-08-08T12:38:24+00:00","og_image":[{"width":1024,"height":576,"url":"https:\/\/www.technomag.fr\/wp-content\/uploads\/2023\/05\/festivals-psytrance-a-faire-en-europe-pour-2023-1-1024x576.png","type":"image\/png"}],"author":"Eric","twitter_card":"summary_large_image","twitter_misc":{"Escrito por":"Eric","Tiempo de lectura":"7 minutos"},"schema":{"@context":"https:\/\/schema.org","@graph":[{"@type":"Article","@id":"https:\/\/www.technomag.fr\/es\/festivales-psytrance-2023-europa-eventos-que-no-te-puedes-perder\/#article","isPartOf":{"@id":"https:\/\/www.technomag.fr\/es\/festivales-psytrance-2023-europa-eventos-que-no-te-puedes-perder\/"},"author":{"name":"Eric","@id":"https:\/\/www.technomag.fr\/#\/schema\/person\/5184db1055c64729cb8595a8e9d23e9e"},"headline":"Festivales psytrance 2023 Europa: \u00a1eventos que no te puedes perder!","datePublished":"2023-05-09T05:00:00+00:00","dateModified":"2024-08-08T12:38:24+00:00","mainEntityOfPage":{"@id":"https:\/\/www.technomag.fr\/es\/festivales-psytrance-2023-europa-eventos-que-no-te-puedes-perder\/"},"wordCount":1487,"commentCount":0,"publisher":{"@id":"https:\/\/www.technomag.fr\/#organization"},"image":{"@id":"https:\/\/www.technomag.fr\/es\/festivales-psytrance-2023-europa-eventos-que-no-te-puedes-perder\/#primaryimage"},"thumbnailUrl":"https:\/\/www.technomag.fr\/wp-content\/uploads\/2023\/05\/festivals-psytrance-a-faire-en-europe-pour-2023-1.png","keywords":["Festival","Psytrance"],"articleSection":["Festival"],"inLanguage":"es"},{"@type":"WebPage","@id":"https:\/\/www.technomag.fr\/es\/festivales-psytrance-2023-europa-eventos-que-no-te-puedes-perder\/","url":"https:\/\/www.technomag.fr\/es\/festivales-psytrance-2023-europa-eventos-que-no-te-puedes-perder\/","name":"Festivales psytrance 2023 Europa: \u00a1eventos que no te puedes perder!","isPartOf":{"@id":"https:\/\/www.technomag.fr\/#website"},"primaryImageOfPage":{"@id":"https:\/\/www.technomag.fr\/es\/festivales-psytrance-2023-europa-eventos-que-no-te-puedes-perder\/#primaryimage"},"image":{"@id":"https:\/\/www.technomag.fr\/es\/festivales-psytrance-2023-europa-eventos-que-no-te-puedes-perder\/#primaryimage"},"thumbnailUrl":"https:\/\/www.technomag.fr\/wp-content\/uploads\/2023\/05\/festivals-psytrance-a-faire-en-europe-pour-2023-1.png","datePublished":"2023-05-09T05:00:00+00:00","dateModified":"2024-08-08T12:38:24+00:00","breadcrumb":{"@id":"https:\/\/www.technomag.fr\/es\/festivales-psytrance-2023-europa-eventos-que-no-te-puedes-perder\/#breadcrumb"},"inLanguage":"es","potentialAction":[{"@type":"ReadAction","target":["https:\/\/www.technomag.fr\/es\/festivales-psytrance-2023-europa-eventos-que-no-te-puedes-perder\/"]}]},{"@type":"ImageObject","inLanguage":"es","@id":"https:\/\/www.technomag.fr\/es\/festivales-psytrance-2023-europa-eventos-que-no-te-puedes-perder\/#primaryimage","url":"https:\/\/www.technomag.fr\/wp-content\/uploads\/2023\/05\/festivals-psytrance-a-faire-en-europe-pour-2023-1.png","contentUrl":"https:\/\/www.technomag.fr\/wp-content\/uploads\/2023\/05\/festivals-psytrance-a-faire-en-europe-pour-2023-1.png","width":2560,"height":1440},{"@type":"BreadcrumbList","@id":"https:\/\/www.technomag.fr\/es\/festivales-psytrance-2023-europa-eventos-que-no-te-puedes-perder\/#breadcrumb","itemListElement":[{"@type":"ListItem","position":1,"name":"Accueil","item":"https:\/\/www.technomag.fr\/es\/revista-techno\/"},{"@type":"ListItem","position":2,"name":"Festivales psytrance 2023 Europa: \u00a1eventos que no te puedes perder!"}]},{"@type":"WebSite","@id":"https:\/\/www.technomag.fr\/#website","url":"https:\/\/www.technomag.fr\/","name":"Techno Mag","description":"Le magazine underground de r\u00e9f\u00e9rence pour la techno","publisher":{"@id":"https:\/\/www.technomag.fr\/#organization"},"potentialAction":[{"@type":"SearchAction","target":{"@type":"EntryPoint","urlTemplate":"https:\/\/www.technomag.fr\/?s={search_term_string}"},"query-input":{"@type":"PropertyValueSpecification","valueRequired":true,"valueName":"search_term_string"}}],"inLanguage":"es"},{"@type":"Organization","@id":"https:\/\/www.technomag.fr\/#organization","name":"Techno Mag","url":"https:\/\/www.technomag.fr\/","logo":{"@type":"ImageObject","inLanguage":"es","@id":"https:\/\/www.technomag.fr\/#\/schema\/logo\/image\/","url":"https:\/\/www.technomag.fr\/wp-content\/uploads\/2023\/04\/TECHNO-e1681225415918.png","contentUrl":"https:\/\/www.technomag.fr\/wp-content\/uploads\/2023\/04\/TECHNO-e1681225415918.png","width":500,"height":113,"caption":"Techno Mag"},"image":{"@id":"https:\/\/www.technomag.fr\/#\/schema\/logo\/image\/"}},{"@type":"Person","@id":"https:\/\/www.technomag.fr\/#\/schema\/person\/5184db1055c64729cb8595a8e9d23e9e","name":"Eric","image":{"@type":"ImageObject","inLanguage":"es","@id":"https:\/\/www.technomag.fr\/wp-content\/uploads\/2023\/12\/eric-96x96.jpg","url":"https:\/\/www.technomag.fr\/wp-content\/uploads\/2023\/12\/eric-96x96.jpg","contentUrl":"https:\/\/www.technomag.fr\/wp-content\/uploads\/2023\/12\/eric-96x96.jpg","caption":"Eric"},"description":"Eric, le capitaine du navire TechnoMag, est d\u00e9veloppeur web, consultant SEO, r\u00e9dacteur de metier, et surtout fanatique de musique ! Depuis l'enfance, il est attir\u00e9 par les basses et les kicks, passant des heures \u00e0 \u00e9couter et jouer sur machines pour le plaisir, avec son fr\u00e8re et ses amis, depuis plus de dix ans. Globe-trotteur, il a explor\u00e9 des free parties sauvages et ill\u00e9gales jusqu\u2019aux plus grands festivals internationaux. Dans son pass\u00e9, il a aussi \u00e9t\u00e9 VJ et impliqu\u00e9 dans l'organisation de soir\u00e9es pas toujours vraiment autoris\u00e9es. Aujourd'hui, il aime capturer l'\u00e9nergie des \u00e9v\u00e9nements pour la retranscrire aux autres, que ce soit derri\u00e8re l'appareil photo, la cam\u00e9ra, ou en r\u00e9digeant un article. Avec quelques missions b\u00e9n\u00e9voles \u00e0 son actif et une association toute neuve, il r\u00eave d'un lieu autonome o\u00f9 chacun pourrait balancer son set sans craindre de perdre son matos.","sameAs":["https:\/\/www.instagram.com\/technomag.fr\/","https:\/\/www.linkedin.com\/in\/boulangereric\/"],"url":"https:\/\/www.technomag.fr\/es\/redacteur\/eric-2\/"}]}},"_links":{"self":[{"href":"https:\/\/www.technomag.fr\/es\/wp-json\/wp\/v2\/posts\/13938","targetHints":{"allow":["GET"]}}],"collection":[{"href":"https:\/\/www.technomag.fr\/es\/wp-json\/wp\/v2\/posts"}],"about":[{"href":"https:\/\/www.technomag.fr\/es\/wp-json\/wp\/v2\/types\/post"}],"author":[{"embeddable":true,"href":"https:\/\/www.technomag.fr\/es\/wp-json\/wp\/v2\/users\/3"}],"replies":[{"embeddable":true,"href":"https:\/\/www.technomag.fr\/es\/wp-json\/wp\/v2\/comments?post=13938"}],"version-history":[{"count":1,"href":"https:\/\/www.technomag.fr\/es\/wp-json\/wp\/v2\/posts\/13938\/revisions"}],"predecessor-version":[{"id":13945,"href":"https:\/\/www.technomag.fr\/es\/wp-json\/wp\/v2\/posts\/13938\/revisions\/13945"}],"wp:featuredmedia":[{"embeddable":true,"href":"https:\/\/www.technomag.fr\/es\/wp-json\/wp\/v2\/media\/13940"}],"wp:attachment":[{"href":"https:\/\/www.technomag.fr\/es\/wp-json\/wp\/v2\/media?parent=13938"}],"wp:term":[{"taxonomy":"category","embeddable":true,"href":"https:\/\/www.technomag.fr\/es\/wp-json\/wp\/v2\/categories?post=13938"},{"taxonomy":"post_tag","embeddable":true,"href":"https:\/\/www.technomag.fr\/es\/wp-json\/wp\/v2\/tags?post=13938"}],"curies":[{"name":"wp","href":"https:\/\/api.w.org\/{rel}","templated":true}]}}