
{"id":13838,"date":"2023-06-24T10:42:35","date_gmt":"2023-06-24T09:42:35","guid":{"rendered":"https:\/\/www.technomag.fr\/los-10-mejores-pintores-psicodelicos\/"},"modified":"2024-08-08T17:29:17","modified_gmt":"2024-08-08T16:29:17","slug":"los-10-mejores-pintores-psicodelicos","status":"publish","type":"post","link":"https:\/\/www.technomag.fr\/es\/los-10-mejores-pintores-psicodelicos\/","title":{"rendered":"Los 10 mejores pintores psicod\u00e9licos"},"content":{"rendered":"\n<div id=\"ez-toc-container\" class=\"ez-toc-v2_0_82_2 ez-toc-wrap-center counter-hierarchy ez-toc-counter ez-toc-custom ez-toc-container-direction\">\n<div class=\"ez-toc-title-container\">\n<p class=\"ez-toc-title\" style=\"cursor:inherit\">Sommaire<\/p>\n<span class=\"ez-toc-title-toggle\"><a href=\"#\" class=\"ez-toc-pull-right ez-toc-btn ez-toc-btn-xs ez-toc-btn-default ez-toc-toggle\" aria-label=\"Alternar tabla de contenidos\"><span class=\"ez-toc-js-icon-con\"><span class=\"\"><span class=\"eztoc-hide\" style=\"display:none;\">Toggle<\/span><span class=\"ez-toc-icon-toggle-span\"><svg style=\"fill: #ffffff;color:#ffffff\" xmlns=\"http:\/\/www.w3.org\/2000\/svg\" class=\"list-377408\" width=\"20px\" height=\"20px\" viewBox=\"0 0 24 24\" fill=\"none\"><path d=\"M6 6H4v2h2V6zm14 0H8v2h12V6zM4 11h2v2H4v-2zm16 0H8v2h12v-2zM4 16h2v2H4v-2zm16 0H8v2h12v-2z\" fill=\"currentColor\"><\/path><\/svg><svg style=\"fill: #ffffff;color:#ffffff\" class=\"arrow-unsorted-368013\" xmlns=\"http:\/\/www.w3.org\/2000\/svg\" width=\"10px\" height=\"10px\" viewBox=\"0 0 24 24\" version=\"1.2\" baseProfile=\"tiny\"><path d=\"M18.2 9.3l-6.2-6.3-6.2 6.3c-.2.2-.3.4-.3.7s.1.5.3.7c.2.2.4.3.7.3h11c.3 0 .5-.1.7-.3.2-.2.3-.5.3-.7s-.1-.5-.3-.7zM5.8 14.7l6.2 6.3 6.2-6.3c.2-.2.3-.5.3-.7s-.1-.5-.3-.7c-.2-.2-.4-.3-.7-.3h-11c-.3 0-.5.1-.7.3-.2.2-.3.5-.3.7s.1.5.3.7z\"\/><\/svg><\/span><\/span><\/span><\/a><\/span><\/div>\n<nav><ul class='ez-toc-list ez-toc-list-level-1 ' ><li class='ez-toc-page-1 ez-toc-heading-level-2'><a class=\"ez-toc-link ez-toc-heading-1\" href=\"https:\/\/www.technomag.fr\/es\/los-10-mejores-pintores-psicodelicos\/#1_Salvador_Dali_El_Maestro_del_Surrealismo\" >1. Salvador Dal\u00ed: El Maestro del Surrealismo<\/a><\/li><li class='ez-toc-page-1 ez-toc-heading-level-2'><a class=\"ez-toc-link ez-toc-heading-2\" href=\"https:\/\/www.technomag.fr\/es\/los-10-mejores-pintores-psicodelicos\/#2_Alex_Grey_El_Explorador_de_la_Conciencia\" >2. Alex Grey: El Explorador de la Conciencia<\/a><\/li><li class='ez-toc-page-1 ez-toc-heading-level-2'><a class=\"ez-toc-link ez-toc-heading-3\" href=\"https:\/\/www.technomag.fr\/es\/los-10-mejores-pintores-psicodelicos\/#3_Robert_Venosa_El_alquimista_de_las_formas\" >3. Robert Venosa: El alquimista de las formas<\/a><\/li><li class='ez-toc-page-1 ez-toc-heading-level-2'><a class=\"ez-toc-link ez-toc-heading-4\" href=\"https:\/\/www.technomag.fr\/es\/los-10-mejores-pintores-psicodelicos\/#4_Mati_Klarwein_La_fusion_de_culturas\" >4. Mati Klarwein: La fusi\u00f3n de culturas<\/a><\/li><li class='ez-toc-page-1 ez-toc-heading-level-2'><a class=\"ez-toc-link ez-toc-heading-5\" href=\"https:\/\/www.technomag.fr\/es\/los-10-mejores-pintores-psicodelicos\/#5_Amanda_Sage_La_maga_de_los_colores\" >5. Amanda Sage: La maga de los colores<\/a><\/li><li class='ez-toc-page-1 ez-toc-heading-level-2'><a class=\"ez-toc-link ez-toc-heading-6\" href=\"https:\/\/www.technomag.fr\/es\/los-10-mejores-pintores-psicodelicos\/#6_Android_Jones_El_artista_digital_visionario\" >6. Android Jones: El artista digital visionario<\/a><\/li><li class='ez-toc-page-1 ez-toc-heading-level-2'><a class=\"ez-toc-link ez-toc-heading-7\" href=\"https:\/\/www.technomag.fr\/es\/los-10-mejores-pintores-psicodelicos\/#7_Ernst_Fuchs_El_explorador_de_lo_fantastico\" >7. Ernst Fuchs: El explorador de lo fant\u00e1stico<\/a><\/li><li class='ez-toc-page-1 ez-toc-heading-level-2'><a class=\"ez-toc-link ez-toc-heading-8\" href=\"https:\/\/www.technomag.fr\/es\/los-10-mejores-pintores-psicodelicos\/#8_Laurence_Caruana_La_exploradora_de_dimensiones\" >8. Laurence Caruana: La exploradora de dimensiones<\/a><\/li><li class='ez-toc-page-1 ez-toc-heading-level-2'><a class=\"ez-toc-link ez-toc-heading-9\" href=\"https:\/\/www.technomag.fr\/es\/los-10-mejores-pintores-psicodelicos\/#9_Wolfgang_Widmoser_Fotografo_de_la_Ilustracion\" >9. Wolfgang Widmoser: Fot\u00f3grafo de la Ilustraci\u00f3n<\/a><\/li><li class='ez-toc-page-1 ez-toc-heading-level-2'><a class=\"ez-toc-link ez-toc-heading-10\" href=\"https:\/\/www.technomag.fr\/es\/los-10-mejores-pintores-psicodelicos\/#10_Wes_Wilson_El_artista_grafico_psicodelico_que_revoluciono_la_escena\" >10. Wes Wilson: El artista gr\u00e1fico psicod\u00e9lico que revolucion\u00f3 la escena<\/a><\/li><li class='ez-toc-page-1 ez-toc-heading-level-2'><a class=\"ez-toc-link ez-toc-heading-11\" href=\"https:\/\/www.technomag.fr\/es\/los-10-mejores-pintores-psicodelicos\/#PREGUNTAS_FRECUENTES\" >PREGUNTAS FRECUENTES<\/a><\/li><\/ul><\/nav><\/div>\n<h2 class=\"wp-block-heading\"><span class=\"ez-toc-section\" id=\"1_Salvador_Dali_El_Maestro_del_Surrealismo\"><\/span>1. Salvador Dal\u00ed: El Maestro del Surrealismo<span class=\"ez-toc-section-end\"><\/span><\/h2>\n\n<p>Todo el mundo conoce a Salvador Dal\u00ed. Nacido el 11 de mayo de 1904 en Figueres, Espa\u00f1a, fue un incre\u00edble artista espa\u00f1ol que estudi\u00f3 en Bellas Artes en Madrid.\nGracias a Joan Mir\u00f3, conoci\u00f3 el movimiento surrealista liderado por Andr\u00e9 Breton, y r\u00e1pidamente se convirti\u00f3 en una figura emblem\u00e1tica del movimiento.\nFue aqu\u00ed donde conoci\u00f3 a Gala, la mujer que se convertir\u00eda en su musa y en el gran amor de su vida.\nSu historia de amor es realmente inspiradora.   <\/p>\n\n<p>Dal\u00ed era verdaderamente \u00fanico.\nSu personalidad era muy colorista y su maestr\u00eda t\u00e9cnica era realmente impresionante.\nNos dej\u00f3 una colecci\u00f3n de obras de una riqueza y diversidad incre\u00edbles.\nEstaba muy influido por el psicoan\u00e1lisis, y esto se reflej\u00f3 en su obra.\nCre\u00f3 formas gr\u00e1ficas originales en las que a veces se entrelazaban la muerte y el erotismo.\nTen\u00eda debilidad por las im\u00e1genes en trampantojo y le gustaba representarse a s\u00ed mismo en sus autorretratos, con un toque de caricatura.     <\/p>\n\n<p>Este genio espa\u00f1ol fue un creador incansable.\nEra pintor, artista pl\u00e1stico, guionista y escultor.\nLe encantaba provocar y jugaba con la extravagancia.\nNada pod\u00eda limitar su desbordante imaginaci\u00f3n.\nEra verdaderamente libre en su expresi\u00f3n art\u00edstica.    <\/p>\n\n<p>Salvador Dal\u00ed muri\u00f3 el 23 de enero de 1989 en Figueres, su ciudad natal.\nA pesar de su fallecimiento, su legado art\u00edstico sigue inspirando e influyendo en muchos artistas de todo el mundo.\nEs un aut\u00e9ntico icono del arte del siglo XX, y su obra sigue siendo un poderoso testimonio de su creatividad y esp\u00edritu innovador.  <\/p>\n\n<div class=\"wp-block-columns is-layout-flex wp-container-core-columns-is-layout-9d6595d7 wp-block-columns-is-layout-flex\">\n<div class=\"wp-block-column is-layout-flow wp-block-column-is-layout-flow\"><div class=\"wp-block-image\">\n<figure class=\"aligncenter\"><img decoding=\"async\" src=\"https:\/\/lh4.googleusercontent.com\/Kko0TolzhVHloc5XYCPsH4JWGmxQ1uq7mG16Wpne2LaTpvDedwvDrDFBHBN1gs_PZu6YksRMDUQUNudny7uvpymzPGGhet8htNfBsYRVVdm_H7rZpCkpRwGny2AMykTo3ap50nLuyUC_yaBnaFvM1MM\" alt=\"\"\/><\/figure>\n<\/div><\/div>\n\n\n\n<div class=\"wp-block-column is-layout-flow wp-block-column-is-layout-flow\"><div class=\"wp-block-image\">\n<figure class=\"aligncenter\"><img decoding=\"async\" src=\"https:\/\/lh4.googleusercontent.com\/2tbBcH3sWw_mPvtz9VLBmrdXZuvZ8E7ZvkJ-znNo4im4uHdfu6uyZ6bRg451gNhUc2lCz3slPZQeE6heA6WFdeijG25sCu_-jucubpzHjHqVkoIL0TKoL_MLKProgB0er0cjhejDo1hpS1ki9ahMDlI\" alt=\"\"\/><\/figure>\n<\/div><\/div>\n\n\n\n<div class=\"wp-block-column is-layout-flow wp-block-column-is-layout-flow\"><div class=\"wp-block-image\">\n<figure class=\"aligncenter size-large\"><img fetchpriority=\"high\" decoding=\"async\" width=\"1024\" height=\"762\" src=\"https:\/\/www.technomag.fr\/wp-content\/uploads\/2023\/06\/salvador-dali-1024x762.jpg\" alt=\"\" class=\"wp-image-3128\" srcset=\"https:\/\/www.technomag.fr\/wp-content\/uploads\/2023\/06\/salvador-dali-1024x762.jpg 1024w, https:\/\/www.technomag.fr\/wp-content\/uploads\/2023\/06\/salvador-dali-600x446.jpg 600w, https:\/\/www.technomag.fr\/wp-content\/uploads\/2023\/06\/salvador-dali-300x223.jpg 300w, https:\/\/www.technomag.fr\/wp-content\/uploads\/2023\/06\/salvador-dali-768x571.jpg 768w, https:\/\/www.technomag.fr\/wp-content\/uploads\/2023\/06\/salvador-dali-1536x1143.jpg 1536w, https:\/\/www.technomag.fr\/wp-content\/uploads\/2023\/06\/salvador-dali-2048x1523.jpg 2048w\" sizes=\"(max-width: 1024px) 100vw, 1024px\" \/><\/figure>\n<\/div><\/div>\n<\/div>\n\n<h2 class=\"wp-block-heading\"><span class=\"ez-toc-section\" id=\"2_Alex_Grey_El_Explorador_de_la_Conciencia\"><\/span>2. Alex Grey: El Explorador de la Conciencia<span class=\"ez-toc-section-end\"><\/span><\/h2>\n\n<p>  \u00bfConoces a Alex Grey?\nEs un pintor superinteresante y visionario que naci\u00f3 el 29 de noviembre de 1953 en Columbus, Ohio.\nA menudo se le considera un artista de la Nueva Ola, y realmente tiene su propia visi\u00f3n de las cosas.\nSu obra aborda temas profundos como la trascendencia, el desarrollo espiritual e incluso la muerte, pero con un enfoque m\u00edstico y multicultural.\nLe gusta explorar conceptos como el flujo de energ\u00eda y el aura.    <\/p>\n\n<p>Lo genial de Alex Grey es su forma \u00fanica de representar el cuerpo humano.\nMezcla h\u00e1bilmente aspectos anat\u00f3micos y simb\u00f3licos para crear obras realmente cautivadoras.\nA menudo ver\u00e1s sus cuadros con hilos de luz multicolores que atraviesan el cuerpo humano, creando una sensaci\u00f3n de conexi\u00f3n m\u00edstica.\nTambi\u00e9n incorpora mucha geometr\u00eda a sus obras, lo que a\u00f1ade una dimensi\u00f3n interesante.\nY, por supuesto, los colores son muy importantes para \u00e9l, y da mucha importancia a su simbolismo.\nDe hecho, por eso eligi\u00f3 el seud\u00f3nimo \u00abGris\u00bb, entre la oscuridad y la luz.     <\/p>\n\n<p>\u00bfSab\u00edas que Alex Grey lleg\u00f3 a dise\u00f1ar la portada del \u00e1lbum \u00abIn Utero\u00bb de Nirvana?\n\u00bfNo es genial?\nTambi\u00e9n ha trabajado en varias portadas para el grupo Tool, y encaja perfectamente con su m\u00fasica.\nRealmente puedes o\u00edr sus temas y su est\u00e9tica en estas colaboraciones.   <\/p>\n\n<p>En resumen, Alex Grey es un pintor \u00fanico con una visi\u00f3n art\u00edstica muy personal.\nSu exploraci\u00f3n de la trascendencia, el desarrollo espiritual y la muerte es fascinante.\nSabe mezclar anatom\u00eda y simbolismo de una forma muy especial, y sus obras est\u00e1n llenas de vida gracias a la geometr\u00eda y los colores que utiliza.\nY con sus colaboraciones musicales, extiende a\u00fan m\u00e1s su influencia.\n\u00a1Es un artista a tener en cuenta!    <\/p>\n\n<div class=\"wp-block-columns is-layout-flex wp-container-core-columns-is-layout-9d6595d7 wp-block-columns-is-layout-flex\">\n<div class=\"wp-block-column is-layout-flow wp-block-column-is-layout-flow\"><div class=\"wp-block-image\">\n<figure class=\"aligncenter is-resized\"><img decoding=\"async\" src=\"https:\/\/lh6.googleusercontent.com\/OVlpGGUr5GX7j17JcH75xsHhtj2lW214-GHr2-QHY1J1IjOWs3zQKBT72nujbc3i2xCNWQGPhvh-RR0FkEGUinO0tmPXYWB0ZX_IN7W91PJ6qpi8dzLrilyDZyBPvJrT6p6DXjrzCV9ZtjetsQjM-58\" alt=\"\" width=\"267\" height=\"267\"\/><\/figure>\n<\/div><\/div>\n\n\n\n<div class=\"wp-block-column is-layout-flow wp-block-column-is-layout-flow\"><div class=\"wp-block-image\">\n<figure class=\"aligncenter\"><img decoding=\"async\" src=\"https:\/\/lh4.googleusercontent.com\/6R4_QzI1HkSwx2z5qMasVEjx41OXPqmTA8kTPe-SAQiJqTANlXcKFILI9M66ZjWCNu7j0qLUDLR_YRZzbu16TFGVzoISHRNWE-CL_21nTmx6NwZ0U0U4XtPHW8SR0TomLE7tS8tCMc3Rx21dQu8Ay6w\" alt=\"\"\/><\/figure>\n<\/div><\/div>\n\n\n\n<div class=\"wp-block-column is-layout-flow wp-block-column-is-layout-flow\"><div class=\"wp-block-image\">\n<figure class=\"aligncenter\"><img decoding=\"async\" src=\"https:\/\/lh3.googleusercontent.com\/AYb4E9Qoa6SLCs-Lt5sroZBQ0kzJkaIiePceklM6_mVMVGtls64Df04-s3i4Kl3_m4aCYvPaiCEXvp934emvRJ8zcShA0DZ8N_VnKxjeNQmUH78iY_lFk-A-t3yvRuw36s0ExidSjv_Sf4VOwYPon_g\" alt=\"\"\/><\/figure>\n<\/div><\/div>\n<\/div>\n\n<h2 class=\"wp-block-heading\"><span class=\"ez-toc-section\" id=\"3_Robert_Venosa_El_alquimista_de_las_formas\"><\/span>3. Robert Venosa: El alquimista de las formas<span class=\"ez-toc-section-end\"><\/span><\/h2>\n\n<p>\u00bfQui\u00e9n es Robert Venosa?\n\u00bfNaci\u00f3 en Nueva York y fue arrastrado al mundo de las bellas artes a finales de los 60?\nEsto ocurri\u00f3 despu\u00e9s de que experimentara con psicod\u00e9licos y descubriera la obra de algunos artistas fant\u00e1sticos como Ernst Fuchs y Mati Klarwein, con quienes finalmente tuvo la oportunidad de conocer y estudiar.  <\/p>\n\n<p>Lo que me parece fascinante es que estos dos artistas son adeptos de una t\u00e9cnica llamada Mischtechnik, desarrollada por los maestros flamencos del siglo XVII Hubert y Jan Van Eyck.\nEsta t\u00e9cnica combina la pintura al temple con veladuras al \u00f3leo.\nEs el m\u00e9todo perfecto para dar vida a los mundos cristalinos imaginados por Venosa.\nLa luz penetra a trav\u00e9s de las finas capas de \u00f3leo de la superficie, rebota en la preparaci\u00f3n de temple blanco que hay debajo y emerge, creando la ilusi\u00f3n de profundidad transparente que cautiva nuestra mirada.   <\/p>\n\n<p>Si creemos que la creaci\u00f3n art\u00edstica m\u00e1s apasionante es la que nos transporta a las realidades m\u00e1s lejanas de la imaginaci\u00f3n, entonces Robert Venosa debe ser reconocido absolutamente como uno de los grandes maestros de nuestro tiempo.\nSu enfoque \u00fanico del arte visionario es mucho m\u00e1s que una simple exploraci\u00f3n, es una inmersi\u00f3n verdaderamente cautivadora en los misteriosos reinos de la existencia.\nLas im\u00e1genes que crea nos envuelven en su poder m\u00e1gico, formando una verdadera mitolog\u00eda contempor\u00e1nea.  <\/p>\n\n<p>Espero que esta peque\u00f1a incursi\u00f3n en el mundo de Robert Venosa te haya presentado a un artista con talento e inspirador.<\/p>\n\n<div class=\"wp-block-columns is-layout-flex wp-container-core-columns-is-layout-9d6595d7 wp-block-columns-is-layout-flex\">\n<div class=\"wp-block-column is-layout-flow wp-block-column-is-layout-flow\"><div class=\"wp-block-image\">\n<figure class=\"aligncenter is-resized\"><img decoding=\"async\" src=\"https:\/\/lh3.googleusercontent.com\/JGECq4z_GFKJfVSCBWD2sgSMTpq_w5V-TQReSY8Naoke2WMXN0vteiGcz0Uh_sGQFLxqIsPP9ALU_naFJKjp2UjGiu1OF9otgqsKn9GUY6_EGO4rcPR_IeGd5dyykRK59Au5utAp_s6N6DSwf_JSLjs\" alt=\"\" width=\"255\" height=\"301\"\/><\/figure>\n<\/div><\/div>\n\n\n\n<div class=\"wp-block-column is-layout-flow wp-block-column-is-layout-flow\"><div class=\"wp-block-image\">\n<figure class=\"aligncenter is-resized\"><img loading=\"lazy\" decoding=\"async\" src=\"https:\/\/lh6.googleusercontent.com\/1R8NNgESncUYOMZ-kPck5hHQmzPLLLLkod-BpSJLrS0T5Rv90ZqYUUtg0xAzP52H9EZLgEmcHg-pMV5w_guyezuNHuCKp0l_S-XXU91GjGayxcTZsE9mRVflTEitjnTU7fWqp1YLVTBaTu08pv0VjbU\" alt=\"\" width=\"255\" height=\"372\"\/><\/figure>\n<\/div><\/div>\n\n\n\n<div class=\"wp-block-column is-layout-flow wp-block-column-is-layout-flow\"><div class=\"wp-block-image\">\n<figure class=\"aligncenter\"><img decoding=\"async\" src=\"https:\/\/lh4.googleusercontent.com\/0Fd9_kX0e8jQiWvdHkSJKn5XwFHUb2QbYPSez6ymq4sppdYYJcYJNkY5F3UJGgCqY7rmIGdOxytF_O2KnnGPR2Ny3TsieY43_aUXt9MaHWv1B5OhyvB1SE--TqiPGuOyhKp3H2c21mLgxTMvhQcSP1w\" alt=\"\"\/><\/figure>\n<\/div><\/div>\n<\/div>\n\n<h2 class=\"wp-block-heading\"><span class=\"ez-toc-section\" id=\"4_Mati_Klarwein_La_fusion_de_culturas\"><\/span>4. Mati Klarwein: La fusi\u00f3n de culturas<span class=\"ez-toc-section-end\"><\/span><\/h2>\n\n<p>\u00bfMati Klarwein?\nNaci\u00f3 en Hamburgo, Alemania, el 9 de abril de 1932.\nSu familia, de origen jud\u00edo, se traslad\u00f3 a la Palestina del Mandato Brit\u00e1nico en 1934.\nNunca lo adivinar\u00edas: en aquella \u00e9poca, se hac\u00eda llamar Abdul para sentirse m\u00e1s cercano a los palestinos.\nTras la creaci\u00f3n del Estado de Israel en 1948, se instalaron en Par\u00eds.    <\/p>\n\n<p>El joven Mati estudi\u00f3 con Fernand L\u00e9ger, tras asistir a la \u00c9cole des Beaux-Arts de Par\u00eds.\nEstaba verdaderamente decidido a perfeccionar su arte.\nM\u00e1s tarde, tuvo la oportunidad de viajar al sur de Francia, incluido Saint-Tropez, donde conoci\u00f3 al famoso Ernst Fuchs.\nImag\u00ednate todas las aventuras que vivi\u00f3 en los a\u00f1os 50 con Kitty Lillaz, viajando por todo el mundo: T\u00edbet, India, Bali, norte de \u00c1frica, Turqu\u00eda, Europa e incluso Am\u00e9rica.\n\u00a1Era un aut\u00e9ntico trotamundos!    <\/p>\n\n<p>En los a\u00f1os 60, Mati se traslad\u00f3 a Nueva York y tuvo la oportunidad de conocer a Jimi Hendrix y a muchos otros artistas de aquella generaci\u00f3n.\nImag\u00ednate todas las fascinantes discusiones a las que pudo asistir.\nPero, por desgracia, todas las buenas historias deben llegar a su fin.\nMati Klarwein falleci\u00f3 el 7 de marzo de 2002 en Dei\u00e0, en la isla espa\u00f1ola de Mallorca.   <\/p>\n\n<p>Te sorprender\u00eda lo incre\u00edble que es la obra de Mati Klarwein.\nSe inspir\u00f3 en el surrealismo y la cultura pop de los a\u00f1os 60 y 70.\nSu arte estaba lleno de simbolismo, orientalismo e influencias psicod\u00e9licas.\nIncluso colabor\u00f3 con muchos artistas de la escena musical de la \u00e9poca, creando algunas portadas de discos realmente originales y cautivadoras.   <\/p>\n\n<p>Es realmente impresionante ver c\u00f3mo Mati Klarwein dej\u00f3 huella en su \u00e9poca con su talento y su creatividad sin l\u00edmites.\nS\u00f3lo podemos rendirle homenaje por todo lo que aport\u00f3 al arte y a la m\u00fasica. <\/p>\n\n<div class=\"wp-block-columns is-layout-flex wp-container-core-columns-is-layout-9d6595d7 wp-block-columns-is-layout-flex\">\n<div class=\"wp-block-column is-layout-flow wp-block-column-is-layout-flow\"><div class=\"wp-block-image\">\n<figure class=\"aligncenter is-resized\"><img loading=\"lazy\" decoding=\"async\" src=\"https:\/\/lh3.googleusercontent.com\/u9VCpf58NscFeFoEYFBerNs33jROFg0jLvc03YkMYfxVPu5G1LD7hGB3jwdIQLM_7z0chemrH8JNcenRx27-XfKemWsC93hTGzrN7MneFKk3zVcAjLwIGtbRge0dGE3hCv8nug-8qGMDzCKL6mUaxdA\" alt=\"\" width=\"260\" height=\"260\"\/><\/figure>\n<\/div><\/div>\n\n\n\n<div class=\"wp-block-column is-layout-flow wp-block-column-is-layout-flow\"><div class=\"wp-block-image\">\n<figure class=\"aligncenter\"><img decoding=\"async\" src=\"https:\/\/lh4.googleusercontent.com\/3TavOy-HEP6r2VMLhiQTMrDiI_DFRZYfQVn1j4O9QOu9GU-cBdeLQkDVN2Yd47vzO_NIzSDafsYDqh6UyZJU2bU5pm9PHDKwlzvCRQW_5cKzBCLy1NopBo0hdj__8vA3OpKrBYkjdxdEaIiTDSZauzk\" alt=\"\"\/><\/figure>\n<\/div><\/div>\n\n\n\n<div class=\"wp-block-column is-layout-flow wp-block-column-is-layout-flow\"><div class=\"wp-block-image\">\n<figure class=\"aligncenter is-resized\"><img loading=\"lazy\" decoding=\"async\" src=\"https:\/\/lh3.googleusercontent.com\/tR15DGbzmqeqfe14YTNSt4RChq4ID_8hJU4ZHhaEe4Msiw6PdZslvEmRPBa6nnqr8ukQoTxM53AEkdpAqW6dkN15aL90OeZkZF9gw6Fbt6r2Ow5fjZWc1PE1i2eHcZPOKCZO-0Ue0018pCZRpD17aRg\" alt=\"\" width=\"253\" height=\"361\"\/><\/figure>\n<\/div><\/div>\n<\/div>\n\n<h2 class=\"wp-block-heading\"><span class=\"ez-toc-section\" id=\"5_Amanda_Sage_La_maga_de_los_colores\"><\/span>5. Amanda Sage: La maga de los colores<span class=\"ez-toc-section-end\"><\/span><\/h2>\n\n<p>Amanda Sage &#8216;es una artista verdaderamente visionaria.\nUtiliza su pintura como medio para desarrollarse espiritualmente y contribuir al crecimiento planetario.\nSus cuadros son incre\u00edbles, representan facetas multidimensionales de la humanidad en perfecto equilibrio.\nY el caso es que realmente tocan los sentidos de un modo profundo, sientes una conexi\u00f3n visceral.\nCuando las contemplas, est\u00e1s explorando reinos espirituales y accediendo a planos m\u00e1s profundos de tu ser, \u00a1es una locura!    <\/p>\n\n<p>El arte de Amanda Sage destaca por sus poderosas figuras y retratos, acompa\u00f1ados de en\u00e9rgicas oleadas de intenso color.\nCada cuadro es como una puerta que se abre a infinitas posibilidades de percepci\u00f3n y expresi\u00f3n.\nEs como si creara portales a otros mundos.  <\/p>\n\n<p>Amanda Sage est\u00e1 verdaderamente adelantada a su tiempo.\nForma parte de esta nueva generaci\u00f3n de artistas visionarios que utilizan el arte como medio para transformarse personalmente, espiritualmente e incluso a escala global.\nEs realmente inspiradora, \u00a1deber\u00edas verla en acci\u00f3n!  <\/p>\n\n<p>Es una adepta de la pintura en vivo, y ahora viaja por todo el mundo.\nDa charlas, organiza talleres y pinta en directo en sus exposiciones.\nEs asombroso ver c\u00f3mo da vida a su obra ante nuestros ojos.  <\/p>\n\n<p>\u00bfY sabes una cosa?\nAmanda Sage incluso desempe\u00f1\u00f3 un papel crucial en la creaci\u00f3n de la Academia de Arte Visionario de Viena.\nEs una instituci\u00f3n que abri\u00f3 sus puertas en 2013, promoviendo una forma de arte tan especial y \u00fanica.\nEs estupendo ver c\u00f3mo est\u00e1 ayudando a dar forma a este movimiento y a transmitir sus conocimientos.   <\/p>\n\n<p>Su viaje la ha llevado realmente a una mayor apreciaci\u00f3n y comprensi\u00f3n de nuestra responsabilidad hacia un dise\u00f1o consciente desde el punto de vista social y medioambiental.\nAbsorbe y observa la diversidad de la vida, y esto se refleja en su arte.\nEs realmente inspirador ver c\u00f3mo utiliza su creatividad para concienciar sobre estas importantes cuestiones.  <\/p>\n\n<p>Bueno, espero que esto te haya dado una visi\u00f3n m\u00e1s c\u00e1lida del mundo de Amanda Sage.\nSu obra es tan fascinante y est\u00e1 tan llena de significado, \u00a1que realmente hay que descubrirla! <\/p>\n\n<div class=\"wp-block-columns is-layout-flex wp-container-core-columns-is-layout-9d6595d7 wp-block-columns-is-layout-flex\">\n<div class=\"wp-block-column is-layout-flow wp-block-column-is-layout-flow\"><div class=\"wp-block-image\">\n<figure class=\"aligncenter is-resized\"><img loading=\"lazy\" decoding=\"async\" src=\"https:\/\/lh3.googleusercontent.com\/7KDm3Z8ny334iW9RAycDSQpL_zHzyDlWnFb21jdK8FHVKd5_Spwmuv8BEKJbXnuntXg-iAr5cUdqgRbb2QuunnYALhOUjC5SRuwmxF-sDUP70GwZmQpCEBaJgT0k8VOPjLBRmVLeeXxNbQaZLaxfDmk\" alt=\"\" width=\"257\" height=\"343\"\/><\/figure>\n<\/div><\/div>\n\n\n\n<div class=\"wp-block-column is-layout-flow wp-block-column-is-layout-flow\"><div class=\"wp-block-image\">\n<figure class=\"aligncenter is-resized\"><img loading=\"lazy\" decoding=\"async\" src=\"https:\/\/lh5.googleusercontent.com\/0eGInlDYahJtoymFMRQ0RRFounpMAWpqa-Ufc8Wwq4M3tHta6NmwGCvQGkAJTCW4kJPgDl_ggLIStrpSnAaAHYKQ_e48yP9qvx6JuB4D9K7cDJxLZN_xcaTLFjPhsD8hKhwJB2UHYaixO6WOyu0aIR4\" alt=\"\" width=\"256\" height=\"325\"\/><\/figure>\n<\/div><\/div>\n\n\n\n<div class=\"wp-block-column is-layout-flow wp-block-column-is-layout-flow\"><div class=\"wp-block-image\">\n<figure class=\"aligncenter is-resized\"><img loading=\"lazy\" decoding=\"async\" src=\"https:\/\/lh5.googleusercontent.com\/9KdyxN5PiHYYUH4nPKHabNtLtul4glRG0GbpqHedV-PsWHv45aRx_L00xPb8VKvI_WDCPhxA9fW6iOYcCuGZybN10Hmu40TofT_r6KcFwCen2wEOTd-rg0EghhhOuywES5OeJOgB4MtLvfgvndhVah0\" alt=\"\" width=\"254\" height=\"339\"\/><\/figure>\n<\/div><\/div>\n<\/div>\n\n<h2 class=\"wp-block-heading\"><span class=\"ez-toc-section\" id=\"6_Android_Jones_El_artista_digital_visionario\"><\/span>6. Android Jones: El artista digital visionario<span class=\"ez-toc-section-end\"><\/span><\/h2>\n\n<p>Andrew, apodado \u00abAndroide\u00bb Jones, es un artista digital de incre\u00edble talento que sigue mezclando psicodelia abstracta con realismo generado por ordenador.\nMientras estudiaba en la universidad, tuvo la oportunidad de hacer pr\u00e1cticas en Industrial Light &amp; Magic (ILM), ya sabes, esa instituci\u00f3n ultraprestigiosa en el mundo de los efectos especiales cinematogr\u00e1ficos.\nDespu\u00e9s trabaj\u00f3 en Nintendo como artista de personajes, lo que le permiti\u00f3 crear su propia empresa, Massive Black, y perfeccionar su visi\u00f3n art\u00edstica.  <\/p>\n\n<p>Gracias a su presencia viral en Internet, la obra de Androide se ha convertido en una parte esencial del movimiento art\u00edstico psicod\u00e9lico contempor\u00e1neo.\nEs un colaborador importante y consolidado del festival Burning Man, e incluso la familia real de Abu Dhabi se ha puesto en contacto con \u00e9l para proyectos art\u00edsticos.\nDesde los ocho a\u00f1os, ha trabajado incansablemente para perfeccionar su lenguaje visual, explorando los inmensos y m\u00edsticos paisajes art\u00edsticos que ha descubierto en sus viajes y exploraciones trascendentales.  <\/p>\n\n<p>Lo que hace que Android sea realmente especial es su uso de impresionantes paletas de colores, con fractales geom\u00e9tricos a lo Mandelbrot y un toque claramente asi\u00e1tico.\nDestaca entre muchos otros artistas de su campo.\n\u00bfY sabes qu\u00e9 m\u00e1s?\nLo que es igualmente impresionante es la nitidez y el hiperrealismo de sus creaciones.\nAunque sean simulacros electr\u00f3nicos, tienen una cierta autenticidad que recuerda a las animaciones de ultra alta definici\u00f3n de los grandes presupuestos.\nHa conseguido fusionar coherentemente arte y tecnolog\u00eda para crear obras magn\u00edficas, verdaderos tapices visuales.\nPara esta entrevista, hemos decidido centrarnos en los aspectos m\u00e1s llamativos de la obra de Androide, evitando los detalles superfluos.\nY antes de terminar, me gustar\u00eda expresar mi profunda gratitud a Martha Gilbert, miembro del equipo de Android, por haberme brindado esta maravillosa oportunidad.       <\/p>\n\n<div class=\"wp-block-columns is-layout-flex wp-container-core-columns-is-layout-9d6595d7 wp-block-columns-is-layout-flex\">\n<div class=\"wp-block-column is-layout-flow wp-block-column-is-layout-flow\"><div class=\"wp-block-image\">\n<figure class=\"aligncenter\"><img decoding=\"async\" src=\"https:\/\/lh3.googleusercontent.com\/F-UxG6WwRHWwmG27EouNIhVQCyfGopTCGdBBq_4v6XmvbKaJgrnDasmmd1BjNLci9sJhfU5mZDFrFvUCv9MOxL5lD7EUOiIZQjPCoYF-QheQClqU19rXj6x7kBN49XkbueBJZyvHeMsPsoEH9DsMXgU\" alt=\"\"\/><\/figure>\n<\/div><\/div>\n\n\n\n<div class=\"wp-block-column is-layout-flow wp-block-column-is-layout-flow\"><div class=\"wp-block-image\">\n<figure class=\"aligncenter is-resized\"><img loading=\"lazy\" decoding=\"async\" src=\"https:\/\/lh4.googleusercontent.com\/kPWf22eUpXjlTGYj4YrVoQ0EqixZac2LFh4XwppHvJxrOf4ZsxCUjv13PQbrwcZhOH0y9VodOsSHUdBUxllWQEnKkROnHQMsJrPNBmaGs6CEQjLUhiCsc5VYutFkwMmYMTwlsDg_BuamRPal3sFc55o\" alt=\"\" width=\"252\" height=\"315\"\/><\/figure>\n<\/div><\/div>\n\n\n\n<div class=\"wp-block-column is-layout-flow wp-block-column-is-layout-flow\"><div class=\"wp-block-image\">\n<figure class=\"aligncenter is-resized\"><img loading=\"lazy\" decoding=\"async\" src=\"https:\/\/lh4.googleusercontent.com\/vix0uiDA5CiXDlO2gb0cbYweSzdMxaYsqQMPKx9NhXyvmE_h7QYoCUl0IQFhfLZWmbyi9Lk_1n5lAo4LD6c-9D-Xf1KLJ6QkWTVgWl44I0-UhfyLLGVXBWY-oNKxB13vIZlam0ATvVnbKaQ7kwo76z8\" alt=\"\" width=\"260\" height=\"391\"\/><\/figure>\n<\/div><\/div>\n<\/div>\n\n<h2 class=\"wp-block-heading\"><span class=\"ez-toc-section\" id=\"7_Ernst_Fuchs_El_explorador_de_lo_fantastico\"><\/span>7. Ernst Fuchs: El explorador de lo fant\u00e1stico<span class=\"ez-toc-section-end\"><\/span><\/h2>\n\n<p>Ernst Fuchs, ya sabes, fue un artista austriaco fundador de la escuela vienesa del realismo fant\u00e1stico.\nNaci\u00f3 el 13 de febrero de 1930 en Viena y falleci\u00f3 el 9 de noviembre de 2015, todav\u00eda en su querida ciudad de Viena. <\/p>\n\n<p>Lo que hace verdaderamente especial a Ernst Fuchs es su estilo art\u00edstico \u00fanico, que invent\u00f3 y desarroll\u00f3 \u00e9l mismo.\nLo llam\u00f3 \u00abrealismo fant\u00e1stico\u00bb.\nEl nombre lo dice todo: es una mezcla art\u00edstica de pintura cl\u00e1sica y tendencias radicales y modernas.\nEs como un v\u00ednculo especial entre el surrealismo y otras influencias, un desaf\u00edo y una provocaci\u00f3n a la sociedad.\nSus cuadros son a menudo disonantes, un poco exc\u00e9ntricos, y nunca dejan de provocar reacciones y di\u00e1logo con los antiguos maestros.    <\/p>\n\n<p>Ernst Fuchs fue un artista incre\u00edblemente prol\u00edfico y din\u00e1mico.\nDej\u00f3 un inmenso legado creativo en diversos campos art\u00edsticos, desde la arquitectura hasta la m\u00fasica.\nIncre\u00edble, \u00bfverdad?\nY adivina, con s\u00f3lo 15 a\u00f1os ingres\u00f3 en la Academia de Bellas Artes de Viena, convirti\u00e9ndose en el estudiante m\u00e1s joven de la misma.\nEn la Academia conoci\u00f3 a sus futuros colegas y socios: Arica Brauer, Rudolf Hausner, Wolfgang Hutter y Anton Lehmden.\nJuntos, en 1948, crearon la Escuela de Realismo Fant\u00e1stico de Viena.\nEra una especie de h\u00edbrido entre el surrealismo y las tradiciones del Renacimiento alem\u00e1n, con un profundo subtexto.      <\/p>\n\n<p>Pero, \u00bfsabes qu\u00e9?\nLa fascinaci\u00f3n de Ernst Fuchs no se limitaba a la pintura.\nTambi\u00e9n cre\u00f3 objetos de arte decorativo y aplicado, as\u00ed como estructuras arquitect\u00f3nicas.\nEra realmente vers\u00e1til y creativo en todos los \u00e1mbitos.   <\/p>\n\n<p>Lo interesante de Ernst Fuchs es que su vida y su obra estuvieron llenas de contradicciones.\nEn sus obras, puedes encontrarte con Dios y el diablo, la muerte y el erotismo, bellos rostros pintados como iconos y personajes aterradores y repulsivos.\n\u00c9l mismo comparaba su proceso creativo con la comunicaci\u00f3n con los antiguos maestros.\nFue realmente un artista at\u00edpico y fascinante.   <\/p>\n\n<div class=\"wp-block-columns is-layout-flex wp-container-core-columns-is-layout-9d6595d7 wp-block-columns-is-layout-flex\">\n<div class=\"wp-block-column is-layout-flow wp-block-column-is-layout-flow\"><div class=\"wp-block-image\">\n<figure class=\"aligncenter\"><img decoding=\"async\" src=\"https:\/\/lh3.googleusercontent.com\/YZUiT6IkQ0QolDGKSRWd-_zFlOcstjZwST4PdhlzrxIsLC6rh_UIVUozd0Gebo6r_8tLh6D6tzOyc87WyxCim8D-92VwIJJdBjVuNoQxjZDO2X8Isp7GLtilY1De-gzQL_AxpzPbe9ukIrFNM9N9-AI\" alt=\"\"\/><\/figure>\n<\/div><\/div>\n\n\n\n<div class=\"wp-block-column is-layout-flow wp-block-column-is-layout-flow\"><div class=\"wp-block-image\">\n<figure class=\"aligncenter is-resized\"><img loading=\"lazy\" decoding=\"async\" src=\"https:\/\/lh5.googleusercontent.com\/mS2EnuLGxXiPJdhbC1_Pbit7gUpRC1T3A6k6dUSA8DBoic4eAkjZrOpNgZksYo-2tKhvcoDFAF5Lvu--eZWX9HkRxMxoq4Mj2z2ziVtFw7f58nF3Ls24aPgIoDJmw5Y-zfiNSRVxT2uaIFxsHlLMYxA\" alt=\"\" width=\"258\" height=\"396\"\/><\/figure>\n<\/div><\/div>\n\n\n\n<div class=\"wp-block-column is-layout-flow wp-block-column-is-layout-flow\"><div class=\"wp-block-image\">\n<figure class=\"aligncenter is-resized\"><img loading=\"lazy\" decoding=\"async\" src=\"https:\/\/lh6.googleusercontent.com\/CFQcGahxwQ3jXytOsittVkug6XPaXY74oV0Cp4lDTWwqpLCG0JOlE-zCW7Ad6WEN-gH6pjxgkEvJzQA8gJ5Chah60beh07tZhitymbn0nuvuefVtSmYyRpl1-drDFQjcdMhLyuL3hz1ecTOGdArSXLw\" alt=\"\" width=\"257\" height=\"514\"\/><\/figure>\n<\/div><\/div>\n<\/div>\n\n<h2 class=\"wp-block-heading\"><span class=\"ez-toc-section\" id=\"8_Laurence_Caruana_La_exploradora_de_dimensiones\"><\/span>8. Laurence Caruana: La exploradora de dimensiones<span class=\"ez-toc-section-end\"><\/span><\/h2>\n\n<p>D\u00e9jame que te hable de Laurence Caruana, este incre\u00edble artista.\nNaci\u00f3 en 1962 en Toronto, Canad\u00e1, y tiene ra\u00edces maltesas -bastante guay, \u00bfverdad?\nAs\u00ed que hizo lo suyo y se licenci\u00f3 en Filosof\u00eda por la Universidad de Toronto.\n\u00bfPero sabes lo que realmente encendi\u00f3 su pasi\u00f3n?\nLa pintura.\nFue hasta la Academia de Bellas Artes de Viena para estudiar el arte del pincel.\nEso s\u00ed que es determinaci\u00f3n.      <\/p>\n\n<p>Ahora es cuando se pone realmente interesante.\nEn el a\u00f1o 2000, consigui\u00f3 una oportunidad incre\u00edble.\nSe convirti\u00f3 en aprendiz directo nada menos que del mism\u00edsimo Ernst Fuchs.\n\u00bfTe lo puedes creer?\nTrabajando como ayudante de Fuchs en M\u00f3naco y Castillon, benefici\u00e1ndose de esta experiencia de primera mano con un maestro del arte.\n\u00a1Es el sue\u00f1o de un artista hecho realidad!     <\/p>\n\n<p>Hablemos ahora de sus viajes por el mundo.\nHa vivido en muchos lugares distintos, como Toronto, Malta, Viena, M\u00fanich, M\u00f3naco y Par\u00eds.\nPero eso no es todo.\nDurante todas estas andanzas, hizo algo realmente genial.\nGrab\u00f3 activamente sus sue\u00f1os y dej\u00f3 volar su imaginaci\u00f3n con la mitolog\u00eda.\nImag\u00ednate lo genial que ser\u00eda ver tus sue\u00f1os cobrar vida en un lienzo.     <\/p>\n\n<p>Sus cuadros son como un tapiz tejido con recuerdos, sue\u00f1os e incluso sus experiencias con sustancias psicod\u00e9licas.\nLe gusta mezclar distintos s\u00edmbolos y estilos culturales, creando un magn\u00edfico mosaico de inspiraci\u00f3n.\nY hablando de inspiraci\u00f3n, ha viajado por todo el mundo para alimentar su alma art\u00edstica.\nDesde las tradiciones espirituales del cristianismo g\u00f3tico y renacentista en Europa Occidental, al cristianismo bizantino en Europa Oriental, las maravillas del antiguo Egipto, el hinduismo en la India, el budismo en Nepal y el T\u00edbet, y las culturas maya y azteca de M\u00e9xico, Guatemala y Honduras.\nTodo un viaje, \u00bfno crees?    <\/p>\n\n<p>Tras siete a\u00f1os dirigiendo con \u00e9xito el seminario de t\u00e9cnicas mixtas \u00abVisiones Expandidas\u00bb en la aldea ecol\u00f3gica Torri Superiore de Italia, la pareja se traslad\u00f3 al distrito Josefstadt de Viena en 2013 para cofundar la Academia de Arte Visionario de Viena.\nLa academia se encuentra junto al Palacio Hofburg, en el Palacio Palffy.\nEn 2016, la academia se traslad\u00f3 al edificio Otto Wagner de la D\u00f6blergasse 2, en el barrio alternativo de Neubau, y se ampli\u00f3 en tres plantas para incluir el espacio cultural VAVA y el taller VAVA.\nComo directora de la academia, Laurence Caruana comparti\u00f3 tareas administrativas con Florence M\u00e9nard, al tiempo que impart\u00eda clases y conferencias con conocidas figuras del mundo del arte visionario.   <\/p>\n\n<div class=\"wp-block-columns is-layout-flex wp-container-core-columns-is-layout-9d6595d7 wp-block-columns-is-layout-flex\">\n<div class=\"wp-block-column is-layout-flow wp-block-column-is-layout-flow\"><div class=\"wp-block-image\">\n<figure class=\"aligncenter is-resized\"><img loading=\"lazy\" decoding=\"async\" src=\"https:\/\/lh6.googleusercontent.com\/mgBx9AIG-YVa8CWt9jK-lrokOPuHNSRh12V_uGUx81L8FDJRgQp1vtXsqBcIaoM7B58P8SUgXEOZsorX3Ah2qlBlVrwf2VH3abTGCKDqKDsbFCCSM9ispT0r9nucjoDt1kXYPgPukiXyUHJQK5SVkjY\" alt=\"\" width=\"257\" height=\"428\"\/><\/figure>\n<\/div><\/div>\n\n\n\n<div class=\"wp-block-column is-layout-flow wp-block-column-is-layout-flow\"><div class=\"wp-block-image\">\n<figure class=\"aligncenter is-resized\"><img loading=\"lazy\" decoding=\"async\" src=\"https:\/\/lh4.googleusercontent.com\/9uRhZw9hHmgmErM717vJQOfY27gGiHgG9CRxSuQcs6SAHTJAn_KOqgUiWezNRUxAIiX2E-uTeSqH4gVyF6mRjq0vM5IqJ3q_MuETtx5Xrim3ceCvUzCJqDkwNlD0y8aHdfBGCsVEmlKDRs2v4XpOsbo\" alt=\"\" width=\"260\" height=\"260\"\/><\/figure>\n<\/div><\/div>\n\n\n\n<div class=\"wp-block-column is-layout-flow wp-block-column-is-layout-flow\"><div class=\"wp-block-image\">\n<figure class=\"aligncenter is-resized\"><img loading=\"lazy\" decoding=\"async\" src=\"https:\/\/lh6.googleusercontent.com\/EEF-VlzsDsQ0lr9oSqwM8UI6wLTLJKKwRCHO8fpwpmkvrU4B54uR1Tu2Q1Gz43xt9Z9jLenTFhvBZyqHscau6FNUMr9Qhn7kZB-pjA0A7qBnp4NrjIlCgWuMi-9JPKG6Nm3ABHgxEhsNWzQmUQ0Ry2c\" alt=\"\" width=\"258\" height=\"321\"\/><\/figure>\n<\/div><\/div>\n<\/div>\n\n<h2 class=\"wp-block-heading\"><span class=\"ez-toc-section\" id=\"9_Wolfgang_Widmoser_Fotografo_de_la_Ilustracion\"><\/span>9. Wolfgang Widmoser: Fot\u00f3grafo de la Ilustraci\u00f3n<span class=\"ez-toc-section-end\"><\/span><\/h2>\n\n<p>Wolfgang Widmoser naci\u00f3 en M\u00fanich el 25 de febrero de 1954.\nHizo mucho senderismo en los Alpes, lo que le ense\u00f1\u00f3 las incre\u00edbles y a veces peligrosas condiciones de la vida.\nLe fascinaba tanto todo esto que pens\u00f3: \u00ab\u00a1Eh, el arte podr\u00eda ser una forma genial de explorar todo esto!\u00bb.\nDesde que era peque\u00f1o, siempre le hab\u00edan atra\u00eddo todo tipo de cosas art\u00edsticas: la pintura, la m\u00fasica, la arquitectura e incluso la filosof\u00eda, todo ello en un intento de comprender el significado del mundo.   <\/p>\n\n<p>Una vez terminados los estudios secundarios, se form\u00f3 con dos maestros: Ernst Fuchs y Salvador Dal\u00ed.\nQuer\u00eda aprender las antiguas t\u00e9cnicas de la pintura y todos los secretos para representar los sue\u00f1os de forma sutil.\nEn los a\u00f1os 70, con sus bodegones, cre\u00f3 un universo lleno de objetos conectados entre s\u00ed de forma supercompleja.\nEntonces empez\u00f3 a estudiar geometr\u00eda proyectiva.\nAh\u00ed es donde se vuelve loco, introdujo espejos curvos en sus cuadros para reflejar los objetos de una forma super sorprendente.\n\u00bfY qu\u00e9 te parece?\nIncluso propuso la existencia de un \u00abUniverso Elegante\u00bb.\nSuena bastante guay, \u00bfverdad?       <\/p>\n\n<p>Empez\u00f3 a pintar grandes lienzos con rostros arquet\u00edpicos, una especie de pante\u00f3n donde todos los elementos cobran vida para mezclar lo arcaico y lo futurista.<\/p>\n\n<p>En la d\u00e9cada de 1990, su amor por la arquitectura volvi\u00f3 con fuerza.\nInspirado por las estructuras tensas (Frei Otto) y la ingenier\u00eda de la luz (Buckminster Fuller), se dedic\u00f3 a crear formas escult\u00f3ricas y org\u00e1nicas, una fusi\u00f3n de paisaje y ciudad.\n\u00bfY sabes qu\u00e9?\nAlgunos de sus proyectos se han llevado a cabo en Indonesia y Europa.   <\/p>\n\n<p>El lema de Wolfgang es \u00abest\u00e9tica = \u00e9tica\u00bb.\nB\u00e1sicamente, esto significa que para \u00e9l el arte est\u00e1 estrechamente vinculado a la moralidad.\nQuiere crear lugares donde la gente pueda experimentar lo Bueno, lo Verdadero y lo Bello al mismo tiempo.\nEs una especie de visi\u00f3n global del arte, algo donde todo se une para crear una experiencia incre\u00edble.   <\/p>\n\n<div class=\"wp-block-columns is-layout-flex wp-container-core-columns-is-layout-9d6595d7 wp-block-columns-is-layout-flex\">\n<div class=\"wp-block-column is-layout-flow wp-block-column-is-layout-flow\"><div class=\"wp-block-image\">\n<figure class=\"aligncenter is-resized\"><img loading=\"lazy\" decoding=\"async\" src=\"https:\/\/lh3.googleusercontent.com\/GIxWcgws4govRwx1kyV9EMrAPdgg4wncO5HJlXvCfaEDUu__Y1uts1r6BrHl4bqyG8_uAYQaJzjIXmFikYoL2bvnmM5xVNcTA-579qUL98n4Tn4NN-z0X0IS7Y15ohbHdn6bExD-N0ER4TP2dDH-J_M\" alt=\"\" width=\"253\" height=\"252\"\/><\/figure>\n<\/div><\/div>\n\n\n\n<div class=\"wp-block-column is-layout-flow wp-block-column-is-layout-flow\"><div class=\"wp-block-image\">\n<figure class=\"aligncenter is-resized\"><img loading=\"lazy\" decoding=\"async\" src=\"https:\/\/lh3.googleusercontent.com\/a9M8WjBCw6K9WIlTiULj-DQONcNVBokk-BkVL3IQb_51rk5k-29_45RaQ-Tmoyn1XciyYKC2xctrqgSntV2qkmEkwtZGhnAq_LZ_pertnKnX0ozTEXNYsTc9a2P001UoFp9KAavTj4vS_eQDJF-Hjig\" alt=\"\" width=\"255\" height=\"255\"\/><\/figure>\n<\/div><\/div>\n\n\n\n<div class=\"wp-block-column is-layout-flow wp-block-column-is-layout-flow\"><div class=\"wp-block-image\">\n<figure class=\"aligncenter\"><img decoding=\"async\" src=\"https:\/\/lh4.googleusercontent.com\/RWszOIxvxk-y9rQqSBYySQ96Cvpg0q_MZER86O7Ml0q_Z_Xvv_lpK4lrLLfvUhsX75ILpj42TMNDP3EflbLlYOOR9hNdJzPbcy-1M0bHAX9rCPk4YnTbOuuIABKIh3Rg4f0D95H3GkRtwm06VmnAGhg\" alt=\"\"\/><\/figure>\n<\/div><\/div>\n<\/div>\n\n<h2 class=\"wp-block-heading\"><span class=\"ez-toc-section\" id=\"10_Wes_Wilson_El_artista_grafico_psicodelico_que_revoluciono_la_escena\"><\/span>10. Wes Wilson: El artista gr\u00e1fico psicod\u00e9lico que revolucion\u00f3 la escena<span class=\"ez-toc-section-end\"><\/span><\/h2>\n\n<p>Wes Wilson es un renombrado artista gr\u00e1fico cuyo estilo psicod\u00e9lico ha dejado huella en la historia del arte.\nNacido en la d\u00e9cada de 1930, creci\u00f3 con un gran inter\u00e9s por el arte y la expresi\u00f3n visual.\nSu pasi\u00f3n por el color y la forma le hicieron destacar r\u00e1pidamente.  <\/p>\n\n<p>Sin embargo, fue en la d\u00e9cada de 1960, en el coraz\u00f3n de la escena hippy de San Francisco, cuando Wes Wilson realmente explot\u00f3 art\u00edsticamente.\nDurante este periodo de ebullici\u00f3n creativa y contracultura, empez\u00f3 a dise\u00f1ar carteles para conciertos y eventos.\nSu talento \u00fanico y su estilo psicod\u00e9lico captaron la atenci\u00f3n al instante.  <\/p>\n\n<p>Los carteles de Wes Wilson eran mucho m\u00e1s que simples ayudas promocionales.\nEran aut\u00e9nticas obras de arte, que combinaban tipograf\u00eda compleja, motivos psicod\u00e9licos, colores brillantes e ilusiones \u00f3pticas.\nCada una de sus creaciones era una invitaci\u00f3n a un viaje visual, un billete a otro mundo donde reinaban la m\u00fasica, la libertad y la experimentaci\u00f3n.  <\/p>\n\n<p>En un tiempo r\u00e9cord, los carteles de Wes Wilson se convirtieron en un emblema de la escena psicod\u00e9lica de la \u00e9poca.\nSu estilo distintivo dio lugar a un verdadero movimiento art\u00edstico, que influy\u00f3 en generaciones de artistas posteriores.\nSu obra se ha expuesto incluso en renombradas galer\u00edas de arte de todo el mundo, lo que da fe del impacto que tuvo en el mundo del arte gr\u00e1fico.  <\/p>\n\n<p>Adem\u00e1s de sus carteles, Wes Wilson tambi\u00e9n ha dejado su huella en el campo de la tipograf\u00eda.\nCre\u00f3 un notable tipo de letra llamado \u00abTitling Gothic\u00bb, que se ha hecho muy popular y se utiliza ampliamente en la industria gr\u00e1fica. <\/p>\n\n<p>Hoy, a pesar del paso del tiempo, Wes Wilson sigue inspirando a artistas y amantes del arte de todo el mundo.\nSu legado art\u00edstico es un testimonio de la importancia de la expresi\u00f3n creativa y del deseo de superar los l\u00edmites del dise\u00f1o gr\u00e1fico. <\/p>\n\n<p>As\u00ed que la pr\u00f3xima vez que te topes con un p\u00f3ster psicod\u00e9lico o te dejes seducir por una tipograf\u00eda cautivadora, acu\u00e9rdate de Wes Wilson, el hombre que transform\u00f3 el arte gr\u00e1fico en una experiencia sensorial inolvidable.<\/p>\n\n<div class=\"wp-block-columns is-layout-flex wp-container-core-columns-is-layout-9d6595d7 wp-block-columns-is-layout-flex\">\n<div class=\"wp-block-column is-layout-flow wp-block-column-is-layout-flow\"><div class=\"wp-block-image\">\n<figure class=\"aligncenter is-resized\"><img loading=\"lazy\" decoding=\"async\" src=\"https:\/\/lh3.googleusercontent.com\/wafFNkOsRn1IVKJM3mhmpHvHwh7QN5yVBbCXp24hkZeuoTaJ_FcrtKVAvxMfvY1V9gFrLUzfCunoj8lN_JdNKol_ZiiIJ2IYrwW6UTgwktsHDylkmv46P9elVLhDiMvLIHQg3iYv99VGzbOvGMvOl_I\" alt=\"\" width=\"255\" height=\"407\"\/><\/figure>\n<\/div><\/div>\n\n\n\n<div class=\"wp-block-column is-layout-flow wp-block-column-is-layout-flow\"><div class=\"wp-block-image\">\n<figure class=\"aligncenter is-resized\"><img loading=\"lazy\" decoding=\"async\" src=\"https:\/\/lh6.googleusercontent.com\/dCOIwpBNRbcbXusHCA1FYU3ZchKUdOoqOlES1hXGJIedovL9ggCZYFSBWzZ4pAiZzeP5jY1UDR593smtIDVunKnrgMTaOTSTnO0qo6wyEUjWjRKVGeTVSZzNuIYts8UQgaZncx2HzG7rKXO1J7MSvuw\" alt=\"\" width=\"266\" height=\"408\"\/><\/figure>\n<\/div><\/div>\n\n\n\n<div class=\"wp-block-column is-layout-flow wp-block-column-is-layout-flow\"><div class=\"wp-block-image\">\n<figure class=\"aligncenter is-resized\"><img loading=\"lazy\" decoding=\"async\" src=\"https:\/\/lh3.googleusercontent.com\/owIH9IIFvZ1RwmW6DhEnH8ScUGrB6fcmIeWXW2erJ6STsEcByoOzr60OhXw5aF7XJTOJze1c9qn-aaTI6Y3I0GUGe87msJZN3rqqq1GZ0X-558fy9_tQjf_tvl4L-Y6vwNXjz0EoZ9xlyhuyAErU6bY\" alt=\"\" width=\"269\" height=\"410\"\/><\/figure>\n<\/div><\/div>\n<\/div>\n\n<hr class=\"wp-block-separator has-alpha-channel-opacity\"\/>\n\n<h2 class=\"wp-block-heading\"><span class=\"ez-toc-section\" id=\"PREGUNTAS_FRECUENTES\"><\/span>PREGUNTAS FRECUENTES<span class=\"ez-toc-section-end\"><\/span><\/h2>\n\n<p><strong>P: \u00bfCu\u00e1les son las caracter\u00edsticas de la pintura psicod\u00e9lica?  <\/strong><\/p>\n\n<p>R: La pintura psicod\u00e9lica se caracteriza por el uso de colores brillantes, formas abstractas, motivos repetitivos y detalles meticulosos.\nExplora las dimensiones de la conciencia, la experiencia psicod\u00e9lica y la percepci\u00f3n alterada. <\/p>\n\n<p><strong>P: \u00bfCu\u00e1les son las influencias de la pintura psicod\u00e9lica?  <\/strong><\/p>\n\n<p>R: La pintura psicod\u00e9lica toma sus influencias de movimientos art\u00edsticos como el surrealismo, el expresionismo abstracto y el arte visionario.\nTambi\u00e9n se inspira en experiencias psicod\u00e9licas inducidas por sustancias como el LSD. <\/p>\n\n<p><strong>P : \u00bfQu\u00e9 t\u00e9cnicas utilizan los pintores psicod\u00e9licos?  <\/strong><\/p>\n\n<p>R : Los pintores psicod\u00e9licos suelen utilizar t\u00e9cnicas que implican la superposici\u00f3n de colores, gradaciones, motivos repetitivos, detalles min\u00fasculos y formas abstractas.\nAlgunos tambi\u00e9n utilizan efectos \u00f3pticos para crear una sensaci\u00f3n de movimiento y expansi\u00f3n. <\/p>\n\n<p><strong>P: \u00bfC\u00f3mo ha evolucionado la pintura psicod\u00e9lica a lo largo del tiempo?  <\/strong><\/p>\n\n<p>R : La pintura psicod\u00e9lica ha evolucionado desde sus inicios en la d\u00e9cada de 1960.\nHa explorado nuevos medios, como el arte digital, sin dejar de ser fiel a sus principios fundamentales.\nLos artistas siguen experimentando con nuevas t\u00e9cnicas y ampliando los l\u00edmites de la expresi\u00f3n psicod\u00e9lica.  <\/p>\n\n<p><strong>P: \u00bfQu\u00e9 influencia tiene la m\u00fasica psicod\u00e9lica en la pintura psicod\u00e9lica?  <\/strong><\/p>\n\n<p>R : La m\u00fasica psicod\u00e9lica desempe\u00f1\u00f3 un papel esencial en la inspiraci\u00f3n de los pintores psicod\u00e9licos.\nLos motivos, ritmos y experiencias sensoriales inducidos por la m\u00fasica se trasladaron visualmente a sus obras, creando una simbiosis entre ambas formas de expresi\u00f3n. <\/p>\n\n\n<div class=\"kk-star-ratings kksr-auto kksr-align-center kksr-valign-bottom\"\n    data-payload='{&quot;align&quot;:&quot;center&quot;,&quot;id&quot;:&quot;13838&quot;,&quot;slug&quot;:&quot;default&quot;,&quot;valign&quot;:&quot;bottom&quot;,&quot;ignore&quot;:&quot;&quot;,&quot;reference&quot;:&quot;auto&quot;,&quot;class&quot;:&quot;&quot;,&quot;count&quot;:&quot;0&quot;,&quot;legendonly&quot;:&quot;&quot;,&quot;readonly&quot;:&quot;&quot;,&quot;score&quot;:&quot;0&quot;,&quot;starsonly&quot;:&quot;&quot;,&quot;best&quot;:&quot;5&quot;,&quot;gap&quot;:&quot;5&quot;,&quot;greet&quot;:&quot;Noter cet article&quot;,&quot;legend&quot;:&quot;0\\\/5 - (0 votos)&quot;,&quot;size&quot;:&quot;24&quot;,&quot;title&quot;:&quot;Los 10 mejores pintores psicod\u00e9licos&quot;,&quot;width&quot;:&quot;0&quot;,&quot;_legend&quot;:&quot;{score}\\\/{best} - ({count} {votes})&quot;,&quot;font_factor&quot;:&quot;1.25&quot;}'>\n            \n<div class=\"kksr-stars\">\n    \n<div class=\"kksr-stars-inactive\">\n            <div class=\"kksr-star\" data-star=\"1\" style=\"padding-right: 5px\">\n            \n\n<div class=\"kksr-icon\" style=\"width: 24px; height: 24px;\"><\/div>\n        <\/div>\n            <div class=\"kksr-star\" data-star=\"2\" style=\"padding-right: 5px\">\n            \n\n<div class=\"kksr-icon\" style=\"width: 24px; height: 24px;\"><\/div>\n        <\/div>\n            <div class=\"kksr-star\" data-star=\"3\" style=\"padding-right: 5px\">\n            \n\n<div class=\"kksr-icon\" style=\"width: 24px; height: 24px;\"><\/div>\n        <\/div>\n            <div class=\"kksr-star\" data-star=\"4\" style=\"padding-right: 5px\">\n            \n\n<div class=\"kksr-icon\" style=\"width: 24px; height: 24px;\"><\/div>\n        <\/div>\n            <div class=\"kksr-star\" data-star=\"5\" style=\"padding-right: 5px\">\n            \n\n<div class=\"kksr-icon\" style=\"width: 24px; height: 24px;\"><\/div>\n        <\/div>\n    <\/div>\n    \n<div class=\"kksr-stars-active\" style=\"width: 0px;\">\n            <div class=\"kksr-star\" style=\"padding-right: 5px\">\n            \n\n<div class=\"kksr-icon\" style=\"width: 24px; height: 24px;\"><\/div>\n        <\/div>\n            <div class=\"kksr-star\" style=\"padding-right: 5px\">\n            \n\n<div class=\"kksr-icon\" style=\"width: 24px; height: 24px;\"><\/div>\n        <\/div>\n            <div class=\"kksr-star\" style=\"padding-right: 5px\">\n            \n\n<div class=\"kksr-icon\" style=\"width: 24px; height: 24px;\"><\/div>\n        <\/div>\n            <div class=\"kksr-star\" style=\"padding-right: 5px\">\n            \n\n<div class=\"kksr-icon\" style=\"width: 24px; height: 24px;\"><\/div>\n        <\/div>\n            <div class=\"kksr-star\" style=\"padding-right: 5px\">\n            \n\n<div class=\"kksr-icon\" style=\"width: 24px; height: 24px;\"><\/div>\n        <\/div>\n    <\/div>\n<\/div>\n                \n\n<div class=\"kksr-legend\" style=\"font-size: 19.2px;\">\n            <span class=\"kksr-muted\">Noter cet article<\/span>\n    <\/div>\n    <\/div>\n","protected":false},"excerpt":{"rendered":"<p>1. Salvador Dal\u00ed: El Maestro del Surrealismo Todo el mundo conoce a Salvador Dal\u00ed. Nacido el 11 de mayo de 1904 en Figueres, Espa\u00f1a, fue un incre\u00edble artista espa\u00f1ol que estudi\u00f3 en Bellas Artes en Madrid. Gracias a Joan Mir\u00f3, conoci\u00f3 el movimiento surrealista liderado por Andr\u00e9 Breton, y r\u00e1pidamente se convirti\u00f3 en una figura [&hellip;]<\/p>\n","protected":false},"author":3,"featured_media":13841,"comment_status":"closed","ping_status":"closed","sticky":false,"template":"","format":"standard","meta":{"_acf_changed":false,"footnotes":""},"categories":[867],"tags":[911],"class_list":["post-13838","post","type-post","status-publish","format-standard","has-post-thumbnail","hentry","category-informacion","tag-psicodelicos"],"acf":[],"yoast_head":"<!-- This site is optimized with the Yoast SEO plugin v27.5 - https:\/\/yoast.com\/product\/yoast-seo-wordpress\/ -->\n<title>Los 10 mejores pintores psicod\u00e9licos | Techno Mag<\/title>\n<meta name=\"robots\" content=\"index, follow, max-snippet:-1, max-image-preview:large, max-video-preview:-1\" \/>\n<link rel=\"canonical\" href=\"https:\/\/www.technomag.fr\/es\/los-10-mejores-pintores-psicodelicos\/\" \/>\n<meta property=\"og:locale\" content=\"es_ES\" \/>\n<meta property=\"og:type\" content=\"article\" \/>\n<meta property=\"og:title\" content=\"Los 10 mejores pintores psicod\u00e9licos | Techno Mag\" \/>\n<meta property=\"og:description\" content=\"1. Salvador Dal\u00ed: El Maestro del Surrealismo Todo el mundo conoce a Salvador Dal\u00ed. Nacido el 11 de mayo de 1904 en Figueres, Espa\u00f1a, fue un incre\u00edble artista espa\u00f1ol que estudi\u00f3 en Bellas Artes en Madrid. Gracias a Joan Mir\u00f3, conoci\u00f3 el movimiento surrealista liderado por Andr\u00e9 Breton, y r\u00e1pidamente se convirti\u00f3 en una figura [&hellip;]\" \/>\n<meta property=\"og:url\" content=\"https:\/\/www.technomag.fr\/es\/los-10-mejores-pintores-psicodelicos\/\" \/>\n<meta property=\"og:site_name\" content=\"Techno Mag\" \/>\n<meta property=\"article:published_time\" content=\"2023-06-24T09:42:35+00:00\" \/>\n<meta property=\"article:modified_time\" content=\"2024-08-08T16:29:17+00:00\" \/>\n<meta property=\"og:image\" content=\"https:\/\/www.technomag.fr\/wp-content\/uploads\/2023\/06\/Les-10-Plus-Grand-Artistes-Peintres-Psychedeliques-1-1024x576.png\" \/>\n\t<meta property=\"og:image:width\" content=\"1024\" \/>\n\t<meta property=\"og:image:height\" content=\"576\" \/>\n\t<meta property=\"og:image:type\" content=\"image\/png\" \/>\n<meta name=\"author\" content=\"Eric\" \/>\n<meta name=\"twitter:card\" content=\"summary_large_image\" \/>\n<meta name=\"twitter:label1\" content=\"Escrito por\" \/>\n\t<meta name=\"twitter:data1\" content=\"Eric\" \/>\n\t<meta name=\"twitter:label2\" content=\"Tiempo de lectura\" \/>\n\t<meta name=\"twitter:data2\" content=\"18 minutos\" \/>\n<script type=\"application\/ld+json\" class=\"yoast-schema-graph\">{\"@context\":\"https:\\\/\\\/schema.org\",\"@graph\":[{\"@type\":\"Article\",\"@id\":\"https:\\\/\\\/www.technomag.fr\\\/es\\\/los-10-mejores-pintores-psicodelicos\\\/#article\",\"isPartOf\":{\"@id\":\"https:\\\/\\\/www.technomag.fr\\\/es\\\/los-10-mejores-pintores-psicodelicos\\\/\"},\"author\":{\"name\":\"Eric\",\"@id\":\"https:\\\/\\\/www.technomag.fr\\\/#\\\/schema\\\/person\\\/5184db1055c64729cb8595a8e9d23e9e\"},\"headline\":\"Los 10 mejores pintores psicod\u00e9licos\",\"datePublished\":\"2023-06-24T09:42:35+00:00\",\"dateModified\":\"2024-08-08T16:29:17+00:00\",\"mainEntityOfPage\":{\"@id\":\"https:\\\/\\\/www.technomag.fr\\\/es\\\/los-10-mejores-pintores-psicodelicos\\\/\"},\"wordCount\":3656,\"publisher\":{\"@id\":\"https:\\\/\\\/www.technomag.fr\\\/#organization\"},\"image\":{\"@id\":\"https:\\\/\\\/www.technomag.fr\\\/es\\\/los-10-mejores-pintores-psicodelicos\\\/#primaryimage\"},\"thumbnailUrl\":\"https:\\\/\\\/www.technomag.fr\\\/wp-content\\\/uploads\\\/2023\\\/06\\\/Les-10-Plus-Grand-Artistes-Peintres-Psychedeliques-1.png\",\"keywords\":[\"Psicod\u00e9licos\"],\"articleSection\":[\"Informaci\u00f3n\"],\"inLanguage\":\"es\"},{\"@type\":\"WebPage\",\"@id\":\"https:\\\/\\\/www.technomag.fr\\\/es\\\/los-10-mejores-pintores-psicodelicos\\\/\",\"url\":\"https:\\\/\\\/www.technomag.fr\\\/es\\\/los-10-mejores-pintores-psicodelicos\\\/\",\"name\":\"Los 10 mejores pintores psicod\u00e9licos | Techno Mag\",\"isPartOf\":{\"@id\":\"https:\\\/\\\/www.technomag.fr\\\/#website\"},\"primaryImageOfPage\":{\"@id\":\"https:\\\/\\\/www.technomag.fr\\\/es\\\/los-10-mejores-pintores-psicodelicos\\\/#primaryimage\"},\"image\":{\"@id\":\"https:\\\/\\\/www.technomag.fr\\\/es\\\/los-10-mejores-pintores-psicodelicos\\\/#primaryimage\"},\"thumbnailUrl\":\"https:\\\/\\\/www.technomag.fr\\\/wp-content\\\/uploads\\\/2023\\\/06\\\/Les-10-Plus-Grand-Artistes-Peintres-Psychedeliques-1.png\",\"datePublished\":\"2023-06-24T09:42:35+00:00\",\"dateModified\":\"2024-08-08T16:29:17+00:00\",\"breadcrumb\":{\"@id\":\"https:\\\/\\\/www.technomag.fr\\\/es\\\/los-10-mejores-pintores-psicodelicos\\\/#breadcrumb\"},\"inLanguage\":\"es\",\"potentialAction\":[{\"@type\":\"ReadAction\",\"target\":[\"https:\\\/\\\/www.technomag.fr\\\/es\\\/los-10-mejores-pintores-psicodelicos\\\/\"]}]},{\"@type\":\"ImageObject\",\"inLanguage\":\"es\",\"@id\":\"https:\\\/\\\/www.technomag.fr\\\/es\\\/los-10-mejores-pintores-psicodelicos\\\/#primaryimage\",\"url\":\"https:\\\/\\\/www.technomag.fr\\\/wp-content\\\/uploads\\\/2023\\\/06\\\/Les-10-Plus-Grand-Artistes-Peintres-Psychedeliques-1.png\",\"contentUrl\":\"https:\\\/\\\/www.technomag.fr\\\/wp-content\\\/uploads\\\/2023\\\/06\\\/Les-10-Plus-Grand-Artistes-Peintres-Psychedeliques-1.png\",\"width\":1920,\"height\":1080},{\"@type\":\"BreadcrumbList\",\"@id\":\"https:\\\/\\\/www.technomag.fr\\\/es\\\/los-10-mejores-pintores-psicodelicos\\\/#breadcrumb\",\"itemListElement\":[{\"@type\":\"ListItem\",\"position\":1,\"name\":\"Accueil\",\"item\":\"https:\\\/\\\/www.technomag.fr\\\/es\\\/revista-techno\\\/\"},{\"@type\":\"ListItem\",\"position\":2,\"name\":\"Los 10 mejores pintores psicod\u00e9licos\"}]},{\"@type\":\"WebSite\",\"@id\":\"https:\\\/\\\/www.technomag.fr\\\/#website\",\"url\":\"https:\\\/\\\/www.technomag.fr\\\/\",\"name\":\"Techno Mag\",\"description\":\"Le magazine underground de r\u00e9f\u00e9rence pour la techno\",\"publisher\":{\"@id\":\"https:\\\/\\\/www.technomag.fr\\\/#organization\"},\"potentialAction\":[{\"@type\":\"SearchAction\",\"target\":{\"@type\":\"EntryPoint\",\"urlTemplate\":\"https:\\\/\\\/www.technomag.fr\\\/?s={search_term_string}\"},\"query-input\":{\"@type\":\"PropertyValueSpecification\",\"valueRequired\":true,\"valueName\":\"search_term_string\"}}],\"inLanguage\":\"es\"},{\"@type\":\"Organization\",\"@id\":\"https:\\\/\\\/www.technomag.fr\\\/#organization\",\"name\":\"Techno Mag\",\"url\":\"https:\\\/\\\/www.technomag.fr\\\/\",\"logo\":{\"@type\":\"ImageObject\",\"inLanguage\":\"es\",\"@id\":\"https:\\\/\\\/www.technomag.fr\\\/#\\\/schema\\\/logo\\\/image\\\/\",\"url\":\"https:\\\/\\\/www.technomag.fr\\\/wp-content\\\/uploads\\\/2023\\\/04\\\/TECHNO-e1681225415918.png\",\"contentUrl\":\"https:\\\/\\\/www.technomag.fr\\\/wp-content\\\/uploads\\\/2023\\\/04\\\/TECHNO-e1681225415918.png\",\"width\":500,\"height\":113,\"caption\":\"Techno Mag\"},\"image\":{\"@id\":\"https:\\\/\\\/www.technomag.fr\\\/#\\\/schema\\\/logo\\\/image\\\/\"}},{\"@type\":\"Person\",\"@id\":\"https:\\\/\\\/www.technomag.fr\\\/#\\\/schema\\\/person\\\/5184db1055c64729cb8595a8e9d23e9e\",\"name\":\"Eric\",\"image\":{\"@type\":\"ImageObject\",\"inLanguage\":\"es\",\"@id\":\"https:\\\/\\\/www.technomag.fr\\\/wp-content\\\/uploads\\\/2023\\\/12\\\/eric-96x96.jpg\",\"url\":\"https:\\\/\\\/www.technomag.fr\\\/wp-content\\\/uploads\\\/2023\\\/12\\\/eric-96x96.jpg\",\"contentUrl\":\"https:\\\/\\\/www.technomag.fr\\\/wp-content\\\/uploads\\\/2023\\\/12\\\/eric-96x96.jpg\",\"caption\":\"Eric\"},\"description\":\"Eric, le capitaine du navire TechnoMag, est d\u00e9veloppeur web, consultant SEO, r\u00e9dacteur de metier, et surtout fanatique de musique ! Depuis l'enfance, il est attir\u00e9 par les basses et les kicks, passant des heures \u00e0 \u00e9couter et jouer sur machines pour le plaisir, avec son fr\u00e8re et ses amis, depuis plus de dix ans. Globe-trotteur, il a explor\u00e9 des free parties sauvages et ill\u00e9gales jusqu\u2019aux plus grands festivals internationaux. Dans son pass\u00e9, il a aussi \u00e9t\u00e9 VJ et impliqu\u00e9 dans l'organisation de soir\u00e9es pas toujours vraiment autoris\u00e9es. Aujourd'hui, il aime capturer l'\u00e9nergie des \u00e9v\u00e9nements pour la retranscrire aux autres, que ce soit derri\u00e8re l'appareil photo, la cam\u00e9ra, ou en r\u00e9digeant un article. Avec quelques missions b\u00e9n\u00e9voles \u00e0 son actif et une association toute neuve, il r\u00eave d'un lieu autonome o\u00f9 chacun pourrait balancer son set sans craindre de perdre son matos.\",\"sameAs\":[\"https:\\\/\\\/www.instagram.com\\\/technomag.fr\\\/\",\"https:\\\/\\\/www.linkedin.com\\\/in\\\/boulangereric\\\/\"],\"url\":\"https:\\\/\\\/www.technomag.fr\\\/es\\\/redacteur\\\/eric-2\\\/\"}]}<\/script>\n<!-- \/ Yoast SEO plugin. -->","yoast_head_json":{"title":"Los 10 mejores pintores psicod\u00e9licos | Techno Mag","robots":{"index":"index","follow":"follow","max-snippet":"max-snippet:-1","max-image-preview":"max-image-preview:large","max-video-preview":"max-video-preview:-1"},"canonical":"https:\/\/www.technomag.fr\/es\/los-10-mejores-pintores-psicodelicos\/","og_locale":"es_ES","og_type":"article","og_title":"Los 10 mejores pintores psicod\u00e9licos | Techno Mag","og_description":"1. Salvador Dal\u00ed: El Maestro del Surrealismo Todo el mundo conoce a Salvador Dal\u00ed. Nacido el 11 de mayo de 1904 en Figueres, Espa\u00f1a, fue un incre\u00edble artista espa\u00f1ol que estudi\u00f3 en Bellas Artes en Madrid. Gracias a Joan Mir\u00f3, conoci\u00f3 el movimiento surrealista liderado por Andr\u00e9 Breton, y r\u00e1pidamente se convirti\u00f3 en una figura [&hellip;]","og_url":"https:\/\/www.technomag.fr\/es\/los-10-mejores-pintores-psicodelicos\/","og_site_name":"Techno Mag","article_published_time":"2023-06-24T09:42:35+00:00","article_modified_time":"2024-08-08T16:29:17+00:00","og_image":[{"width":1024,"height":576,"url":"https:\/\/www.technomag.fr\/wp-content\/uploads\/2023\/06\/Les-10-Plus-Grand-Artistes-Peintres-Psychedeliques-1-1024x576.png","type":"image\/png"}],"author":"Eric","twitter_card":"summary_large_image","twitter_misc":{"Escrito por":"Eric","Tiempo de lectura":"18 minutos"},"schema":{"@context":"https:\/\/schema.org","@graph":[{"@type":"Article","@id":"https:\/\/www.technomag.fr\/es\/los-10-mejores-pintores-psicodelicos\/#article","isPartOf":{"@id":"https:\/\/www.technomag.fr\/es\/los-10-mejores-pintores-psicodelicos\/"},"author":{"name":"Eric","@id":"https:\/\/www.technomag.fr\/#\/schema\/person\/5184db1055c64729cb8595a8e9d23e9e"},"headline":"Los 10 mejores pintores psicod\u00e9licos","datePublished":"2023-06-24T09:42:35+00:00","dateModified":"2024-08-08T16:29:17+00:00","mainEntityOfPage":{"@id":"https:\/\/www.technomag.fr\/es\/los-10-mejores-pintores-psicodelicos\/"},"wordCount":3656,"publisher":{"@id":"https:\/\/www.technomag.fr\/#organization"},"image":{"@id":"https:\/\/www.technomag.fr\/es\/los-10-mejores-pintores-psicodelicos\/#primaryimage"},"thumbnailUrl":"https:\/\/www.technomag.fr\/wp-content\/uploads\/2023\/06\/Les-10-Plus-Grand-Artistes-Peintres-Psychedeliques-1.png","keywords":["Psicod\u00e9licos"],"articleSection":["Informaci\u00f3n"],"inLanguage":"es"},{"@type":"WebPage","@id":"https:\/\/www.technomag.fr\/es\/los-10-mejores-pintores-psicodelicos\/","url":"https:\/\/www.technomag.fr\/es\/los-10-mejores-pintores-psicodelicos\/","name":"Los 10 mejores pintores psicod\u00e9licos | Techno Mag","isPartOf":{"@id":"https:\/\/www.technomag.fr\/#website"},"primaryImageOfPage":{"@id":"https:\/\/www.technomag.fr\/es\/los-10-mejores-pintores-psicodelicos\/#primaryimage"},"image":{"@id":"https:\/\/www.technomag.fr\/es\/los-10-mejores-pintores-psicodelicos\/#primaryimage"},"thumbnailUrl":"https:\/\/www.technomag.fr\/wp-content\/uploads\/2023\/06\/Les-10-Plus-Grand-Artistes-Peintres-Psychedeliques-1.png","datePublished":"2023-06-24T09:42:35+00:00","dateModified":"2024-08-08T16:29:17+00:00","breadcrumb":{"@id":"https:\/\/www.technomag.fr\/es\/los-10-mejores-pintores-psicodelicos\/#breadcrumb"},"inLanguage":"es","potentialAction":[{"@type":"ReadAction","target":["https:\/\/www.technomag.fr\/es\/los-10-mejores-pintores-psicodelicos\/"]}]},{"@type":"ImageObject","inLanguage":"es","@id":"https:\/\/www.technomag.fr\/es\/los-10-mejores-pintores-psicodelicos\/#primaryimage","url":"https:\/\/www.technomag.fr\/wp-content\/uploads\/2023\/06\/Les-10-Plus-Grand-Artistes-Peintres-Psychedeliques-1.png","contentUrl":"https:\/\/www.technomag.fr\/wp-content\/uploads\/2023\/06\/Les-10-Plus-Grand-Artistes-Peintres-Psychedeliques-1.png","width":1920,"height":1080},{"@type":"BreadcrumbList","@id":"https:\/\/www.technomag.fr\/es\/los-10-mejores-pintores-psicodelicos\/#breadcrumb","itemListElement":[{"@type":"ListItem","position":1,"name":"Accueil","item":"https:\/\/www.technomag.fr\/es\/revista-techno\/"},{"@type":"ListItem","position":2,"name":"Los 10 mejores pintores psicod\u00e9licos"}]},{"@type":"WebSite","@id":"https:\/\/www.technomag.fr\/#website","url":"https:\/\/www.technomag.fr\/","name":"Techno Mag","description":"Le magazine underground de r\u00e9f\u00e9rence pour la techno","publisher":{"@id":"https:\/\/www.technomag.fr\/#organization"},"potentialAction":[{"@type":"SearchAction","target":{"@type":"EntryPoint","urlTemplate":"https:\/\/www.technomag.fr\/?s={search_term_string}"},"query-input":{"@type":"PropertyValueSpecification","valueRequired":true,"valueName":"search_term_string"}}],"inLanguage":"es"},{"@type":"Organization","@id":"https:\/\/www.technomag.fr\/#organization","name":"Techno Mag","url":"https:\/\/www.technomag.fr\/","logo":{"@type":"ImageObject","inLanguage":"es","@id":"https:\/\/www.technomag.fr\/#\/schema\/logo\/image\/","url":"https:\/\/www.technomag.fr\/wp-content\/uploads\/2023\/04\/TECHNO-e1681225415918.png","contentUrl":"https:\/\/www.technomag.fr\/wp-content\/uploads\/2023\/04\/TECHNO-e1681225415918.png","width":500,"height":113,"caption":"Techno Mag"},"image":{"@id":"https:\/\/www.technomag.fr\/#\/schema\/logo\/image\/"}},{"@type":"Person","@id":"https:\/\/www.technomag.fr\/#\/schema\/person\/5184db1055c64729cb8595a8e9d23e9e","name":"Eric","image":{"@type":"ImageObject","inLanguage":"es","@id":"https:\/\/www.technomag.fr\/wp-content\/uploads\/2023\/12\/eric-96x96.jpg","url":"https:\/\/www.technomag.fr\/wp-content\/uploads\/2023\/12\/eric-96x96.jpg","contentUrl":"https:\/\/www.technomag.fr\/wp-content\/uploads\/2023\/12\/eric-96x96.jpg","caption":"Eric"},"description":"Eric, le capitaine du navire TechnoMag, est d\u00e9veloppeur web, consultant SEO, r\u00e9dacteur de metier, et surtout fanatique de musique ! Depuis l'enfance, il est attir\u00e9 par les basses et les kicks, passant des heures \u00e0 \u00e9couter et jouer sur machines pour le plaisir, avec son fr\u00e8re et ses amis, depuis plus de dix ans. Globe-trotteur, il a explor\u00e9 des free parties sauvages et ill\u00e9gales jusqu\u2019aux plus grands festivals internationaux. Dans son pass\u00e9, il a aussi \u00e9t\u00e9 VJ et impliqu\u00e9 dans l'organisation de soir\u00e9es pas toujours vraiment autoris\u00e9es. Aujourd'hui, il aime capturer l'\u00e9nergie des \u00e9v\u00e9nements pour la retranscrire aux autres, que ce soit derri\u00e8re l'appareil photo, la cam\u00e9ra, ou en r\u00e9digeant un article. Avec quelques missions b\u00e9n\u00e9voles \u00e0 son actif et une association toute neuve, il r\u00eave d'un lieu autonome o\u00f9 chacun pourrait balancer son set sans craindre de perdre son matos.","sameAs":["https:\/\/www.instagram.com\/technomag.fr\/","https:\/\/www.linkedin.com\/in\/boulangereric\/"],"url":"https:\/\/www.technomag.fr\/es\/redacteur\/eric-2\/"}]}},"_links":{"self":[{"href":"https:\/\/www.technomag.fr\/es\/wp-json\/wp\/v2\/posts\/13838","targetHints":{"allow":["GET"]}}],"collection":[{"href":"https:\/\/www.technomag.fr\/es\/wp-json\/wp\/v2\/posts"}],"about":[{"href":"https:\/\/www.technomag.fr\/es\/wp-json\/wp\/v2\/types\/post"}],"author":[{"embeddable":true,"href":"https:\/\/www.technomag.fr\/es\/wp-json\/wp\/v2\/users\/3"}],"replies":[{"embeddable":true,"href":"https:\/\/www.technomag.fr\/es\/wp-json\/wp\/v2\/comments?post=13838"}],"version-history":[{"count":1,"href":"https:\/\/www.technomag.fr\/es\/wp-json\/wp\/v2\/posts\/13838\/revisions"}],"predecessor-version":[{"id":13843,"href":"https:\/\/www.technomag.fr\/es\/wp-json\/wp\/v2\/posts\/13838\/revisions\/13843"}],"wp:featuredmedia":[{"embeddable":true,"href":"https:\/\/www.technomag.fr\/es\/wp-json\/wp\/v2\/media\/13841"}],"wp:attachment":[{"href":"https:\/\/www.technomag.fr\/es\/wp-json\/wp\/v2\/media?parent=13838"}],"wp:term":[{"taxonomy":"category","embeddable":true,"href":"https:\/\/www.technomag.fr\/es\/wp-json\/wp\/v2\/categories?post=13838"},{"taxonomy":"post_tag","embeddable":true,"href":"https:\/\/www.technomag.fr\/es\/wp-json\/wp\/v2\/tags?post=13838"}],"curies":[{"name":"wp","href":"https:\/\/api.w.org\/{rel}","templated":true}]}}