
{"id":13792,"date":"2023-04-28T08:00:00","date_gmt":"2023-04-28T07:00:00","guid":{"rendered":"https:\/\/www.technomag.fr\/a-que-edad-se-puede-participar-en-un-festival-de-musica-en-francia\/"},"modified":"2024-08-08T13:37:17","modified_gmt":"2024-08-08T12:37:17","slug":"a-que-edad-se-puede-participar-en-un-festival-de-musica-en-francia","status":"publish","type":"post","link":"https:\/\/www.technomag.fr\/es\/a-que-edad-se-puede-participar-en-un-festival-de-musica-en-francia\/","title":{"rendered":"\u00bfA qu\u00e9 edad se puede participar en un festival de m\u00fasica en Francia?"},"content":{"rendered":"\n<p>\u00bfEst\u00e1s deseando ir a tu primer festival de m\u00fasica en Francia, pero te preguntas qu\u00e9 edad tienes que tener para entrar?\nNo te preocupes, estamos aqu\u00ed para responder a todas tus preguntas sobre la edad m\u00ednima necesaria para participar en un festival de m\u00fasica en Francia. <\/p>\n\n<div id=\"ez-toc-container\" class=\"ez-toc-v2_0_82_2 ez-toc-wrap-center counter-hierarchy ez-toc-counter ez-toc-custom ez-toc-container-direction\">\n<div class=\"ez-toc-title-container\">\n<p class=\"ez-toc-title\" style=\"cursor:inherit\">Sommaire<\/p>\n<span class=\"ez-toc-title-toggle\"><a href=\"#\" class=\"ez-toc-pull-right ez-toc-btn ez-toc-btn-xs ez-toc-btn-default ez-toc-toggle\" aria-label=\"Alternar tabla de contenidos\"><span class=\"ez-toc-js-icon-con\"><span class=\"\"><span class=\"eztoc-hide\" style=\"display:none;\">Toggle<\/span><span class=\"ez-toc-icon-toggle-span\"><svg style=\"fill: #ffffff;color:#ffffff\" xmlns=\"http:\/\/www.w3.org\/2000\/svg\" class=\"list-377408\" width=\"20px\" height=\"20px\" viewBox=\"0 0 24 24\" fill=\"none\"><path d=\"M6 6H4v2h2V6zm14 0H8v2h12V6zM4 11h2v2H4v-2zm16 0H8v2h12v-2zM4 16h2v2H4v-2zm16 0H8v2h12v-2z\" fill=\"currentColor\"><\/path><\/svg><svg style=\"fill: #ffffff;color:#ffffff\" class=\"arrow-unsorted-368013\" xmlns=\"http:\/\/www.w3.org\/2000\/svg\" width=\"10px\" height=\"10px\" viewBox=\"0 0 24 24\" version=\"1.2\" baseProfile=\"tiny\"><path d=\"M18.2 9.3l-6.2-6.3-6.2 6.3c-.2.2-.3.4-.3.7s.1.5.3.7c.2.2.4.3.7.3h11c.3 0 .5-.1.7-.3.2-.2.3-.5.3-.7s-.1-.5-.3-.7zM5.8 14.7l6.2 6.3 6.2-6.3c.2-.2.3-.5.3-.7s-.1-.5-.3-.7c-.2-.2-.4-.3-.7-.3h-11c-.3 0-.5.1-.7.3-.2.2-.3.5-.3.7s.1.5.3.7z\"\/><\/svg><\/span><\/span><\/span><\/a><\/span><\/div>\n<nav><ul class='ez-toc-list ez-toc-list-level-1 ' ><ul class='ez-toc-list-level-2' ><li class='ez-toc-heading-level-2'><a class=\"ez-toc-link ez-toc-heading-1\" href=\"https:\/\/www.technomag.fr\/es\/a-que-edad-se-puede-participar-en-un-festival-de-musica-en-francia\/#Edad_minima_para_participar_en_un_festival_de_musica_en_Francia\" >Edad m\u00ednima para participar en un festival de m\u00fasica en Francia<\/a><\/li><\/ul><\/li><li class='ez-toc-page-1 ez-toc-heading-level-1'><a class=\"ez-toc-link ez-toc-heading-2\" href=\"https:\/\/www.technomag.fr\/es\/a-que-edad-se-puede-participar-en-un-festival-de-musica-en-francia\/#%C2%BFTodos_los_festivales_de_Francia_tienen_una_edad_minima\" >\u00bfTodos los festivales de Francia tienen una edad m\u00ednima?<\/a><ul class='ez-toc-list-level-2' ><li class='ez-toc-heading-level-2'><a class=\"ez-toc-link ez-toc-heading-3\" href=\"https:\/\/www.technomag.fr\/es\/a-que-edad-se-puede-participar-en-un-festival-de-musica-en-francia\/#Si_tengo_menos_de_16_anos_%C2%BFpuedo_entrar_en_un_festival_acompanado_de_un_adulto\" >Si tengo menos de 16 a\u00f1os, \u00bfpuedo entrar en un festival acompa\u00f1ado de un adulto?<\/a><\/li><li class='ez-toc-page-1 ez-toc-heading-level-2'><a class=\"ez-toc-link ez-toc-heading-4\" href=\"https:\/\/www.technomag.fr\/es\/a-que-edad-se-puede-participar-en-un-festival-de-musica-en-francia\/#Si_tengo_18_anos_%C2%BFpuedo_comprar_alcohol_en_un_festival\" >Si tengo 18 a\u00f1os, \u00bfpuedo comprar alcohol en un festival?<\/a><\/li><\/ul><\/li><\/ul><\/nav><\/div>\n<h2 class=\"wp-block-heading\"><span class=\"ez-toc-section\" id=\"Edad_minima_para_participar_en_un_festival_de_musica_en_Francia\"><\/span><strong>Edad m\u00ednima para participar en un festival de m\u00fasica en Francia<\/strong><span class=\"ez-toc-section-end\"><\/span><\/h2>\n\n<p>En Francia, la ley estipula que la edad m\u00ednima para participar en un festival de m\u00fasica es de 16 a\u00f1os.\nSin embargo, esta norma puede variar en funci\u00f3n del organizador del festival y de las normas de seguridad vigentes. <\/p>\n\n<p>Algunos festivales pueden fijar la edad m\u00ednima en 18 a\u00f1os por motivos de seguridad o por restricciones de alcohol.\nPor lo tanto, es importante comprobar la edad m\u00ednima requerida en el sitio web del festival antes de comprar las entradas. <\/p>\n\n<h1 class=\"wp-block-heading\"><span class=\"ez-toc-section\" id=\"%C2%BFTodos_los_festivales_de_Francia_tienen_una_edad_minima\"><\/span>  \u00bfTodos los festivales de Francia tienen una edad m\u00ednima?<span class=\"ez-toc-section-end\"><\/span><\/h1>\n\n<p>No, no todos los festivales tienen una edad m\u00ednima.\nSin embargo, la mayor\u00eda de los festivales tienen una edad m\u00ednima de 16 a\u00f1os. <\/p>\n\n<h2 class=\"wp-block-heading\"><span class=\"ez-toc-section\" id=\"Si_tengo_menos_de_16_anos_%C2%BFpuedo_entrar_en_un_festival_acompanado_de_un_adulto\"><\/span>Si tengo menos de 16 a\u00f1os, \u00bfpuedo entrar en un festival acompa\u00f1ado de un adulto?<span class=\"ez-toc-section-end\"><\/span><\/h2>\n\n<p>Depende del organizador del festival.\nAlgunos festivales permiten la entrada a menores acompa\u00f1ados de un adulto, mientras que otros no.\nComprueba las normas del festival antes de reservar tus entradas.  <\/p>\n\n<h2 class=\"wp-block-heading\"><span class=\"ez-toc-section\" id=\"Si_tengo_18_anos_%C2%BFpuedo_comprar_alcohol_en_un_festival\"><\/span>Si tengo 18 a\u00f1os, \u00bfpuedo comprar alcohol en un festival?<span class=\"ez-toc-section-end\"><\/span><\/h2>\n\n<p>No, la edad legal para comprar alcohol en Francia es de 18 a\u00f1os.\nSi eres menor de 18 a\u00f1os, no podr\u00e1s comprar alcohol en el festival. <\/p>\n\n<h3 class=\"wp-block-heading\">\u00bfQu\u00e9 documentos de identificaci\u00f3n tengo que llevar para entrar en un festival?<\/h3>\n\n<p>Para entrar en un festival de m\u00fasica en Francia, necesitas un documento de identidad v\u00e1lido, como el carn\u00e9 de identidad o el pasaporte.<\/p>\n\n<p>Ahora que conoces la edad m\u00ednima para entrar en un festival de m\u00fasica en Francia, puedes comprar tus entradas con confianza.\nNo olvides comprobar las normas del festival antes de ir para evitar decepciones.\nEsperamos que este art\u00edculo te haya sido \u00fatil y que disfrutes de tu experiencia en un festival de m\u00fasica en Francia.  <\/p>\n\n\n<div class=\"kk-star-ratings kksr-auto kksr-align-center kksr-valign-bottom\"\n    data-payload='{&quot;align&quot;:&quot;center&quot;,&quot;id&quot;:&quot;13792&quot;,&quot;slug&quot;:&quot;default&quot;,&quot;valign&quot;:&quot;bottom&quot;,&quot;ignore&quot;:&quot;&quot;,&quot;reference&quot;:&quot;auto&quot;,&quot;class&quot;:&quot;&quot;,&quot;count&quot;:&quot;0&quot;,&quot;legendonly&quot;:&quot;&quot;,&quot;readonly&quot;:&quot;&quot;,&quot;score&quot;:&quot;0&quot;,&quot;starsonly&quot;:&quot;&quot;,&quot;best&quot;:&quot;5&quot;,&quot;gap&quot;:&quot;5&quot;,&quot;greet&quot;:&quot;Noter cet article&quot;,&quot;legend&quot;:&quot;0\\\/5 - (0 votos)&quot;,&quot;size&quot;:&quot;24&quot;,&quot;title&quot;:&quot;\u00bfA qu\u00e9 edad se puede participar en un festival de m\u00fasica en Francia?&quot;,&quot;width&quot;:&quot;0&quot;,&quot;_legend&quot;:&quot;{score}\\\/{best} - ({count} {votes})&quot;,&quot;font_factor&quot;:&quot;1.25&quot;}'>\n            \n<div class=\"kksr-stars\">\n    \n<div class=\"kksr-stars-inactive\">\n            <div class=\"kksr-star\" data-star=\"1\" style=\"padding-right: 5px\">\n            \n\n<div class=\"kksr-icon\" style=\"width: 24px; height: 24px;\"><\/div>\n        <\/div>\n            <div class=\"kksr-star\" data-star=\"2\" style=\"padding-right: 5px\">\n            \n\n<div class=\"kksr-icon\" style=\"width: 24px; height: 24px;\"><\/div>\n        <\/div>\n            <div class=\"kksr-star\" data-star=\"3\" style=\"padding-right: 5px\">\n            \n\n<div class=\"kksr-icon\" style=\"width: 24px; height: 24px;\"><\/div>\n        <\/div>\n            <div class=\"kksr-star\" data-star=\"4\" style=\"padding-right: 5px\">\n            \n\n<div class=\"kksr-icon\" style=\"width: 24px; height: 24px;\"><\/div>\n        <\/div>\n            <div class=\"kksr-star\" data-star=\"5\" style=\"padding-right: 5px\">\n            \n\n<div class=\"kksr-icon\" style=\"width: 24px; height: 24px;\"><\/div>\n        <\/div>\n    <\/div>\n    \n<div class=\"kksr-stars-active\" style=\"width: 0px;\">\n            <div class=\"kksr-star\" style=\"padding-right: 5px\">\n            \n\n<div class=\"kksr-icon\" style=\"width: 24px; height: 24px;\"><\/div>\n        <\/div>\n            <div class=\"kksr-star\" style=\"padding-right: 5px\">\n            \n\n<div class=\"kksr-icon\" style=\"width: 24px; height: 24px;\"><\/div>\n        <\/div>\n            <div class=\"kksr-star\" style=\"padding-right: 5px\">\n            \n\n<div class=\"kksr-icon\" style=\"width: 24px; height: 24px;\"><\/div>\n        <\/div>\n            <div class=\"kksr-star\" style=\"padding-right: 5px\">\n            \n\n<div class=\"kksr-icon\" style=\"width: 24px; height: 24px;\"><\/div>\n        <\/div>\n            <div class=\"kksr-star\" style=\"padding-right: 5px\">\n            \n\n<div class=\"kksr-icon\" style=\"width: 24px; height: 24px;\"><\/div>\n        <\/div>\n    <\/div>\n<\/div>\n                \n\n<div class=\"kksr-legend\" style=\"font-size: 19.2px;\">\n            <span class=\"kksr-muted\">Noter cet article<\/span>\n    <\/div>\n    <\/div>\n","protected":false},"excerpt":{"rendered":"<p>\u00bfEst\u00e1s deseando ir a tu primer festival de m\u00fasica en Francia, pero te preguntas qu\u00e9 edad tienes que tener para entrar? No te preocupes, estamos aqu\u00ed para responder a todas tus preguntas sobre la edad m\u00ednima necesaria para participar en un festival de m\u00fasica en Francia. Edad m\u00ednima para participar en un festival de m\u00fasica [&hellip;]<\/p>\n","protected":false},"author":3,"featured_media":13793,"comment_status":"open","ping_status":"open","sticky":false,"template":"","format":"standard","meta":{"_acf_changed":false,"footnotes":""},"categories":[857],"tags":[879],"class_list":["post-13792","post","type-post","status-publish","format-standard","has-post-thumbnail","hentry","category-festival-es","tag-festival-es"],"acf":[],"yoast_head":"<!-- This site is optimized with the Yoast SEO plugin v27.5 - https:\/\/yoast.com\/product\/yoast-seo-wordpress\/ -->\n<title>\u00bfA qu\u00e9 edad se puede participar en un festival de m\u00fasica en Francia? | Techno Mag<\/title>\n<meta name=\"robots\" content=\"index, follow, max-snippet:-1, max-image-preview:large, max-video-preview:-1\" \/>\n<link rel=\"canonical\" href=\"https:\/\/www.technomag.fr\/es\/a-que-edad-se-puede-participar-en-un-festival-de-musica-en-francia\/\" \/>\n<meta property=\"og:locale\" content=\"es_ES\" \/>\n<meta property=\"og:type\" content=\"article\" \/>\n<meta property=\"og:title\" content=\"\u00bfA qu\u00e9 edad se puede participar en un festival de m\u00fasica en Francia? | Techno Mag\" \/>\n<meta property=\"og:description\" content=\"\u00bfEst\u00e1s deseando ir a tu primer festival de m\u00fasica en Francia, pero te preguntas qu\u00e9 edad tienes que tener para entrar? No te preocupes, estamos aqu\u00ed para responder a todas tus preguntas sobre la edad m\u00ednima necesaria para participar en un festival de m\u00fasica en Francia. Edad m\u00ednima para participar en un festival de m\u00fasica [&hellip;]\" \/>\n<meta property=\"og:url\" content=\"https:\/\/www.technomag.fr\/es\/a-que-edad-se-puede-participar-en-un-festival-de-musica-en-francia\/\" \/>\n<meta property=\"og:site_name\" content=\"Techno Mag\" \/>\n<meta property=\"article:published_time\" content=\"2023-04-28T07:00:00+00:00\" \/>\n<meta property=\"article:modified_time\" content=\"2024-08-08T12:37:17+00:00\" \/>\n<meta property=\"og:image\" content=\"https:\/\/www.technomag.fr\/wp-content\/uploads\/2023\/04\/avel-chuklanov-9cx4-QowgLc-unsplash.jpg\" \/>\n\t<meta property=\"og:image:width\" content=\"2000\" \/>\n\t<meta property=\"og:image:height\" content=\"1333\" \/>\n\t<meta property=\"og:image:type\" content=\"image\/jpeg\" \/>\n<meta name=\"author\" content=\"Eric\" \/>\n<meta name=\"twitter:card\" content=\"summary_large_image\" \/>\n<meta name=\"twitter:label1\" content=\"Escrito por\" \/>\n\t<meta name=\"twitter:data1\" content=\"Eric\" \/>\n\t<meta name=\"twitter:label2\" content=\"Tiempo de lectura\" \/>\n\t<meta name=\"twitter:data2\" content=\"2 minutos\" \/>\n<script type=\"application\/ld+json\" class=\"yoast-schema-graph\">{\"@context\":\"https:\\\/\\\/schema.org\",\"@graph\":[{\"@type\":\"Article\",\"@id\":\"https:\\\/\\\/www.technomag.fr\\\/es\\\/a-que-edad-se-puede-participar-en-un-festival-de-musica-en-francia\\\/#article\",\"isPartOf\":{\"@id\":\"https:\\\/\\\/www.technomag.fr\\\/es\\\/a-que-edad-se-puede-participar-en-un-festival-de-musica-en-francia\\\/\"},\"author\":{\"name\":\"Eric\",\"@id\":\"https:\\\/\\\/www.technomag.fr\\\/#\\\/schema\\\/person\\\/5184db1055c64729cb8595a8e9d23e9e\"},\"headline\":\"\u00bfA qu\u00e9 edad se puede participar en un festival de m\u00fasica en Francia?\",\"datePublished\":\"2023-04-28T07:00:00+00:00\",\"dateModified\":\"2024-08-08T12:37:17+00:00\",\"mainEntityOfPage\":{\"@id\":\"https:\\\/\\\/www.technomag.fr\\\/es\\\/a-que-edad-se-puede-participar-en-un-festival-de-musica-en-francia\\\/\"},\"wordCount\":378,\"commentCount\":0,\"publisher\":{\"@id\":\"https:\\\/\\\/www.technomag.fr\\\/#organization\"},\"image\":{\"@id\":\"https:\\\/\\\/www.technomag.fr\\\/es\\\/a-que-edad-se-puede-participar-en-un-festival-de-musica-en-francia\\\/#primaryimage\"},\"thumbnailUrl\":\"https:\\\/\\\/www.technomag.fr\\\/wp-content\\\/uploads\\\/2023\\\/04\\\/avel-chuklanov-9cx4-QowgLc-unsplash.jpg\",\"keywords\":[\"Festival\"],\"articleSection\":[\"Festival\"],\"inLanguage\":\"es\"},{\"@type\":\"WebPage\",\"@id\":\"https:\\\/\\\/www.technomag.fr\\\/es\\\/a-que-edad-se-puede-participar-en-un-festival-de-musica-en-francia\\\/\",\"url\":\"https:\\\/\\\/www.technomag.fr\\\/es\\\/a-que-edad-se-puede-participar-en-un-festival-de-musica-en-francia\\\/\",\"name\":\"\u00bfA qu\u00e9 edad se puede participar en un festival de m\u00fasica en Francia? | Techno Mag\",\"isPartOf\":{\"@id\":\"https:\\\/\\\/www.technomag.fr\\\/#website\"},\"primaryImageOfPage\":{\"@id\":\"https:\\\/\\\/www.technomag.fr\\\/es\\\/a-que-edad-se-puede-participar-en-un-festival-de-musica-en-francia\\\/#primaryimage\"},\"image\":{\"@id\":\"https:\\\/\\\/www.technomag.fr\\\/es\\\/a-que-edad-se-puede-participar-en-un-festival-de-musica-en-francia\\\/#primaryimage\"},\"thumbnailUrl\":\"https:\\\/\\\/www.technomag.fr\\\/wp-content\\\/uploads\\\/2023\\\/04\\\/avel-chuklanov-9cx4-QowgLc-unsplash.jpg\",\"datePublished\":\"2023-04-28T07:00:00+00:00\",\"dateModified\":\"2024-08-08T12:37:17+00:00\",\"breadcrumb\":{\"@id\":\"https:\\\/\\\/www.technomag.fr\\\/es\\\/a-que-edad-se-puede-participar-en-un-festival-de-musica-en-francia\\\/#breadcrumb\"},\"inLanguage\":\"es\",\"potentialAction\":[{\"@type\":\"ReadAction\",\"target\":[\"https:\\\/\\\/www.technomag.fr\\\/es\\\/a-que-edad-se-puede-participar-en-un-festival-de-musica-en-francia\\\/\"]}]},{\"@type\":\"ImageObject\",\"inLanguage\":\"es\",\"@id\":\"https:\\\/\\\/www.technomag.fr\\\/es\\\/a-que-edad-se-puede-participar-en-un-festival-de-musica-en-francia\\\/#primaryimage\",\"url\":\"https:\\\/\\\/www.technomag.fr\\\/wp-content\\\/uploads\\\/2023\\\/04\\\/avel-chuklanov-9cx4-QowgLc-unsplash.jpg\",\"contentUrl\":\"https:\\\/\\\/www.technomag.fr\\\/wp-content\\\/uploads\\\/2023\\\/04\\\/avel-chuklanov-9cx4-QowgLc-unsplash.jpg\",\"width\":2000,\"height\":1333},{\"@type\":\"BreadcrumbList\",\"@id\":\"https:\\\/\\\/www.technomag.fr\\\/es\\\/a-que-edad-se-puede-participar-en-un-festival-de-musica-en-francia\\\/#breadcrumb\",\"itemListElement\":[{\"@type\":\"ListItem\",\"position\":1,\"name\":\"Accueil\",\"item\":\"https:\\\/\\\/www.technomag.fr\\\/es\\\/revista-techno\\\/\"},{\"@type\":\"ListItem\",\"position\":2,\"name\":\"\u00bfA qu\u00e9 edad se puede participar en un festival de m\u00fasica en Francia?\"}]},{\"@type\":\"WebSite\",\"@id\":\"https:\\\/\\\/www.technomag.fr\\\/#website\",\"url\":\"https:\\\/\\\/www.technomag.fr\\\/\",\"name\":\"Techno Mag\",\"description\":\"Le magazine underground de r\u00e9f\u00e9rence pour la techno\",\"publisher\":{\"@id\":\"https:\\\/\\\/www.technomag.fr\\\/#organization\"},\"potentialAction\":[{\"@type\":\"SearchAction\",\"target\":{\"@type\":\"EntryPoint\",\"urlTemplate\":\"https:\\\/\\\/www.technomag.fr\\\/?s={search_term_string}\"},\"query-input\":{\"@type\":\"PropertyValueSpecification\",\"valueRequired\":true,\"valueName\":\"search_term_string\"}}],\"inLanguage\":\"es\"},{\"@type\":\"Organization\",\"@id\":\"https:\\\/\\\/www.technomag.fr\\\/#organization\",\"name\":\"Techno Mag\",\"url\":\"https:\\\/\\\/www.technomag.fr\\\/\",\"logo\":{\"@type\":\"ImageObject\",\"inLanguage\":\"es\",\"@id\":\"https:\\\/\\\/www.technomag.fr\\\/#\\\/schema\\\/logo\\\/image\\\/\",\"url\":\"https:\\\/\\\/www.technomag.fr\\\/wp-content\\\/uploads\\\/2023\\\/04\\\/TECHNO-e1681225415918.png\",\"contentUrl\":\"https:\\\/\\\/www.technomag.fr\\\/wp-content\\\/uploads\\\/2023\\\/04\\\/TECHNO-e1681225415918.png\",\"width\":500,\"height\":113,\"caption\":\"Techno Mag\"},\"image\":{\"@id\":\"https:\\\/\\\/www.technomag.fr\\\/#\\\/schema\\\/logo\\\/image\\\/\"}},{\"@type\":\"Person\",\"@id\":\"https:\\\/\\\/www.technomag.fr\\\/#\\\/schema\\\/person\\\/5184db1055c64729cb8595a8e9d23e9e\",\"name\":\"Eric\",\"image\":{\"@type\":\"ImageObject\",\"inLanguage\":\"es\",\"@id\":\"https:\\\/\\\/www.technomag.fr\\\/wp-content\\\/uploads\\\/2023\\\/12\\\/eric-96x96.jpg\",\"url\":\"https:\\\/\\\/www.technomag.fr\\\/wp-content\\\/uploads\\\/2023\\\/12\\\/eric-96x96.jpg\",\"contentUrl\":\"https:\\\/\\\/www.technomag.fr\\\/wp-content\\\/uploads\\\/2023\\\/12\\\/eric-96x96.jpg\",\"caption\":\"Eric\"},\"description\":\"Eric, le capitaine du navire TechnoMag, est d\u00e9veloppeur web, consultant SEO, r\u00e9dacteur de metier, et surtout fanatique de musique ! Depuis l'enfance, il est attir\u00e9 par les basses et les kicks, passant des heures \u00e0 \u00e9couter et jouer sur machines pour le plaisir, avec son fr\u00e8re et ses amis, depuis plus de dix ans. Globe-trotteur, il a explor\u00e9 des free parties sauvages et ill\u00e9gales jusqu\u2019aux plus grands festivals internationaux. Dans son pass\u00e9, il a aussi \u00e9t\u00e9 VJ et impliqu\u00e9 dans l'organisation de soir\u00e9es pas toujours vraiment autoris\u00e9es. Aujourd'hui, il aime capturer l'\u00e9nergie des \u00e9v\u00e9nements pour la retranscrire aux autres, que ce soit derri\u00e8re l'appareil photo, la cam\u00e9ra, ou en r\u00e9digeant un article. Avec quelques missions b\u00e9n\u00e9voles \u00e0 son actif et une association toute neuve, il r\u00eave d'un lieu autonome o\u00f9 chacun pourrait balancer son set sans craindre de perdre son matos.\",\"sameAs\":[\"https:\\\/\\\/www.instagram.com\\\/technomag.fr\\\/\",\"https:\\\/\\\/www.linkedin.com\\\/in\\\/boulangereric\\\/\"],\"url\":\"https:\\\/\\\/www.technomag.fr\\\/es\\\/redacteur\\\/eric-2\\\/\"}]}<\/script>\n<!-- \/ Yoast SEO plugin. -->","yoast_head_json":{"title":"\u00bfA qu\u00e9 edad se puede participar en un festival de m\u00fasica en Francia? | Techno Mag","robots":{"index":"index","follow":"follow","max-snippet":"max-snippet:-1","max-image-preview":"max-image-preview:large","max-video-preview":"max-video-preview:-1"},"canonical":"https:\/\/www.technomag.fr\/es\/a-que-edad-se-puede-participar-en-un-festival-de-musica-en-francia\/","og_locale":"es_ES","og_type":"article","og_title":"\u00bfA qu\u00e9 edad se puede participar en un festival de m\u00fasica en Francia? | Techno Mag","og_description":"\u00bfEst\u00e1s deseando ir a tu primer festival de m\u00fasica en Francia, pero te preguntas qu\u00e9 edad tienes que tener para entrar? No te preocupes, estamos aqu\u00ed para responder a todas tus preguntas sobre la edad m\u00ednima necesaria para participar en un festival de m\u00fasica en Francia. Edad m\u00ednima para participar en un festival de m\u00fasica [&hellip;]","og_url":"https:\/\/www.technomag.fr\/es\/a-que-edad-se-puede-participar-en-un-festival-de-musica-en-francia\/","og_site_name":"Techno Mag","article_published_time":"2023-04-28T07:00:00+00:00","article_modified_time":"2024-08-08T12:37:17+00:00","og_image":[{"width":2000,"height":1333,"url":"https:\/\/www.technomag.fr\/wp-content\/uploads\/2023\/04\/avel-chuklanov-9cx4-QowgLc-unsplash.jpg","type":"image\/jpeg"}],"author":"Eric","twitter_card":"summary_large_image","twitter_misc":{"Escrito por":"Eric","Tiempo de lectura":"2 minutos"},"schema":{"@context":"https:\/\/schema.org","@graph":[{"@type":"Article","@id":"https:\/\/www.technomag.fr\/es\/a-que-edad-se-puede-participar-en-un-festival-de-musica-en-francia\/#article","isPartOf":{"@id":"https:\/\/www.technomag.fr\/es\/a-que-edad-se-puede-participar-en-un-festival-de-musica-en-francia\/"},"author":{"name":"Eric","@id":"https:\/\/www.technomag.fr\/#\/schema\/person\/5184db1055c64729cb8595a8e9d23e9e"},"headline":"\u00bfA qu\u00e9 edad se puede participar en un festival de m\u00fasica en Francia?","datePublished":"2023-04-28T07:00:00+00:00","dateModified":"2024-08-08T12:37:17+00:00","mainEntityOfPage":{"@id":"https:\/\/www.technomag.fr\/es\/a-que-edad-se-puede-participar-en-un-festival-de-musica-en-francia\/"},"wordCount":378,"commentCount":0,"publisher":{"@id":"https:\/\/www.technomag.fr\/#organization"},"image":{"@id":"https:\/\/www.technomag.fr\/es\/a-que-edad-se-puede-participar-en-un-festival-de-musica-en-francia\/#primaryimage"},"thumbnailUrl":"https:\/\/www.technomag.fr\/wp-content\/uploads\/2023\/04\/avel-chuklanov-9cx4-QowgLc-unsplash.jpg","keywords":["Festival"],"articleSection":["Festival"],"inLanguage":"es"},{"@type":"WebPage","@id":"https:\/\/www.technomag.fr\/es\/a-que-edad-se-puede-participar-en-un-festival-de-musica-en-francia\/","url":"https:\/\/www.technomag.fr\/es\/a-que-edad-se-puede-participar-en-un-festival-de-musica-en-francia\/","name":"\u00bfA qu\u00e9 edad se puede participar en un festival de m\u00fasica en Francia? | Techno Mag","isPartOf":{"@id":"https:\/\/www.technomag.fr\/#website"},"primaryImageOfPage":{"@id":"https:\/\/www.technomag.fr\/es\/a-que-edad-se-puede-participar-en-un-festival-de-musica-en-francia\/#primaryimage"},"image":{"@id":"https:\/\/www.technomag.fr\/es\/a-que-edad-se-puede-participar-en-un-festival-de-musica-en-francia\/#primaryimage"},"thumbnailUrl":"https:\/\/www.technomag.fr\/wp-content\/uploads\/2023\/04\/avel-chuklanov-9cx4-QowgLc-unsplash.jpg","datePublished":"2023-04-28T07:00:00+00:00","dateModified":"2024-08-08T12:37:17+00:00","breadcrumb":{"@id":"https:\/\/www.technomag.fr\/es\/a-que-edad-se-puede-participar-en-un-festival-de-musica-en-francia\/#breadcrumb"},"inLanguage":"es","potentialAction":[{"@type":"ReadAction","target":["https:\/\/www.technomag.fr\/es\/a-que-edad-se-puede-participar-en-un-festival-de-musica-en-francia\/"]}]},{"@type":"ImageObject","inLanguage":"es","@id":"https:\/\/www.technomag.fr\/es\/a-que-edad-se-puede-participar-en-un-festival-de-musica-en-francia\/#primaryimage","url":"https:\/\/www.technomag.fr\/wp-content\/uploads\/2023\/04\/avel-chuklanov-9cx4-QowgLc-unsplash.jpg","contentUrl":"https:\/\/www.technomag.fr\/wp-content\/uploads\/2023\/04\/avel-chuklanov-9cx4-QowgLc-unsplash.jpg","width":2000,"height":1333},{"@type":"BreadcrumbList","@id":"https:\/\/www.technomag.fr\/es\/a-que-edad-se-puede-participar-en-un-festival-de-musica-en-francia\/#breadcrumb","itemListElement":[{"@type":"ListItem","position":1,"name":"Accueil","item":"https:\/\/www.technomag.fr\/es\/revista-techno\/"},{"@type":"ListItem","position":2,"name":"\u00bfA qu\u00e9 edad se puede participar en un festival de m\u00fasica en Francia?"}]},{"@type":"WebSite","@id":"https:\/\/www.technomag.fr\/#website","url":"https:\/\/www.technomag.fr\/","name":"Techno Mag","description":"Le magazine underground de r\u00e9f\u00e9rence pour la techno","publisher":{"@id":"https:\/\/www.technomag.fr\/#organization"},"potentialAction":[{"@type":"SearchAction","target":{"@type":"EntryPoint","urlTemplate":"https:\/\/www.technomag.fr\/?s={search_term_string}"},"query-input":{"@type":"PropertyValueSpecification","valueRequired":true,"valueName":"search_term_string"}}],"inLanguage":"es"},{"@type":"Organization","@id":"https:\/\/www.technomag.fr\/#organization","name":"Techno Mag","url":"https:\/\/www.technomag.fr\/","logo":{"@type":"ImageObject","inLanguage":"es","@id":"https:\/\/www.technomag.fr\/#\/schema\/logo\/image\/","url":"https:\/\/www.technomag.fr\/wp-content\/uploads\/2023\/04\/TECHNO-e1681225415918.png","contentUrl":"https:\/\/www.technomag.fr\/wp-content\/uploads\/2023\/04\/TECHNO-e1681225415918.png","width":500,"height":113,"caption":"Techno Mag"},"image":{"@id":"https:\/\/www.technomag.fr\/#\/schema\/logo\/image\/"}},{"@type":"Person","@id":"https:\/\/www.technomag.fr\/#\/schema\/person\/5184db1055c64729cb8595a8e9d23e9e","name":"Eric","image":{"@type":"ImageObject","inLanguage":"es","@id":"https:\/\/www.technomag.fr\/wp-content\/uploads\/2023\/12\/eric-96x96.jpg","url":"https:\/\/www.technomag.fr\/wp-content\/uploads\/2023\/12\/eric-96x96.jpg","contentUrl":"https:\/\/www.technomag.fr\/wp-content\/uploads\/2023\/12\/eric-96x96.jpg","caption":"Eric"},"description":"Eric, le capitaine du navire TechnoMag, est d\u00e9veloppeur web, consultant SEO, r\u00e9dacteur de metier, et surtout fanatique de musique ! Depuis l'enfance, il est attir\u00e9 par les basses et les kicks, passant des heures \u00e0 \u00e9couter et jouer sur machines pour le plaisir, avec son fr\u00e8re et ses amis, depuis plus de dix ans. Globe-trotteur, il a explor\u00e9 des free parties sauvages et ill\u00e9gales jusqu\u2019aux plus grands festivals internationaux. Dans son pass\u00e9, il a aussi \u00e9t\u00e9 VJ et impliqu\u00e9 dans l'organisation de soir\u00e9es pas toujours vraiment autoris\u00e9es. Aujourd'hui, il aime capturer l'\u00e9nergie des \u00e9v\u00e9nements pour la retranscrire aux autres, que ce soit derri\u00e8re l'appareil photo, la cam\u00e9ra, ou en r\u00e9digeant un article. Avec quelques missions b\u00e9n\u00e9voles \u00e0 son actif et une association toute neuve, il r\u00eave d'un lieu autonome o\u00f9 chacun pourrait balancer son set sans craindre de perdre son matos.","sameAs":["https:\/\/www.instagram.com\/technomag.fr\/","https:\/\/www.linkedin.com\/in\/boulangereric\/"],"url":"https:\/\/www.technomag.fr\/es\/redacteur\/eric-2\/"}]}},"_links":{"self":[{"href":"https:\/\/www.technomag.fr\/es\/wp-json\/wp\/v2\/posts\/13792","targetHints":{"allow":["GET"]}}],"collection":[{"href":"https:\/\/www.technomag.fr\/es\/wp-json\/wp\/v2\/posts"}],"about":[{"href":"https:\/\/www.technomag.fr\/es\/wp-json\/wp\/v2\/types\/post"}],"author":[{"embeddable":true,"href":"https:\/\/www.technomag.fr\/es\/wp-json\/wp\/v2\/users\/3"}],"replies":[{"embeddable":true,"href":"https:\/\/www.technomag.fr\/es\/wp-json\/wp\/v2\/comments?post=13792"}],"version-history":[{"count":1,"href":"https:\/\/www.technomag.fr\/es\/wp-json\/wp\/v2\/posts\/13792\/revisions"}],"predecessor-version":[{"id":13795,"href":"https:\/\/www.technomag.fr\/es\/wp-json\/wp\/v2\/posts\/13792\/revisions\/13795"}],"wp:featuredmedia":[{"embeddable":true,"href":"https:\/\/www.technomag.fr\/es\/wp-json\/wp\/v2\/media\/13793"}],"wp:attachment":[{"href":"https:\/\/www.technomag.fr\/es\/wp-json\/wp\/v2\/media?parent=13792"}],"wp:term":[{"taxonomy":"category","embeddable":true,"href":"https:\/\/www.technomag.fr\/es\/wp-json\/wp\/v2\/categories?post=13792"},{"taxonomy":"post_tag","embeddable":true,"href":"https:\/\/www.technomag.fr\/es\/wp-json\/wp\/v2\/tags?post=13792"}],"curies":[{"name":"wp","href":"https:\/\/api.w.org\/{rel}","templated":true}]}}