
{"id":13700,"date":"2023-06-21T12:48:27","date_gmt":"2023-06-21T11:48:27","guid":{"rendered":"https:\/\/www.technomag.fr\/fete-de-la-musique-los-origenes-del-festival\/"},"modified":"2024-08-08T17:29:30","modified_gmt":"2024-08-08T16:29:30","slug":"fete-de-la-musique-los-origenes-del-festival","status":"publish","type":"post","link":"https:\/\/www.technomag.fr\/es\/fete-de-la-musique-los-origenes-del-festival\/","title":{"rendered":"F\u00eate de la musique: Los or\u00edgenes del festival"},"content":{"rendered":"\n<div id=\"ez-toc-container\" class=\"ez-toc-v2_0_82_2 ez-toc-wrap-center counter-hierarchy ez-toc-counter ez-toc-custom ez-toc-container-direction\">\n<div class=\"ez-toc-title-container\">\n<p class=\"ez-toc-title\" style=\"cursor:inherit\">Sommaire<\/p>\n<span class=\"ez-toc-title-toggle\"><a href=\"#\" class=\"ez-toc-pull-right ez-toc-btn ez-toc-btn-xs ez-toc-btn-default ez-toc-toggle\" aria-label=\"Alternar tabla de contenidos\"><span class=\"ez-toc-js-icon-con\"><span class=\"\"><span class=\"eztoc-hide\" style=\"display:none;\">Toggle<\/span><span class=\"ez-toc-icon-toggle-span\"><svg style=\"fill: #ffffff;color:#ffffff\" xmlns=\"http:\/\/www.w3.org\/2000\/svg\" class=\"list-377408\" width=\"20px\" height=\"20px\" viewBox=\"0 0 24 24\" fill=\"none\"><path d=\"M6 6H4v2h2V6zm14 0H8v2h12V6zM4 11h2v2H4v-2zm16 0H8v2h12v-2zM4 16h2v2H4v-2zm16 0H8v2h12v-2z\" fill=\"currentColor\"><\/path><\/svg><svg style=\"fill: #ffffff;color:#ffffff\" class=\"arrow-unsorted-368013\" xmlns=\"http:\/\/www.w3.org\/2000\/svg\" width=\"10px\" height=\"10px\" viewBox=\"0 0 24 24\" version=\"1.2\" baseProfile=\"tiny\"><path d=\"M18.2 9.3l-6.2-6.3-6.2 6.3c-.2.2-.3.4-.3.7s.1.5.3.7c.2.2.4.3.7.3h11c.3 0 .5-.1.7-.3.2-.2.3-.5.3-.7s-.1-.5-.3-.7zM5.8 14.7l6.2 6.3 6.2-6.3c.2-.2.3-.5.3-.7s-.1-.5-.3-.7c-.2-.2-.4-.3-.7-.3h-11c-.3 0-.5.1-.7.3-.2.2-.3.5-.3.7s.1.5.3.7z\"\/><\/svg><\/span><\/span><\/span><\/a><\/span><\/div>\n<nav><ul class='ez-toc-list ez-toc-list-level-1 ' ><ul class='ez-toc-list-level-2' ><li class='ez-toc-heading-level-2'><a class=\"ez-toc-link ez-toc-heading-1\" href=\"https:\/\/www.technomag.fr\/es\/fete-de-la-musique-los-origenes-del-festival\/#Los_inicios_de_la_Fiesta_de_la_Musica\" >Los inicios de la Fiesta de la M\u00fasica<\/a><\/li><li class='ez-toc-page-1 ez-toc-heading-level-2'><a class=\"ez-toc-link ez-toc-heading-2\" href=\"https:\/\/www.technomag.fr\/es\/fete-de-la-musique-los-origenes-del-festival\/#Los_antecedentes_de_la_creacion_de_la_Fiesta_de_la_Musica\" >Los antecedentes de la creaci\u00f3n de la Fiesta de la M\u00fasica<\/a><\/li><li class='ez-toc-page-1 ez-toc-heading-level-2'><a class=\"ez-toc-link ez-toc-heading-3\" href=\"https:\/\/www.technomag.fr\/es\/fete-de-la-musique-los-origenes-del-festival\/#La_idea_original_de_la_Fiesta_de_la_Musica\" >La idea original de la Fiesta de la M\u00fasica<\/a><\/li><li class='ez-toc-page-1 ez-toc-heading-level-2'><a class=\"ez-toc-link ez-toc-heading-4\" href=\"https:\/\/www.technomag.fr\/es\/fete-de-la-musique-los-origenes-del-festival\/#La_Fiesta_de_la_Musica_se_internacionaliza\" >La Fiesta de la M\u00fasica se internacionaliza<\/a><\/li><li class='ez-toc-page-1 ez-toc-heading-level-2'><a class=\"ez-toc-link ez-toc-heading-5\" href=\"https:\/\/www.technomag.fr\/es\/fete-de-la-musique-los-origenes-del-festival\/#Fiesta_de_la_musica_hoy\" >Fiesta de la m\u00fasica hoy<\/a><\/li><\/ul><\/li><li class='ez-toc-page-1 ez-toc-heading-level-1'><a class=\"ez-toc-link ez-toc-heading-6\" href=\"https:\/\/www.technomag.fr\/es\/fete-de-la-musique-los-origenes-del-festival\/#Conclusion\" >Conclusi\u00f3n<\/a><\/li><li class='ez-toc-page-1 ez-toc-heading-level-1'><a class=\"ez-toc-link ez-toc-heading-7\" href=\"https:\/\/www.technomag.fr\/es\/fete-de-la-musique-los-origenes-del-festival\/#PREGUNTAS_FRECUENTES\" >PREGUNTAS FRECUENTES<\/a><ul class='ez-toc-list-level-2' ><li class='ez-toc-heading-level-2'><a class=\"ez-toc-link ez-toc-heading-8\" href=\"https:\/\/www.technomag.fr\/es\/fete-de-la-musique-los-origenes-del-festival\/#%C2%BFCuando_se_creo_la_Fiesta_de_la_Musica\" >\u00bfCu\u00e1ndo se cre\u00f3 la Fiesta de la M\u00fasica?<\/a><\/li><li class='ez-toc-page-1 ez-toc-heading-level-2'><a class=\"ez-toc-link ez-toc-heading-9\" href=\"https:\/\/www.technomag.fr\/es\/fete-de-la-musique-los-origenes-del-festival\/#%C2%BFQuien_inicio_la_Fiesta_de_la_Musica\" >\u00bfQui\u00e9n inici\u00f3 la Fiesta de la M\u00fasica?<\/a><\/li><li class='ez-toc-page-1 ez-toc-heading-level-2'><a class=\"ez-toc-link ez-toc-heading-10\" href=\"https:\/\/www.technomag.fr\/es\/fete-de-la-musique-los-origenes-del-festival\/#%C2%BFPor_que_se_celebra_la_Fiesta_de_la_Musica_el_21_de_junio\" >\u00bfPor qu\u00e9 se celebra la Fiesta de la M\u00fasica el 21 de junio?<\/a><\/li><li class='ez-toc-page-1 ez-toc-heading-level-2'><a class=\"ez-toc-link ez-toc-heading-11\" href=\"https:\/\/www.technomag.fr\/es\/fete-de-la-musique-los-origenes-del-festival\/#%C2%BFEn_cuantos_paises_se_celebra_la_Fiesta_de_la_Musica\" >\u00bfEn cu\u00e1ntos pa\u00edses se celebra la Fiesta de la M\u00fasica?<\/a><\/li><li class='ez-toc-page-1 ez-toc-heading-level-2'><a class=\"ez-toc-link ez-toc-heading-12\" href=\"https:\/\/www.technomag.fr\/es\/fete-de-la-musique-los-origenes-del-festival\/#%C2%BFSe_celebra_la_Fiesta_de_la_Musica_de_la_misma_manera_en_todas_partes\" >\u00bfSe celebra la Fiesta de la M\u00fasica de la misma manera en todas partes?<\/a><\/li><\/ul><\/li><\/ul><\/nav><\/div>\n<h2 class=\"wp-block-heading\"><span class=\"ez-toc-section\" id=\"Los_inicios_de_la_Fiesta_de_la_Musica\"><\/span>Los inicios de la Fiesta de la M\u00fasica<span class=\"ez-toc-section-end\"><\/span><\/h2>\n\n<p>Todos hemos o\u00eddo hablar de la Fiesta de la M\u00fasica, pero \u00bfconoces realmente su historia?\nEsta fiesta, que se celebra en muchos pa\u00edses del mundo, tiene sus ra\u00edces en Francia.\nLo iniciaron el entonces ministro de Cultura, Jack Lang, y el compositor Maurice Fleuret en 1982.\nLa idea era sencilla: animar a la gente a salir a la calle y compartir su amor por la m\u00fasica.   <\/p>\n\n<h2 class=\"wp-block-heading\"><span class=\"ez-toc-section\" id=\"Los_antecedentes_de_la_creacion_de_la_Fiesta_de_la_Musica\"><\/span>Los antecedentes de la creaci\u00f3n de la Fiesta de la M\u00fasica<span class=\"ez-toc-section-end\"><\/span><\/h2>\n\n<p>En la d\u00e9cada de 1980, Francia vivi\u00f3 un periodo de cambio cultural y social.\nEl gobierno trat\u00f3 de promover la diversidad cultural y la libre expresi\u00f3n.\nLa Fiesta de la M\u00fasica naci\u00f3 de este deseo de democratizar la m\u00fasica y hacerla accesible a todo el mundo, sea cual sea su g\u00e9nero musical.  <\/p>\n\n<h2 class=\"wp-block-heading\"><span class=\"ez-toc-section\" id=\"La_idea_original_de_la_Fiesta_de_la_Musica\"><\/span>La idea original de la Fiesta de la M\u00fasica<span class=\"ez-toc-section-end\"><\/span><\/h2>\n\n<p>Maurice Fleuret y Jack Lang se inspiraron en un estudio que revel\u00f3 que casi la mitad de los franceses tocan un instrumento musical.\nAs\u00ed que decidieron crear un evento que permitiera a todo el mundo mostrar su talento musical.\nEl primer d\u00eda del verano, el 21 de junio, fue elegido como fecha oficial para esta celebraci\u00f3n.  <\/p>\n\n<h2 class=\"wp-block-heading\"><span class=\"ez-toc-section\" id=\"La_Fiesta_de_la_Musica_se_internacionaliza\"><\/span>La Fiesta de la M\u00fasica se internacionaliza<span class=\"ez-toc-section-end\"><\/span><\/h2>\n\n<p>El \u00e9xito de la Fiesta de la M\u00fasica en Francia pronto atrajo la atenci\u00f3n de muchos otros pa\u00edses.\nEn 1985, A\u00f1o Europeo de la M\u00fasica, la fiesta comenz\u00f3 a extenderse por Europa y, finalmente, por todo el mundo.\nHoy, la Fiesta de la M\u00fasica se celebra en m\u00e1s de 120 pa\u00edses de todos los continentes.  <\/p>\n\n<h2 class=\"wp-block-heading\"><span class=\"ez-toc-section\" id=\"Fiesta_de_la_musica_hoy\"><\/span>Fiesta de la m\u00fasica hoy<span class=\"ez-toc-section-end\"><\/span><\/h2>\n\n<p>Desde sus humildes comienzos, la F\u00eate de la musique ha crecido y evolucionado, pero se ha mantenido fiel a su esp\u00edritu original: permitir que todo el mundo disfrute de la m\u00fasica.\nTanto si eres m\u00fasico profesional como aficionado, este festival te brinda la oportunidad de compartir tu pasi\u00f3n con el mundo. <\/p>\n\n<h1 class=\"wp-block-heading\"><span class=\"ez-toc-section\" id=\"Conclusion\"><\/span>Conclusi\u00f3n<span class=\"ez-toc-section-end\"><\/span><\/h1>\n\n<p>La Fiesta de la M\u00fasica es mucho m\u00e1s que una simple celebraci\u00f3n de la m\u00fasica.\nRepresenta un movimiento cultural, un fen\u00f3meno social que encarna los valores de compartir, diversidad y accesibilidad.\nEst\u00e9s donde est\u00e9s el 21 de junio, puedes estar seguro de que los sonidos de la m\u00fasica resonar\u00e1n en calles, parques y hogares de todo el mundo.  <\/p>\n\n<h1 class=\"wp-block-heading\"><span class=\"ez-toc-section\" id=\"PREGUNTAS_FRECUENTES\"><\/span>PREGUNTAS FRECUENTES<span class=\"ez-toc-section-end\"><\/span><\/h1>\n\n<h2 class=\"wp-block-heading\"><span class=\"ez-toc-section\" id=\"%C2%BFCuando_se_creo_la_Fiesta_de_la_Musica\"><\/span>\u00bfCu\u00e1ndo se cre\u00f3 la Fiesta de la M\u00fasica?<span class=\"ez-toc-section-end\"><\/span><\/h2>\n\n<p>La Fiesta de la M\u00fasica se cre\u00f3 en Francia en 1982.<\/p>\n\n<h2 class=\"wp-block-heading\"><span class=\"ez-toc-section\" id=\"%C2%BFQuien_inicio_la_Fiesta_de_la_Musica\"><\/span>\u00bfQui\u00e9n inici\u00f3 la Fiesta de la M\u00fasica?<span class=\"ez-toc-section-end\"><\/span><\/h2>\n\n<p>La F\u00eate de la musique fue una iniciativa del entonces ministro franc\u00e9s de Cultura, Jack Lang, y del compositor Maurice Fleuret.<\/p>\n\n<h2 class=\"wp-block-heading\"><span class=\"ez-toc-section\" id=\"%C2%BFPor_que_se_celebra_la_Fiesta_de_la_Musica_el_21_de_junio\"><\/span>\u00bfPor qu\u00e9 se celebra la Fiesta de la M\u00fasica el 21 de junio?<span class=\"ez-toc-section-end\"><\/span><\/h2>\n\n<p>Se eligi\u00f3 el 21 de junio como fecha de la Fiesta de la M\u00fasica porque marca el primer d\u00eda del verano en el hemisferio norte.<\/p>\n\n<h2 class=\"wp-block-heading\"><span class=\"ez-toc-section\" id=\"%C2%BFEn_cuantos_paises_se_celebra_la_Fiesta_de_la_Musica\"><\/span>\u00bfEn cu\u00e1ntos pa\u00edses se celebra la Fiesta de la M\u00fasica?<span class=\"ez-toc-section-end\"><\/span><\/h2>\n\n<p>Hoy en d\u00eda, la Fiesta de la M\u00fasica se celebra en m\u00e1s de 120 pa\u00edses de todos los continentes.<\/p>\n\n<h2 class=\"wp-block-heading\"><span class=\"ez-toc-section\" id=\"%C2%BFSe_celebra_la_Fiesta_de_la_Musica_de_la_misma_manera_en_todas_partes\"><\/span>\u00bfSe celebra la Fiesta de la M\u00fasica de la misma manera en todas partes?<span class=\"ez-toc-section-end\"><\/span><\/h2>\n\n<p>Aunque la fecha y el esp\u00edritu de la Fiesta de la M\u00fasica son los mismos en todas partes, las festividades pueden variar seg\u00fan las tradiciones y culturas locales.<\/p>\n\n\n<div class=\"kk-star-ratings kksr-auto kksr-align-center kksr-valign-bottom\"\n    data-payload='{&quot;align&quot;:&quot;center&quot;,&quot;id&quot;:&quot;13700&quot;,&quot;slug&quot;:&quot;default&quot;,&quot;valign&quot;:&quot;bottom&quot;,&quot;ignore&quot;:&quot;&quot;,&quot;reference&quot;:&quot;auto&quot;,&quot;class&quot;:&quot;&quot;,&quot;count&quot;:&quot;0&quot;,&quot;legendonly&quot;:&quot;&quot;,&quot;readonly&quot;:&quot;&quot;,&quot;score&quot;:&quot;0&quot;,&quot;starsonly&quot;:&quot;&quot;,&quot;best&quot;:&quot;5&quot;,&quot;gap&quot;:&quot;5&quot;,&quot;greet&quot;:&quot;Noter cet article&quot;,&quot;legend&quot;:&quot;0\\\/5 - (0 votos)&quot;,&quot;size&quot;:&quot;24&quot;,&quot;title&quot;:&quot;F\u00eate de la musique: Los or\u00edgenes del festival&quot;,&quot;width&quot;:&quot;0&quot;,&quot;_legend&quot;:&quot;{score}\\\/{best} - ({count} {votes})&quot;,&quot;font_factor&quot;:&quot;1.25&quot;}'>\n            \n<div class=\"kksr-stars\">\n    \n<div class=\"kksr-stars-inactive\">\n            <div class=\"kksr-star\" data-star=\"1\" style=\"padding-right: 5px\">\n            \n\n<div class=\"kksr-icon\" style=\"width: 24px; height: 24px;\"><\/div>\n        <\/div>\n            <div class=\"kksr-star\" data-star=\"2\" style=\"padding-right: 5px\">\n            \n\n<div class=\"kksr-icon\" style=\"width: 24px; height: 24px;\"><\/div>\n        <\/div>\n            <div class=\"kksr-star\" data-star=\"3\" style=\"padding-right: 5px\">\n            \n\n<div class=\"kksr-icon\" style=\"width: 24px; height: 24px;\"><\/div>\n        <\/div>\n            <div class=\"kksr-star\" data-star=\"4\" style=\"padding-right: 5px\">\n            \n\n<div class=\"kksr-icon\" style=\"width: 24px; height: 24px;\"><\/div>\n        <\/div>\n            <div class=\"kksr-star\" data-star=\"5\" style=\"padding-right: 5px\">\n            \n\n<div class=\"kksr-icon\" style=\"width: 24px; height: 24px;\"><\/div>\n        <\/div>\n    <\/div>\n    \n<div class=\"kksr-stars-active\" style=\"width: 0px;\">\n            <div class=\"kksr-star\" style=\"padding-right: 5px\">\n            \n\n<div class=\"kksr-icon\" style=\"width: 24px; height: 24px;\"><\/div>\n        <\/div>\n            <div class=\"kksr-star\" style=\"padding-right: 5px\">\n            \n\n<div class=\"kksr-icon\" style=\"width: 24px; height: 24px;\"><\/div>\n        <\/div>\n            <div class=\"kksr-star\" style=\"padding-right: 5px\">\n            \n\n<div class=\"kksr-icon\" style=\"width: 24px; height: 24px;\"><\/div>\n        <\/div>\n            <div class=\"kksr-star\" style=\"padding-right: 5px\">\n            \n\n<div class=\"kksr-icon\" style=\"width: 24px; height: 24px;\"><\/div>\n        <\/div>\n            <div class=\"kksr-star\" style=\"padding-right: 5px\">\n            \n\n<div class=\"kksr-icon\" style=\"width: 24px; height: 24px;\"><\/div>\n        <\/div>\n    <\/div>\n<\/div>\n                \n\n<div class=\"kksr-legend\" style=\"font-size: 19.2px;\">\n            <span class=\"kksr-muted\">Noter cet article<\/span>\n    <\/div>\n    <\/div>\n","protected":false},"excerpt":{"rendered":"<p>Los inicios de la Fiesta de la M\u00fasica Todos hemos o\u00eddo hablar de la Fiesta de la M\u00fasica, pero \u00bfconoces realmente su historia? Esta fiesta, que se celebra en muchos pa\u00edses del mundo, tiene sus ra\u00edces en Francia. Lo iniciaron el entonces ministro de Cultura, Jack Lang, y el compositor Maurice Fleuret en 1982. La [&hellip;]<\/p>\n","protected":false},"author":3,"featured_media":13701,"comment_status":"closed","ping_status":"closed","sticky":false,"template":"","format":"standard","meta":{"_acf_changed":false,"footnotes":""},"categories":[867],"tags":[],"class_list":["post-13700","post","type-post","status-publish","format-standard","has-post-thumbnail","hentry","category-informacion"],"acf":[],"yoast_head":"<!-- This site is optimized with the Yoast SEO plugin v27.5 - https:\/\/yoast.com\/product\/yoast-seo-wordpress\/ -->\n<title>F\u00eate de la musique: Los or\u00edgenes del festival | Techno Mag<\/title>\n<meta name=\"robots\" content=\"index, follow, max-snippet:-1, max-image-preview:large, max-video-preview:-1\" \/>\n<link rel=\"canonical\" href=\"https:\/\/www.technomag.fr\/es\/fete-de-la-musique-los-origenes-del-festival\/\" \/>\n<meta property=\"og:locale\" content=\"es_ES\" \/>\n<meta property=\"og:type\" content=\"article\" \/>\n<meta property=\"og:title\" content=\"F\u00eate de la musique: Los or\u00edgenes del festival | Techno Mag\" \/>\n<meta property=\"og:description\" content=\"Los inicios de la Fiesta de la M\u00fasica Todos hemos o\u00eddo hablar de la Fiesta de la M\u00fasica, pero \u00bfconoces realmente su historia? Esta fiesta, que se celebra en muchos pa\u00edses del mundo, tiene sus ra\u00edces en Francia. Lo iniciaron el entonces ministro de Cultura, Jack Lang, y el compositor Maurice Fleuret en 1982. La [&hellip;]\" \/>\n<meta property=\"og:url\" content=\"https:\/\/www.technomag.fr\/es\/fete-de-la-musique-los-origenes-del-festival\/\" \/>\n<meta property=\"og:site_name\" content=\"Techno Mag\" \/>\n<meta property=\"article:published_time\" content=\"2023-06-21T11:48:27+00:00\" \/>\n<meta property=\"article:modified_time\" content=\"2024-08-08T16:29:30+00:00\" \/>\n<meta property=\"og:image\" content=\"https:\/\/www.technomag.fr\/wp-content\/uploads\/2023\/06\/origine-de-la-fete-de-la-musique--1024x576.png\" \/>\n\t<meta property=\"og:image:width\" content=\"1024\" \/>\n\t<meta property=\"og:image:height\" content=\"576\" \/>\n\t<meta property=\"og:image:type\" content=\"image\/png\" \/>\n<meta name=\"author\" content=\"Eric\" \/>\n<meta name=\"twitter:card\" content=\"summary_large_image\" \/>\n<meta name=\"twitter:label1\" content=\"Escrito por\" \/>\n\t<meta name=\"twitter:data1\" content=\"Eric\" \/>\n\t<meta name=\"twitter:label2\" content=\"Tiempo de lectura\" \/>\n\t<meta name=\"twitter:data2\" content=\"3 minutos\" \/>\n<script type=\"application\/ld+json\" class=\"yoast-schema-graph\">{\"@context\":\"https:\\\/\\\/schema.org\",\"@graph\":[{\"@type\":\"Article\",\"@id\":\"https:\\\/\\\/www.technomag.fr\\\/es\\\/fete-de-la-musique-los-origenes-del-festival\\\/#article\",\"isPartOf\":{\"@id\":\"https:\\\/\\\/www.technomag.fr\\\/es\\\/fete-de-la-musique-los-origenes-del-festival\\\/\"},\"author\":{\"name\":\"Eric\",\"@id\":\"https:\\\/\\\/www.technomag.fr\\\/#\\\/schema\\\/person\\\/5184db1055c64729cb8595a8e9d23e9e\"},\"headline\":\"F\u00eate de la musique: Los or\u00edgenes del festival\",\"datePublished\":\"2023-06-21T11:48:27+00:00\",\"dateModified\":\"2024-08-08T16:29:30+00:00\",\"mainEntityOfPage\":{\"@id\":\"https:\\\/\\\/www.technomag.fr\\\/es\\\/fete-de-la-musique-los-origenes-del-festival\\\/\"},\"wordCount\":599,\"publisher\":{\"@id\":\"https:\\\/\\\/www.technomag.fr\\\/#organization\"},\"image\":{\"@id\":\"https:\\\/\\\/www.technomag.fr\\\/es\\\/fete-de-la-musique-los-origenes-del-festival\\\/#primaryimage\"},\"thumbnailUrl\":\"https:\\\/\\\/www.technomag.fr\\\/wp-content\\\/uploads\\\/2023\\\/06\\\/origine-de-la-fete-de-la-musique-.png\",\"articleSection\":[\"Informaci\u00f3n\"],\"inLanguage\":\"es\"},{\"@type\":\"WebPage\",\"@id\":\"https:\\\/\\\/www.technomag.fr\\\/es\\\/fete-de-la-musique-los-origenes-del-festival\\\/\",\"url\":\"https:\\\/\\\/www.technomag.fr\\\/es\\\/fete-de-la-musique-los-origenes-del-festival\\\/\",\"name\":\"F\u00eate de la musique: Los or\u00edgenes del festival | Techno Mag\",\"isPartOf\":{\"@id\":\"https:\\\/\\\/www.technomag.fr\\\/#website\"},\"primaryImageOfPage\":{\"@id\":\"https:\\\/\\\/www.technomag.fr\\\/es\\\/fete-de-la-musique-los-origenes-del-festival\\\/#primaryimage\"},\"image\":{\"@id\":\"https:\\\/\\\/www.technomag.fr\\\/es\\\/fete-de-la-musique-los-origenes-del-festival\\\/#primaryimage\"},\"thumbnailUrl\":\"https:\\\/\\\/www.technomag.fr\\\/wp-content\\\/uploads\\\/2023\\\/06\\\/origine-de-la-fete-de-la-musique-.png\",\"datePublished\":\"2023-06-21T11:48:27+00:00\",\"dateModified\":\"2024-08-08T16:29:30+00:00\",\"breadcrumb\":{\"@id\":\"https:\\\/\\\/www.technomag.fr\\\/es\\\/fete-de-la-musique-los-origenes-del-festival\\\/#breadcrumb\"},\"inLanguage\":\"es\",\"potentialAction\":[{\"@type\":\"ReadAction\",\"target\":[\"https:\\\/\\\/www.technomag.fr\\\/es\\\/fete-de-la-musique-los-origenes-del-festival\\\/\"]}]},{\"@type\":\"ImageObject\",\"inLanguage\":\"es\",\"@id\":\"https:\\\/\\\/www.technomag.fr\\\/es\\\/fete-de-la-musique-los-origenes-del-festival\\\/#primaryimage\",\"url\":\"https:\\\/\\\/www.technomag.fr\\\/wp-content\\\/uploads\\\/2023\\\/06\\\/origine-de-la-fete-de-la-musique-.png\",\"contentUrl\":\"https:\\\/\\\/www.technomag.fr\\\/wp-content\\\/uploads\\\/2023\\\/06\\\/origine-de-la-fete-de-la-musique-.png\",\"width\":1920,\"height\":1080},{\"@type\":\"BreadcrumbList\",\"@id\":\"https:\\\/\\\/www.technomag.fr\\\/es\\\/fete-de-la-musique-los-origenes-del-festival\\\/#breadcrumb\",\"itemListElement\":[{\"@type\":\"ListItem\",\"position\":1,\"name\":\"Accueil\",\"item\":\"https:\\\/\\\/www.technomag.fr\\\/es\\\/revista-techno\\\/\"},{\"@type\":\"ListItem\",\"position\":2,\"name\":\"F\u00eate de la musique: Los or\u00edgenes del festival\"}]},{\"@type\":\"WebSite\",\"@id\":\"https:\\\/\\\/www.technomag.fr\\\/#website\",\"url\":\"https:\\\/\\\/www.technomag.fr\\\/\",\"name\":\"Techno Mag\",\"description\":\"Le magazine underground de r\u00e9f\u00e9rence pour la techno\",\"publisher\":{\"@id\":\"https:\\\/\\\/www.technomag.fr\\\/#organization\"},\"potentialAction\":[{\"@type\":\"SearchAction\",\"target\":{\"@type\":\"EntryPoint\",\"urlTemplate\":\"https:\\\/\\\/www.technomag.fr\\\/?s={search_term_string}\"},\"query-input\":{\"@type\":\"PropertyValueSpecification\",\"valueRequired\":true,\"valueName\":\"search_term_string\"}}],\"inLanguage\":\"es\"},{\"@type\":\"Organization\",\"@id\":\"https:\\\/\\\/www.technomag.fr\\\/#organization\",\"name\":\"Techno Mag\",\"url\":\"https:\\\/\\\/www.technomag.fr\\\/\",\"logo\":{\"@type\":\"ImageObject\",\"inLanguage\":\"es\",\"@id\":\"https:\\\/\\\/www.technomag.fr\\\/#\\\/schema\\\/logo\\\/image\\\/\",\"url\":\"https:\\\/\\\/www.technomag.fr\\\/wp-content\\\/uploads\\\/2023\\\/04\\\/TECHNO-e1681225415918.png\",\"contentUrl\":\"https:\\\/\\\/www.technomag.fr\\\/wp-content\\\/uploads\\\/2023\\\/04\\\/TECHNO-e1681225415918.png\",\"width\":500,\"height\":113,\"caption\":\"Techno Mag\"},\"image\":{\"@id\":\"https:\\\/\\\/www.technomag.fr\\\/#\\\/schema\\\/logo\\\/image\\\/\"}},{\"@type\":\"Person\",\"@id\":\"https:\\\/\\\/www.technomag.fr\\\/#\\\/schema\\\/person\\\/5184db1055c64729cb8595a8e9d23e9e\",\"name\":\"Eric\",\"image\":{\"@type\":\"ImageObject\",\"inLanguage\":\"es\",\"@id\":\"https:\\\/\\\/www.technomag.fr\\\/wp-content\\\/uploads\\\/2023\\\/12\\\/eric-96x96.jpg\",\"url\":\"https:\\\/\\\/www.technomag.fr\\\/wp-content\\\/uploads\\\/2023\\\/12\\\/eric-96x96.jpg\",\"contentUrl\":\"https:\\\/\\\/www.technomag.fr\\\/wp-content\\\/uploads\\\/2023\\\/12\\\/eric-96x96.jpg\",\"caption\":\"Eric\"},\"description\":\"Eric, le capitaine du navire TechnoMag, est d\u00e9veloppeur web, consultant SEO, r\u00e9dacteur de metier, et surtout fanatique de musique ! Depuis l'enfance, il est attir\u00e9 par les basses et les kicks, passant des heures \u00e0 \u00e9couter et jouer sur machines pour le plaisir, avec son fr\u00e8re et ses amis, depuis plus de dix ans. Globe-trotteur, il a explor\u00e9 des free parties sauvages et ill\u00e9gales jusqu\u2019aux plus grands festivals internationaux. Dans son pass\u00e9, il a aussi \u00e9t\u00e9 VJ et impliqu\u00e9 dans l'organisation de soir\u00e9es pas toujours vraiment autoris\u00e9es. Aujourd'hui, il aime capturer l'\u00e9nergie des \u00e9v\u00e9nements pour la retranscrire aux autres, que ce soit derri\u00e8re l'appareil photo, la cam\u00e9ra, ou en r\u00e9digeant un article. Avec quelques missions b\u00e9n\u00e9voles \u00e0 son actif et une association toute neuve, il r\u00eave d'un lieu autonome o\u00f9 chacun pourrait balancer son set sans craindre de perdre son matos.\",\"sameAs\":[\"https:\\\/\\\/www.instagram.com\\\/technomag.fr\\\/\",\"https:\\\/\\\/www.linkedin.com\\\/in\\\/boulangereric\\\/\"],\"url\":\"https:\\\/\\\/www.technomag.fr\\\/es\\\/redacteur\\\/eric-2\\\/\"}]}<\/script>\n<!-- \/ Yoast SEO plugin. -->","yoast_head_json":{"title":"F\u00eate de la musique: Los or\u00edgenes del festival | Techno Mag","robots":{"index":"index","follow":"follow","max-snippet":"max-snippet:-1","max-image-preview":"max-image-preview:large","max-video-preview":"max-video-preview:-1"},"canonical":"https:\/\/www.technomag.fr\/es\/fete-de-la-musique-los-origenes-del-festival\/","og_locale":"es_ES","og_type":"article","og_title":"F\u00eate de la musique: Los or\u00edgenes del festival | Techno Mag","og_description":"Los inicios de la Fiesta de la M\u00fasica Todos hemos o\u00eddo hablar de la Fiesta de la M\u00fasica, pero \u00bfconoces realmente su historia? Esta fiesta, que se celebra en muchos pa\u00edses del mundo, tiene sus ra\u00edces en Francia. Lo iniciaron el entonces ministro de Cultura, Jack Lang, y el compositor Maurice Fleuret en 1982. La [&hellip;]","og_url":"https:\/\/www.technomag.fr\/es\/fete-de-la-musique-los-origenes-del-festival\/","og_site_name":"Techno Mag","article_published_time":"2023-06-21T11:48:27+00:00","article_modified_time":"2024-08-08T16:29:30+00:00","og_image":[{"width":1024,"height":576,"url":"https:\/\/www.technomag.fr\/wp-content\/uploads\/2023\/06\/origine-de-la-fete-de-la-musique--1024x576.png","type":"image\/png"}],"author":"Eric","twitter_card":"summary_large_image","twitter_misc":{"Escrito por":"Eric","Tiempo de lectura":"3 minutos"},"schema":{"@context":"https:\/\/schema.org","@graph":[{"@type":"Article","@id":"https:\/\/www.technomag.fr\/es\/fete-de-la-musique-los-origenes-del-festival\/#article","isPartOf":{"@id":"https:\/\/www.technomag.fr\/es\/fete-de-la-musique-los-origenes-del-festival\/"},"author":{"name":"Eric","@id":"https:\/\/www.technomag.fr\/#\/schema\/person\/5184db1055c64729cb8595a8e9d23e9e"},"headline":"F\u00eate de la musique: Los or\u00edgenes del festival","datePublished":"2023-06-21T11:48:27+00:00","dateModified":"2024-08-08T16:29:30+00:00","mainEntityOfPage":{"@id":"https:\/\/www.technomag.fr\/es\/fete-de-la-musique-los-origenes-del-festival\/"},"wordCount":599,"publisher":{"@id":"https:\/\/www.technomag.fr\/#organization"},"image":{"@id":"https:\/\/www.technomag.fr\/es\/fete-de-la-musique-los-origenes-del-festival\/#primaryimage"},"thumbnailUrl":"https:\/\/www.technomag.fr\/wp-content\/uploads\/2023\/06\/origine-de-la-fete-de-la-musique-.png","articleSection":["Informaci\u00f3n"],"inLanguage":"es"},{"@type":"WebPage","@id":"https:\/\/www.technomag.fr\/es\/fete-de-la-musique-los-origenes-del-festival\/","url":"https:\/\/www.technomag.fr\/es\/fete-de-la-musique-los-origenes-del-festival\/","name":"F\u00eate de la musique: Los or\u00edgenes del festival | Techno Mag","isPartOf":{"@id":"https:\/\/www.technomag.fr\/#website"},"primaryImageOfPage":{"@id":"https:\/\/www.technomag.fr\/es\/fete-de-la-musique-los-origenes-del-festival\/#primaryimage"},"image":{"@id":"https:\/\/www.technomag.fr\/es\/fete-de-la-musique-los-origenes-del-festival\/#primaryimage"},"thumbnailUrl":"https:\/\/www.technomag.fr\/wp-content\/uploads\/2023\/06\/origine-de-la-fete-de-la-musique-.png","datePublished":"2023-06-21T11:48:27+00:00","dateModified":"2024-08-08T16:29:30+00:00","breadcrumb":{"@id":"https:\/\/www.technomag.fr\/es\/fete-de-la-musique-los-origenes-del-festival\/#breadcrumb"},"inLanguage":"es","potentialAction":[{"@type":"ReadAction","target":["https:\/\/www.technomag.fr\/es\/fete-de-la-musique-los-origenes-del-festival\/"]}]},{"@type":"ImageObject","inLanguage":"es","@id":"https:\/\/www.technomag.fr\/es\/fete-de-la-musique-los-origenes-del-festival\/#primaryimage","url":"https:\/\/www.technomag.fr\/wp-content\/uploads\/2023\/06\/origine-de-la-fete-de-la-musique-.png","contentUrl":"https:\/\/www.technomag.fr\/wp-content\/uploads\/2023\/06\/origine-de-la-fete-de-la-musique-.png","width":1920,"height":1080},{"@type":"BreadcrumbList","@id":"https:\/\/www.technomag.fr\/es\/fete-de-la-musique-los-origenes-del-festival\/#breadcrumb","itemListElement":[{"@type":"ListItem","position":1,"name":"Accueil","item":"https:\/\/www.technomag.fr\/es\/revista-techno\/"},{"@type":"ListItem","position":2,"name":"F\u00eate de la musique: Los or\u00edgenes del festival"}]},{"@type":"WebSite","@id":"https:\/\/www.technomag.fr\/#website","url":"https:\/\/www.technomag.fr\/","name":"Techno Mag","description":"Le magazine underground de r\u00e9f\u00e9rence pour la techno","publisher":{"@id":"https:\/\/www.technomag.fr\/#organization"},"potentialAction":[{"@type":"SearchAction","target":{"@type":"EntryPoint","urlTemplate":"https:\/\/www.technomag.fr\/?s={search_term_string}"},"query-input":{"@type":"PropertyValueSpecification","valueRequired":true,"valueName":"search_term_string"}}],"inLanguage":"es"},{"@type":"Organization","@id":"https:\/\/www.technomag.fr\/#organization","name":"Techno Mag","url":"https:\/\/www.technomag.fr\/","logo":{"@type":"ImageObject","inLanguage":"es","@id":"https:\/\/www.technomag.fr\/#\/schema\/logo\/image\/","url":"https:\/\/www.technomag.fr\/wp-content\/uploads\/2023\/04\/TECHNO-e1681225415918.png","contentUrl":"https:\/\/www.technomag.fr\/wp-content\/uploads\/2023\/04\/TECHNO-e1681225415918.png","width":500,"height":113,"caption":"Techno Mag"},"image":{"@id":"https:\/\/www.technomag.fr\/#\/schema\/logo\/image\/"}},{"@type":"Person","@id":"https:\/\/www.technomag.fr\/#\/schema\/person\/5184db1055c64729cb8595a8e9d23e9e","name":"Eric","image":{"@type":"ImageObject","inLanguage":"es","@id":"https:\/\/www.technomag.fr\/wp-content\/uploads\/2023\/12\/eric-96x96.jpg","url":"https:\/\/www.technomag.fr\/wp-content\/uploads\/2023\/12\/eric-96x96.jpg","contentUrl":"https:\/\/www.technomag.fr\/wp-content\/uploads\/2023\/12\/eric-96x96.jpg","caption":"Eric"},"description":"Eric, le capitaine du navire TechnoMag, est d\u00e9veloppeur web, consultant SEO, r\u00e9dacteur de metier, et surtout fanatique de musique ! Depuis l'enfance, il est attir\u00e9 par les basses et les kicks, passant des heures \u00e0 \u00e9couter et jouer sur machines pour le plaisir, avec son fr\u00e8re et ses amis, depuis plus de dix ans. Globe-trotteur, il a explor\u00e9 des free parties sauvages et ill\u00e9gales jusqu\u2019aux plus grands festivals internationaux. Dans son pass\u00e9, il a aussi \u00e9t\u00e9 VJ et impliqu\u00e9 dans l'organisation de soir\u00e9es pas toujours vraiment autoris\u00e9es. Aujourd'hui, il aime capturer l'\u00e9nergie des \u00e9v\u00e9nements pour la retranscrire aux autres, que ce soit derri\u00e8re l'appareil photo, la cam\u00e9ra, ou en r\u00e9digeant un article. Avec quelques missions b\u00e9n\u00e9voles \u00e0 son actif et une association toute neuve, il r\u00eave d'un lieu autonome o\u00f9 chacun pourrait balancer son set sans craindre de perdre son matos.","sameAs":["https:\/\/www.instagram.com\/technomag.fr\/","https:\/\/www.linkedin.com\/in\/boulangereric\/"],"url":"https:\/\/www.technomag.fr\/es\/redacteur\/eric-2\/"}]}},"_links":{"self":[{"href":"https:\/\/www.technomag.fr\/es\/wp-json\/wp\/v2\/posts\/13700","targetHints":{"allow":["GET"]}}],"collection":[{"href":"https:\/\/www.technomag.fr\/es\/wp-json\/wp\/v2\/posts"}],"about":[{"href":"https:\/\/www.technomag.fr\/es\/wp-json\/wp\/v2\/types\/post"}],"author":[{"embeddable":true,"href":"https:\/\/www.technomag.fr\/es\/wp-json\/wp\/v2\/users\/3"}],"replies":[{"embeddable":true,"href":"https:\/\/www.technomag.fr\/es\/wp-json\/wp\/v2\/comments?post=13700"}],"version-history":[{"count":1,"href":"https:\/\/www.technomag.fr\/es\/wp-json\/wp\/v2\/posts\/13700\/revisions"}],"predecessor-version":[{"id":13702,"href":"https:\/\/www.technomag.fr\/es\/wp-json\/wp\/v2\/posts\/13700\/revisions\/13702"}],"wp:featuredmedia":[{"embeddable":true,"href":"https:\/\/www.technomag.fr\/es\/wp-json\/wp\/v2\/media\/13701"}],"wp:attachment":[{"href":"https:\/\/www.technomag.fr\/es\/wp-json\/wp\/v2\/media?parent=13700"}],"wp:term":[{"taxonomy":"category","embeddable":true,"href":"https:\/\/www.technomag.fr\/es\/wp-json\/wp\/v2\/categories?post=13700"},{"taxonomy":"post_tag","embeddable":true,"href":"https:\/\/www.technomag.fr\/es\/wp-json\/wp\/v2\/tags?post=13700"}],"curies":[{"name":"wp","href":"https:\/\/api.w.org\/{rel}","templated":true}]}}