
{"id":13580,"date":"2023-10-20T17:46:48","date_gmt":"2023-10-20T16:46:48","guid":{"rendered":"https:\/\/www.technomag.fr\/tecno-y-espiritualidad-explorando-la-conexion\/"},"modified":"2024-08-08T17:35:42","modified_gmt":"2024-08-08T16:35:42","slug":"tecno-y-espiritualidad-explorando-la-conexion","status":"publish","type":"post","link":"https:\/\/www.technomag.fr\/es\/tecno-y-espiritualidad-explorando-la-conexion\/","title":{"rendered":"Tecno y Espiritualidad: Explorando la Conexi\u00f3n"},"content":{"rendered":"\n<div class=\"wp-block-group\"><div class=\"wp-block-group__inner-container is-layout-constrained wp-block-group-is-layout-constrained\">\n<figure class=\"wp-block-gallery has-nested-images columns-default is-cropped wp-block-gallery-1 is-layout-flex wp-block-gallery-is-layout-flex\">\n<figure class=\"wp-block-image size-large\"><img fetchpriority=\"high\" decoding=\"async\" width=\"225\" height=\"225\" data-id=\"4434\" src=\"https:\/\/www.technomag.fr\/wp-content\/uploads\/2023\/10\/spiritek.jpeg\" alt=\"\" class=\"wp-image-4434\" srcset=\"https:\/\/www.technomag.fr\/wp-content\/uploads\/2023\/10\/spiritek.jpeg 225w, https:\/\/www.technomag.fr\/wp-content\/uploads\/2023\/10\/spiritek-100x100.jpeg 100w, https:\/\/www.technomag.fr\/wp-content\/uploads\/2023\/10\/spiritek-150x150.jpeg 150w, https:\/\/www.technomag.fr\/wp-content\/uploads\/2023\/10\/spiritek-60x60.jpeg 60w\" sizes=\"(max-width: 225px) 100vw, 225px\" \/><\/figure>\n\n\n\n<figure class=\"wp-block-image size-large\"><img decoding=\"async\" width=\"196\" height=\"257\" data-id=\"4433\" src=\"https:\/\/www.technomag.fr\/wp-content\/uploads\/2023\/10\/alex-grey-2.jpeg\" alt=\"\" class=\"wp-image-4433\"\/><\/figure>\n\n\n\n<figure class=\"wp-block-image size-large\"><img decoding=\"async\" width=\"316\" height=\"300\" data-id=\"4432\" src=\"https:\/\/www.technomag.fr\/wp-content\/uploads\/2023\/10\/ev-spirit.jpeg\" alt=\"\" class=\"wp-image-4432\" srcset=\"https:\/\/www.technomag.fr\/wp-content\/uploads\/2023\/10\/ev-spirit.jpeg 316w, https:\/\/www.technomag.fr\/wp-content\/uploads\/2023\/10\/ev-spirit-300x285.jpeg 300w\" sizes=\"(max-width: 316px) 100vw, 316px\" \/><\/figure>\n<\/figure>\n<\/div><\/div>\n\n<figure class=\"wp-block-audio aligncenter\"><audio controls=\"\" src=\"https:\/\/www.technomag.fr\/wp-content\/uploads\/2023\/10\/techno-spiritualite.mp3\"><\/audio><figcaption class=\"wp-element-caption\">Escucha el art\u00edculo aqu\u00ed  <\/figcaption><\/figure>\n\n<p>La m\u00fasica tecno, a menudo asociada con fiestas din\u00e1micas y una vibrante escena de clubbing, tambi\u00e9n puede ofrecer una profunda experiencia espiritual para algunos.\nEn este art\u00edculo, exploraremos c\u00f3mo la m\u00fasica techno puede trascender los l\u00edmites del baile para convertirse en una experiencia espiritual.\nAdem\u00e1s, analizaremos los eventos techno orientados a la meditaci\u00f3n, revelando c\u00f3mo la fusi\u00f3n de m\u00fasica electr\u00f3nica y espiritualidad puede ser transformadora.  <\/p>\n\n<div id=\"ez-toc-container\" class=\"ez-toc-v2_0_82_2 ez-toc-wrap-center counter-hierarchy ez-toc-counter ez-toc-custom ez-toc-container-direction\">\n<div class=\"ez-toc-title-container\">\n<p class=\"ez-toc-title\" style=\"cursor:inherit\">Sommaire<\/p>\n<span class=\"ez-toc-title-toggle\"><a href=\"#\" class=\"ez-toc-pull-right ez-toc-btn ez-toc-btn-xs ez-toc-btn-default ez-toc-toggle\" aria-label=\"Alternar tabla de contenidos\"><span class=\"ez-toc-js-icon-con\"><span class=\"\"><span class=\"eztoc-hide\" style=\"display:none;\">Toggle<\/span><span class=\"ez-toc-icon-toggle-span\"><svg style=\"fill: #ffffff;color:#ffffff\" xmlns=\"http:\/\/www.w3.org\/2000\/svg\" class=\"list-377408\" width=\"20px\" height=\"20px\" viewBox=\"0 0 24 24\" fill=\"none\"><path d=\"M6 6H4v2h2V6zm14 0H8v2h12V6zM4 11h2v2H4v-2zm16 0H8v2h12v-2zM4 16h2v2H4v-2zm16 0H8v2h12v-2z\" fill=\"currentColor\"><\/path><\/svg><svg style=\"fill: #ffffff;color:#ffffff\" class=\"arrow-unsorted-368013\" xmlns=\"http:\/\/www.w3.org\/2000\/svg\" width=\"10px\" height=\"10px\" viewBox=\"0 0 24 24\" version=\"1.2\" baseProfile=\"tiny\"><path d=\"M18.2 9.3l-6.2-6.3-6.2 6.3c-.2.2-.3.4-.3.7s.1.5.3.7c.2.2.4.3.7.3h11c.3 0 .5-.1.7-.3.2-.2.3-.5.3-.7s-.1-.5-.3-.7zM5.8 14.7l6.2 6.3 6.2-6.3c.2-.2.3-.5.3-.7s-.1-.5-.3-.7c-.2-.2-.4-.3-.7-.3h-11c-.3 0-.5.1-.7.3-.2.2-.3.5-.3.7s.1.5.3.7z\"\/><\/svg><\/span><\/span><\/span><\/a><\/span><\/div>\n<nav><ul class='ez-toc-list ez-toc-list-level-1 ' ><li class='ez-toc-page-1 ez-toc-heading-level-2'><a class=\"ez-toc-link ez-toc-heading-1\" href=\"https:\/\/www.technomag.fr\/es\/tecno-y-espiritualidad-explorando-la-conexion\/#Musica_tecno_mas_alla_del_baile\" >M\u00fasica tecno: m\u00e1s all\u00e1 del baile<\/a><\/li><li class='ez-toc-page-1 ez-toc-heading-level-2'><a class=\"ez-toc-link ez-toc-heading-2\" href=\"https:\/\/www.technomag.fr\/es\/tecno-y-espiritualidad-explorando-la-conexion\/#Espiritualidad_y_Musica\" >Espiritualidad y M\u00fasica<\/a><\/li><li class='ez-toc-page-1 ez-toc-heading-level-2'><a class=\"ez-toc-link ez-toc-heading-3\" href=\"https:\/\/www.technomag.fr\/es\/tecno-y-espiritualidad-explorando-la-conexion\/#Eventos_Tecno_orientados_a_la_Meditacion\" >Eventos Tecno orientados a la Meditaci\u00f3n<\/a><\/li><li class='ez-toc-page-1 ez-toc-heading-level-2'><a class=\"ez-toc-link ez-toc-heading-4\" href=\"https:\/\/www.technomag.fr\/es\/tecno-y-espiritualidad-explorando-la-conexion\/#Conclusion\" >Conclusi\u00f3n<\/a><\/li><li class='ez-toc-page-1 ez-toc-heading-level-2'><a class=\"ez-toc-link ez-toc-heading-5\" href=\"https:\/\/www.technomag.fr\/es\/tecno-y-espiritualidad-explorando-la-conexion\/#FAQ_sobre_Tecno_y_Espiritualidad\" >FAQ sobre Tecno y Espiritualidad<\/a><\/li><\/ul><\/nav><\/div>\n<h2 class=\"wp-block-heading\"><span class=\"ez-toc-section\" id=\"Musica_tecno_mas_alla_del_baile\"><\/span><strong>M\u00fasica tecno: m\u00e1s all\u00e1 del baile<\/strong><span class=\"ez-toc-section-end\"><\/span><\/h2>\n\n<p>La m\u00fasica tecno es mucho m\u00e1s que un simple ritmo de baile.\nSe basa en complejas composiciones electr\u00f3nicas, que combinan elementos sonoros para crear una experiencia auditiva \u00fanica.\nTrasciende las fronteras culturales y permite a los oyentes perderse en un mundo de sonido.  <\/p>\n\n<h3 class=\"wp-block-heading\"><strong>Energ\u00eda de baja frecuencia<\/strong><\/h3>\n\n<p>Las bajas frecuencias caracter\u00edsticas del techno tienen un profundo efecto sobre el cuerpo y la mente.\nPueden inducir estados meditativos, favoreciendo la relajaci\u00f3n y la concentraci\u00f3n.\nLa resonancia de las bajas frecuencias puede percibirse como un latido, que te lleva a un viaje interior.  <\/p>\n\n<h2 class=\"wp-block-heading\"><span class=\"ez-toc-section\" id=\"Espiritualidad_y_Musica\"><\/span><strong>Espiritualidad y M\u00fasica<\/strong><span class=\"ez-toc-section-end\"><\/span><\/h2>\n\n<p>La espiritualidad es una b\u00fasqueda interior para conectar con algo m\u00e1s grande que uno mismo.\nDurante siglos, la m\u00fasica se ha utilizado para facilitar esta conexi\u00f3n.\nEl tecno, a pesar de sus ra\u00edces modernas, no es una excepci\u00f3n.  <\/p>\n\n<h3 class=\"wp-block-heading\"><strong>La m\u00fasica como puerta del alma<\/strong><\/h3>\n\n<p>La m\u00fasica tecno puede actuar como una puerta al alma, permitiendo la conexi\u00f3n con emociones profundas y una conciencia superior.\nLos oyentes suelen relatar experiencias de trascendencia durante las sesiones de tecno, en las que la m\u00fasica les eleva m\u00e1s all\u00e1 de lo f\u00edsico. <\/p>\n\n<h3 class=\"wp-block-heading\"><strong>El Estado de Flujo<\/strong><\/h3>\n\n<p>El estado de flujo, o estado de gracia, es un estado mental en el que una persona est\u00e1 totalmente absorta en una actividad, perdiendo todo sentido del tiempo y el espacio.\nEl tecno puede inducir este estado, en el que bailarines y oyentes se pierden en la m\u00fasica, experimentando el momento presente de un modo espiritual. <\/p>\n\n<h2 class=\"wp-block-heading\"><span class=\"ez-toc-section\" id=\"Eventos_Tecno_orientados_a_la_Meditacion\"><\/span><strong>Eventos Tecno orientados a la Meditaci\u00f3n<\/strong><span class=\"ez-toc-section-end\"><\/span><\/h2>\n\n<p>Cada vez m\u00e1s eventos de m\u00fasica techno est\u00e1n dise\u00f1ados para ser experiencias meditativas.\nEstos encuentros pretenden combinar los elementos energ\u00e9ticos del techno con la espiritualidad y la meditaci\u00f3n para crear una experiencia \u00fanica. <\/p>\n\n<h3 class=\"wp-block-heading\"><strong>Rituales de preparaci\u00f3n<\/strong><\/h3>\n\n<p>Estos eventos suelen comenzar con rituales preparatorios, que incluyen meditaciones guiadas y pr\u00e1cticas de respiraci\u00f3n.\nEsto permite a los participantes volver a centrarse y abrir sus mentes a la experiencia que les espera. <\/p>\n\n<h3 class=\"wp-block-heading\"><strong>M\u00fasica Meditativa<\/strong><\/h3>\n\n<p>A medida que avanza la noche, la m\u00fasica tecno evoluciona para volverse m\u00e1s meditativa.\nLos artistas utilizan sonidos relajantes y ritmos m\u00e1s lentos para fomentar la reflexi\u00f3n y la contemplaci\u00f3n. <\/p>\n\n<h2 class=\"wp-block-heading\"><span class=\"ez-toc-section\" id=\"Conclusion\"><\/span><strong>Conclusi\u00f3n<\/strong><span class=\"ez-toc-section-end\"><\/span><\/h2>\n\n<p>La conexi\u00f3n entre la m\u00fasica tecno y la espiritualidad es un fen\u00f3meno fascinante.\nAunque el techno ofrece una v\u00eda de escape de la realidad cotidiana, tambi\u00e9n puede ser una poderosa herramienta de transformaci\u00f3n espiritual.\nLos eventos techno orientados a la meditaci\u00f3n demuestran que la m\u00fasica electr\u00f3nica puede servir de puente entre la mente y el cuerpo, ofreciendo una experiencia que trasciende el baile.\nLa pr\u00f3xima vez que te sumerjas en la m\u00fasica tecno, \u00e1brete a la idea de que puede ser algo m\u00e1s que una fiesta de baile: puede ser una experiencia espiritual.   <\/p>\n\n<h2 class=\"wp-block-heading\"><span class=\"ez-toc-section\" id=\"FAQ_sobre_Tecno_y_Espiritualidad\"><\/span><strong>FAQ sobre Tecno y Espiritualidad<\/strong><span class=\"ez-toc-section-end\"><\/span><\/h2>\n\n<p>1. \u00bfPuede la m\u00fasica tecno ser realmente espiritual?<\/p>\n\n<ul class=\"wp-block-list\">\n<li>Absolutamente.\nPara muchas personas, la m\u00fasica tecno crea una conexi\u00f3n profunda con su lado espiritual. <\/li>\n<\/ul>\n\n<p>2. \u00bfC\u00f3mo puedo utilizar la m\u00fasica tecno para meditar?<\/p>\n\n<ul class=\"wp-block-list\">\n<li>Puedes empezar por buscar<a href=\"https:\/\/www.technomag.fr\/agenda\/\"> eventos tecno<\/a> orientados a la meditaci\u00f3n o crear tu propia experiencia meditativa escuchando m\u00fasica tecno relajante.<\/li>\n<\/ul>\n\n<p>3. \u00bfHay alg\u00fan artista tecno con una inclinaci\u00f3n espiritual particular?<\/p>\n\n<ul class=\"wp-block-list\">\n<li>S\u00ed, hay artistas que incorporan elementos espirituales a su m\u00fasica, como Donato Dozzy y Deepchord.<\/li>\n<\/ul>\n\n<p>4. \u00bfPuede la m\u00fasica tecno influir en mi vida cotidiana fuera de los eventos?<\/p>\n\n<ul class=\"wp-block-list\">\n<li>Desde luego que s\u00ed.\nMuchas personas descubren que la m\u00fasica tecno les ayuda a relajarse y concentrarse en su vida cotidiana. <\/li>\n<\/ul>\n\n<p>5. \u00bfC\u00f3mo puedo integrar la m\u00fasica tecno en mi pr\u00e1ctica espiritual personal?<\/p>\n\n<ul class=\"wp-block-list\">\n<li>Puedes escucharlo mientras meditas, contemplas o incluso bailas para conectar con tu espiritualidad interior.<\/li>\n<\/ul>\n\n<p><\/p>\n\n\n<div class=\"kk-star-ratings kksr-auto kksr-align-center kksr-valign-bottom\"\n    data-payload='{&quot;align&quot;:&quot;center&quot;,&quot;id&quot;:&quot;13580&quot;,&quot;slug&quot;:&quot;default&quot;,&quot;valign&quot;:&quot;bottom&quot;,&quot;ignore&quot;:&quot;&quot;,&quot;reference&quot;:&quot;auto&quot;,&quot;class&quot;:&quot;&quot;,&quot;count&quot;:&quot;0&quot;,&quot;legendonly&quot;:&quot;&quot;,&quot;readonly&quot;:&quot;&quot;,&quot;score&quot;:&quot;0&quot;,&quot;starsonly&quot;:&quot;&quot;,&quot;best&quot;:&quot;5&quot;,&quot;gap&quot;:&quot;5&quot;,&quot;greet&quot;:&quot;Noter cet article&quot;,&quot;legend&quot;:&quot;0\\\/5 - (0 votos)&quot;,&quot;size&quot;:&quot;24&quot;,&quot;title&quot;:&quot;Tecno y Espiritualidad: Explorando la Conexi\u00f3n&quot;,&quot;width&quot;:&quot;0&quot;,&quot;_legend&quot;:&quot;{score}\\\/{best} - ({count} {votes})&quot;,&quot;font_factor&quot;:&quot;1.25&quot;}'>\n            \n<div class=\"kksr-stars\">\n    \n<div class=\"kksr-stars-inactive\">\n            <div class=\"kksr-star\" data-star=\"1\" style=\"padding-right: 5px\">\n            \n\n<div class=\"kksr-icon\" style=\"width: 24px; height: 24px;\"><\/div>\n        <\/div>\n            <div class=\"kksr-star\" data-star=\"2\" style=\"padding-right: 5px\">\n            \n\n<div class=\"kksr-icon\" style=\"width: 24px; height: 24px;\"><\/div>\n        <\/div>\n            <div class=\"kksr-star\" data-star=\"3\" style=\"padding-right: 5px\">\n            \n\n<div class=\"kksr-icon\" style=\"width: 24px; height: 24px;\"><\/div>\n        <\/div>\n            <div class=\"kksr-star\" data-star=\"4\" style=\"padding-right: 5px\">\n            \n\n<div class=\"kksr-icon\" style=\"width: 24px; height: 24px;\"><\/div>\n        <\/div>\n            <div class=\"kksr-star\" data-star=\"5\" style=\"padding-right: 5px\">\n            \n\n<div class=\"kksr-icon\" style=\"width: 24px; height: 24px;\"><\/div>\n        <\/div>\n    <\/div>\n    \n<div class=\"kksr-stars-active\" style=\"width: 0px;\">\n            <div class=\"kksr-star\" style=\"padding-right: 5px\">\n            \n\n<div class=\"kksr-icon\" style=\"width: 24px; height: 24px;\"><\/div>\n        <\/div>\n            <div class=\"kksr-star\" style=\"padding-right: 5px\">\n            \n\n<div class=\"kksr-icon\" style=\"width: 24px; height: 24px;\"><\/div>\n        <\/div>\n            <div class=\"kksr-star\" style=\"padding-right: 5px\">\n            \n\n<div class=\"kksr-icon\" style=\"width: 24px; height: 24px;\"><\/div>\n        <\/div>\n            <div class=\"kksr-star\" style=\"padding-right: 5px\">\n            \n\n<div class=\"kksr-icon\" style=\"width: 24px; height: 24px;\"><\/div>\n        <\/div>\n            <div class=\"kksr-star\" style=\"padding-right: 5px\">\n            \n\n<div class=\"kksr-icon\" style=\"width: 24px; height: 24px;\"><\/div>\n        <\/div>\n    <\/div>\n<\/div>\n                \n\n<div class=\"kksr-legend\" style=\"font-size: 19.2px;\">\n            <span class=\"kksr-muted\">Noter cet article<\/span>\n    <\/div>\n    <\/div>\n","protected":false},"excerpt":{"rendered":"<p>La m\u00fasica tecno, a menudo asociada con fiestas din\u00e1micas y una vibrante escena de clubbing, tambi\u00e9n puede ofrecer una profunda experiencia espiritual para algunos. En este art\u00edculo, exploraremos c\u00f3mo la m\u00fasica techno puede trascender los l\u00edmites del baile para convertirse en una experiencia espiritual. Adem\u00e1s, analizaremos los eventos techno orientados a la meditaci\u00f3n, revelando c\u00f3mo [&hellip;]<\/p>\n","protected":false},"author":2,"featured_media":13585,"comment_status":"closed","ping_status":"closed","sticky":false,"template":"","format":"standard","meta":{"_acf_changed":false,"footnotes":""},"categories":[867],"tags":[],"class_list":["post-13580","post","type-post","status-publish","format-standard","has-post-thumbnail","hentry","category-informacion"],"acf":[],"yoast_head":"<!-- This site is optimized with the Yoast SEO plugin v27.5 - https:\/\/yoast.com\/product\/yoast-seo-wordpress\/ -->\n<title>Tecno y Espiritualidad: Explorando la Conexi\u00f3n | Techno Mag<\/title>\n<meta name=\"description\" content=\"Descubre c\u00f3mo la m\u00fasica techno trasciende el baile para convertirse en una profunda experiencia espiritual. Explora el impacto de las bajas frecuencias, el estado de flujo y los eventos techno orientados a la meditaci\u00f3n. Sum\u00e9rgete en una experiencia \u00fanica de transformaci\u00f3n espiritual a trav\u00e9s del techno.\" \/>\n<meta name=\"robots\" content=\"index, follow, max-snippet:-1, max-image-preview:large, max-video-preview:-1\" \/>\n<link rel=\"canonical\" href=\"https:\/\/www.technomag.fr\/es\/tecno-y-espiritualidad-explorando-la-conexion\/\" \/>\n<meta property=\"og:locale\" content=\"es_ES\" \/>\n<meta property=\"og:type\" content=\"article\" \/>\n<meta property=\"og:title\" content=\"Tecno y Espiritualidad: Explorando la Conexi\u00f3n | Techno Mag\" \/>\n<meta property=\"og:description\" content=\"Descubre c\u00f3mo la m\u00fasica techno trasciende el baile para convertirse en una profunda experiencia espiritual. Explora el impacto de las bajas frecuencias, el estado de flujo y los eventos techno orientados a la meditaci\u00f3n. Sum\u00e9rgete en una experiencia \u00fanica de transformaci\u00f3n espiritual a trav\u00e9s del techno.\" \/>\n<meta property=\"og:url\" content=\"https:\/\/www.technomag.fr\/es\/tecno-y-espiritualidad-explorando-la-conexion\/\" \/>\n<meta property=\"og:site_name\" content=\"Techno Mag\" \/>\n<meta property=\"article:published_time\" content=\"2023-10-20T16:46:48+00:00\" \/>\n<meta property=\"article:modified_time\" content=\"2024-08-08T16:35:42+00:00\" \/>\n<meta property=\"og:image\" content=\"https:\/\/www.technomag.fr\/wp-content\/uploads\/2023\/10\/ScreenShot-Tool-20231018191131.png\" \/>\n\t<meta property=\"og:image:width\" content=\"313\" \/>\n\t<meta property=\"og:image:height\" content=\"296\" \/>\n\t<meta property=\"og:image:type\" content=\"image\/png\" \/>\n<meta name=\"author\" content=\"Malo\" \/>\n<meta name=\"twitter:card\" content=\"summary_large_image\" \/>\n<meta name=\"twitter:label1\" content=\"Escrito por\" \/>\n\t<meta name=\"twitter:data1\" content=\"Malo\" \/>\n\t<meta name=\"twitter:label2\" content=\"Tiempo de lectura\" \/>\n\t<meta name=\"twitter:data2\" content=\"4 minutos\" \/>\n<script type=\"application\/ld+json\" class=\"yoast-schema-graph\">{\"@context\":\"https:\\\/\\\/schema.org\",\"@graph\":[{\"@type\":\"Article\",\"@id\":\"https:\\\/\\\/www.technomag.fr\\\/es\\\/tecno-y-espiritualidad-explorando-la-conexion\\\/#article\",\"isPartOf\":{\"@id\":\"https:\\\/\\\/www.technomag.fr\\\/es\\\/tecno-y-espiritualidad-explorando-la-conexion\\\/\"},\"author\":{\"name\":\"Malo\",\"@id\":\"https:\\\/\\\/www.technomag.fr\\\/#\\\/schema\\\/person\\\/a70f6ccc8d17802992de88544d744e6b\"},\"headline\":\"Tecno y Espiritualidad: Explorando la Conexi\u00f3n\",\"datePublished\":\"2023-10-20T16:46:48+00:00\",\"dateModified\":\"2024-08-08T16:35:42+00:00\",\"mainEntityOfPage\":{\"@id\":\"https:\\\/\\\/www.technomag.fr\\\/es\\\/tecno-y-espiritualidad-explorando-la-conexion\\\/\"},\"wordCount\":744,\"publisher\":{\"@id\":\"https:\\\/\\\/www.technomag.fr\\\/#organization\"},\"image\":{\"@id\":\"https:\\\/\\\/www.technomag.fr\\\/es\\\/tecno-y-espiritualidad-explorando-la-conexion\\\/#primaryimage\"},\"thumbnailUrl\":\"https:\\\/\\\/www.technomag.fr\\\/wp-content\\\/uploads\\\/2023\\\/10\\\/ScreenShot-Tool-20231018191131.png\",\"articleSection\":[\"Informaci\u00f3n\"],\"inLanguage\":\"es\"},{\"@type\":\"WebPage\",\"@id\":\"https:\\\/\\\/www.technomag.fr\\\/es\\\/tecno-y-espiritualidad-explorando-la-conexion\\\/\",\"url\":\"https:\\\/\\\/www.technomag.fr\\\/es\\\/tecno-y-espiritualidad-explorando-la-conexion\\\/\",\"name\":\"Tecno y Espiritualidad: Explorando la Conexi\u00f3n | Techno Mag\",\"isPartOf\":{\"@id\":\"https:\\\/\\\/www.technomag.fr\\\/#website\"},\"primaryImageOfPage\":{\"@id\":\"https:\\\/\\\/www.technomag.fr\\\/es\\\/tecno-y-espiritualidad-explorando-la-conexion\\\/#primaryimage\"},\"image\":{\"@id\":\"https:\\\/\\\/www.technomag.fr\\\/es\\\/tecno-y-espiritualidad-explorando-la-conexion\\\/#primaryimage\"},\"thumbnailUrl\":\"https:\\\/\\\/www.technomag.fr\\\/wp-content\\\/uploads\\\/2023\\\/10\\\/ScreenShot-Tool-20231018191131.png\",\"datePublished\":\"2023-10-20T16:46:48+00:00\",\"dateModified\":\"2024-08-08T16:35:42+00:00\",\"description\":\"Descubre c\u00f3mo la m\u00fasica techno trasciende el baile para convertirse en una profunda experiencia espiritual. Explora el impacto de las bajas frecuencias, el estado de flujo y los eventos techno orientados a la meditaci\u00f3n. Sum\u00e9rgete en una experiencia \u00fanica de transformaci\u00f3n espiritual a trav\u00e9s del techno.\",\"breadcrumb\":{\"@id\":\"https:\\\/\\\/www.technomag.fr\\\/es\\\/tecno-y-espiritualidad-explorando-la-conexion\\\/#breadcrumb\"},\"inLanguage\":\"es\",\"potentialAction\":[{\"@type\":\"ReadAction\",\"target\":[\"https:\\\/\\\/www.technomag.fr\\\/es\\\/tecno-y-espiritualidad-explorando-la-conexion\\\/\"]}]},{\"@type\":\"ImageObject\",\"inLanguage\":\"es\",\"@id\":\"https:\\\/\\\/www.technomag.fr\\\/es\\\/tecno-y-espiritualidad-explorando-la-conexion\\\/#primaryimage\",\"url\":\"https:\\\/\\\/www.technomag.fr\\\/wp-content\\\/uploads\\\/2023\\\/10\\\/ScreenShot-Tool-20231018191131.png\",\"contentUrl\":\"https:\\\/\\\/www.technomag.fr\\\/wp-content\\\/uploads\\\/2023\\\/10\\\/ScreenShot-Tool-20231018191131.png\",\"width\":313,\"height\":296},{\"@type\":\"BreadcrumbList\",\"@id\":\"https:\\\/\\\/www.technomag.fr\\\/es\\\/tecno-y-espiritualidad-explorando-la-conexion\\\/#breadcrumb\",\"itemListElement\":[{\"@type\":\"ListItem\",\"position\":1,\"name\":\"Accueil\",\"item\":\"https:\\\/\\\/www.technomag.fr\\\/es\\\/revista-techno\\\/\"},{\"@type\":\"ListItem\",\"position\":2,\"name\":\"Tecno y Espiritualidad: Explorando la Conexi\u00f3n\"}]},{\"@type\":\"WebSite\",\"@id\":\"https:\\\/\\\/www.technomag.fr\\\/#website\",\"url\":\"https:\\\/\\\/www.technomag.fr\\\/\",\"name\":\"Techno Mag\",\"description\":\"Le magazine underground de r\u00e9f\u00e9rence pour la techno\",\"publisher\":{\"@id\":\"https:\\\/\\\/www.technomag.fr\\\/#organization\"},\"potentialAction\":[{\"@type\":\"SearchAction\",\"target\":{\"@type\":\"EntryPoint\",\"urlTemplate\":\"https:\\\/\\\/www.technomag.fr\\\/?s={search_term_string}\"},\"query-input\":{\"@type\":\"PropertyValueSpecification\",\"valueRequired\":true,\"valueName\":\"search_term_string\"}}],\"inLanguage\":\"es\"},{\"@type\":\"Organization\",\"@id\":\"https:\\\/\\\/www.technomag.fr\\\/#organization\",\"name\":\"Techno Mag\",\"url\":\"https:\\\/\\\/www.technomag.fr\\\/\",\"logo\":{\"@type\":\"ImageObject\",\"inLanguage\":\"es\",\"@id\":\"https:\\\/\\\/www.technomag.fr\\\/#\\\/schema\\\/logo\\\/image\\\/\",\"url\":\"https:\\\/\\\/www.technomag.fr\\\/wp-content\\\/uploads\\\/2023\\\/04\\\/TECHNO-e1681225415918.png\",\"contentUrl\":\"https:\\\/\\\/www.technomag.fr\\\/wp-content\\\/uploads\\\/2023\\\/04\\\/TECHNO-e1681225415918.png\",\"width\":500,\"height\":113,\"caption\":\"Techno Mag\"},\"image\":{\"@id\":\"https:\\\/\\\/www.technomag.fr\\\/#\\\/schema\\\/logo\\\/image\\\/\"}},{\"@type\":\"Person\",\"@id\":\"https:\\\/\\\/www.technomag.fr\\\/#\\\/schema\\\/person\\\/a70f6ccc8d17802992de88544d744e6b\",\"name\":\"Malo\",\"image\":{\"@type\":\"ImageObject\",\"inLanguage\":\"es\",\"@id\":\"https:\\\/\\\/www.technomag.fr\\\/wp-content\\\/uploads\\\/2023\\\/12\\\/image_6483441-2-96x96.jpg\",\"url\":\"https:\\\/\\\/www.technomag.fr\\\/wp-content\\\/uploads\\\/2023\\\/12\\\/image_6483441-2-96x96.jpg\",\"contentUrl\":\"https:\\\/\\\/www.technomag.fr\\\/wp-content\\\/uploads\\\/2023\\\/12\\\/image_6483441-2-96x96.jpg\",\"caption\":\"Malo\"},\"description\":\"Malo est co-fondatrice de Technomag. N\u00e9e dans l\u2019univers techno, elle a \u00e9t\u00e9 berc\u00e9e par la vibration des basses (ont vous laisse imaginer les s\u00e9quelles\u00a0 :').\u00a0 Vid\u00e9aste &amp;\u00a0photographe freelance, ce qu\u2019elle aime dans son m\u00e9tier, c\u2019est la possibilit\u00e9 de capturer des \u00e9motions et des instants pr\u00e9cieux \u00e0 travers ses photos et vid\u00e9os. Mais surtout, elle est l\u00e0 pour capturer vos meilleures bass-faces !\u00a0 Chaque \u00e9v\u00e9nement est pour elle une occasion unique de raconter une histoire, qu\u2019elle essaie de faire avec authenticit\u00e9.\u00a0 Chez Technomag, Malo r\u00e9dige des articles, g\u00e8re les r\u00e9seaux sociaux et partage des projets qui lui tiennent \u00e0 c\u0153ur. Elle s\u2019occupe \u00e9galement d\u2019une partie de la communication (ne lui en voulez pas si elle n\u2019a pas encore r\u00e9pondu aux mails ! ^^' ). Pour jeter un coup d'\u0153il \u00e0 son travail, vous pouvez checker son site par ici , et pour les r\u00e9seaux, c'est par l\u00e0 .\",\"sameAs\":[\"http:\\\/\\\/www.amitaistudio.com\",\"https:\\\/\\\/www.instagram.com\\\/amitai.studio06\\\/\"],\"url\":\"https:\\\/\\\/www.technomag.fr\\\/es\\\/redacteur\\\/malo\\\/\"}]}<\/script>\n<!-- \/ Yoast SEO plugin. -->","yoast_head_json":{"title":"Tecno y Espiritualidad: Explorando la Conexi\u00f3n | Techno Mag","description":"Descubre c\u00f3mo la m\u00fasica techno trasciende el baile para convertirse en una profunda experiencia espiritual. Explora el impacto de las bajas frecuencias, el estado de flujo y los eventos techno orientados a la meditaci\u00f3n. Sum\u00e9rgete en una experiencia \u00fanica de transformaci\u00f3n espiritual a trav\u00e9s del techno.","robots":{"index":"index","follow":"follow","max-snippet":"max-snippet:-1","max-image-preview":"max-image-preview:large","max-video-preview":"max-video-preview:-1"},"canonical":"https:\/\/www.technomag.fr\/es\/tecno-y-espiritualidad-explorando-la-conexion\/","og_locale":"es_ES","og_type":"article","og_title":"Tecno y Espiritualidad: Explorando la Conexi\u00f3n | Techno Mag","og_description":"Descubre c\u00f3mo la m\u00fasica techno trasciende el baile para convertirse en una profunda experiencia espiritual. Explora el impacto de las bajas frecuencias, el estado de flujo y los eventos techno orientados a la meditaci\u00f3n. Sum\u00e9rgete en una experiencia \u00fanica de transformaci\u00f3n espiritual a trav\u00e9s del techno.","og_url":"https:\/\/www.technomag.fr\/es\/tecno-y-espiritualidad-explorando-la-conexion\/","og_site_name":"Techno Mag","article_published_time":"2023-10-20T16:46:48+00:00","article_modified_time":"2024-08-08T16:35:42+00:00","og_image":[{"width":313,"height":296,"url":"https:\/\/www.technomag.fr\/wp-content\/uploads\/2023\/10\/ScreenShot-Tool-20231018191131.png","type":"image\/png"}],"author":"Malo","twitter_card":"summary_large_image","twitter_misc":{"Escrito por":"Malo","Tiempo de lectura":"4 minutos"},"schema":{"@context":"https:\/\/schema.org","@graph":[{"@type":"Article","@id":"https:\/\/www.technomag.fr\/es\/tecno-y-espiritualidad-explorando-la-conexion\/#article","isPartOf":{"@id":"https:\/\/www.technomag.fr\/es\/tecno-y-espiritualidad-explorando-la-conexion\/"},"author":{"name":"Malo","@id":"https:\/\/www.technomag.fr\/#\/schema\/person\/a70f6ccc8d17802992de88544d744e6b"},"headline":"Tecno y Espiritualidad: Explorando la Conexi\u00f3n","datePublished":"2023-10-20T16:46:48+00:00","dateModified":"2024-08-08T16:35:42+00:00","mainEntityOfPage":{"@id":"https:\/\/www.technomag.fr\/es\/tecno-y-espiritualidad-explorando-la-conexion\/"},"wordCount":744,"publisher":{"@id":"https:\/\/www.technomag.fr\/#organization"},"image":{"@id":"https:\/\/www.technomag.fr\/es\/tecno-y-espiritualidad-explorando-la-conexion\/#primaryimage"},"thumbnailUrl":"https:\/\/www.technomag.fr\/wp-content\/uploads\/2023\/10\/ScreenShot-Tool-20231018191131.png","articleSection":["Informaci\u00f3n"],"inLanguage":"es"},{"@type":"WebPage","@id":"https:\/\/www.technomag.fr\/es\/tecno-y-espiritualidad-explorando-la-conexion\/","url":"https:\/\/www.technomag.fr\/es\/tecno-y-espiritualidad-explorando-la-conexion\/","name":"Tecno y Espiritualidad: Explorando la Conexi\u00f3n | Techno Mag","isPartOf":{"@id":"https:\/\/www.technomag.fr\/#website"},"primaryImageOfPage":{"@id":"https:\/\/www.technomag.fr\/es\/tecno-y-espiritualidad-explorando-la-conexion\/#primaryimage"},"image":{"@id":"https:\/\/www.technomag.fr\/es\/tecno-y-espiritualidad-explorando-la-conexion\/#primaryimage"},"thumbnailUrl":"https:\/\/www.technomag.fr\/wp-content\/uploads\/2023\/10\/ScreenShot-Tool-20231018191131.png","datePublished":"2023-10-20T16:46:48+00:00","dateModified":"2024-08-08T16:35:42+00:00","description":"Descubre c\u00f3mo la m\u00fasica techno trasciende el baile para convertirse en una profunda experiencia espiritual. Explora el impacto de las bajas frecuencias, el estado de flujo y los eventos techno orientados a la meditaci\u00f3n. Sum\u00e9rgete en una experiencia \u00fanica de transformaci\u00f3n espiritual a trav\u00e9s del techno.","breadcrumb":{"@id":"https:\/\/www.technomag.fr\/es\/tecno-y-espiritualidad-explorando-la-conexion\/#breadcrumb"},"inLanguage":"es","potentialAction":[{"@type":"ReadAction","target":["https:\/\/www.technomag.fr\/es\/tecno-y-espiritualidad-explorando-la-conexion\/"]}]},{"@type":"ImageObject","inLanguage":"es","@id":"https:\/\/www.technomag.fr\/es\/tecno-y-espiritualidad-explorando-la-conexion\/#primaryimage","url":"https:\/\/www.technomag.fr\/wp-content\/uploads\/2023\/10\/ScreenShot-Tool-20231018191131.png","contentUrl":"https:\/\/www.technomag.fr\/wp-content\/uploads\/2023\/10\/ScreenShot-Tool-20231018191131.png","width":313,"height":296},{"@type":"BreadcrumbList","@id":"https:\/\/www.technomag.fr\/es\/tecno-y-espiritualidad-explorando-la-conexion\/#breadcrumb","itemListElement":[{"@type":"ListItem","position":1,"name":"Accueil","item":"https:\/\/www.technomag.fr\/es\/revista-techno\/"},{"@type":"ListItem","position":2,"name":"Tecno y Espiritualidad: Explorando la Conexi\u00f3n"}]},{"@type":"WebSite","@id":"https:\/\/www.technomag.fr\/#website","url":"https:\/\/www.technomag.fr\/","name":"Techno Mag","description":"Le magazine underground de r\u00e9f\u00e9rence pour la techno","publisher":{"@id":"https:\/\/www.technomag.fr\/#organization"},"potentialAction":[{"@type":"SearchAction","target":{"@type":"EntryPoint","urlTemplate":"https:\/\/www.technomag.fr\/?s={search_term_string}"},"query-input":{"@type":"PropertyValueSpecification","valueRequired":true,"valueName":"search_term_string"}}],"inLanguage":"es"},{"@type":"Organization","@id":"https:\/\/www.technomag.fr\/#organization","name":"Techno Mag","url":"https:\/\/www.technomag.fr\/","logo":{"@type":"ImageObject","inLanguage":"es","@id":"https:\/\/www.technomag.fr\/#\/schema\/logo\/image\/","url":"https:\/\/www.technomag.fr\/wp-content\/uploads\/2023\/04\/TECHNO-e1681225415918.png","contentUrl":"https:\/\/www.technomag.fr\/wp-content\/uploads\/2023\/04\/TECHNO-e1681225415918.png","width":500,"height":113,"caption":"Techno Mag"},"image":{"@id":"https:\/\/www.technomag.fr\/#\/schema\/logo\/image\/"}},{"@type":"Person","@id":"https:\/\/www.technomag.fr\/#\/schema\/person\/a70f6ccc8d17802992de88544d744e6b","name":"Malo","image":{"@type":"ImageObject","inLanguage":"es","@id":"https:\/\/www.technomag.fr\/wp-content\/uploads\/2023\/12\/image_6483441-2-96x96.jpg","url":"https:\/\/www.technomag.fr\/wp-content\/uploads\/2023\/12\/image_6483441-2-96x96.jpg","contentUrl":"https:\/\/www.technomag.fr\/wp-content\/uploads\/2023\/12\/image_6483441-2-96x96.jpg","caption":"Malo"},"description":"Malo est co-fondatrice de Technomag. N\u00e9e dans l\u2019univers techno, elle a \u00e9t\u00e9 berc\u00e9e par la vibration des basses (ont vous laisse imaginer les s\u00e9quelles\u00a0 :').\u00a0 Vid\u00e9aste &amp;\u00a0photographe freelance, ce qu\u2019elle aime dans son m\u00e9tier, c\u2019est la possibilit\u00e9 de capturer des \u00e9motions et des instants pr\u00e9cieux \u00e0 travers ses photos et vid\u00e9os. Mais surtout, elle est l\u00e0 pour capturer vos meilleures bass-faces !\u00a0 Chaque \u00e9v\u00e9nement est pour elle une occasion unique de raconter une histoire, qu\u2019elle essaie de faire avec authenticit\u00e9.\u00a0 Chez Technomag, Malo r\u00e9dige des articles, g\u00e8re les r\u00e9seaux sociaux et partage des projets qui lui tiennent \u00e0 c\u0153ur. Elle s\u2019occupe \u00e9galement d\u2019une partie de la communication (ne lui en voulez pas si elle n\u2019a pas encore r\u00e9pondu aux mails ! ^^' ). Pour jeter un coup d'\u0153il \u00e0 son travail, vous pouvez checker son site par ici , et pour les r\u00e9seaux, c'est par l\u00e0 .","sameAs":["http:\/\/www.amitaistudio.com","https:\/\/www.instagram.com\/amitai.studio06\/"],"url":"https:\/\/www.technomag.fr\/es\/redacteur\/malo\/"}]}},"_links":{"self":[{"href":"https:\/\/www.technomag.fr\/es\/wp-json\/wp\/v2\/posts\/13580","targetHints":{"allow":["GET"]}}],"collection":[{"href":"https:\/\/www.technomag.fr\/es\/wp-json\/wp\/v2\/posts"}],"about":[{"href":"https:\/\/www.technomag.fr\/es\/wp-json\/wp\/v2\/types\/post"}],"author":[{"embeddable":true,"href":"https:\/\/www.technomag.fr\/es\/wp-json\/wp\/v2\/users\/2"}],"replies":[{"embeddable":true,"href":"https:\/\/www.technomag.fr\/es\/wp-json\/wp\/v2\/comments?post=13580"}],"version-history":[{"count":2,"href":"https:\/\/www.technomag.fr\/es\/wp-json\/wp\/v2\/posts\/13580\/revisions"}],"predecessor-version":[{"id":14677,"href":"https:\/\/www.technomag.fr\/es\/wp-json\/wp\/v2\/posts\/13580\/revisions\/14677"}],"wp:featuredmedia":[{"embeddable":true,"href":"https:\/\/www.technomag.fr\/es\/wp-json\/wp\/v2\/media\/13585"}],"wp:attachment":[{"href":"https:\/\/www.technomag.fr\/es\/wp-json\/wp\/v2\/media?parent=13580"}],"wp:term":[{"taxonomy":"category","embeddable":true,"href":"https:\/\/www.technomag.fr\/es\/wp-json\/wp\/v2\/categories?post=13580"},{"taxonomy":"post_tag","embeddable":true,"href":"https:\/\/www.technomag.fr\/es\/wp-json\/wp\/v2\/tags?post=13580"}],"curies":[{"name":"wp","href":"https:\/\/api.w.org\/{rel}","templated":true}]}}