
{"id":13241,"date":"2024-02-05T14:22:06","date_gmt":"2024-02-05T13:22:06","guid":{"rendered":"https:\/\/www.technomag.fr\/epica-no-2-60-kw-de-tekno-en-lyon-programados-para-el-2-de-marzo-de-2024\/"},"modified":"2024-08-08T13:29:27","modified_gmt":"2024-08-08T12:29:27","slug":"epica-no-2-60-kw-de-tekno-en-lyon-programados-para-el-2-de-marzo-de-2024","status":"publish","type":"post","link":"https:\/\/www.technomag.fr\/es\/epica-no-2-60-kw-de-tekno-en-lyon-programados-para-el-2-de-marzo-de-2024\/","title":{"rendered":"\u00c9pica n\u00ba 2: 60 kW de Tekno en Lyon programados para el 2 de marzo de 2024"},"content":{"rendered":"\n<p>En pocas palabras, h\u00e1blanos de P\u00e8lerinage y de sus noches tekno.\n\u00bfC\u00f3mo surgi\u00f3 y cu\u00e1l es el fascinante trasfondo de este equipo dedicado a la m\u00fasica underground? <\/p>\n<div class=\"wp-block-image\">\n<figure class=\"aligncenter size-large\"><img fetchpriority=\"high\" decoding=\"async\" width=\"1024\" height=\"684\" src=\"https:\/\/www.technomag.fr\/wp-content\/uploads\/2024\/02\/DSC0600-1024x684.jpg\" alt=\"\" class=\"wp-image-7324\" srcset=\"https:\/\/www.technomag.fr\/wp-content\/uploads\/2024\/02\/DSC0600-1024x684.jpg 1024w, https:\/\/www.technomag.fr\/wp-content\/uploads\/2024\/02\/DSC0600-600x401.jpg 600w, https:\/\/www.technomag.fr\/wp-content\/uploads\/2024\/02\/DSC0600-300x200.jpg 300w, https:\/\/www.technomag.fr\/wp-content\/uploads\/2024\/02\/DSC0600-768x513.jpg 768w, https:\/\/www.technomag.fr\/wp-content\/uploads\/2024\/02\/DSC0600-391x260.jpg 391w, https:\/\/www.technomag.fr\/wp-content\/uploads\/2024\/02\/DSC0600-1536x1025.jpg 1536w, https:\/\/www.technomag.fr\/wp-content\/uploads\/2024\/02\/DSC0600-2048x1367.jpg 2048w, https:\/\/www.technomag.fr\/wp-content\/uploads\/2024\/02\/DSC0600-150x100.jpg 150w\" sizes=\"(max-width: 1024px) 100vw, 1024px\" \/><\/figure>\n<\/div>\n<blockquote class=\"wp-block-quote is-layout-flow wp-block-quote-is-layout-flow\">\n<p>\u00bfC\u00f3mo consiguieron reunir a todos estos artistas de talento en una misma velada?  <\/p>\n<\/blockquote>\n\n<div id=\"ez-toc-container\" class=\"ez-toc-v2_0_82_2 ez-toc-wrap-center counter-hierarchy ez-toc-counter ez-toc-custom ez-toc-container-direction\">\n<div class=\"ez-toc-title-container\">\n<p class=\"ez-toc-title\" style=\"cursor:inherit\">Sommaire<\/p>\n<span class=\"ez-toc-title-toggle\"><a href=\"#\" class=\"ez-toc-pull-right ez-toc-btn ez-toc-btn-xs ez-toc-btn-default ez-toc-toggle\" aria-label=\"Alternar tabla de contenidos\"><span class=\"ez-toc-js-icon-con\"><span class=\"\"><span class=\"eztoc-hide\" style=\"display:none;\">Toggle<\/span><span class=\"ez-toc-icon-toggle-span\"><svg style=\"fill: #ffffff;color:#ffffff\" xmlns=\"http:\/\/www.w3.org\/2000\/svg\" class=\"list-377408\" width=\"20px\" height=\"20px\" viewBox=\"0 0 24 24\" fill=\"none\"><path d=\"M6 6H4v2h2V6zm14 0H8v2h12V6zM4 11h2v2H4v-2zm16 0H8v2h12v-2zM4 16h2v2H4v-2zm16 0H8v2h12v-2z\" fill=\"currentColor\"><\/path><\/svg><svg style=\"fill: #ffffff;color:#ffffff\" class=\"arrow-unsorted-368013\" xmlns=\"http:\/\/www.w3.org\/2000\/svg\" width=\"10px\" height=\"10px\" viewBox=\"0 0 24 24\" version=\"1.2\" baseProfile=\"tiny\"><path d=\"M18.2 9.3l-6.2-6.3-6.2 6.3c-.2.2-.3.4-.3.7s.1.5.3.7c.2.2.4.3.7.3h11c.3 0 .5-.1.7-.3.2-.2.3-.5.3-.7s-.1-.5-.3-.7zM5.8 14.7l6.2 6.3 6.2-6.3c.2-.2.3-.5.3-.7s-.1-.5-.3-.7c-.2-.2-.4-.3-.7-.3h-11c-.3 0-.5.1-.7.3-.2.2-.3.5-.3.7s.1.5.3.7z\"\/><\/svg><\/span><\/span><\/span><\/a><\/span><\/div>\n<nav><ul class='ez-toc-list ez-toc-list-level-1 ' ><li class='ez-toc-page-1 ez-toc-heading-level-2'><a class=\"ez-toc-link ez-toc-heading-1\" href=\"https:\/\/www.technomag.fr\/es\/epica-no-2-60-kw-de-tekno-en-lyon-programados-para-el-2-de-marzo-de-2024\/#El_origen_de_la_peregrinacion\" >El origen de la peregrinaci\u00f3n<\/a><\/li><li class='ez-toc-page-1 ez-toc-heading-level-2'><a class=\"ez-toc-link ez-toc-heading-2\" href=\"https:\/\/www.technomag.fr\/es\/epica-no-2-60-kw-de-tekno-en-lyon-programados-para-el-2-de-marzo-de-2024\/#LEpopee_no_2_La_cita_ineludible_de_Lyon\" >L&#8217;\u00c9pop\u00e9e n\u00ba 2: La cita ineludible de Lyon<\/a><\/li><li class='ez-toc-page-1 ez-toc-heading-level-2'><a class=\"ez-toc-link ez-toc-heading-3\" href=\"https:\/\/www.technomag.fr\/es\/epica-no-2-60-kw-de-tekno-en-lyon-programados-para-el-2-de-marzo-de-2024\/#La_seleccion_de_la_alineacion_de_calidad\" >La selecci\u00f3n de la alineaci\u00f3n de calidad<\/a><\/li><li class='ez-toc-page-1 ez-toc-heading-level-2'><a class=\"ez-toc-link ez-toc-heading-4\" href=\"https:\/\/www.technomag.fr\/es\/epica-no-2-60-kw-de-tekno-en-lyon-programados-para-el-2-de-marzo-de-2024\/#Un_sistema_de_sonido_de_60_kW\" >Un sistema de sonido de 60 kW<\/a><\/li><li class='ez-toc-page-1 ez-toc-heading-level-2'><a class=\"ez-toc-link ez-toc-heading-5\" href=\"https:\/\/www.technomag.fr\/es\/epica-no-2-60-kw-de-tekno-en-lyon-programados-para-el-2-de-marzo-de-2024\/#Futuros_proyectos_apasionantes\" >Futuros proyectos apasionantes<\/a><\/li><\/ul><\/nav><\/div>\n<h2 class=\"wp-block-heading\"><span class=\"ez-toc-section\" id=\"El_origen_de_la_peregrinacion\"><\/span>El origen de la peregrinaci\u00f3n<span class=\"ez-toc-section-end\"><\/span><\/h2>\n\n<p>Hace poco m\u00e1s de un a\u00f1o, <a href=\"https:\/\/www.instagram.com\/lepelerinage\/\" target=\"_blank\" rel=\"noreferrer noopener\">P\u00e8lerinage<\/a> naci\u00f3 de la fusi\u00f3n entre <a href=\"https:\/\/www.instagram.com\/groovitevents\/\" target=\"_blank\" rel=\"noreferrer noopener\">Groov&#8217;It Events<\/a> y <a href=\"https:\/\/www.instagram.com\/owlsound_\/\" target=\"_blank\" rel=\"noreferrer noopener\">Owl Sound<\/a>, dos asociaciones lionesas apasionadas por la m\u00fasica y la cultura underground.\nSu visi\u00f3n compartida es ofrecer eventos cada vez m\u00e1s ambiciosos, centrados en una direcci\u00f3n art\u00edstica innovadora, destacando propuestas exclusivas y promocionando artistas emergentes.\nSu compromiso con el intercambio y la accesibilidad sigue siendo la piedra angular de todas sus organizaciones.  <\/p>\n\n<h2 class=\"wp-block-heading\"><span class=\"ez-toc-section\" id=\"LEpopee_no_2_La_cita_ineludible_de_Lyon\"><\/span>L&#8217;\u00c9pop\u00e9e n\u00ba 2: La cita ineludible de Lyon<span class=\"ez-toc-section-end\"><\/span><\/h2>\n<div class=\"wp-block-image\">\n<figure class=\"aligncenter size-large\"><a href=\"https:\/\/shotgun.live\/fr\/events\/l-epopee-2\"><img decoding=\"async\" width=\"1024\" height=\"577\" src=\"https:\/\/www.technomag.fr\/wp-content\/uploads\/2024\/02\/Epopee-2-1-1024x577.png\" alt=\"\" class=\"wp-image-7329\" srcset=\"https:\/\/www.technomag.fr\/wp-content\/uploads\/2024\/02\/Epopee-2-1-1024x577.png 1024w, https:\/\/www.technomag.fr\/wp-content\/uploads\/2024\/02\/Epopee-2-1-600x338.png 600w, https:\/\/www.technomag.fr\/wp-content\/uploads\/2024\/02\/Epopee-2-1-300x169.png 300w, https:\/\/www.technomag.fr\/wp-content\/uploads\/2024\/02\/Epopee-2-1-768x433.png 768w, https:\/\/www.technomag.fr\/wp-content\/uploads\/2024\/02\/Epopee-2-1-150x85.png 150w, https:\/\/www.technomag.fr\/wp-content\/uploads\/2024\/02\/Epopee-2-1.png 1398w\" sizes=\"(max-width: 1024px) 100vw, 1024px\" \/><\/a><\/figure>\n<\/div>\n<div class=\"wp-block-buttons is-content-justification-center is-layout-flex wp-container-core-buttons-is-layout-8057eaf3 wp-block-buttons-is-layout-flex\">\n<div class=\"wp-block-button\"><a class=\"wp-block-button__link wp-element-button\" href=\"https:\/\/shotgun.live\/fr\/events\/l-epopee-2\" target=\"_blank\" rel=\"noreferrer noopener\">Evento<\/a><\/div>\n<\/div>\n\n<div style=\"height:14px\" aria-hidden=\"true\" class=\"wp-block-spacer\"><\/div>\n\n<p>L&#8217;\u00c9pop\u00e9e naci\u00f3 como un acontecimiento \u00fanico, de su deseo de organizar una velada excepcional en el emblem\u00e1tico local de Lyon, <a href=\"https:\/\/www.instagram.com\/doublemixtelyon\/\" target=\"_blank\" rel=\"noreferrer noopener\">Le Double Mixte<\/a>. Le Double Mixte ha sido escenario de muchas veladas memorables a lo largo de los a\u00f1os.\nBas\u00e1ndose en el \u00e9xito de su primera edici\u00f3n, que agot\u00f3 r\u00e1pidamente las entradas, consideraron inevitable hacer de esta cita un acontecimiento permanente, ofreciendo una direcci\u00f3n art\u00edstica que reflejara la esencia del P\u00e8lerinage. <\/p>\n\n<p>Esta segunda edici\u00f3n promete muchas exclusivas, con VS (versus) de Art C\u00e8ne &amp; Severus, as\u00ed como un especial 6 manos de <a href=\"https:\/\/www.instagram.com\/skwer_agency\/\" target=\"_blank\" rel=\"noreferrer noopener\">Skwer<\/a> Agency con Gs.Esk &amp; Four Handz.\nAdem\u00e1s, por primera vez en Lyon, estar\u00e1n presentes el d\u00fao italiano Neurotribe &amp; Kokko y Moldetek.\nTodas estas exclusivas estar\u00e1n acompa\u00f1adas por las actuaciones de Acid Division, Loko y nuestros residentes Sagan y GabyGetGet.  <\/p>\n\n<p>Para fidelizar al p\u00fablico, el equipo de P\u00e8lerinage ha replanteado por completo el evento, redefiniendo la configuraci\u00f3n del lugar, el sistema de sonido, la escenograf\u00eda y la organizaci\u00f3n.\nUna cosa es segura: esta segunda edici\u00f3n promete ser memorable, \u00a1y est\u00e1 claro que no ser\u00e1 la \u00faltima! <\/p>\n\n<h2 class=\"wp-block-heading\"><span class=\"ez-toc-section\" id=\"La_seleccion_de_la_alineacion_de_calidad\"><\/span>La selecci\u00f3n de la alineaci\u00f3n de calidad<span class=\"ez-toc-section-end\"><\/span><\/h2>\n\n<p>\u00bfC\u00f3mo han conseguido reunir a todos estos artistas de talento en la misma noche?\nLa respuesta est\u00e1 en su deseo de renovarse constantemente y evitar alineaciones redundantes.\nAunque ha sido un reto considerable para ellos, est\u00e1n orgullosos de presentar este cartel excepcional.  <\/p>\n\n<p>A lo largo de los a\u00f1os, gracias a sus conexiones en la escena de la fiesta libre en Francia y Europa, as\u00ed como a la confianza de artistas y agencias de contrataci\u00f3n, han podido renovar constantemente sus propuestas art\u00edsticas.\nEste cartel, probablemente el m\u00e1s ambicioso hasta la fecha, encaja perfectamente con su visi\u00f3n.\nTras las exclusivas presentadas en la primera edici\u00f3n, era inevitable mantener el nivel, y el entusiasmo del p\u00fablico por esta edici\u00f3n parece confirmar que van por buen camino.  <\/p>\n\n<h2 class=\"wp-block-heading\"><span class=\"ez-toc-section\" id=\"Un_sistema_de_sonido_de_60_kW\"><\/span>Un sistema de sonido de 60 kW<span class=\"ez-toc-section-end\"><\/span><\/h2>\n\n<p>Se han comprometido a proporcionar una experiencia de sonido excepcional en el evento.\nProporcionar un sistema de sonido de 60 kW no fue una decisi\u00f3n tomada a la ligera.\nRequiri\u00f3 muchas horas de reflexi\u00f3n por parte de sus proveedores de servicios y su equipo t\u00e9cnico.\nA lo largo de los a\u00f1os, sus t\u00e9cnicos han perfeccionado sus habilidades, lo que les permite ofrecer hoy este tipo de servicio de audio.   <\/p>\n\n<h2 class=\"wp-block-heading\"><span class=\"ez-toc-section\" id=\"Futuros_proyectos_apasionantes\"><\/span>Futuros proyectos apasionantes<span class=\"ez-toc-section-end\"><\/span><\/h2>\n\n<p>\u00bfQu\u00e9 le depara el futuro a la Peregrinaci\u00f3n despu\u00e9s de este acontecimiento?\nNo se ponen l\u00edmites, y sus actos est\u00e1n dise\u00f1ados con esa idea en mente.\nPretenden seguir ofreciendo eventos que sean como ellos, teniendo en cuenta que a veces es esencial no tomarse demasiado en serio a uno mismo.  <\/p>\n\n<p>Este verano tienen previsto lanzar un evento que recuerde a P\u00e8lerinette 1, centrado en el estilo \u00abguinguette\u00bb, con m\u00fasica eurodance, disco y funk.\nAdem\u00e1s, tras el \u00e9xito de L&#8217;\u00c9pop\u00e9e, tienen previsto anunciar varios actos al aire libre para la temporada de verano. <\/p>\n\n<p>Entre bastidores, sus equipos t\u00e9cnicos llevan casi un a\u00f1o trabajando en un nuevo sistema de sonido DIY creado en colaboraci\u00f3n con expertos en la materia.\nAdem\u00e1s, algunos miembros de su equipo han puesto en marcha una agencia art\u00edstica, <a href=\"https:\/\/www.instagram.com\/skwer_agency\/\" target=\"_blank\" rel=\"noreferrer noopener\">SKWER AGENCY<\/a>, con el objetivo de promocionar a artistas emergentes en su campo. <\/p>\n\n<p>Para concluir, les gustar\u00eda aprovechar este art\u00edculo para agradecer calurosamente a su p\u00fablico: \u00abVosotros sois nuestra fuerza motriz, y vuestros comentarios nos inspiran en la realizaci\u00f3n de estos acontecimientos excepcionales. No podemos agradeceros lo suficiente vuestra confianza y energ\u00eda. Vosotros sois la raz\u00f3n por la que la Peregrinaci\u00f3n sigue evolucionando e innovando\u00bb.<\/p>\n\n<ul class=\"wp-block-social-links aligncenter is-layout-flex wp-block-social-links-is-layout-flex\"><li class=\"wp-social-link wp-social-link-instagram  wp-block-social-link\"><a href=\"https:\/\/www.instagram.com\/lepelerinage\/\" class=\"wp-block-social-link-anchor\"><svg width=\"24\" height=\"24\" viewBox=\"0 0 24 24\" version=\"1.1\" xmlns=\"http:\/\/www.w3.org\/2000\/svg\" aria-hidden=\"true\" focusable=\"false\"><path d=\"M12,4.622c2.403,0,2.688,0.009,3.637,0.052c0.877,0.04,1.354,0.187,1.671,0.31c0.42,0.163,0.72,0.358,1.035,0.673 c0.315,0.315,0.51,0.615,0.673,1.035c0.123,0.317,0.27,0.794,0.31,1.671c0.043,0.949,0.052,1.234,0.052,3.637 s-0.009,2.688-0.052,3.637c-0.04,0.877-0.187,1.354-0.31,1.671c-0.163,0.42-0.358,0.72-0.673,1.035 c-0.315,0.315-0.615,0.51-1.035,0.673c-0.317,0.123-0.794,0.27-1.671,0.31c-0.949,0.043-1.233,0.052-3.637,0.052 s-2.688-0.009-3.637-0.052c-0.877-0.04-1.354-0.187-1.671-0.31c-0.42-0.163-0.72-0.358-1.035-0.673 c-0.315-0.315-0.51-0.615-0.673-1.035c-0.123-0.317-0.27-0.794-0.31-1.671C4.631,14.688,4.622,14.403,4.622,12 s0.009-2.688,0.052-3.637c0.04-0.877,0.187-1.354,0.31-1.671c0.163-0.42,0.358-0.72,0.673-1.035 c0.315-0.315,0.615-0.51,1.035-0.673c0.317-0.123,0.794-0.27,1.671-0.31C9.312,4.631,9.597,4.622,12,4.622 M12,3 C9.556,3,9.249,3.01,8.289,3.054C7.331,3.098,6.677,3.25,6.105,3.472C5.513,3.702,5.011,4.01,4.511,4.511 c-0.5,0.5-0.808,1.002-1.038,1.594C3.25,6.677,3.098,7.331,3.054,8.289C3.01,9.249,3,9.556,3,12c0,2.444,0.01,2.751,0.054,3.711 c0.044,0.958,0.196,1.612,0.418,2.185c0.23,0.592,0.538,1.094,1.038,1.594c0.5,0.5,1.002,0.808,1.594,1.038 c0.572,0.222,1.227,0.375,2.185,0.418C9.249,20.99,9.556,21,12,21s2.751-0.01,3.711-0.054c0.958-0.044,1.612-0.196,2.185-0.418 c0.592-0.23,1.094-0.538,1.594-1.038c0.5-0.5,0.808-1.002,1.038-1.594c0.222-0.572,0.375-1.227,0.418-2.185 C20.99,14.751,21,14.444,21,12s-0.01-2.751-0.054-3.711c-0.044-0.958-0.196-1.612-0.418-2.185c-0.23-0.592-0.538-1.094-1.038-1.594 c-0.5-0.5-1.002-0.808-1.594-1.038c-0.572-0.222-1.227-0.375-2.185-0.418C14.751,3.01,14.444,3,12,3L12,3z M12,7.378 c-2.552,0-4.622,2.069-4.622,4.622S9.448,16.622,12,16.622s4.622-2.069,4.622-4.622S14.552,7.378,12,7.378z M12,15 c-1.657,0-3-1.343-3-3s1.343-3,3-3s3,1.343,3,3S13.657,15,12,15z M16.804,6.116c-0.596,0-1.08,0.484-1.08,1.08 s0.484,1.08,1.08,1.08c0.596,0,1.08-0.484,1.08-1.08S17.401,6.116,16.804,6.116z\"><\/path><\/svg><span class=\"wp-block-social-link-label screen-reader-text\">Instagram<\/span><\/a><\/li><\/ul>\n\n\n<div class=\"kk-star-ratings kksr-auto kksr-align-center kksr-valign-bottom\"\n    data-payload='{&quot;align&quot;:&quot;center&quot;,&quot;id&quot;:&quot;13241&quot;,&quot;slug&quot;:&quot;default&quot;,&quot;valign&quot;:&quot;bottom&quot;,&quot;ignore&quot;:&quot;&quot;,&quot;reference&quot;:&quot;auto&quot;,&quot;class&quot;:&quot;&quot;,&quot;count&quot;:&quot;0&quot;,&quot;legendonly&quot;:&quot;&quot;,&quot;readonly&quot;:&quot;&quot;,&quot;score&quot;:&quot;0&quot;,&quot;starsonly&quot;:&quot;&quot;,&quot;best&quot;:&quot;5&quot;,&quot;gap&quot;:&quot;5&quot;,&quot;greet&quot;:&quot;Noter cet article&quot;,&quot;legend&quot;:&quot;0\\\/5 - (0 votos)&quot;,&quot;size&quot;:&quot;24&quot;,&quot;title&quot;:&quot;\u00c9pica n\u00ba 2: 60 kW de Tekno en Lyon programados para el 2 de marzo de 2024&quot;,&quot;width&quot;:&quot;0&quot;,&quot;_legend&quot;:&quot;{score}\\\/{best} - ({count} {votes})&quot;,&quot;font_factor&quot;:&quot;1.25&quot;}'>\n            \n<div class=\"kksr-stars\">\n    \n<div class=\"kksr-stars-inactive\">\n            <div class=\"kksr-star\" data-star=\"1\" style=\"padding-right: 5px\">\n            \n\n<div class=\"kksr-icon\" style=\"width: 24px; height: 24px;\"><\/div>\n        <\/div>\n            <div class=\"kksr-star\" data-star=\"2\" style=\"padding-right: 5px\">\n            \n\n<div class=\"kksr-icon\" style=\"width: 24px; height: 24px;\"><\/div>\n        <\/div>\n            <div class=\"kksr-star\" data-star=\"3\" style=\"padding-right: 5px\">\n            \n\n<div class=\"kksr-icon\" style=\"width: 24px; height: 24px;\"><\/div>\n        <\/div>\n            <div class=\"kksr-star\" data-star=\"4\" style=\"padding-right: 5px\">\n            \n\n<div class=\"kksr-icon\" style=\"width: 24px; height: 24px;\"><\/div>\n        <\/div>\n            <div class=\"kksr-star\" data-star=\"5\" style=\"padding-right: 5px\">\n            \n\n<div class=\"kksr-icon\" style=\"width: 24px; height: 24px;\"><\/div>\n        <\/div>\n    <\/div>\n    \n<div class=\"kksr-stars-active\" style=\"width: 0px;\">\n            <div class=\"kksr-star\" style=\"padding-right: 5px\">\n            \n\n<div class=\"kksr-icon\" style=\"width: 24px; height: 24px;\"><\/div>\n        <\/div>\n            <div class=\"kksr-star\" style=\"padding-right: 5px\">\n            \n\n<div class=\"kksr-icon\" style=\"width: 24px; height: 24px;\"><\/div>\n        <\/div>\n            <div class=\"kksr-star\" style=\"padding-right: 5px\">\n            \n\n<div class=\"kksr-icon\" style=\"width: 24px; height: 24px;\"><\/div>\n        <\/div>\n            <div class=\"kksr-star\" style=\"padding-right: 5px\">\n            \n\n<div class=\"kksr-icon\" style=\"width: 24px; height: 24px;\"><\/div>\n        <\/div>\n            <div class=\"kksr-star\" style=\"padding-right: 5px\">\n            \n\n<div class=\"kksr-icon\" style=\"width: 24px; height: 24px;\"><\/div>\n        <\/div>\n    <\/div>\n<\/div>\n                \n\n<div class=\"kksr-legend\" style=\"font-size: 19.2px;\">\n            <span class=\"kksr-muted\">Noter cet article<\/span>\n    <\/div>\n    <\/div>\n","protected":false},"excerpt":{"rendered":"<p>L&#8217;\u00c9pop\u00e9e #2 llega a Lyon con 60 kW de puro Tekno.<br \/>\nUna velada \u00e9pica prevista para el 2 de marzo de 2024.<br \/>\nNo pierdas tu oportunidad, \u00a1inf\u00f3rmate aqu\u00ed!  <\/p>\n","protected":false},"author":2,"featured_media":13243,"comment_status":"closed","ping_status":"closed","sticky":false,"template":"","format":"standard","meta":{"_acf_changed":false,"footnotes":""},"categories":[878],"tags":[],"class_list":["post-13241","post","type-post","status-publish","format-standard","has-post-thumbnail","hentry","category-tardes-clubs"],"acf":[],"yoast_head":"<!-- This site is optimized with the Yoast SEO plugin v27.5 - https:\/\/yoast.com\/product\/yoast-seo-wordpress\/ -->\n<title>\u00c9pica n\u00ba 2: 60 kW de Tekno en Lyon programados para el 2 de marzo de 2024 | Techno Mag<\/title>\n<meta name=\"description\" content=\"L&#039;\u00c9pop\u00e9e #2 llega a Lyon con 60 kW de puro Tekno. Una velada \u00e9pica prevista para el 2 de marzo de 2024. No pierdas tu oportunidad, \u00a1inf\u00f3rmate aqu\u00ed!\" \/>\n<meta name=\"robots\" content=\"index, follow, max-snippet:-1, max-image-preview:large, max-video-preview:-1\" \/>\n<link rel=\"canonical\" href=\"https:\/\/www.technomag.fr\/es\/epica-no-2-60-kw-de-tekno-en-lyon-programados-para-el-2-de-marzo-de-2024\/\" \/>\n<meta property=\"og:locale\" content=\"es_ES\" \/>\n<meta property=\"og:type\" content=\"article\" \/>\n<meta property=\"og:title\" content=\"\u00c9pica n\u00ba 2: 60 kW de Tekno en Lyon programados para el 2 de marzo de 2024 | Techno Mag\" \/>\n<meta property=\"og:description\" content=\"L&#039;\u00c9pop\u00e9e #2 llega a Lyon con 60 kW de puro Tekno. Una velada \u00e9pica prevista para el 2 de marzo de 2024. No pierdas tu oportunidad, \u00a1inf\u00f3rmate aqu\u00ed!\" \/>\n<meta property=\"og:url\" content=\"https:\/\/www.technomag.fr\/es\/epica-no-2-60-kw-de-tekno-en-lyon-programados-para-el-2-de-marzo-de-2024\/\" \/>\n<meta property=\"og:site_name\" content=\"Techno Mag\" \/>\n<meta property=\"article:published_time\" content=\"2024-02-05T13:22:06+00:00\" \/>\n<meta property=\"article:modified_time\" content=\"2024-08-08T12:29:27+00:00\" \/>\n<meta property=\"og:image\" content=\"https:\/\/www.technomag.fr\/wp-content\/uploads\/2024\/02\/409630077_400711278956035_6670931930323205774_n.jpg\" \/>\n\t<meta property=\"og:image:width\" content=\"2048\" \/>\n\t<meta property=\"og:image:height\" content=\"1367\" \/>\n\t<meta property=\"og:image:type\" content=\"image\/jpeg\" \/>\n<meta name=\"author\" content=\"Malo\" \/>\n<meta name=\"twitter:card\" content=\"summary_large_image\" \/>\n<meta name=\"twitter:label1\" content=\"Escrito por\" \/>\n\t<meta name=\"twitter:data1\" content=\"Malo\" \/>\n\t<meta name=\"twitter:label2\" content=\"Tiempo de lectura\" \/>\n\t<meta name=\"twitter:data2\" content=\"4 minutos\" \/>\n<script type=\"application\/ld+json\" class=\"yoast-schema-graph\">{\"@context\":\"https:\\\/\\\/schema.org\",\"@graph\":[{\"@type\":\"Article\",\"@id\":\"https:\\\/\\\/www.technomag.fr\\\/es\\\/epica-no-2-60-kw-de-tekno-en-lyon-programados-para-el-2-de-marzo-de-2024\\\/#article\",\"isPartOf\":{\"@id\":\"https:\\\/\\\/www.technomag.fr\\\/es\\\/epica-no-2-60-kw-de-tekno-en-lyon-programados-para-el-2-de-marzo-de-2024\\\/\"},\"author\":{\"name\":\"Malo\",\"@id\":\"https:\\\/\\\/www.technomag.fr\\\/#\\\/schema\\\/person\\\/a70f6ccc8d17802992de88544d744e6b\"},\"headline\":\"\u00c9pica n\u00ba 2: 60 kW de Tekno en Lyon programados para el 2 de marzo de 2024\",\"datePublished\":\"2024-02-05T13:22:06+00:00\",\"dateModified\":\"2024-08-08T12:29:27+00:00\",\"mainEntityOfPage\":{\"@id\":\"https:\\\/\\\/www.technomag.fr\\\/es\\\/epica-no-2-60-kw-de-tekno-en-lyon-programados-para-el-2-de-marzo-de-2024\\\/\"},\"wordCount\":795,\"publisher\":{\"@id\":\"https:\\\/\\\/www.technomag.fr\\\/#organization\"},\"image\":{\"@id\":\"https:\\\/\\\/www.technomag.fr\\\/es\\\/epica-no-2-60-kw-de-tekno-en-lyon-programados-para-el-2-de-marzo-de-2024\\\/#primaryimage\"},\"thumbnailUrl\":\"https:\\\/\\\/www.technomag.fr\\\/wp-content\\\/uploads\\\/2024\\\/02\\\/409630077_400711278956035_6670931930323205774_n.jpg\",\"articleSection\":[\"Tardes \\\/ Clubs\"],\"inLanguage\":\"es\"},{\"@type\":\"WebPage\",\"@id\":\"https:\\\/\\\/www.technomag.fr\\\/es\\\/epica-no-2-60-kw-de-tekno-en-lyon-programados-para-el-2-de-marzo-de-2024\\\/\",\"url\":\"https:\\\/\\\/www.technomag.fr\\\/es\\\/epica-no-2-60-kw-de-tekno-en-lyon-programados-para-el-2-de-marzo-de-2024\\\/\",\"name\":\"\u00c9pica n\u00ba 2: 60 kW de Tekno en Lyon programados para el 2 de marzo de 2024 | Techno Mag\",\"isPartOf\":{\"@id\":\"https:\\\/\\\/www.technomag.fr\\\/#website\"},\"primaryImageOfPage\":{\"@id\":\"https:\\\/\\\/www.technomag.fr\\\/es\\\/epica-no-2-60-kw-de-tekno-en-lyon-programados-para-el-2-de-marzo-de-2024\\\/#primaryimage\"},\"image\":{\"@id\":\"https:\\\/\\\/www.technomag.fr\\\/es\\\/epica-no-2-60-kw-de-tekno-en-lyon-programados-para-el-2-de-marzo-de-2024\\\/#primaryimage\"},\"thumbnailUrl\":\"https:\\\/\\\/www.technomag.fr\\\/wp-content\\\/uploads\\\/2024\\\/02\\\/409630077_400711278956035_6670931930323205774_n.jpg\",\"datePublished\":\"2024-02-05T13:22:06+00:00\",\"dateModified\":\"2024-08-08T12:29:27+00:00\",\"description\":\"L'\u00c9pop\u00e9e #2 llega a Lyon con 60 kW de puro Tekno. Una velada \u00e9pica prevista para el 2 de marzo de 2024. No pierdas tu oportunidad, \u00a1inf\u00f3rmate aqu\u00ed!\",\"breadcrumb\":{\"@id\":\"https:\\\/\\\/www.technomag.fr\\\/es\\\/epica-no-2-60-kw-de-tekno-en-lyon-programados-para-el-2-de-marzo-de-2024\\\/#breadcrumb\"},\"inLanguage\":\"es\",\"potentialAction\":[{\"@type\":\"ReadAction\",\"target\":[\"https:\\\/\\\/www.technomag.fr\\\/es\\\/epica-no-2-60-kw-de-tekno-en-lyon-programados-para-el-2-de-marzo-de-2024\\\/\"]}]},{\"@type\":\"ImageObject\",\"inLanguage\":\"es\",\"@id\":\"https:\\\/\\\/www.technomag.fr\\\/es\\\/epica-no-2-60-kw-de-tekno-en-lyon-programados-para-el-2-de-marzo-de-2024\\\/#primaryimage\",\"url\":\"https:\\\/\\\/www.technomag.fr\\\/wp-content\\\/uploads\\\/2024\\\/02\\\/409630077_400711278956035_6670931930323205774_n.jpg\",\"contentUrl\":\"https:\\\/\\\/www.technomag.fr\\\/wp-content\\\/uploads\\\/2024\\\/02\\\/409630077_400711278956035_6670931930323205774_n.jpg\",\"width\":2048,\"height\":1367},{\"@type\":\"BreadcrumbList\",\"@id\":\"https:\\\/\\\/www.technomag.fr\\\/es\\\/epica-no-2-60-kw-de-tekno-en-lyon-programados-para-el-2-de-marzo-de-2024\\\/#breadcrumb\",\"itemListElement\":[{\"@type\":\"ListItem\",\"position\":1,\"name\":\"Accueil\",\"item\":\"https:\\\/\\\/www.technomag.fr\\\/es\\\/revista-techno\\\/\"},{\"@type\":\"ListItem\",\"position\":2,\"name\":\"\u00c9pica n\u00ba 2: 60 kW de Tekno en Lyon programados para el 2 de marzo de 2024\"}]},{\"@type\":\"WebSite\",\"@id\":\"https:\\\/\\\/www.technomag.fr\\\/#website\",\"url\":\"https:\\\/\\\/www.technomag.fr\\\/\",\"name\":\"Techno Mag\",\"description\":\"Le magazine underground de r\u00e9f\u00e9rence pour la techno\",\"publisher\":{\"@id\":\"https:\\\/\\\/www.technomag.fr\\\/#organization\"},\"potentialAction\":[{\"@type\":\"SearchAction\",\"target\":{\"@type\":\"EntryPoint\",\"urlTemplate\":\"https:\\\/\\\/www.technomag.fr\\\/?s={search_term_string}\"},\"query-input\":{\"@type\":\"PropertyValueSpecification\",\"valueRequired\":true,\"valueName\":\"search_term_string\"}}],\"inLanguage\":\"es\"},{\"@type\":\"Organization\",\"@id\":\"https:\\\/\\\/www.technomag.fr\\\/#organization\",\"name\":\"Techno Mag\",\"url\":\"https:\\\/\\\/www.technomag.fr\\\/\",\"logo\":{\"@type\":\"ImageObject\",\"inLanguage\":\"es\",\"@id\":\"https:\\\/\\\/www.technomag.fr\\\/#\\\/schema\\\/logo\\\/image\\\/\",\"url\":\"https:\\\/\\\/www.technomag.fr\\\/wp-content\\\/uploads\\\/2023\\\/04\\\/TECHNO-e1681225415918.png\",\"contentUrl\":\"https:\\\/\\\/www.technomag.fr\\\/wp-content\\\/uploads\\\/2023\\\/04\\\/TECHNO-e1681225415918.png\",\"width\":500,\"height\":113,\"caption\":\"Techno Mag\"},\"image\":{\"@id\":\"https:\\\/\\\/www.technomag.fr\\\/#\\\/schema\\\/logo\\\/image\\\/\"}},{\"@type\":\"Person\",\"@id\":\"https:\\\/\\\/www.technomag.fr\\\/#\\\/schema\\\/person\\\/a70f6ccc8d17802992de88544d744e6b\",\"name\":\"Malo\",\"image\":{\"@type\":\"ImageObject\",\"inLanguage\":\"es\",\"@id\":\"https:\\\/\\\/www.technomag.fr\\\/wp-content\\\/uploads\\\/2023\\\/12\\\/image_6483441-2-96x96.jpg\",\"url\":\"https:\\\/\\\/www.technomag.fr\\\/wp-content\\\/uploads\\\/2023\\\/12\\\/image_6483441-2-96x96.jpg\",\"contentUrl\":\"https:\\\/\\\/www.technomag.fr\\\/wp-content\\\/uploads\\\/2023\\\/12\\\/image_6483441-2-96x96.jpg\",\"caption\":\"Malo\"},\"description\":\"Malo est co-fondatrice de Technomag. N\u00e9e dans l\u2019univers techno, elle a \u00e9t\u00e9 berc\u00e9e par la vibration des basses (ont vous laisse imaginer les s\u00e9quelles\u00a0 :').\u00a0 Vid\u00e9aste &amp;\u00a0photographe freelance, ce qu\u2019elle aime dans son m\u00e9tier, c\u2019est la possibilit\u00e9 de capturer des \u00e9motions et des instants pr\u00e9cieux \u00e0 travers ses photos et vid\u00e9os. Mais surtout, elle est l\u00e0 pour capturer vos meilleures bass-faces !\u00a0 Chaque \u00e9v\u00e9nement est pour elle une occasion unique de raconter une histoire, qu\u2019elle essaie de faire avec authenticit\u00e9.\u00a0 Chez Technomag, Malo r\u00e9dige des articles, g\u00e8re les r\u00e9seaux sociaux et partage des projets qui lui tiennent \u00e0 c\u0153ur. Elle s\u2019occupe \u00e9galement d\u2019une partie de la communication (ne lui en voulez pas si elle n\u2019a pas encore r\u00e9pondu aux mails ! ^^' ). Pour jeter un coup d'\u0153il \u00e0 son travail, vous pouvez checker son site par ici , et pour les r\u00e9seaux, c'est par l\u00e0 .\",\"sameAs\":[\"http:\\\/\\\/www.amitaistudio.com\",\"https:\\\/\\\/www.instagram.com\\\/amitai.studio06\\\/\"],\"url\":\"https:\\\/\\\/www.technomag.fr\\\/es\\\/redacteur\\\/malo\\\/\"}]}<\/script>\n<!-- \/ Yoast SEO plugin. -->","yoast_head_json":{"title":"\u00c9pica n\u00ba 2: 60 kW de Tekno en Lyon programados para el 2 de marzo de 2024 | Techno Mag","description":"L'\u00c9pop\u00e9e #2 llega a Lyon con 60 kW de puro Tekno. Una velada \u00e9pica prevista para el 2 de marzo de 2024. No pierdas tu oportunidad, \u00a1inf\u00f3rmate aqu\u00ed!","robots":{"index":"index","follow":"follow","max-snippet":"max-snippet:-1","max-image-preview":"max-image-preview:large","max-video-preview":"max-video-preview:-1"},"canonical":"https:\/\/www.technomag.fr\/es\/epica-no-2-60-kw-de-tekno-en-lyon-programados-para-el-2-de-marzo-de-2024\/","og_locale":"es_ES","og_type":"article","og_title":"\u00c9pica n\u00ba 2: 60 kW de Tekno en Lyon programados para el 2 de marzo de 2024 | Techno Mag","og_description":"L'\u00c9pop\u00e9e #2 llega a Lyon con 60 kW de puro Tekno. Una velada \u00e9pica prevista para el 2 de marzo de 2024. No pierdas tu oportunidad, \u00a1inf\u00f3rmate aqu\u00ed!","og_url":"https:\/\/www.technomag.fr\/es\/epica-no-2-60-kw-de-tekno-en-lyon-programados-para-el-2-de-marzo-de-2024\/","og_site_name":"Techno Mag","article_published_time":"2024-02-05T13:22:06+00:00","article_modified_time":"2024-08-08T12:29:27+00:00","og_image":[{"width":2048,"height":1367,"url":"https:\/\/www.technomag.fr\/wp-content\/uploads\/2024\/02\/409630077_400711278956035_6670931930323205774_n.jpg","type":"image\/jpeg"}],"author":"Malo","twitter_card":"summary_large_image","twitter_misc":{"Escrito por":"Malo","Tiempo de lectura":"4 minutos"},"schema":{"@context":"https:\/\/schema.org","@graph":[{"@type":"Article","@id":"https:\/\/www.technomag.fr\/es\/epica-no-2-60-kw-de-tekno-en-lyon-programados-para-el-2-de-marzo-de-2024\/#article","isPartOf":{"@id":"https:\/\/www.technomag.fr\/es\/epica-no-2-60-kw-de-tekno-en-lyon-programados-para-el-2-de-marzo-de-2024\/"},"author":{"name":"Malo","@id":"https:\/\/www.technomag.fr\/#\/schema\/person\/a70f6ccc8d17802992de88544d744e6b"},"headline":"\u00c9pica n\u00ba 2: 60 kW de Tekno en Lyon programados para el 2 de marzo de 2024","datePublished":"2024-02-05T13:22:06+00:00","dateModified":"2024-08-08T12:29:27+00:00","mainEntityOfPage":{"@id":"https:\/\/www.technomag.fr\/es\/epica-no-2-60-kw-de-tekno-en-lyon-programados-para-el-2-de-marzo-de-2024\/"},"wordCount":795,"publisher":{"@id":"https:\/\/www.technomag.fr\/#organization"},"image":{"@id":"https:\/\/www.technomag.fr\/es\/epica-no-2-60-kw-de-tekno-en-lyon-programados-para-el-2-de-marzo-de-2024\/#primaryimage"},"thumbnailUrl":"https:\/\/www.technomag.fr\/wp-content\/uploads\/2024\/02\/409630077_400711278956035_6670931930323205774_n.jpg","articleSection":["Tardes \/ Clubs"],"inLanguage":"es"},{"@type":"WebPage","@id":"https:\/\/www.technomag.fr\/es\/epica-no-2-60-kw-de-tekno-en-lyon-programados-para-el-2-de-marzo-de-2024\/","url":"https:\/\/www.technomag.fr\/es\/epica-no-2-60-kw-de-tekno-en-lyon-programados-para-el-2-de-marzo-de-2024\/","name":"\u00c9pica n\u00ba 2: 60 kW de Tekno en Lyon programados para el 2 de marzo de 2024 | Techno Mag","isPartOf":{"@id":"https:\/\/www.technomag.fr\/#website"},"primaryImageOfPage":{"@id":"https:\/\/www.technomag.fr\/es\/epica-no-2-60-kw-de-tekno-en-lyon-programados-para-el-2-de-marzo-de-2024\/#primaryimage"},"image":{"@id":"https:\/\/www.technomag.fr\/es\/epica-no-2-60-kw-de-tekno-en-lyon-programados-para-el-2-de-marzo-de-2024\/#primaryimage"},"thumbnailUrl":"https:\/\/www.technomag.fr\/wp-content\/uploads\/2024\/02\/409630077_400711278956035_6670931930323205774_n.jpg","datePublished":"2024-02-05T13:22:06+00:00","dateModified":"2024-08-08T12:29:27+00:00","description":"L'\u00c9pop\u00e9e #2 llega a Lyon con 60 kW de puro Tekno. Una velada \u00e9pica prevista para el 2 de marzo de 2024. No pierdas tu oportunidad, \u00a1inf\u00f3rmate aqu\u00ed!","breadcrumb":{"@id":"https:\/\/www.technomag.fr\/es\/epica-no-2-60-kw-de-tekno-en-lyon-programados-para-el-2-de-marzo-de-2024\/#breadcrumb"},"inLanguage":"es","potentialAction":[{"@type":"ReadAction","target":["https:\/\/www.technomag.fr\/es\/epica-no-2-60-kw-de-tekno-en-lyon-programados-para-el-2-de-marzo-de-2024\/"]}]},{"@type":"ImageObject","inLanguage":"es","@id":"https:\/\/www.technomag.fr\/es\/epica-no-2-60-kw-de-tekno-en-lyon-programados-para-el-2-de-marzo-de-2024\/#primaryimage","url":"https:\/\/www.technomag.fr\/wp-content\/uploads\/2024\/02\/409630077_400711278956035_6670931930323205774_n.jpg","contentUrl":"https:\/\/www.technomag.fr\/wp-content\/uploads\/2024\/02\/409630077_400711278956035_6670931930323205774_n.jpg","width":2048,"height":1367},{"@type":"BreadcrumbList","@id":"https:\/\/www.technomag.fr\/es\/epica-no-2-60-kw-de-tekno-en-lyon-programados-para-el-2-de-marzo-de-2024\/#breadcrumb","itemListElement":[{"@type":"ListItem","position":1,"name":"Accueil","item":"https:\/\/www.technomag.fr\/es\/revista-techno\/"},{"@type":"ListItem","position":2,"name":"\u00c9pica n\u00ba 2: 60 kW de Tekno en Lyon programados para el 2 de marzo de 2024"}]},{"@type":"WebSite","@id":"https:\/\/www.technomag.fr\/#website","url":"https:\/\/www.technomag.fr\/","name":"Techno Mag","description":"Le magazine underground de r\u00e9f\u00e9rence pour la techno","publisher":{"@id":"https:\/\/www.technomag.fr\/#organization"},"potentialAction":[{"@type":"SearchAction","target":{"@type":"EntryPoint","urlTemplate":"https:\/\/www.technomag.fr\/?s={search_term_string}"},"query-input":{"@type":"PropertyValueSpecification","valueRequired":true,"valueName":"search_term_string"}}],"inLanguage":"es"},{"@type":"Organization","@id":"https:\/\/www.technomag.fr\/#organization","name":"Techno Mag","url":"https:\/\/www.technomag.fr\/","logo":{"@type":"ImageObject","inLanguage":"es","@id":"https:\/\/www.technomag.fr\/#\/schema\/logo\/image\/","url":"https:\/\/www.technomag.fr\/wp-content\/uploads\/2023\/04\/TECHNO-e1681225415918.png","contentUrl":"https:\/\/www.technomag.fr\/wp-content\/uploads\/2023\/04\/TECHNO-e1681225415918.png","width":500,"height":113,"caption":"Techno Mag"},"image":{"@id":"https:\/\/www.technomag.fr\/#\/schema\/logo\/image\/"}},{"@type":"Person","@id":"https:\/\/www.technomag.fr\/#\/schema\/person\/a70f6ccc8d17802992de88544d744e6b","name":"Malo","image":{"@type":"ImageObject","inLanguage":"es","@id":"https:\/\/www.technomag.fr\/wp-content\/uploads\/2023\/12\/image_6483441-2-96x96.jpg","url":"https:\/\/www.technomag.fr\/wp-content\/uploads\/2023\/12\/image_6483441-2-96x96.jpg","contentUrl":"https:\/\/www.technomag.fr\/wp-content\/uploads\/2023\/12\/image_6483441-2-96x96.jpg","caption":"Malo"},"description":"Malo est co-fondatrice de Technomag. N\u00e9e dans l\u2019univers techno, elle a \u00e9t\u00e9 berc\u00e9e par la vibration des basses (ont vous laisse imaginer les s\u00e9quelles\u00a0 :').\u00a0 Vid\u00e9aste &amp;\u00a0photographe freelance, ce qu\u2019elle aime dans son m\u00e9tier, c\u2019est la possibilit\u00e9 de capturer des \u00e9motions et des instants pr\u00e9cieux \u00e0 travers ses photos et vid\u00e9os. Mais surtout, elle est l\u00e0 pour capturer vos meilleures bass-faces !\u00a0 Chaque \u00e9v\u00e9nement est pour elle une occasion unique de raconter une histoire, qu\u2019elle essaie de faire avec authenticit\u00e9.\u00a0 Chez Technomag, Malo r\u00e9dige des articles, g\u00e8re les r\u00e9seaux sociaux et partage des projets qui lui tiennent \u00e0 c\u0153ur. Elle s\u2019occupe \u00e9galement d\u2019une partie de la communication (ne lui en voulez pas si elle n\u2019a pas encore r\u00e9pondu aux mails ! ^^' ). Pour jeter un coup d'\u0153il \u00e0 son travail, vous pouvez checker son site par ici , et pour les r\u00e9seaux, c'est par l\u00e0 .","sameAs":["http:\/\/www.amitaistudio.com","https:\/\/www.instagram.com\/amitai.studio06\/"],"url":"https:\/\/www.technomag.fr\/es\/redacteur\/malo\/"}]}},"_links":{"self":[{"href":"https:\/\/www.technomag.fr\/es\/wp-json\/wp\/v2\/posts\/13241","targetHints":{"allow":["GET"]}}],"collection":[{"href":"https:\/\/www.technomag.fr\/es\/wp-json\/wp\/v2\/posts"}],"about":[{"href":"https:\/\/www.technomag.fr\/es\/wp-json\/wp\/v2\/types\/post"}],"author":[{"embeddable":true,"href":"https:\/\/www.technomag.fr\/es\/wp-json\/wp\/v2\/users\/2"}],"replies":[{"embeddable":true,"href":"https:\/\/www.technomag.fr\/es\/wp-json\/wp\/v2\/comments?post=13241"}],"version-history":[{"count":1,"href":"https:\/\/www.technomag.fr\/es\/wp-json\/wp\/v2\/posts\/13241\/revisions"}],"predecessor-version":[{"id":13247,"href":"https:\/\/www.technomag.fr\/es\/wp-json\/wp\/v2\/posts\/13241\/revisions\/13247"}],"wp:featuredmedia":[{"embeddable":true,"href":"https:\/\/www.technomag.fr\/es\/wp-json\/wp\/v2\/media\/13243"}],"wp:attachment":[{"href":"https:\/\/www.technomag.fr\/es\/wp-json\/wp\/v2\/media?parent=13241"}],"wp:term":[{"taxonomy":"category","embeddable":true,"href":"https:\/\/www.technomag.fr\/es\/wp-json\/wp\/v2\/categories?post=13241"},{"taxonomy":"post_tag","embeddable":true,"href":"https:\/\/www.technomag.fr\/es\/wp-json\/wp\/v2\/tags?post=13241"}],"curies":[{"name":"wp","href":"https:\/\/api.w.org\/{rel}","templated":true}]}}