
{"id":13233,"date":"2024-04-29T17:56:18","date_gmt":"2024-04-29T16:56:18","guid":{"rendered":"https:\/\/www.technomag.fr\/awakening-summer-festival-2024-cartel-informacion-y-fechas\/"},"modified":"2024-08-08T13:29:20","modified_gmt":"2024-08-08T12:29:20","slug":"awakening-summer-festival-2024-cartel-informacion-y-fechas","status":"publish","type":"post","link":"https:\/\/www.technomag.fr\/es\/awakening-summer-festival-2024-cartel-informacion-y-fechas\/","title":{"rendered":"Awakening Summer Festival 2024, cartel, informaci\u00f3n y fechas"},"content":{"rendered":"\n<figure class=\"wp-block-embed aligncenter is-type-video is-provider-youtube wp-block-embed-youtube wp-embed-aspect-16-9 wp-has-aspect-ratio\"><div class=\"wp-block-embed__wrapper\"> \n<iframe title=\"Awakenings Summer Festival 2023\" width=\"1080\" height=\"608\" src=\"https:\/\/www.youtube.com\/embed\/BUncYn3mZ64?feature=oembed\" frameborder=\"0\" allow=\"accelerometer; autoplay; clipboard-write; encrypted-media; gyroscope; picture-in-picture; web-share\" referrerpolicy=\"strict-origin-when-cross-origin\" allowfullscreen><\/iframe>\n <\/div><\/figure>\n\n<p>El verano, la estaci\u00f3n del calor, de la libertad y, sobre todo, de la m\u00fasica hechizante, est\u00e1 a punto de iluminarse con un acontecimiento musical muy esperado cada a\u00f1o: el <strong><a href=\"https:\/\/www.awakenings.com\/en\" target=\"_blank\" rel=\"noreferrer noopener\">Festival de Verano Despertar<\/a><\/strong> en Hilvarenbeek, Pa\u00edses Bajos.\nEsta cita estival, que se ha convertido en una aut\u00e9ntica tradici\u00f3n tanto para los amantes de la m\u00fasica como para los festivaleros, ofrece una extraordinaria experiencia sensorial en el coraz\u00f3n de esta efervescente estaci\u00f3n.\nImag\u00ednate inmerso en una atm\u00f3sfera el\u00e9ctrica, rodeado de melod\u00edas hechizantes, mientras el sol declina sobre el horizonte, creando un escenario m\u00e1gico en el que evadirte.\nEl Festival de Verano Despertar es mucho m\u00e1s que un evento musical; encarna la esencia misma de la celebraci\u00f3n, la comuni\u00f3n art\u00edstica y el compartir momentos memorables.\nEn este art\u00edculo, echamos un vistazo al excepcional cartel, las fechas y toda la dem\u00e1s informaci\u00f3n importante sobre este acontecimiento.    <\/p>\n\n<h2 class=\"wp-block-heading has-text-align-center\">Informaci\u00f3n sobre el festival<\/h2>\n\n<figure class=\"wp-block-image size-large\"><img fetchpriority=\"high\" decoding=\"async\" width=\"1024\" height=\"683\" src=\"https:\/\/www.technomag.fr\/wp-content\/uploads\/2024\/02\/2023-07-07-Awakenings-Festival-day-2-Stef-van-Oosterhout-50-1024x683.jpg\" alt=\"\" class=\"wp-image-7618\" srcset=\"https:\/\/www.technomag.fr\/wp-content\/uploads\/2024\/02\/2023-07-07-Awakenings-Festival-day-2-Stef-van-Oosterhout-50-1024x683.jpg 1024w, https:\/\/www.technomag.fr\/wp-content\/uploads\/2024\/02\/2023-07-07-Awakenings-Festival-day-2-Stef-van-Oosterhout-50-600x400.jpg 600w, https:\/\/www.technomag.fr\/wp-content\/uploads\/2024\/02\/2023-07-07-Awakenings-Festival-day-2-Stef-van-Oosterhout-50-300x200.jpg 300w, https:\/\/www.technomag.fr\/wp-content\/uploads\/2024\/02\/2023-07-07-Awakenings-Festival-day-2-Stef-van-Oosterhout-50-768x512.jpg 768w, https:\/\/www.technomag.fr\/wp-content\/uploads\/2024\/02\/2023-07-07-Awakenings-Festival-day-2-Stef-van-Oosterhout-50-391x260.jpg 391w, https:\/\/www.technomag.fr\/wp-content\/uploads\/2024\/02\/2023-07-07-Awakenings-Festival-day-2-Stef-van-Oosterhout-50-1536x1024.jpg 1536w, https:\/\/www.technomag.fr\/wp-content\/uploads\/2024\/02\/2023-07-07-Awakenings-Festival-day-2-Stef-van-Oosterhout-50-150x100.jpg 150w, https:\/\/www.technomag.fr\/wp-content\/uploads\/2024\/02\/2023-07-07-Awakenings-Festival-day-2-Stef-van-Oosterhout-50.jpg 2048w\" sizes=\"(max-width: 1024px) 100vw, 1024px\" \/><figcaption class=\"wp-element-caption\">Festival Awakenings 2023 &#8211; Stef van Oosterhout &#8211;<\/figcaption><\/figure>\n\n<p>El Festival de Verano Despertar 2024 promete no s\u00f3lo momentos musicales extraordinarios, sino tambi\u00e9n una organizaci\u00f3n impecable para garantizar la comodidad y satisfacci\u00f3n de los asistentes al festival.<\/p>\n\n<h3 class=\"wp-block-heading\"><br\/>Fechas y horarios del Festival<\/h3>\n\n<p>Marca ya en tu agenda las fechas del Festival de Verano Despertar 2024.\nEl evento durar\u00e1 3 d\u00edas, comenzando el viernes 5 de julio de 2024 y culminando el domingo 7 de julio de 2024.\nLos festejos comenzar\u00e1n temprano cada d\u00eda y durar\u00e1n hasta medianoche, lo que permitir\u00e1 a los asistentes al festival aprovechar al m\u00e1ximo cada momento.  <\/p>\n\n<h3 class=\"wp-block-heading\">Lugar e instalaciones in situ<\/h3>\n\n<p>El Festival de Verano Despertar 2024 se celebrar\u00e1 en el prestigioso Beekse Bergen de Hilvarenbeek (Pa\u00edses Bajos), un lugar cuidadosamente elegido por su atm\u00f3sfera cautivadora y sus modernas instalaciones.\nEn el recinto, los asistentes al festival tendr\u00e1n acceso a una gama completa de servicios, desde puestos de comida hasta zonas de descanso, lo que garantiza una experiencia de inmersi\u00f3n sin restricciones.\nEspacios dedicados a la relajaci\u00f3n, puestos de comida que ofrecen una variedad de sabores, campamentos e instalaciones de seguridad bien dise\u00f1adas contribuir\u00e1n a crear un ambiente agradable y acogedor.  <\/p>\n\n<h3 class=\"wp-block-heading\">Entradas y precios<\/h3>\n\n<p>Para garantizar tu lugar en el coraz\u00f3n de esta celebraci\u00f3n musical, aseg\u00farate de conseguir tus entradas lo antes posible.\nLa taquilla del Festival de Verano Despertar 2024 ofrece una gama de paquetes que se adaptan a diferentes necesidades, desde pases de un d\u00eda con diferentes opciones hasta paquetes de duraci\u00f3n completa.\nPuedes consultar el sitio web oficial del festival o los puntos de venta autorizados para obtener todos los detalles sobre precios, descuentos disponibles y ofertas especiales.  <\/p>\n\n<div class=\"wp-block-buttons is-content-justification-center is-layout-flex wp-container-core-buttons-is-layout-16018d1d wp-block-buttons-is-layout-flex\">\n<div class=\"wp-block-button\"><a class=\"wp-block-button__link wp-element-button\" href=\"https:\/\/www.awakenings.com\/en\/awakenings-summer-festival-2024\/281514\/\" target=\"_blank\" rel=\"noreferrer noopener\">\u00a1Ve a la taquilla aqu\u00ed!<\/a><\/div>\n<\/div>\n\n<div style=\"height:23px\" aria-hidden=\"true\" class=\"wp-block-spacer\"><\/div>\n\n<h2 class=\"wp-block-heading has-text-align-center\">Presentaci\u00f3n de la alineaci\u00f3n<\/h2>\n\n<figure class=\"wp-block-image size-large\"><img decoding=\"async\" width=\"1024\" height=\"576\" src=\"https:\/\/www.technomag.fr\/wp-content\/uploads\/2024\/02\/Awakening-Summer-Festival-2024-1024x576.jpg\" alt=\"\" class=\"wp-image-7611\" srcset=\"https:\/\/www.technomag.fr\/wp-content\/uploads\/2024\/02\/Awakening-Summer-Festival-2024-1024x576.jpg 1024w, https:\/\/www.technomag.fr\/wp-content\/uploads\/2024\/02\/Awakening-Summer-Festival-2024-600x337.jpg 600w, https:\/\/www.technomag.fr\/wp-content\/uploads\/2024\/02\/Awakening-Summer-Festival-2024-300x169.jpg 300w, https:\/\/www.technomag.fr\/wp-content\/uploads\/2024\/02\/Awakening-Summer-Festival-2024-768x432.jpg 768w, https:\/\/www.technomag.fr\/wp-content\/uploads\/2024\/02\/Awakening-Summer-Festival-2024-1536x864.jpg 1536w, https:\/\/www.technomag.fr\/wp-content\/uploads\/2024\/02\/Awakening-Summer-Festival-2024-150x84.jpg 150w, https:\/\/www.technomag.fr\/wp-content\/uploads\/2024\/02\/Awakening-Summer-Festival-2024.jpg 1707w\" sizes=\"(max-width: 1024px) 100vw, 1024px\" \/><\/figure>\n\n<p>El coraz\u00f3n palpitante del Festival de Verano Despertar 2024 es sin duda su impresionante cartel, cuidadosamente orquestado para satisfacer los gustos m\u00e1s ecl\u00e9cticos.\nLos cabezas de cartel de este a\u00f1o prometen actuaciones memorables que perdurar\u00e1n en la memoria de los asistentes al festival.\nHe aqu\u00ed algunos de los artistas que actuar\u00e1n:  <\/p>\n\n<h3 class=\"wp-block-heading\"><br\/>999999999<\/h3>\n\n<figure class=\"wp-block-embed is-type-rich is-provider-spotify wp-block-embed-spotify wp-embed-aspect-21-9 wp-has-aspect-ratio\"><div class=\"wp-block-embed__wrapper\"> \n<iframe title=\"Spotify Embed: 300000003\" style=\"border-radius: 12px\" width=\"100%\" height=\"152\" frameborder=\"0\" allowfullscreen allow=\"autoplay; clipboard-write; encrypted-media; fullscreen; picture-in-picture\" loading=\"lazy\" src=\"https:\/\/open.spotify.com\/embed\/track\/3BiEL2MiPGsw6imQiNAHUZ?si=d8117060be72449c&#038;utm_source=oembed\"><\/iframe>\n <\/div><\/figure>\n\n<p><br\/>999999999 subir\u00e1 al escenario el viernes.\nEl d\u00fao italiano destaca como figuras imponentes e ineludibles en la cima de la escena hard techno.\nTanto en el estudio como en el escenario, su m\u00fasica electr\u00f3nica inmediata y sin concesiones choca con la imprevisibilidad de la improvisaci\u00f3n, creando una fuerza en\u00e9rgica en constante movimiento, decididamente orientada hacia el futuro.\nDesde que lanzaron su proyecto en 2016, este d\u00fao italiano ha impulsado una impresionante serie de vinilos precisos e incisivos, todos publicados en su propio sello NineTimesNine.\nPero es en directo donde 999999999 ha forjado realmente su reputaci\u00f3n.\nSu set, basado enteramente en hardware, ofrece el impacto y la intensidad necesarios para incendiar los mayores eventos de techno del mundo.\nSu historial est\u00e1 plagado de \u00e9xitos, con actuaciones memorables en grandes festivales e intensos clubes underground, como los anteriores Awakenings, Fabric en Londres, Fabrik en Madrid, Crssd en San Diego, Fuse en Bruselas, Sub Club en Glasgow, Kompass en Gante, Possession (con Boiler Room) en Par\u00eds.      <\/p>\n\n<h3 class=\"wp-block-heading\"><br\/>8Kays<\/h3>\n\n<figure class=\"wp-block-embed is-type-rich is-provider-spotify wp-block-embed-spotify wp-embed-aspect-21-9 wp-has-aspect-ratio\"><div class=\"wp-block-embed__wrapper\"> \n<iframe title=\"Spotify Embed: Rainbow\" style=\"border-radius: 12px\" width=\"100%\" height=\"152\" frameborder=\"0\" allowfullscreen allow=\"autoplay; clipboard-write; encrypted-media; fullscreen; picture-in-picture\" loading=\"lazy\" src=\"https:\/\/open.spotify.com\/embed\/track\/1467Zd8OEpN4uMLVrplVlr?si=2e5458f7abd84acb&#038;utm_source=oembed\"><\/iframe>\n <\/div><\/figure>\n\n<p>No parece haber l\u00edmites en el mundo sonoro de 8Kays.\nSu estilo musical intrigante e innegablemente distintivo refleja un esp\u00edritu art\u00edstico impregnado de autenticidad y profundidad.\nLa artista, cuyo tema \u00abMorning After The Rave\u00bb, publicado en Afterlife, ha sido aclamado en cientos de festivales y actuaciones en clubes \u00edntimos, estableciendo una reputaci\u00f3n sobresaliente para su sonido, se subir\u00e1 al escenario del Awekening Summer 2024 el s\u00e1bado.\nDeleitar\u00e1 al p\u00fablico con los mismos sonidos \u00fanicos de sus apariciones en festivales y actuaciones en clubes de renombre, como Tomorrowland (B\u00e9lgica), OffWeek (Espa\u00f1a), EDC (EE.UU.), Printworks (Reino Unido), Watergate (Alemania), De Marktkantine (Pa\u00edses Bajos), SOHO (EAU) y muchos otros lugares de todo el mundo.   <\/p>\n\n<h3 class=\"wp-block-heading\"><br\/>Divisi\u00f3n abstracta<\/h3>\n\n<figure class=\"wp-block-embed is-type-rich is-provider-spotify wp-block-embed-spotify wp-embed-aspect-21-9 wp-has-aspect-ratio\"><div class=\"wp-block-embed__wrapper\"> \n<iframe title=\"Spotify Embed: Compound Statement\" style=\"border-radius: 12px\" width=\"100%\" height=\"152\" frameborder=\"0\" allowfullscreen allow=\"autoplay; clipboard-write; encrypted-media; fullscreen; picture-in-picture\" loading=\"lazy\" src=\"https:\/\/open.spotify.com\/embed\/track\/2o9TGjJNPzIqAhF91O0uGh?si=e9d3bd3057364253&#038;utm_source=oembed\"><\/iframe>\n <\/div><\/figure>\n\n<p>Con m\u00e1s de 25 a\u00f1os de experiencia colectiva a sus espaldas, el consolidado d\u00fao Abstract Division ofrece sets de techno profundo y en\u00e9rgico que resuenan en cualquier club, rave o festival.\nEl domingo subir\u00e1n al escenario como tantos otros artistas.\nComo d\u00fao de DJ, sus sesiones est\u00e1n impregnadas de una energ\u00eda contagiosa, construidas con una narrativa consciente y un flujo evolutivo.\nA Divisi\u00f3n Abstracta le gusta sorprender a la vez que mantiene una interacci\u00f3n constante con el p\u00fablico.   <\/p>\n\n<p><br\/>Otros artistas que estar\u00e1n presentes son<br\/>Adam Beyer x Joseph Capriati Adiel, Adriana Lopez x Oscar Mulero, Adriatique, Airrica, Alan Fitzpatrick x Ilario Alicante, Amelie Lens, AM\u00c9M\u00c9, Amotik, Andres Campo, Anetha, Anfisa Letyago, ANNA, Argy, Babyl\u00f8n, Barry Can&#8217;t Swim, Bart Skils x Layton Giordani, BELLA (NL), Beswerda, Blasha &amp;<br\/>Allatt, Blawan, Bullzeye, CamelPhat, Carmen Lisa, Cera Khin, Chaos In The CBD, Charlie Sparks, Chl\u00e4r, Chlo\u00e9 Caillet, Chris Stussy, Cincity, Clara Cuv\u00e9, DAF, Daria Kolosova, Dax J Deborah De Luca, Dimitri x Remy Unger, DJ Gigola, DJ Heartstring, DJ Rush, Dr. D. Rubinstein, Ellen Allien, Elliot Allien, Elliot Allien, Elliot Allien, Elliot Allien.\nRubinstein, Ellen Allien, Elli Acula, Enrico Sangiuliano, Estella Boersma, Etapp Kyle, Farrago, Fatima Hajji, FJAAK, Fleur Shore, Fran\u00e7ois X x Hadone, Franky Rizardo, Freddy K, Funk Tribu, Gene On Earth x tINI, Giorgia Angiuli, Grace Dahl, Helena Hauff, Hemka <br\/>Honey Dijon, HoneyLuv, Hot Since 82, I Hate Models, Ignez, Indira Paganotto, Joris Voorn, Joyhauser, Kevin de Vries x Kolsch, Kobosil, La La, Lee Ann Roberts, Len Faki, Lobster (NL)<br\/>Locus Error, Lovefoxy, Lucia Lu, Marcel Dettmann, MARR\u00d8N, Mha iri, Michel de Hey, Mind, Against, Miss Monique, Mochakk, Morgan, MYRA (NL), Nicky Elisabeth, Nico Moreno, Nina Kraviz, NTO (en directo), Orleus, Paco Osuna, Pan-Pot, Parkerstrange, Partiboi69, Patrick Mason, Paula Temple, Perc (en directo), Planetary Assault Systems, Richie Hawtin, R\u00f8dh\u00e5d, Rozie, Sally , Samuel Deep, Secret Cinema, Shinedoe, SNTS, Space 92, Speedy J, SPFDJ, Stephan, Bodzin (en directo), stranger (NL), Tale Of Us, etc.<\/p>\n\n<p>El Festival de Verano Awakening 2024 promete ser una experiencia musical inolvidable, llena de momentos de intercambio, descubrimiento y vibrante emoci\u00f3n.\nEl cartel se ha orquestado cuidadosamente para satisfacer todos los gustos, desde los mel\u00f3manos experimentados hasta los aficionados curiosos.\nCabezas de cartel y artistas emergentes se unen para crear una sinfon\u00eda ecl\u00e9ctica que promete despertar nuestros sentidos y trascender las fronteras musicales.\nPrep\u00e1rate para despertarte, transportarte y sumergirte en un festival que es mucho m\u00e1s que una celebraci\u00f3n musical.   <\/p>\n\n\n<div class=\"kk-star-ratings kksr-auto kksr-align-center kksr-valign-bottom\"\n    data-payload='{&quot;align&quot;:&quot;center&quot;,&quot;id&quot;:&quot;13233&quot;,&quot;slug&quot;:&quot;default&quot;,&quot;valign&quot;:&quot;bottom&quot;,&quot;ignore&quot;:&quot;&quot;,&quot;reference&quot;:&quot;auto&quot;,&quot;class&quot;:&quot;&quot;,&quot;count&quot;:&quot;0&quot;,&quot;legendonly&quot;:&quot;&quot;,&quot;readonly&quot;:&quot;&quot;,&quot;score&quot;:&quot;0&quot;,&quot;starsonly&quot;:&quot;&quot;,&quot;best&quot;:&quot;5&quot;,&quot;gap&quot;:&quot;5&quot;,&quot;greet&quot;:&quot;Noter cet article&quot;,&quot;legend&quot;:&quot;0\\\/5 - (0 votos)&quot;,&quot;size&quot;:&quot;24&quot;,&quot;title&quot;:&quot;Awakening Summer Festival 2024, cartel, informaci\u00f3n y fechas&quot;,&quot;width&quot;:&quot;0&quot;,&quot;_legend&quot;:&quot;{score}\\\/{best} - ({count} {votes})&quot;,&quot;font_factor&quot;:&quot;1.25&quot;}'>\n            \n<div class=\"kksr-stars\">\n    \n<div class=\"kksr-stars-inactive\">\n            <div class=\"kksr-star\" data-star=\"1\" style=\"padding-right: 5px\">\n            \n\n<div class=\"kksr-icon\" style=\"width: 24px; height: 24px;\"><\/div>\n        <\/div>\n            <div class=\"kksr-star\" data-star=\"2\" style=\"padding-right: 5px\">\n            \n\n<div class=\"kksr-icon\" style=\"width: 24px; height: 24px;\"><\/div>\n        <\/div>\n            <div class=\"kksr-star\" data-star=\"3\" style=\"padding-right: 5px\">\n            \n\n<div class=\"kksr-icon\" style=\"width: 24px; height: 24px;\"><\/div>\n        <\/div>\n            <div class=\"kksr-star\" data-star=\"4\" style=\"padding-right: 5px\">\n            \n\n<div class=\"kksr-icon\" style=\"width: 24px; height: 24px;\"><\/div>\n        <\/div>\n            <div class=\"kksr-star\" data-star=\"5\" style=\"padding-right: 5px\">\n            \n\n<div class=\"kksr-icon\" style=\"width: 24px; height: 24px;\"><\/div>\n        <\/div>\n    <\/div>\n    \n<div class=\"kksr-stars-active\" style=\"width: 0px;\">\n            <div class=\"kksr-star\" style=\"padding-right: 5px\">\n            \n\n<div class=\"kksr-icon\" style=\"width: 24px; height: 24px;\"><\/div>\n        <\/div>\n            <div class=\"kksr-star\" style=\"padding-right: 5px\">\n            \n\n<div class=\"kksr-icon\" style=\"width: 24px; height: 24px;\"><\/div>\n        <\/div>\n            <div class=\"kksr-star\" style=\"padding-right: 5px\">\n            \n\n<div class=\"kksr-icon\" style=\"width: 24px; height: 24px;\"><\/div>\n        <\/div>\n            <div class=\"kksr-star\" style=\"padding-right: 5px\">\n            \n\n<div class=\"kksr-icon\" style=\"width: 24px; height: 24px;\"><\/div>\n        <\/div>\n            <div class=\"kksr-star\" style=\"padding-right: 5px\">\n            \n\n<div class=\"kksr-icon\" style=\"width: 24px; height: 24px;\"><\/div>\n        <\/div>\n    <\/div>\n<\/div>\n                \n\n<div class=\"kksr-legend\" style=\"font-size: 19.2px;\">\n            <span class=\"kksr-muted\">Noter cet article<\/span>\n    <\/div>\n    <\/div>\n","protected":false},"excerpt":{"rendered":"<p>El verano, la estaci\u00f3n del calor, de la libertad y, sobre todo, de la m\u00fasica hechizante, est\u00e1 a punto de iluminarse con un acontecimiento musical muy esperado cada a\u00f1o: el Festival de Verano Despertar en Hilvarenbeek, Pa\u00edses Bajos. Esta cita estival, que se ha convertido en una aut\u00e9ntica tradici\u00f3n tanto para los amantes de la [&hellip;]<\/p>\n","protected":false},"author":3,"featured_media":13236,"comment_status":"closed","ping_status":"closed","sticky":false,"template":"","format":"standard","meta":{"_acf_changed":false,"footnotes":""},"categories":[857],"tags":[],"class_list":["post-13233","post","type-post","status-publish","format-standard","has-post-thumbnail","hentry","category-festival-es"],"acf":[],"yoast_head":"<!-- This site is optimized with the Yoast SEO plugin v27.5 - https:\/\/yoast.com\/product\/yoast-seo-wordpress\/ -->\n<title>Awakening Summer Festival 2024, cartel, informaci\u00f3n y fechas | Techno Mag<\/title>\n<meta name=\"robots\" content=\"index, follow, max-snippet:-1, max-image-preview:large, max-video-preview:-1\" \/>\n<link rel=\"canonical\" href=\"https:\/\/www.technomag.fr\/es\/awakening-summer-festival-2024-cartel-informacion-y-fechas\/\" \/>\n<meta property=\"og:locale\" content=\"es_ES\" \/>\n<meta property=\"og:type\" content=\"article\" \/>\n<meta property=\"og:title\" content=\"Awakening Summer Festival 2024, cartel, informaci\u00f3n y fechas | Techno Mag\" \/>\n<meta property=\"og:description\" content=\"El verano, la estaci\u00f3n del calor, de la libertad y, sobre todo, de la m\u00fasica hechizante, est\u00e1 a punto de iluminarse con un acontecimiento musical muy esperado cada a\u00f1o: el Festival de Verano Despertar en Hilvarenbeek, Pa\u00edses Bajos. Esta cita estival, que se ha convertido en una aut\u00e9ntica tradici\u00f3n tanto para los amantes de la [&hellip;]\" \/>\n<meta property=\"og:url\" content=\"https:\/\/www.technomag.fr\/es\/awakening-summer-festival-2024-cartel-informacion-y-fechas\/\" \/>\n<meta property=\"og:site_name\" content=\"Techno Mag\" \/>\n<meta property=\"article:published_time\" content=\"2024-04-29T16:56:18+00:00\" \/>\n<meta property=\"article:modified_time\" content=\"2024-08-08T12:29:20+00:00\" \/>\n<meta property=\"og:image\" content=\"https:\/\/www.technomag.fr\/wp-content\/uploads\/2024\/02\/230708_0101_AWAKENINGS_@markrichter_LR_112-1.jpg\" \/>\n\t<meta property=\"og:image:width\" content=\"2000\" \/>\n\t<meta property=\"og:image:height\" content=\"1334\" \/>\n\t<meta property=\"og:image:type\" content=\"image\/jpeg\" \/>\n<meta name=\"author\" content=\"Eric\" \/>\n<meta name=\"twitter:card\" content=\"summary_large_image\" \/>\n<meta name=\"twitter:label1\" content=\"Escrito por\" \/>\n\t<meta name=\"twitter:data1\" content=\"Eric\" \/>\n\t<meta name=\"twitter:label2\" content=\"Tiempo de lectura\" \/>\n\t<meta name=\"twitter:data2\" content=\"6 minutos\" \/>\n<script type=\"application\/ld+json\" class=\"yoast-schema-graph\">{\"@context\":\"https:\\\/\\\/schema.org\",\"@graph\":[{\"@type\":\"Article\",\"@id\":\"https:\\\/\\\/www.technomag.fr\\\/es\\\/awakening-summer-festival-2024-cartel-informacion-y-fechas\\\/#article\",\"isPartOf\":{\"@id\":\"https:\\\/\\\/www.technomag.fr\\\/es\\\/awakening-summer-festival-2024-cartel-informacion-y-fechas\\\/\"},\"author\":{\"name\":\"Eric\",\"@id\":\"https:\\\/\\\/www.technomag.fr\\\/#\\\/schema\\\/person\\\/5184db1055c64729cb8595a8e9d23e9e\"},\"headline\":\"Awakening Summer Festival 2024, cartel, informaci\u00f3n y fechas\",\"datePublished\":\"2024-04-29T16:56:18+00:00\",\"dateModified\":\"2024-08-08T12:29:20+00:00\",\"mainEntityOfPage\":{\"@id\":\"https:\\\/\\\/www.technomag.fr\\\/es\\\/awakening-summer-festival-2024-cartel-informacion-y-fechas\\\/\"},\"wordCount\":1294,\"publisher\":{\"@id\":\"https:\\\/\\\/www.technomag.fr\\\/#organization\"},\"image\":{\"@id\":\"https:\\\/\\\/www.technomag.fr\\\/es\\\/awakening-summer-festival-2024-cartel-informacion-y-fechas\\\/#primaryimage\"},\"thumbnailUrl\":\"https:\\\/\\\/www.technomag.fr\\\/wp-content\\\/uploads\\\/2024\\\/02\\\/230708_0101_AWAKENINGS_@markrichter_LR_112-1.jpg\",\"articleSection\":[\"Festival\"],\"inLanguage\":\"es\"},{\"@type\":\"WebPage\",\"@id\":\"https:\\\/\\\/www.technomag.fr\\\/es\\\/awakening-summer-festival-2024-cartel-informacion-y-fechas\\\/\",\"url\":\"https:\\\/\\\/www.technomag.fr\\\/es\\\/awakening-summer-festival-2024-cartel-informacion-y-fechas\\\/\",\"name\":\"Awakening Summer Festival 2024, cartel, informaci\u00f3n y fechas | Techno Mag\",\"isPartOf\":{\"@id\":\"https:\\\/\\\/www.technomag.fr\\\/#website\"},\"primaryImageOfPage\":{\"@id\":\"https:\\\/\\\/www.technomag.fr\\\/es\\\/awakening-summer-festival-2024-cartel-informacion-y-fechas\\\/#primaryimage\"},\"image\":{\"@id\":\"https:\\\/\\\/www.technomag.fr\\\/es\\\/awakening-summer-festival-2024-cartel-informacion-y-fechas\\\/#primaryimage\"},\"thumbnailUrl\":\"https:\\\/\\\/www.technomag.fr\\\/wp-content\\\/uploads\\\/2024\\\/02\\\/230708_0101_AWAKENINGS_@markrichter_LR_112-1.jpg\",\"datePublished\":\"2024-04-29T16:56:18+00:00\",\"dateModified\":\"2024-08-08T12:29:20+00:00\",\"breadcrumb\":{\"@id\":\"https:\\\/\\\/www.technomag.fr\\\/es\\\/awakening-summer-festival-2024-cartel-informacion-y-fechas\\\/#breadcrumb\"},\"inLanguage\":\"es\",\"potentialAction\":[{\"@type\":\"ReadAction\",\"target\":[\"https:\\\/\\\/www.technomag.fr\\\/es\\\/awakening-summer-festival-2024-cartel-informacion-y-fechas\\\/\"]}]},{\"@type\":\"ImageObject\",\"inLanguage\":\"es\",\"@id\":\"https:\\\/\\\/www.technomag.fr\\\/es\\\/awakening-summer-festival-2024-cartel-informacion-y-fechas\\\/#primaryimage\",\"url\":\"https:\\\/\\\/www.technomag.fr\\\/wp-content\\\/uploads\\\/2024\\\/02\\\/230708_0101_AWAKENINGS_@markrichter_LR_112-1.jpg\",\"contentUrl\":\"https:\\\/\\\/www.technomag.fr\\\/wp-content\\\/uploads\\\/2024\\\/02\\\/230708_0101_AWAKENINGS_@markrichter_LR_112-1.jpg\",\"width\":2000,\"height\":1334},{\"@type\":\"BreadcrumbList\",\"@id\":\"https:\\\/\\\/www.technomag.fr\\\/es\\\/awakening-summer-festival-2024-cartel-informacion-y-fechas\\\/#breadcrumb\",\"itemListElement\":[{\"@type\":\"ListItem\",\"position\":1,\"name\":\"Accueil\",\"item\":\"https:\\\/\\\/www.technomag.fr\\\/es\\\/revista-techno\\\/\"},{\"@type\":\"ListItem\",\"position\":2,\"name\":\"Awakening Summer Festival 2024, cartel, informaci\u00f3n y fechas\"}]},{\"@type\":\"WebSite\",\"@id\":\"https:\\\/\\\/www.technomag.fr\\\/#website\",\"url\":\"https:\\\/\\\/www.technomag.fr\\\/\",\"name\":\"Techno Mag\",\"description\":\"Le magazine underground de r\u00e9f\u00e9rence pour la techno\",\"publisher\":{\"@id\":\"https:\\\/\\\/www.technomag.fr\\\/#organization\"},\"potentialAction\":[{\"@type\":\"SearchAction\",\"target\":{\"@type\":\"EntryPoint\",\"urlTemplate\":\"https:\\\/\\\/www.technomag.fr\\\/?s={search_term_string}\"},\"query-input\":{\"@type\":\"PropertyValueSpecification\",\"valueRequired\":true,\"valueName\":\"search_term_string\"}}],\"inLanguage\":\"es\"},{\"@type\":\"Organization\",\"@id\":\"https:\\\/\\\/www.technomag.fr\\\/#organization\",\"name\":\"Techno Mag\",\"url\":\"https:\\\/\\\/www.technomag.fr\\\/\",\"logo\":{\"@type\":\"ImageObject\",\"inLanguage\":\"es\",\"@id\":\"https:\\\/\\\/www.technomag.fr\\\/#\\\/schema\\\/logo\\\/image\\\/\",\"url\":\"https:\\\/\\\/www.technomag.fr\\\/wp-content\\\/uploads\\\/2023\\\/04\\\/TECHNO-e1681225415918.png\",\"contentUrl\":\"https:\\\/\\\/www.technomag.fr\\\/wp-content\\\/uploads\\\/2023\\\/04\\\/TECHNO-e1681225415918.png\",\"width\":500,\"height\":113,\"caption\":\"Techno Mag\"},\"image\":{\"@id\":\"https:\\\/\\\/www.technomag.fr\\\/#\\\/schema\\\/logo\\\/image\\\/\"}},{\"@type\":\"Person\",\"@id\":\"https:\\\/\\\/www.technomag.fr\\\/#\\\/schema\\\/person\\\/5184db1055c64729cb8595a8e9d23e9e\",\"name\":\"Eric\",\"image\":{\"@type\":\"ImageObject\",\"inLanguage\":\"es\",\"@id\":\"https:\\\/\\\/www.technomag.fr\\\/wp-content\\\/uploads\\\/2023\\\/12\\\/eric-96x96.jpg\",\"url\":\"https:\\\/\\\/www.technomag.fr\\\/wp-content\\\/uploads\\\/2023\\\/12\\\/eric-96x96.jpg\",\"contentUrl\":\"https:\\\/\\\/www.technomag.fr\\\/wp-content\\\/uploads\\\/2023\\\/12\\\/eric-96x96.jpg\",\"caption\":\"Eric\"},\"description\":\"Eric, le capitaine du navire TechnoMag, est d\u00e9veloppeur web, consultant SEO, r\u00e9dacteur de metier, et surtout fanatique de musique ! Depuis l'enfance, il est attir\u00e9 par les basses et les kicks, passant des heures \u00e0 \u00e9couter et jouer sur machines pour le plaisir, avec son fr\u00e8re et ses amis, depuis plus de dix ans. Globe-trotteur, il a explor\u00e9 des free parties sauvages et ill\u00e9gales jusqu\u2019aux plus grands festivals internationaux. Dans son pass\u00e9, il a aussi \u00e9t\u00e9 VJ et impliqu\u00e9 dans l'organisation de soir\u00e9es pas toujours vraiment autoris\u00e9es. Aujourd'hui, il aime capturer l'\u00e9nergie des \u00e9v\u00e9nements pour la retranscrire aux autres, que ce soit derri\u00e8re l'appareil photo, la cam\u00e9ra, ou en r\u00e9digeant un article. Avec quelques missions b\u00e9n\u00e9voles \u00e0 son actif et une association toute neuve, il r\u00eave d'un lieu autonome o\u00f9 chacun pourrait balancer son set sans craindre de perdre son matos.\",\"sameAs\":[\"https:\\\/\\\/www.instagram.com\\\/technomag.fr\\\/\",\"https:\\\/\\\/www.linkedin.com\\\/in\\\/boulangereric\\\/\"],\"url\":\"https:\\\/\\\/www.technomag.fr\\\/es\\\/redacteur\\\/eric-2\\\/\"}]}<\/script>\n<!-- \/ Yoast SEO plugin. -->","yoast_head_json":{"title":"Awakening Summer Festival 2024, cartel, informaci\u00f3n y fechas | Techno Mag","robots":{"index":"index","follow":"follow","max-snippet":"max-snippet:-1","max-image-preview":"max-image-preview:large","max-video-preview":"max-video-preview:-1"},"canonical":"https:\/\/www.technomag.fr\/es\/awakening-summer-festival-2024-cartel-informacion-y-fechas\/","og_locale":"es_ES","og_type":"article","og_title":"Awakening Summer Festival 2024, cartel, informaci\u00f3n y fechas | Techno Mag","og_description":"El verano, la estaci\u00f3n del calor, de la libertad y, sobre todo, de la m\u00fasica hechizante, est\u00e1 a punto de iluminarse con un acontecimiento musical muy esperado cada a\u00f1o: el Festival de Verano Despertar en Hilvarenbeek, Pa\u00edses Bajos. Esta cita estival, que se ha convertido en una aut\u00e9ntica tradici\u00f3n tanto para los amantes de la [&hellip;]","og_url":"https:\/\/www.technomag.fr\/es\/awakening-summer-festival-2024-cartel-informacion-y-fechas\/","og_site_name":"Techno Mag","article_published_time":"2024-04-29T16:56:18+00:00","article_modified_time":"2024-08-08T12:29:20+00:00","og_image":[{"width":2000,"height":1334,"url":"https:\/\/www.technomag.fr\/wp-content\/uploads\/2024\/02\/230708_0101_AWAKENINGS_@markrichter_LR_112-1.jpg","type":"image\/jpeg"}],"author":"Eric","twitter_card":"summary_large_image","twitter_misc":{"Escrito por":"Eric","Tiempo de lectura":"6 minutos"},"schema":{"@context":"https:\/\/schema.org","@graph":[{"@type":"Article","@id":"https:\/\/www.technomag.fr\/es\/awakening-summer-festival-2024-cartel-informacion-y-fechas\/#article","isPartOf":{"@id":"https:\/\/www.technomag.fr\/es\/awakening-summer-festival-2024-cartel-informacion-y-fechas\/"},"author":{"name":"Eric","@id":"https:\/\/www.technomag.fr\/#\/schema\/person\/5184db1055c64729cb8595a8e9d23e9e"},"headline":"Awakening Summer Festival 2024, cartel, informaci\u00f3n y fechas","datePublished":"2024-04-29T16:56:18+00:00","dateModified":"2024-08-08T12:29:20+00:00","mainEntityOfPage":{"@id":"https:\/\/www.technomag.fr\/es\/awakening-summer-festival-2024-cartel-informacion-y-fechas\/"},"wordCount":1294,"publisher":{"@id":"https:\/\/www.technomag.fr\/#organization"},"image":{"@id":"https:\/\/www.technomag.fr\/es\/awakening-summer-festival-2024-cartel-informacion-y-fechas\/#primaryimage"},"thumbnailUrl":"https:\/\/www.technomag.fr\/wp-content\/uploads\/2024\/02\/230708_0101_AWAKENINGS_@markrichter_LR_112-1.jpg","articleSection":["Festival"],"inLanguage":"es"},{"@type":"WebPage","@id":"https:\/\/www.technomag.fr\/es\/awakening-summer-festival-2024-cartel-informacion-y-fechas\/","url":"https:\/\/www.technomag.fr\/es\/awakening-summer-festival-2024-cartel-informacion-y-fechas\/","name":"Awakening Summer Festival 2024, cartel, informaci\u00f3n y fechas | Techno Mag","isPartOf":{"@id":"https:\/\/www.technomag.fr\/#website"},"primaryImageOfPage":{"@id":"https:\/\/www.technomag.fr\/es\/awakening-summer-festival-2024-cartel-informacion-y-fechas\/#primaryimage"},"image":{"@id":"https:\/\/www.technomag.fr\/es\/awakening-summer-festival-2024-cartel-informacion-y-fechas\/#primaryimage"},"thumbnailUrl":"https:\/\/www.technomag.fr\/wp-content\/uploads\/2024\/02\/230708_0101_AWAKENINGS_@markrichter_LR_112-1.jpg","datePublished":"2024-04-29T16:56:18+00:00","dateModified":"2024-08-08T12:29:20+00:00","breadcrumb":{"@id":"https:\/\/www.technomag.fr\/es\/awakening-summer-festival-2024-cartel-informacion-y-fechas\/#breadcrumb"},"inLanguage":"es","potentialAction":[{"@type":"ReadAction","target":["https:\/\/www.technomag.fr\/es\/awakening-summer-festival-2024-cartel-informacion-y-fechas\/"]}]},{"@type":"ImageObject","inLanguage":"es","@id":"https:\/\/www.technomag.fr\/es\/awakening-summer-festival-2024-cartel-informacion-y-fechas\/#primaryimage","url":"https:\/\/www.technomag.fr\/wp-content\/uploads\/2024\/02\/230708_0101_AWAKENINGS_@markrichter_LR_112-1.jpg","contentUrl":"https:\/\/www.technomag.fr\/wp-content\/uploads\/2024\/02\/230708_0101_AWAKENINGS_@markrichter_LR_112-1.jpg","width":2000,"height":1334},{"@type":"BreadcrumbList","@id":"https:\/\/www.technomag.fr\/es\/awakening-summer-festival-2024-cartel-informacion-y-fechas\/#breadcrumb","itemListElement":[{"@type":"ListItem","position":1,"name":"Accueil","item":"https:\/\/www.technomag.fr\/es\/revista-techno\/"},{"@type":"ListItem","position":2,"name":"Awakening Summer Festival 2024, cartel, informaci\u00f3n y fechas"}]},{"@type":"WebSite","@id":"https:\/\/www.technomag.fr\/#website","url":"https:\/\/www.technomag.fr\/","name":"Techno Mag","description":"Le magazine underground de r\u00e9f\u00e9rence pour la techno","publisher":{"@id":"https:\/\/www.technomag.fr\/#organization"},"potentialAction":[{"@type":"SearchAction","target":{"@type":"EntryPoint","urlTemplate":"https:\/\/www.technomag.fr\/?s={search_term_string}"},"query-input":{"@type":"PropertyValueSpecification","valueRequired":true,"valueName":"search_term_string"}}],"inLanguage":"es"},{"@type":"Organization","@id":"https:\/\/www.technomag.fr\/#organization","name":"Techno Mag","url":"https:\/\/www.technomag.fr\/","logo":{"@type":"ImageObject","inLanguage":"es","@id":"https:\/\/www.technomag.fr\/#\/schema\/logo\/image\/","url":"https:\/\/www.technomag.fr\/wp-content\/uploads\/2023\/04\/TECHNO-e1681225415918.png","contentUrl":"https:\/\/www.technomag.fr\/wp-content\/uploads\/2023\/04\/TECHNO-e1681225415918.png","width":500,"height":113,"caption":"Techno Mag"},"image":{"@id":"https:\/\/www.technomag.fr\/#\/schema\/logo\/image\/"}},{"@type":"Person","@id":"https:\/\/www.technomag.fr\/#\/schema\/person\/5184db1055c64729cb8595a8e9d23e9e","name":"Eric","image":{"@type":"ImageObject","inLanguage":"es","@id":"https:\/\/www.technomag.fr\/wp-content\/uploads\/2023\/12\/eric-96x96.jpg","url":"https:\/\/www.technomag.fr\/wp-content\/uploads\/2023\/12\/eric-96x96.jpg","contentUrl":"https:\/\/www.technomag.fr\/wp-content\/uploads\/2023\/12\/eric-96x96.jpg","caption":"Eric"},"description":"Eric, le capitaine du navire TechnoMag, est d\u00e9veloppeur web, consultant SEO, r\u00e9dacteur de metier, et surtout fanatique de musique ! Depuis l'enfance, il est attir\u00e9 par les basses et les kicks, passant des heures \u00e0 \u00e9couter et jouer sur machines pour le plaisir, avec son fr\u00e8re et ses amis, depuis plus de dix ans. Globe-trotteur, il a explor\u00e9 des free parties sauvages et ill\u00e9gales jusqu\u2019aux plus grands festivals internationaux. Dans son pass\u00e9, il a aussi \u00e9t\u00e9 VJ et impliqu\u00e9 dans l'organisation de soir\u00e9es pas toujours vraiment autoris\u00e9es. Aujourd'hui, il aime capturer l'\u00e9nergie des \u00e9v\u00e9nements pour la retranscrire aux autres, que ce soit derri\u00e8re l'appareil photo, la cam\u00e9ra, ou en r\u00e9digeant un article. Avec quelques missions b\u00e9n\u00e9voles \u00e0 son actif et une association toute neuve, il r\u00eave d'un lieu autonome o\u00f9 chacun pourrait balancer son set sans craindre de perdre son matos.","sameAs":["https:\/\/www.instagram.com\/technomag.fr\/","https:\/\/www.linkedin.com\/in\/boulangereric\/"],"url":"https:\/\/www.technomag.fr\/es\/redacteur\/eric-2\/"}]}},"_links":{"self":[{"href":"https:\/\/www.technomag.fr\/es\/wp-json\/wp\/v2\/posts\/13233","targetHints":{"allow":["GET"]}}],"collection":[{"href":"https:\/\/www.technomag.fr\/es\/wp-json\/wp\/v2\/posts"}],"about":[{"href":"https:\/\/www.technomag.fr\/es\/wp-json\/wp\/v2\/types\/post"}],"author":[{"embeddable":true,"href":"https:\/\/www.technomag.fr\/es\/wp-json\/wp\/v2\/users\/3"}],"replies":[{"embeddable":true,"href":"https:\/\/www.technomag.fr\/es\/wp-json\/wp\/v2\/comments?post=13233"}],"version-history":[{"count":1,"href":"https:\/\/www.technomag.fr\/es\/wp-json\/wp\/v2\/posts\/13233\/revisions"}],"predecessor-version":[{"id":13246,"href":"https:\/\/www.technomag.fr\/es\/wp-json\/wp\/v2\/posts\/13233\/revisions\/13246"}],"wp:featuredmedia":[{"embeddable":true,"href":"https:\/\/www.technomag.fr\/es\/wp-json\/wp\/v2\/media\/13236"}],"wp:attachment":[{"href":"https:\/\/www.technomag.fr\/es\/wp-json\/wp\/v2\/media?parent=13233"}],"wp:term":[{"taxonomy":"category","embeddable":true,"href":"https:\/\/www.technomag.fr\/es\/wp-json\/wp\/v2\/categories?post=13233"},{"taxonomy":"post_tag","embeddable":true,"href":"https:\/\/www.technomag.fr\/es\/wp-json\/wp\/v2\/tags?post=13233"}],"curies":[{"name":"wp","href":"https:\/\/api.w.org\/{rel}","templated":true}]}}