
{"id":13205,"date":"2024-03-20T14:36:34","date_gmt":"2024-03-20T13:36:34","guid":{"rendered":"https:\/\/www.technomag.fr\/festival-extrema-outdoor-2024-todo-lo-que-necesitas-saber\/"},"modified":"2024-08-08T17:33:49","modified_gmt":"2024-08-08T16:33:49","slug":"festival-extrema-outdoor-2024-todo-lo-que-necesitas-saber","status":"publish","type":"post","link":"https:\/\/www.technomag.fr\/es\/festival-extrema-outdoor-2024-todo-lo-que-necesitas-saber\/","title":{"rendered":"Festival Extrema Outdoor 2024: todo lo que necesitas saber"},"content":{"rendered":"\n<figure class=\"wp-block-embed is-type-video is-provider-youtube wp-block-embed-youtube wp-embed-aspect-16-9 wp-has-aspect-ratio\"><div class=\"wp-block-embed__wrapper\"> \n<iframe title=\"Extrema Outdoor 2023 \u2022 Official aftermovie\" width=\"1080\" height=\"608\" src=\"https:\/\/www.youtube.com\/embed\/soYPunF47ik?feature=oembed\" frameborder=\"0\" allow=\"accelerometer; autoplay; clipboard-write; encrypted-media; gyroscope; picture-in-picture; web-share\" referrerpolicy=\"strict-origin-when-cross-origin\" allowfullscreen><\/iframe>\n <\/div><\/figure>\n\n<p>Desde hace 14 a\u00f1os, el festival Extrema Outdoor acoge a miles de visitantes en un paraje incre\u00edble, para divertirse en diversas pistas de baile.\nLa principal atracci\u00f3n del festival: \u00a1algo para todos!\nDisfrutaremos de un ecl\u00e9ctico cartel de m\u00fasica electr\u00f3nica, de una amplia variedad de puntos de venta de comida y bebida, de opciones de alojamiento cl\u00e1sicas o lujosas&#8230; Cada aspecto est\u00e1 dise\u00f1ado para complacer al mayor n\u00famero posible de personas.  <\/p>\n\n<p>Laissez-nous vous pr\u00e9senter l\u2019essentiel \u00e0 conna\u00eetre sur l\u2019Extrema Outdoor Belgium 2024, ce festival de r\u00e9f\u00e9rence dans le monde de la musique. Nous sommes persuad\u00e9s que vous serez enchant\u00e9 par l\u2019ambiance promise, les d\u00e9cors et le programme de l\u2019Extrema. Vous verrez que cet \u00e9v\u00e9nement propose une puissante exp\u00e9rience musicale, sociale et immersive. &#x1f609;<\/p>\n\n<div id=\"ez-toc-container\" class=\"ez-toc-v2_0_82_2 ez-toc-wrap-center counter-hierarchy ez-toc-counter ez-toc-custom ez-toc-container-direction\">\n<div class=\"ez-toc-title-container\">\n<p class=\"ez-toc-title\" style=\"cursor:inherit\">Sommaire<\/p>\n<span class=\"ez-toc-title-toggle\"><a href=\"#\" class=\"ez-toc-pull-right ez-toc-btn ez-toc-btn-xs ez-toc-btn-default ez-toc-toggle\" aria-label=\"Alternar tabla de contenidos\"><span class=\"ez-toc-js-icon-con\"><span class=\"\"><span class=\"eztoc-hide\" style=\"display:none;\">Toggle<\/span><span class=\"ez-toc-icon-toggle-span\"><svg style=\"fill: #ffffff;color:#ffffff\" xmlns=\"http:\/\/www.w3.org\/2000\/svg\" class=\"list-377408\" width=\"20px\" height=\"20px\" viewBox=\"0 0 24 24\" fill=\"none\"><path d=\"M6 6H4v2h2V6zm14 0H8v2h12V6zM4 11h2v2H4v-2zm16 0H8v2h12v-2zM4 16h2v2H4v-2zm16 0H8v2h12v-2z\" fill=\"currentColor\"><\/path><\/svg><svg style=\"fill: #ffffff;color:#ffffff\" class=\"arrow-unsorted-368013\" xmlns=\"http:\/\/www.w3.org\/2000\/svg\" width=\"10px\" height=\"10px\" viewBox=\"0 0 24 24\" version=\"1.2\" baseProfile=\"tiny\"><path d=\"M18.2 9.3l-6.2-6.3-6.2 6.3c-.2.2-.3.4-.3.7s.1.5.3.7c.2.2.4.3.7.3h11c.3 0 .5-.1.7-.3.2-.2.3-.5.3-.7s-.1-.5-.3-.7zM5.8 14.7l6.2 6.3 6.2-6.3c.2-.2.3-.5.3-.7s-.1-.5-.3-.7c-.2-.2-.4-.3-.7-.3h-11c-.3 0-.5.1-.7.3-.2.2-.3.5-.3.7s.1.5.3.7z\"\/><\/svg><\/span><\/span><\/span><\/a><\/span><\/div>\n<nav><ul class='ez-toc-list ez-toc-list-level-1 ' ><li class='ez-toc-page-1 ez-toc-heading-level-2'><a class=\"ez-toc-link ez-toc-heading-1\" href=\"https:\/\/www.technomag.fr\/es\/festival-extrema-outdoor-2024-todo-lo-que-necesitas-saber\/#Dates_et_lieu_de_lExtrema_Outdoor\" >Dates et lieu de l\u2019Extrema Outdoor<\/a><\/li><li class='ez-toc-page-1 ez-toc-heading-level-2'><a class=\"ez-toc-link ez-toc-heading-2\" href=\"https:\/\/www.technomag.fr\/es\/festival-extrema-outdoor-2024-todo-lo-que-necesitas-saber\/#Une_line-up_qui_vend_du_reve\" >Une line-up qui vend du r\u00eave<\/a><\/li><li class='ez-toc-page-1 ez-toc-heading-level-2'><a class=\"ez-toc-link ez-toc-heading-3\" href=\"https:\/\/www.technomag.fr\/es\/festival-extrema-outdoor-2024-todo-lo-que-necesitas-saber\/#Disponibilite_et_prix_des_billets\" >Disponibilit\u00e9 et prix des billets<\/a><\/li><li class='ez-toc-page-1 ez-toc-heading-level-2'><a class=\"ez-toc-link ez-toc-heading-4\" href=\"https:\/\/www.technomag.fr\/es\/festival-extrema-outdoor-2024-todo-lo-que-necesitas-saber\/#Acces_au_festival\" >Acc\u00e8s au festival<\/a><\/li><li class='ez-toc-page-1 ez-toc-heading-level-2'><a class=\"ez-toc-link ez-toc-heading-5\" href=\"https:\/\/www.technomag.fr\/es\/festival-extrema-outdoor-2024-todo-lo-que-necesitas-saber\/#Camping_et_hebergement\" >Camping et h\u00e9bergement<\/a><\/li><\/ul><\/nav><\/div>\n<h2 class=\"wp-block-heading has-text-align-center\"><span class=\"ez-toc-section\" id=\"Dates_et_lieu_de_lExtrema_Outdoor\"><\/span>Dates et lieu de l\u2019Extrema Outdoor<span class=\"ez-toc-section-end\"><\/span><\/h2>\n\n<p>Les festivit\u00e9s se tiendront du 17 au 19 mai 2024. Les portes du camping ouvrent le jeudi 16 mai \u00e0 16 heures, mais les shows d\u00e9marrent officiellement le vendredi 17 \u00e0 midi. Pendant chacune des trois journ\u00e9es, les DJ\u2019s feront p\u00e9ter le son de 12 h \u00e0 00 h. Ensuite, ceux qui b\u00e9n\u00e9ficient d\u2019un acc\u00e8s au camping (classique ou resort) pourront se rendre aux afterparties officielles du festival.<\/p>\n\n<p>Le festival Extrema Outdoor Belgium se d\u00e9roule\u2026 en Belgique, vous l\u2019aurez devin\u00e9 ! Plus pr\u00e9cis\u00e9ment, le lieu se situe dans la province du Limbourg (r\u00e9gion flamande), \u00e0 Houthalen-Helchteren. Connu pour se tenir dans un spot magnifique, l\u2019emplacement exact du festival vous offre pas mal de commodit\u00e9s, dans un lieu agr\u00e9able entre for\u00eat et lac d\u2019eau claire (lac de Plas), o\u00f9 vous pourrez vous baigner ou vous pr\u00e9lasser sur la plage.<\/p>\n\n<h2 class=\"wp-block-heading has-text-align-center\"><span class=\"ez-toc-section\" id=\"Une_line-up_qui_vend_du_reve\"><\/span><br\/>Une line-up qui vend du r\u00eave<span class=\"ez-toc-section-end\"><\/span><\/h2>\n\n<figure class=\"wp-block-image size-large\"><img fetchpriority=\"high\" decoding=\"async\" width=\"1024\" height=\"390\" src=\"https:\/\/www.technomag.fr\/wp-content\/uploads\/2024\/03\/line-up-extrema-outdoor-2024-1024x390.png\" alt=\"\" class=\"wp-image-9223\" srcset=\"https:\/\/www.technomag.fr\/wp-content\/uploads\/2024\/03\/line-up-extrema-outdoor-2024-1024x390.png 1024w, https:\/\/www.technomag.fr\/wp-content\/uploads\/2024\/03\/line-up-extrema-outdoor-2024-600x228.png 600w, https:\/\/www.technomag.fr\/wp-content\/uploads\/2024\/03\/line-up-extrema-outdoor-2024-300x114.png 300w, https:\/\/www.technomag.fr\/wp-content\/uploads\/2024\/03\/line-up-extrema-outdoor-2024-768x292.png 768w, https:\/\/www.technomag.fr\/wp-content\/uploads\/2024\/03\/line-up-extrema-outdoor-2024-1536x584.png 1536w, https:\/\/www.technomag.fr\/wp-content\/uploads\/2024\/03\/line-up-extrema-outdoor-2024-150x57.png 150w, https:\/\/www.technomag.fr\/wp-content\/uploads\/2024\/03\/line-up-extrema-outdoor-2024.png 1577w\" sizes=\"(max-width: 1024px) 100vw, 1024px\" \/><\/figure>\n\n<p>L\u2019Extrema Outdoor, depuis sa cr\u00e9ation, cible tous les amoureux de la techno, sans exception. Les visiteurs de tous \u00e2ges, toutes ethnies, tous les go\u00fbts et tous les budgets sont invit\u00e9s \u00e0 se r\u00e9galer. Apr\u00e8s tout, c\u2019est ce qui a forg\u00e9 l\u2019identit\u00e9 des organisateurs. Depuis leurs d\u00e9buts dans l\u2019\u00e9v\u00e9nementiel, ils regroupent dans une m\u00eame soir\u00e9e (ou week-end) les stars internationales av\u00e9r\u00e9es et les meilleurs artistes \u00e0 en devenir du monde de la techno.<\/p>\n\n<p>\u00c0 l\u2019Extrema Outdoor 2024, vous trouverez 7 sc\u00e8nes (appel\u00e9es \u201cDistricts\u201d), la zone Ap\u00e9rol Spritz et les afters du camping. L\u2019affiche tr\u00e8s compl\u00e8te promet un tour vari\u00e9 de la musique \u00e9lectronique, pour chacun d\u2019entre vous et m\u00eame pour les plus ind\u00e9cis.<\/p>\n\n<p>Les t\u00eates d\u2019affiche sont d\u00e9j\u00e0 incroyables, avec des artistes renomm\u00e9s tels que Paul Kalkbrenner, Boris Brejcha, Adriatique, Amelie Lens, Oguz, Trym, et bien d\u2019autres\u2026 Quand on voit comme cette ouverture de line-up est d\u00e9j\u00e0 compl\u00e8te, on ne peut qu\u2019attendre avec impatience les artistes s\u00e9lectionn\u00e9s pour la suite. Des nouveaut\u00e9s 2023 sont attendues, avec Malugi ou Brina Knauss par exemple. Les Fran\u00e7ais comme les Belges seront \u00e9galement mis \u00e0 l\u2019honneur, avec une s\u00e9lection particuli\u00e8rement locale. En tout cas, on vous invite \u00e0 jeter un \u0153il au programme complet, car on ne peut pas l\u2019aborder en entier dans cet article ! &#x1f92f;<\/p>\n\n<p>Chez Technomag, on a d\u00e9j\u00e0 h\u00e2te de d\u00e9couvrir la totalit\u00e9 des sc\u00e8nes sur place et l\u2019ambiance de cette ann\u00e9e. Les rois de l\u2019\u00e9lectro seront regroup\u00e9s pour vous faire vivre un week-end hors du commun.<\/p>\n\n<h2 class=\"wp-block-heading has-text-align-center\"><span class=\"ez-toc-section\" id=\"Disponibilite_et_prix_des_billets\"><\/span>Disponibilit\u00e9 et prix des billets<span class=\"ez-toc-section-end\"><\/span><\/h2>\n\n<p>\u00c0 l\u2019heure o\u00f9 vous lisez ces lignes, les billets VIP et les billets pour les vacances sont presque tous d\u00e9j\u00e0 vendus ! Ces billets, les plus recherch\u00e9s, incluent l\u2019acc\u00e8s au camping et \u00e0 ses afters, ainsi qu\u2019au festival pendant les trois jours.<\/p>\n\n<p>Il reste toujours les billets classiques pour le week-end entier (hors camping) pour 169,50 \u20ac, ou pour un des trois jours uniquement (hors camping) \u00e0 79,50 \u20ac (vendredi, samedi ou dimanche). Vous pouvez encore trouver des billets VIP pour les journ\u00e9es uniques de Vendredi ou samedi. Les billets VIP donnent acc\u00e8s non seulement au festival, mais aussi au parking VIP, \u00e0 des toilettes s\u00e9par\u00e9es ainsi qu\u2019\u00e0 l\u2019espace VIP au District 5.<br\/>Il est \u00e9galement possible de r\u00e9server des tables VIP ou des loges pour le District 5 via <a>vip@extrema.be<\/a>.<\/p>\n\n<blockquote class=\"wp-block-quote is-layout-flow wp-block-quote-is-layout-flow\">\n<p>Une journ\u00e9e de festival gratuite sp\u00e9cialement d\u00e9di\u00e9e aux personnes en situation de handicap<\/p>\n<\/blockquote>\n\n<p><br\/>Le 16 mai, de 16h00 \u00e0 20h00, marquera la 6\u00e8me \u00e9dition cons\u00e9cutive de \u00abExtrema Special\u00bb, une journ\u00e9e de festival gratuite sp\u00e9cialement con\u00e7ue pour les personnes en situation de handicap. Cette journ\u00e9e sera enti\u00e8rement d\u00e9di\u00e9e \u00e0 la musique, aux activit\u00e9s annexes et \u00e0 une multitude d&#8217;autres divertissements pour tous les participants. Bien que le programme soit gard\u00e9 secret, les organisateurs assurent la pr\u00e9sence d&#8217;artistes de renomm\u00e9e internationale.<\/p>\n\n<figure class=\"wp-block-image size-large\"><img decoding=\"async\" width=\"1024\" height=\"684\" src=\"https:\/\/www.technomag.fr\/wp-content\/uploads\/2024\/03\/230526-1401-XO23-Simonleloup-DSC_9706-1024x684.jpg\" alt=\"Ne manquez pas le Festival Extrema Outdoor 2024 : un rendez-vous incontournable pour tous les passionn&#xE9;s de musique techno et de festivals. Cliquez pour tout savoir !\" class=\"wp-image-9240\" srcset=\"https:\/\/www.technomag.fr\/wp-content\/uploads\/2024\/03\/230526-1401-XO23-Simonleloup-DSC_9706-1024x684.jpg 1024w, https:\/\/www.technomag.fr\/wp-content\/uploads\/2024\/03\/230526-1401-XO23-Simonleloup-DSC_9706-600x401.jpg 600w, https:\/\/www.technomag.fr\/wp-content\/uploads\/2024\/03\/230526-1401-XO23-Simonleloup-DSC_9706-300x200.jpg 300w, https:\/\/www.technomag.fr\/wp-content\/uploads\/2024\/03\/230526-1401-XO23-Simonleloup-DSC_9706-768x513.jpg 768w, https:\/\/www.technomag.fr\/wp-content\/uploads\/2024\/03\/230526-1401-XO23-Simonleloup-DSC_9706-391x260.jpg 391w, https:\/\/www.technomag.fr\/wp-content\/uploads\/2024\/03\/230526-1401-XO23-Simonleloup-DSC_9706-1536x1025.jpg 1536w, https:\/\/www.technomag.fr\/wp-content\/uploads\/2024\/03\/230526-1401-XO23-Simonleloup-DSC_9706-2048x1367.jpg 2048w, https:\/\/www.technomag.fr\/wp-content\/uploads\/2024\/03\/230526-1401-XO23-Simonleloup-DSC_9706-150x100.jpg 150w\" sizes=\"(max-width: 1024px) 100vw, 1024px\" \/><\/figure>\n\n<h2 class=\"wp-block-heading has-text-align-center\"><span class=\"ez-toc-section\" id=\"Acces_au_festival\"><\/span>Acc\u00e8s au festival<span class=\"ez-toc-section-end\"><\/span><\/h2>\n\n<p>Vous pouvez vous y rendre en voiture, si vous avez d\u00e9sign\u00e9 un \u201cSam\u201d, et vous garer au parking payant du festival.<\/p>\n\n<p>\u00c0 partir de la gare de Hasselt, la ville la plus proche, des navettes seront mises en place pour vous emmener au festival. Les horaires seront diffus\u00e9s ult\u00e9rieurement sur le site ou sur les r\u00e9seaux. Bon \u00e0 savoir, si vous arrivez en avion : une gare toute proche de l\u2019a\u00e9roport de Bruxelles vous permet d\u2019arriver directement \u00e0 Hasselt, par la voie ferr\u00e9e.<\/p>\n\n<p>Un partenariat avec la soci\u00e9t\u00e9 de transports priv\u00e9s Keolis vous permet \u00e9galement de profiter d\u2019un chauffeur priv\u00e9 qui vous am\u00e8ne directement sur le site du festival.<\/p>\n\n<p>N\u2019oubliez surtout pas votre carte d\u2019identit\u00e9 ! L\u2019acc\u00e8s au festival ainsi qu\u2019au camping est interdit aux mineurs, une preuve peut vous \u00eatre demand\u00e9e \u00e0 l\u2019entr\u00e9e. L\u2019entr\u00e9e dans le camping \u00e9tant r\u00e9glement\u00e9e, les festivaliers qui campent seront munis de bracelets sp\u00e9ciaux.<\/p>\n\n<figure class=\"wp-block-image size-large\"><img decoding=\"async\" width=\"1024\" height=\"683\" src=\"https:\/\/www.technomag.fr\/wp-content\/uploads\/2024\/03\/20230526_2015_XO23_CedericVandenberghe_160-1024x683.jpg\" alt=\"\" class=\"wp-image-9242\" srcset=\"https:\/\/www.technomag.fr\/wp-content\/uploads\/2024\/03\/20230526_2015_XO23_CedericVandenberghe_160-1024x683.jpg 1024w, https:\/\/www.technomag.fr\/wp-content\/uploads\/2024\/03\/20230526_2015_XO23_CedericVandenberghe_160-600x400.jpg 600w, https:\/\/www.technomag.fr\/wp-content\/uploads\/2024\/03\/20230526_2015_XO23_CedericVandenberghe_160-300x200.jpg 300w, https:\/\/www.technomag.fr\/wp-content\/uploads\/2024\/03\/20230526_2015_XO23_CedericVandenberghe_160-768x512.jpg 768w, https:\/\/www.technomag.fr\/wp-content\/uploads\/2024\/03\/20230526_2015_XO23_CedericVandenberghe_160-391x260.jpg 391w, https:\/\/www.technomag.fr\/wp-content\/uploads\/2024\/03\/20230526_2015_XO23_CedericVandenberghe_160-1536x1024.jpg 1536w, https:\/\/www.technomag.fr\/wp-content\/uploads\/2024\/03\/20230526_2015_XO23_CedericVandenberghe_160-2048x1366.jpg 2048w, https:\/\/www.technomag.fr\/wp-content\/uploads\/2024\/03\/20230526_2015_XO23_CedericVandenberghe_160-150x100.jpg 150w\" sizes=\"(max-width: 1024px) 100vw, 1024px\" \/><\/figure>\n\n<h2 class=\"wp-block-heading has-text-align-center\"><span class=\"ez-toc-section\" id=\"Camping_et_hebergement\"><\/span>Camping et h\u00e9bergement<span class=\"ez-toc-section-end\"><\/span><\/h2>\n\n<p>Le camping officiel est d\u00e9j\u00e0 complet \u00e0 l\u2019heure o\u00f9 vous lisez ces lignes, mais il y a d\u2019autres options d\u2019h\u00e9bergement possibles (\u00e0 moins que vous ne comptiez pas dormir !). Cependant, il reste des emplacements libres dans l\u2019Extrema Resort. Il y a aussi des campings ext\u00e9rieurs et de nombreux h\u00f4tels \u00e0 proximit\u00e9 du festival.<br\/>Le camping n\u2019est disponible que pour passer le week-end entier, vous ne pouvez pas louer d\u2019emplacement pour une seule nuit. Les camping-cars et autres v\u00e9hicules volumineux ne sont pas autoris\u00e9s sur la zone. Avant d\u2019arriver, pensez \u00e0 bien relire les r\u00e8gles des lieux et les objets interdits. Une \u00e9tourderie, et vous risquez de vous voir refuser l\u2019acc\u00e8s \u00e0 votre camp. Ce serait b\u00eate d\u2019avoir fait la route pour en arriver l\u00e0\u2026<\/p>\n\n<p>Sur le camping, vous pouvez venir avec votre propre \u00e9quipement de camping ou vous faire plaisir en louant un campement d\u00e9j\u00e0 tout pr\u00eat. Ces offres se d\u00e9clinent en plusieurs cat\u00e9gories : les FestiTent (campement basique d\u00e9j\u00e0 mont\u00e9 \u00e0 votre arriv\u00e9e) ou le village <a href=\"https:\/\/www.extrema.be\/en\/resort\" target=\"_blank\" rel=\"noreferrer noopener\"><strong>Extrema Resort<\/strong><\/a>, plus luxueux.<\/p>\n\n<p>Si vous optez pour un emplacement \u00e0 l\u2019Extrema Resort, sachez que vos entr\u00e9es au festival et aux afters sont assur\u00e9es dans le tarif. Vous disposez \u00e9galement d\u2019un acc\u00e8s libre \u00e0 des sanitaires et des douches de luxe, \u00e0 un spa, un sauna et un jacuzzi. Le service de restauration et de petits-d\u00e9jeuners compl\u00e9tera votre exp\u00e9rience. Cet espace se trouve l\u00e9g\u00e8rement \u00e0 l\u2019\u00e9cart, mais seulement \u00e0 5 minutes de marche des portes du festival. Bien s\u00fbr, tout cela a un co\u00fbt : environ 600 \u20ac par personne pour le week-end complet.<br\/>Ne ratez pas l\u2019Extrema Outdoor Fest cette ann\u00e9e !<br\/>Vous l\u2019aurez compris, ce festival est un incontournable pour vous amuser et vous laisser transporter par vos musiques pr\u00e9f\u00e9r\u00e9es. &#x1f973;<\/p>\n\n<p>Si vous avez besoin de plus amples informations sur le festival avant d\u2019acheter vos billets, vous pouvez consulter la FAQ du site officiel (g\u00e9n\u00e9reusement fournie) ou contacter l\u2019\u00e9quipe d\u2019organisation \u00e0 cette adresse e-mail : <a href=\"mailto:info@extrema.be\" target=\"_blank\" rel=\"noreferrer noopener\">info@extrema.be<\/a><\/p>\n\n\n<div class=\"kk-star-ratings kksr-auto kksr-align-center kksr-valign-bottom\"\n    data-payload='{&quot;align&quot;:&quot;center&quot;,&quot;id&quot;:&quot;13205&quot;,&quot;slug&quot;:&quot;default&quot;,&quot;valign&quot;:&quot;bottom&quot;,&quot;ignore&quot;:&quot;&quot;,&quot;reference&quot;:&quot;auto&quot;,&quot;class&quot;:&quot;&quot;,&quot;count&quot;:&quot;0&quot;,&quot;legendonly&quot;:&quot;&quot;,&quot;readonly&quot;:&quot;&quot;,&quot;score&quot;:&quot;0&quot;,&quot;starsonly&quot;:&quot;&quot;,&quot;best&quot;:&quot;5&quot;,&quot;gap&quot;:&quot;5&quot;,&quot;greet&quot;:&quot;Noter cet article&quot;,&quot;legend&quot;:&quot;0\\\/5 - (0 votos)&quot;,&quot;size&quot;:&quot;24&quot;,&quot;title&quot;:&quot;Festival Extrema Outdoor 2024: todo lo que necesitas saber&quot;,&quot;width&quot;:&quot;0&quot;,&quot;_legend&quot;:&quot;{score}\\\/{best} - ({count} {votes})&quot;,&quot;font_factor&quot;:&quot;1.25&quot;}'>\n            \n<div class=\"kksr-stars\">\n    \n<div class=\"kksr-stars-inactive\">\n            <div class=\"kksr-star\" data-star=\"1\" style=\"padding-right: 5px\">\n            \n\n<div class=\"kksr-icon\" style=\"width: 24px; height: 24px;\"><\/div>\n        <\/div>\n            <div class=\"kksr-star\" data-star=\"2\" style=\"padding-right: 5px\">\n            \n\n<div class=\"kksr-icon\" style=\"width: 24px; height: 24px;\"><\/div>\n        <\/div>\n            <div class=\"kksr-star\" data-star=\"3\" style=\"padding-right: 5px\">\n            \n\n<div class=\"kksr-icon\" style=\"width: 24px; height: 24px;\"><\/div>\n        <\/div>\n            <div class=\"kksr-star\" data-star=\"4\" style=\"padding-right: 5px\">\n            \n\n<div class=\"kksr-icon\" style=\"width: 24px; height: 24px;\"><\/div>\n        <\/div>\n            <div class=\"kksr-star\" data-star=\"5\" style=\"padding-right: 5px\">\n            \n\n<div class=\"kksr-icon\" style=\"width: 24px; height: 24px;\"><\/div>\n        <\/div>\n    <\/div>\n    \n<div class=\"kksr-stars-active\" style=\"width: 0px;\">\n            <div class=\"kksr-star\" style=\"padding-right: 5px\">\n            \n\n<div class=\"kksr-icon\" style=\"width: 24px; height: 24px;\"><\/div>\n        <\/div>\n            <div class=\"kksr-star\" style=\"padding-right: 5px\">\n            \n\n<div class=\"kksr-icon\" style=\"width: 24px; height: 24px;\"><\/div>\n        <\/div>\n            <div class=\"kksr-star\" style=\"padding-right: 5px\">\n            \n\n<div class=\"kksr-icon\" style=\"width: 24px; height: 24px;\"><\/div>\n        <\/div>\n            <div class=\"kksr-star\" style=\"padding-right: 5px\">\n            \n\n<div class=\"kksr-icon\" style=\"width: 24px; height: 24px;\"><\/div>\n        <\/div>\n            <div class=\"kksr-star\" style=\"padding-right: 5px\">\n            \n\n<div class=\"kksr-icon\" style=\"width: 24px; height: 24px;\"><\/div>\n        <\/div>\n    <\/div>\n<\/div>\n                \n\n<div class=\"kksr-legend\" style=\"font-size: 19.2px;\">\n            <span class=\"kksr-muted\">Noter cet article<\/span>\n    <\/div>\n    <\/div>\n","protected":false},"excerpt":{"rendered":"<p>No te pierdas el Festival Extrema Outdoor 2024: una cita ineludible para todos los aficionados a la m\u00fasica tecno y a los festivales.<br \/>\n\u00a1Haz clic aqu\u00ed para enterarte de todo! <\/p>\n","protected":false},"author":3,"featured_media":13207,"comment_status":"closed","ping_status":"closed","sticky":false,"template":"","format":"standard","meta":{"_acf_changed":false,"footnotes":""},"categories":[857],"tags":[],"class_list":["post-13205","post","type-post","status-publish","format-standard","has-post-thumbnail","hentry","category-festival-es"],"acf":[],"yoast_head":"<!-- This site is optimized with the Yoast SEO plugin v27.5 - https:\/\/yoast.com\/product\/yoast-seo-wordpress\/ -->\n<title>Festival Extrema Outdoor 2024: todo lo que necesitas saber | Techno Mag<\/title>\n<meta name=\"description\" content=\"No te pierdas el Festival Extrema Outdoor 2024: una cita ineludible para todos los aficionados a la m\u00fasica tecno y a los festivales. \u00a1Haz clic aqu\u00ed para enterarte de todo!\" \/>\n<meta name=\"robots\" content=\"index, follow, max-snippet:-1, max-image-preview:large, max-video-preview:-1\" \/>\n<link rel=\"canonical\" href=\"https:\/\/www.technomag.fr\/es\/festival-extrema-outdoor-2024-todo-lo-que-necesitas-saber\/\" \/>\n<meta property=\"og:locale\" content=\"es_ES\" \/>\n<meta property=\"og:type\" content=\"article\" \/>\n<meta property=\"og:title\" content=\"Festival Extrema Outdoor 2024: todo lo que necesitas saber | Techno Mag\" \/>\n<meta property=\"og:description\" content=\"No te pierdas el Festival Extrema Outdoor 2024: una cita ineludible para todos los aficionados a la m\u00fasica tecno y a los festivales. \u00a1Haz clic aqu\u00ed para enterarte de todo!\" \/>\n<meta property=\"og:url\" content=\"https:\/\/www.technomag.fr\/es\/festival-extrema-outdoor-2024-todo-lo-que-necesitas-saber\/\" \/>\n<meta property=\"og:site_name\" content=\"Techno Mag\" \/>\n<meta property=\"article:published_time\" content=\"2024-03-20T13:36:34+00:00\" \/>\n<meta property=\"article:modified_time\" content=\"2024-08-08T16:33:49+00:00\" \/>\n<meta property=\"og:image\" content=\"https:\/\/www.technomag.fr\/wp-content\/uploads\/2024\/03\/extrema-outdoor-2024-1024x1024.jpg\" \/>\n\t<meta property=\"og:image:width\" content=\"1024\" \/>\n\t<meta property=\"og:image:height\" content=\"1024\" \/>\n\t<meta property=\"og:image:type\" content=\"image\/jpeg\" \/>\n<meta name=\"author\" content=\"Eric\" \/>\n<meta name=\"twitter:card\" content=\"summary_large_image\" \/>\n<meta name=\"twitter:label1\" content=\"Escrito por\" \/>\n\t<meta name=\"twitter:data1\" content=\"Eric\" \/>\n\t<meta name=\"twitter:label2\" content=\"Tiempo de lectura\" \/>\n\t<meta name=\"twitter:data2\" content=\"7 minutos\" \/>\n<script type=\"application\/ld+json\" class=\"yoast-schema-graph\">{\"@context\":\"https:\\\/\\\/schema.org\",\"@graph\":[{\"@type\":\"Article\",\"@id\":\"https:\\\/\\\/www.technomag.fr\\\/es\\\/festival-extrema-outdoor-2024-todo-lo-que-necesitas-saber\\\/#article\",\"isPartOf\":{\"@id\":\"https:\\\/\\\/www.technomag.fr\\\/es\\\/festival-extrema-outdoor-2024-todo-lo-que-necesitas-saber\\\/\"},\"author\":{\"name\":\"Eric\",\"@id\":\"https:\\\/\\\/www.technomag.fr\\\/#\\\/schema\\\/person\\\/5184db1055c64729cb8595a8e9d23e9e\"},\"headline\":\"Festival Extrema Outdoor 2024: todo lo que necesitas saber\",\"datePublished\":\"2024-03-20T13:36:34+00:00\",\"dateModified\":\"2024-08-08T16:33:49+00:00\",\"mainEntityOfPage\":{\"@id\":\"https:\\\/\\\/www.technomag.fr\\\/es\\\/festival-extrema-outdoor-2024-todo-lo-que-necesitas-saber\\\/\"},\"wordCount\":1370,\"publisher\":{\"@id\":\"https:\\\/\\\/www.technomag.fr\\\/#organization\"},\"image\":{\"@id\":\"https:\\\/\\\/www.technomag.fr\\\/es\\\/festival-extrema-outdoor-2024-todo-lo-que-necesitas-saber\\\/#primaryimage\"},\"thumbnailUrl\":\"https:\\\/\\\/www.technomag.fr\\\/wp-content\\\/uploads\\\/2024\\\/03\\\/extrema-outdoor-2024.jpg\",\"articleSection\":[\"Festival\"],\"inLanguage\":\"es\"},{\"@type\":\"WebPage\",\"@id\":\"https:\\\/\\\/www.technomag.fr\\\/es\\\/festival-extrema-outdoor-2024-todo-lo-que-necesitas-saber\\\/\",\"url\":\"https:\\\/\\\/www.technomag.fr\\\/es\\\/festival-extrema-outdoor-2024-todo-lo-que-necesitas-saber\\\/\",\"name\":\"Festival Extrema Outdoor 2024: todo lo que necesitas saber | Techno Mag\",\"isPartOf\":{\"@id\":\"https:\\\/\\\/www.technomag.fr\\\/#website\"},\"primaryImageOfPage\":{\"@id\":\"https:\\\/\\\/www.technomag.fr\\\/es\\\/festival-extrema-outdoor-2024-todo-lo-que-necesitas-saber\\\/#primaryimage\"},\"image\":{\"@id\":\"https:\\\/\\\/www.technomag.fr\\\/es\\\/festival-extrema-outdoor-2024-todo-lo-que-necesitas-saber\\\/#primaryimage\"},\"thumbnailUrl\":\"https:\\\/\\\/www.technomag.fr\\\/wp-content\\\/uploads\\\/2024\\\/03\\\/extrema-outdoor-2024.jpg\",\"datePublished\":\"2024-03-20T13:36:34+00:00\",\"dateModified\":\"2024-08-08T16:33:49+00:00\",\"description\":\"No te pierdas el Festival Extrema Outdoor 2024: una cita ineludible para todos los aficionados a la m\u00fasica tecno y a los festivales. \u00a1Haz clic aqu\u00ed para enterarte de todo!\",\"breadcrumb\":{\"@id\":\"https:\\\/\\\/www.technomag.fr\\\/es\\\/festival-extrema-outdoor-2024-todo-lo-que-necesitas-saber\\\/#breadcrumb\"},\"inLanguage\":\"es\",\"potentialAction\":[{\"@type\":\"ReadAction\",\"target\":[\"https:\\\/\\\/www.technomag.fr\\\/es\\\/festival-extrema-outdoor-2024-todo-lo-que-necesitas-saber\\\/\"]}]},{\"@type\":\"ImageObject\",\"inLanguage\":\"es\",\"@id\":\"https:\\\/\\\/www.technomag.fr\\\/es\\\/festival-extrema-outdoor-2024-todo-lo-que-necesitas-saber\\\/#primaryimage\",\"url\":\"https:\\\/\\\/www.technomag.fr\\\/wp-content\\\/uploads\\\/2024\\\/03\\\/extrema-outdoor-2024.jpg\",\"contentUrl\":\"https:\\\/\\\/www.technomag.fr\\\/wp-content\\\/uploads\\\/2024\\\/03\\\/extrema-outdoor-2024.jpg\",\"width\":2048,\"height\":2048},{\"@type\":\"BreadcrumbList\",\"@id\":\"https:\\\/\\\/www.technomag.fr\\\/es\\\/festival-extrema-outdoor-2024-todo-lo-que-necesitas-saber\\\/#breadcrumb\",\"itemListElement\":[{\"@type\":\"ListItem\",\"position\":1,\"name\":\"Accueil\",\"item\":\"https:\\\/\\\/www.technomag.fr\\\/es\\\/revista-techno\\\/\"},{\"@type\":\"ListItem\",\"position\":2,\"name\":\"Festival Extrema Outdoor 2024: todo lo que necesitas saber\"}]},{\"@type\":\"WebSite\",\"@id\":\"https:\\\/\\\/www.technomag.fr\\\/#website\",\"url\":\"https:\\\/\\\/www.technomag.fr\\\/\",\"name\":\"Techno Mag\",\"description\":\"Le magazine underground de r\u00e9f\u00e9rence pour la techno\",\"publisher\":{\"@id\":\"https:\\\/\\\/www.technomag.fr\\\/#organization\"},\"potentialAction\":[{\"@type\":\"SearchAction\",\"target\":{\"@type\":\"EntryPoint\",\"urlTemplate\":\"https:\\\/\\\/www.technomag.fr\\\/?s={search_term_string}\"},\"query-input\":{\"@type\":\"PropertyValueSpecification\",\"valueRequired\":true,\"valueName\":\"search_term_string\"}}],\"inLanguage\":\"es\"},{\"@type\":\"Organization\",\"@id\":\"https:\\\/\\\/www.technomag.fr\\\/#organization\",\"name\":\"Techno Mag\",\"url\":\"https:\\\/\\\/www.technomag.fr\\\/\",\"logo\":{\"@type\":\"ImageObject\",\"inLanguage\":\"es\",\"@id\":\"https:\\\/\\\/www.technomag.fr\\\/#\\\/schema\\\/logo\\\/image\\\/\",\"url\":\"https:\\\/\\\/www.technomag.fr\\\/wp-content\\\/uploads\\\/2023\\\/04\\\/TECHNO-e1681225415918.png\",\"contentUrl\":\"https:\\\/\\\/www.technomag.fr\\\/wp-content\\\/uploads\\\/2023\\\/04\\\/TECHNO-e1681225415918.png\",\"width\":500,\"height\":113,\"caption\":\"Techno Mag\"},\"image\":{\"@id\":\"https:\\\/\\\/www.technomag.fr\\\/#\\\/schema\\\/logo\\\/image\\\/\"}},{\"@type\":\"Person\",\"@id\":\"https:\\\/\\\/www.technomag.fr\\\/#\\\/schema\\\/person\\\/5184db1055c64729cb8595a8e9d23e9e\",\"name\":\"Eric\",\"image\":{\"@type\":\"ImageObject\",\"inLanguage\":\"es\",\"@id\":\"https:\\\/\\\/www.technomag.fr\\\/wp-content\\\/uploads\\\/2023\\\/12\\\/eric-96x96.jpg\",\"url\":\"https:\\\/\\\/www.technomag.fr\\\/wp-content\\\/uploads\\\/2023\\\/12\\\/eric-96x96.jpg\",\"contentUrl\":\"https:\\\/\\\/www.technomag.fr\\\/wp-content\\\/uploads\\\/2023\\\/12\\\/eric-96x96.jpg\",\"caption\":\"Eric\"},\"description\":\"Eric, le capitaine du navire TechnoMag, est d\u00e9veloppeur web, consultant SEO, r\u00e9dacteur de metier, et surtout fanatique de musique ! Depuis l'enfance, il est attir\u00e9 par les basses et les kicks, passant des heures \u00e0 \u00e9couter et jouer sur machines pour le plaisir, avec son fr\u00e8re et ses amis, depuis plus de dix ans. Globe-trotteur, il a explor\u00e9 des free parties sauvages et ill\u00e9gales jusqu\u2019aux plus grands festivals internationaux. Dans son pass\u00e9, il a aussi \u00e9t\u00e9 VJ et impliqu\u00e9 dans l'organisation de soir\u00e9es pas toujours vraiment autoris\u00e9es. Aujourd'hui, il aime capturer l'\u00e9nergie des \u00e9v\u00e9nements pour la retranscrire aux autres, que ce soit derri\u00e8re l'appareil photo, la cam\u00e9ra, ou en r\u00e9digeant un article. Avec quelques missions b\u00e9n\u00e9voles \u00e0 son actif et une association toute neuve, il r\u00eave d'un lieu autonome o\u00f9 chacun pourrait balancer son set sans craindre de perdre son matos.\",\"sameAs\":[\"https:\\\/\\\/www.instagram.com\\\/technomag.fr\\\/\",\"https:\\\/\\\/www.linkedin.com\\\/in\\\/boulangereric\\\/\"],\"url\":\"https:\\\/\\\/www.technomag.fr\\\/es\\\/redacteur\\\/eric-2\\\/\"}]}<\/script>\n<!-- \/ Yoast SEO plugin. -->","yoast_head_json":{"title":"Festival Extrema Outdoor 2024: todo lo que necesitas saber | Techno Mag","description":"No te pierdas el Festival Extrema Outdoor 2024: una cita ineludible para todos los aficionados a la m\u00fasica tecno y a los festivales. \u00a1Haz clic aqu\u00ed para enterarte de todo!","robots":{"index":"index","follow":"follow","max-snippet":"max-snippet:-1","max-image-preview":"max-image-preview:large","max-video-preview":"max-video-preview:-1"},"canonical":"https:\/\/www.technomag.fr\/es\/festival-extrema-outdoor-2024-todo-lo-que-necesitas-saber\/","og_locale":"es_ES","og_type":"article","og_title":"Festival Extrema Outdoor 2024: todo lo que necesitas saber | Techno Mag","og_description":"No te pierdas el Festival Extrema Outdoor 2024: una cita ineludible para todos los aficionados a la m\u00fasica tecno y a los festivales. \u00a1Haz clic aqu\u00ed para enterarte de todo!","og_url":"https:\/\/www.technomag.fr\/es\/festival-extrema-outdoor-2024-todo-lo-que-necesitas-saber\/","og_site_name":"Techno Mag","article_published_time":"2024-03-20T13:36:34+00:00","article_modified_time":"2024-08-08T16:33:49+00:00","og_image":[{"width":1024,"height":1024,"url":"https:\/\/www.technomag.fr\/wp-content\/uploads\/2024\/03\/extrema-outdoor-2024-1024x1024.jpg","type":"image\/jpeg"}],"author":"Eric","twitter_card":"summary_large_image","twitter_misc":{"Escrito por":"Eric","Tiempo de lectura":"7 minutos"},"schema":{"@context":"https:\/\/schema.org","@graph":[{"@type":"Article","@id":"https:\/\/www.technomag.fr\/es\/festival-extrema-outdoor-2024-todo-lo-que-necesitas-saber\/#article","isPartOf":{"@id":"https:\/\/www.technomag.fr\/es\/festival-extrema-outdoor-2024-todo-lo-que-necesitas-saber\/"},"author":{"name":"Eric","@id":"https:\/\/www.technomag.fr\/#\/schema\/person\/5184db1055c64729cb8595a8e9d23e9e"},"headline":"Festival Extrema Outdoor 2024: todo lo que necesitas saber","datePublished":"2024-03-20T13:36:34+00:00","dateModified":"2024-08-08T16:33:49+00:00","mainEntityOfPage":{"@id":"https:\/\/www.technomag.fr\/es\/festival-extrema-outdoor-2024-todo-lo-que-necesitas-saber\/"},"wordCount":1370,"publisher":{"@id":"https:\/\/www.technomag.fr\/#organization"},"image":{"@id":"https:\/\/www.technomag.fr\/es\/festival-extrema-outdoor-2024-todo-lo-que-necesitas-saber\/#primaryimage"},"thumbnailUrl":"https:\/\/www.technomag.fr\/wp-content\/uploads\/2024\/03\/extrema-outdoor-2024.jpg","articleSection":["Festival"],"inLanguage":"es"},{"@type":"WebPage","@id":"https:\/\/www.technomag.fr\/es\/festival-extrema-outdoor-2024-todo-lo-que-necesitas-saber\/","url":"https:\/\/www.technomag.fr\/es\/festival-extrema-outdoor-2024-todo-lo-que-necesitas-saber\/","name":"Festival Extrema Outdoor 2024: todo lo que necesitas saber | Techno Mag","isPartOf":{"@id":"https:\/\/www.technomag.fr\/#website"},"primaryImageOfPage":{"@id":"https:\/\/www.technomag.fr\/es\/festival-extrema-outdoor-2024-todo-lo-que-necesitas-saber\/#primaryimage"},"image":{"@id":"https:\/\/www.technomag.fr\/es\/festival-extrema-outdoor-2024-todo-lo-que-necesitas-saber\/#primaryimage"},"thumbnailUrl":"https:\/\/www.technomag.fr\/wp-content\/uploads\/2024\/03\/extrema-outdoor-2024.jpg","datePublished":"2024-03-20T13:36:34+00:00","dateModified":"2024-08-08T16:33:49+00:00","description":"No te pierdas el Festival Extrema Outdoor 2024: una cita ineludible para todos los aficionados a la m\u00fasica tecno y a los festivales. \u00a1Haz clic aqu\u00ed para enterarte de todo!","breadcrumb":{"@id":"https:\/\/www.technomag.fr\/es\/festival-extrema-outdoor-2024-todo-lo-que-necesitas-saber\/#breadcrumb"},"inLanguage":"es","potentialAction":[{"@type":"ReadAction","target":["https:\/\/www.technomag.fr\/es\/festival-extrema-outdoor-2024-todo-lo-que-necesitas-saber\/"]}]},{"@type":"ImageObject","inLanguage":"es","@id":"https:\/\/www.technomag.fr\/es\/festival-extrema-outdoor-2024-todo-lo-que-necesitas-saber\/#primaryimage","url":"https:\/\/www.technomag.fr\/wp-content\/uploads\/2024\/03\/extrema-outdoor-2024.jpg","contentUrl":"https:\/\/www.technomag.fr\/wp-content\/uploads\/2024\/03\/extrema-outdoor-2024.jpg","width":2048,"height":2048},{"@type":"BreadcrumbList","@id":"https:\/\/www.technomag.fr\/es\/festival-extrema-outdoor-2024-todo-lo-que-necesitas-saber\/#breadcrumb","itemListElement":[{"@type":"ListItem","position":1,"name":"Accueil","item":"https:\/\/www.technomag.fr\/es\/revista-techno\/"},{"@type":"ListItem","position":2,"name":"Festival Extrema Outdoor 2024: todo lo que necesitas saber"}]},{"@type":"WebSite","@id":"https:\/\/www.technomag.fr\/#website","url":"https:\/\/www.technomag.fr\/","name":"Techno Mag","description":"Le magazine underground de r\u00e9f\u00e9rence pour la techno","publisher":{"@id":"https:\/\/www.technomag.fr\/#organization"},"potentialAction":[{"@type":"SearchAction","target":{"@type":"EntryPoint","urlTemplate":"https:\/\/www.technomag.fr\/?s={search_term_string}"},"query-input":{"@type":"PropertyValueSpecification","valueRequired":true,"valueName":"search_term_string"}}],"inLanguage":"es"},{"@type":"Organization","@id":"https:\/\/www.technomag.fr\/#organization","name":"Techno Mag","url":"https:\/\/www.technomag.fr\/","logo":{"@type":"ImageObject","inLanguage":"es","@id":"https:\/\/www.technomag.fr\/#\/schema\/logo\/image\/","url":"https:\/\/www.technomag.fr\/wp-content\/uploads\/2023\/04\/TECHNO-e1681225415918.png","contentUrl":"https:\/\/www.technomag.fr\/wp-content\/uploads\/2023\/04\/TECHNO-e1681225415918.png","width":500,"height":113,"caption":"Techno Mag"},"image":{"@id":"https:\/\/www.technomag.fr\/#\/schema\/logo\/image\/"}},{"@type":"Person","@id":"https:\/\/www.technomag.fr\/#\/schema\/person\/5184db1055c64729cb8595a8e9d23e9e","name":"Eric","image":{"@type":"ImageObject","inLanguage":"es","@id":"https:\/\/www.technomag.fr\/wp-content\/uploads\/2023\/12\/eric-96x96.jpg","url":"https:\/\/www.technomag.fr\/wp-content\/uploads\/2023\/12\/eric-96x96.jpg","contentUrl":"https:\/\/www.technomag.fr\/wp-content\/uploads\/2023\/12\/eric-96x96.jpg","caption":"Eric"},"description":"Eric, le capitaine du navire TechnoMag, est d\u00e9veloppeur web, consultant SEO, r\u00e9dacteur de metier, et surtout fanatique de musique ! Depuis l'enfance, il est attir\u00e9 par les basses et les kicks, passant des heures \u00e0 \u00e9couter et jouer sur machines pour le plaisir, avec son fr\u00e8re et ses amis, depuis plus de dix ans. Globe-trotteur, il a explor\u00e9 des free parties sauvages et ill\u00e9gales jusqu\u2019aux plus grands festivals internationaux. Dans son pass\u00e9, il a aussi \u00e9t\u00e9 VJ et impliqu\u00e9 dans l'organisation de soir\u00e9es pas toujours vraiment autoris\u00e9es. Aujourd'hui, il aime capturer l'\u00e9nergie des \u00e9v\u00e9nements pour la retranscrire aux autres, que ce soit derri\u00e8re l'appareil photo, la cam\u00e9ra, ou en r\u00e9digeant un article. Avec quelques missions b\u00e9n\u00e9voles \u00e0 son actif et une association toute neuve, il r\u00eave d'un lieu autonome o\u00f9 chacun pourrait balancer son set sans craindre de perdre son matos.","sameAs":["https:\/\/www.instagram.com\/technomag.fr\/","https:\/\/www.linkedin.com\/in\/boulangereric\/"],"url":"https:\/\/www.technomag.fr\/es\/redacteur\/eric-2\/"}]}},"_links":{"self":[{"href":"https:\/\/www.technomag.fr\/es\/wp-json\/wp\/v2\/posts\/13205","targetHints":{"allow":["GET"]}}],"collection":[{"href":"https:\/\/www.technomag.fr\/es\/wp-json\/wp\/v2\/posts"}],"about":[{"href":"https:\/\/www.technomag.fr\/es\/wp-json\/wp\/v2\/types\/post"}],"author":[{"embeddable":true,"href":"https:\/\/www.technomag.fr\/es\/wp-json\/wp\/v2\/users\/3"}],"replies":[{"embeddable":true,"href":"https:\/\/www.technomag.fr\/es\/wp-json\/wp\/v2\/comments?post=13205"}],"version-history":[{"count":1,"href":"https:\/\/www.technomag.fr\/es\/wp-json\/wp\/v2\/posts\/13205\/revisions"}],"predecessor-version":[{"id":13215,"href":"https:\/\/www.technomag.fr\/es\/wp-json\/wp\/v2\/posts\/13205\/revisions\/13215"}],"wp:featuredmedia":[{"embeddable":true,"href":"https:\/\/www.technomag.fr\/es\/wp-json\/wp\/v2\/media\/13207"}],"wp:attachment":[{"href":"https:\/\/www.technomag.fr\/es\/wp-json\/wp\/v2\/media?parent=13205"}],"wp:term":[{"taxonomy":"category","embeddable":true,"href":"https:\/\/www.technomag.fr\/es\/wp-json\/wp\/v2\/categories?post=13205"},{"taxonomy":"post_tag","embeddable":true,"href":"https:\/\/www.technomag.fr\/es\/wp-json\/wp\/v2\/tags?post=13205"}],"curies":[{"name":"wp","href":"https:\/\/api.w.org\/{rel}","templated":true}]}}