
{"id":13071,"date":"2024-02-10T14:15:19","date_gmt":"2024-02-10T13:15:19","guid":{"rendered":"https:\/\/www.technomag.fr\/roland-aira-compact-centrado-en-la-serie-de-instrumentos-de-produccion-portatiles\/"},"modified":"2024-08-08T12:49:48","modified_gmt":"2024-08-08T11:49:48","slug":"roland-aira-compact-centrado-en-la-serie-de-instrumentos-de-produccion-portatiles","status":"publish","type":"post","link":"https:\/\/www.technomag.fr\/es\/roland-aira-compact-centrado-en-la-serie-de-instrumentos-de-produccion-portatiles\/","title":{"rendered":"Roland AIRA Compact: centrado en la serie de instrumentos de producci\u00f3n port\u00e1tiles"},"content":{"rendered":"\n<figure class=\"wp-block-embed aligncenter is-type-video is-provider-youtube wp-block-embed-youtube wp-embed-aspect-16-9 wp-has-aspect-ratio\"><div class=\"wp-block-embed__wrapper\"> \n<iframe title=\"ROLAND AIRA COMPACT : Je n&#039;aurais pas du, mais je l&#039;ai fait quand m\u00eame !\" width=\"1080\" height=\"608\" src=\"https:\/\/www.youtube.com\/embed\/wDnapBQUD58?feature=oembed\" frameborder=\"0\" allow=\"accelerometer; autoplay; clipboard-write; encrypted-media; gyroscope; picture-in-picture; web-share\" referrerpolicy=\"strict-origin-when-cross-origin\" allowfullscreen><\/iframe>\n <\/div><figcaption class=\"wp-element-caption\">Para que conozcas la serie AIRA Compact de Roland en v\u00eddeo, comparto contigo el v\u00eddeo de Sondiers, que es una muy buena rese\u00f1a \ud83d\ude42<\/figcaption><\/figure>\n\n<p>La serie AIRA Compact de Roland son instrumentos musicales electr\u00f3nicos port\u00e1tiles que utilizan la tecnolog\u00eda Analog Circuit Behavior (ACB) para recrear digitalmente los sonidos de los sintetizadores y cajas de ritmos cl\u00e1sicos de Roland.\nLos modelos actuales incluyen el T-8 Beat Machine, inspirado en las cajas de ritmos TR-808, TR-909 y TR-606, con un sintetizador de bajos que recuerda al TB-303; el J-6 Chord Synthesizer, basado en los sonidos del Juno 60 y con un potente secuenciador de acordes; el E-4 Voice Tweaker, una unidad de efectos vocales que ofrece transformaciones de voz avanzadas y efectos vocales est\u00e1ndar; y el S-1 Tweak Synth, inspirado en el SH-101, que ofrece polifon\u00eda de cuatro voces con una gran variedad de efectos y una secuencia por pasos.\nEstos instrumentos est\u00e1n dise\u00f1ados para ser port\u00e1tiles y pueden utilizarse solos o conectados entre s\u00ed, ofreciendo una gran flexibilidad para <strong><a href=\"https:\/\/www.technomag.fr\/es\/category\/dj-produccion\/\">creaci\u00f3n musical<\/a><\/strong> sobre la marcha.  <\/p>\n\n<div id=\"ez-toc-container\" class=\"ez-toc-v2_0_82_2 ez-toc-wrap-center counter-hierarchy ez-toc-counter ez-toc-custom ez-toc-container-direction\">\n<div class=\"ez-toc-title-container\">\n<p class=\"ez-toc-title\" style=\"cursor:inherit\">Sommaire<\/p>\n<span class=\"ez-toc-title-toggle\"><a href=\"#\" class=\"ez-toc-pull-right ez-toc-btn ez-toc-btn-xs ez-toc-btn-default ez-toc-toggle\" aria-label=\"Alternar tabla de contenidos\"><span class=\"ez-toc-js-icon-con\"><span class=\"\"><span class=\"eztoc-hide\" style=\"display:none;\">Toggle<\/span><span class=\"ez-toc-icon-toggle-span\"><svg style=\"fill: #ffffff;color:#ffffff\" xmlns=\"http:\/\/www.w3.org\/2000\/svg\" class=\"list-377408\" width=\"20px\" height=\"20px\" viewBox=\"0 0 24 24\" fill=\"none\"><path d=\"M6 6H4v2h2V6zm14 0H8v2h12V6zM4 11h2v2H4v-2zm16 0H8v2h12v-2zM4 16h2v2H4v-2zm16 0H8v2h12v-2z\" fill=\"currentColor\"><\/path><\/svg><svg style=\"fill: #ffffff;color:#ffffff\" class=\"arrow-unsorted-368013\" xmlns=\"http:\/\/www.w3.org\/2000\/svg\" width=\"10px\" height=\"10px\" viewBox=\"0 0 24 24\" version=\"1.2\" baseProfile=\"tiny\"><path d=\"M18.2 9.3l-6.2-6.3-6.2 6.3c-.2.2-.3.4-.3.7s.1.5.3.7c.2.2.4.3.7.3h11c.3 0 .5-.1.7-.3.2-.2.3-.5.3-.7s-.1-.5-.3-.7zM5.8 14.7l6.2 6.3 6.2-6.3c.2-.2.3-.5.3-.7s-.1-.5-.3-.7c-.2-.2-.4-.3-.7-.3h-11c-.3 0-.5.1-.7.3-.2.2-.3.5-.3.7s.1.5.3.7z\"\/><\/svg><\/span><\/span><\/span><\/a><\/span><\/div>\n<nav><ul class='ez-toc-list ez-toc-list-level-1 ' ><li class='ez-toc-page-1 ez-toc-heading-level-2'><a class=\"ez-toc-link ez-toc-heading-1\" href=\"https:\/\/www.technomag.fr\/es\/roland-aira-compact-centrado-en-la-serie-de-instrumentos-de-produccion-portatiles\/#Sintetizador_Roland_S-1_Tweak\" >Sintetizador Roland S-1 Tweak<\/a><\/li><li class='ez-toc-page-1 ez-toc-heading-level-2'><a class=\"ez-toc-link ez-toc-heading-2\" href=\"https:\/\/www.technomag.fr\/es\/roland-aira-compact-centrado-en-la-serie-de-instrumentos-de-produccion-portatiles\/#Maquina_de_ritmos_Roland_T-8\" >M\u00e1quina de ritmos Roland T-8<\/a><\/li><li class='ez-toc-page-1 ez-toc-heading-level-2'><a class=\"ez-toc-link ez-toc-heading-3\" href=\"https:\/\/www.technomag.fr\/es\/roland-aira-compact-centrado-en-la-serie-de-instrumentos-de-produccion-portatiles\/#Sintetizador_de_acordes_Roland_J-6\" >Sintetizador de acordes Roland J-6<\/a><\/li><li class='ez-toc-page-1 ez-toc-heading-level-2'><a class=\"ez-toc-link ez-toc-heading-4\" href=\"https:\/\/www.technomag.fr\/es\/roland-aira-compact-centrado-en-la-serie-de-instrumentos-de-produccion-portatiles\/#Ajustador_de_voz_Roland_E-4\" >Ajustador de voz Roland E-4<\/a><\/li><\/ul><\/nav><\/div>\n<h2 class=\"wp-block-heading has-text-align-center\"><span class=\"ez-toc-section\" id=\"Sintetizador_Roland_S-1_Tweak\"><\/span><br\/><a href=\"https:\/\/thmn.to\/thoprod\/564999?offid=1&amp;affid=1971\" target=\"_blank\" rel=\"noreferrer noopener\"><\/a><a href=\"https:\/\/thmn.to\/thoprod\/564999?offid=1&amp;affid=1971\">Sintetizador Roland S-1 Tweak<\/a><span class=\"ez-toc-section-end\"><\/span><\/h2>\n<div class=\"wp-block-image\">\n<figure class=\"aligncenter size-large\"><a href=\"https:\/\/thmn.to\/thoprod\/564999?offid=1=1971\" target=\"_blank\" rel=\"noreferrer noopener\"><img fetchpriority=\"high\" decoding=\"async\" width=\"1024\" height=\"427\" src=\"https:\/\/www.technomag.fr\/wp-content\/uploads\/2024\/02\/roland-s-1-synthetizer-1024x427.png\" alt=\"\" class=\"wp-image-7493\" srcset=\"https:\/\/www.technomag.fr\/wp-content\/uploads\/2024\/02\/roland-s-1-synthetizer-1024x427.png 1024w, https:\/\/www.technomag.fr\/wp-content\/uploads\/2024\/02\/roland-s-1-synthetizer-600x250.png 600w, https:\/\/www.technomag.fr\/wp-content\/uploads\/2024\/02\/roland-s-1-synthetizer-300x125.png 300w, https:\/\/www.technomag.fr\/wp-content\/uploads\/2024\/02\/roland-s-1-synthetizer-768x321.png 768w, https:\/\/www.technomag.fr\/wp-content\/uploads\/2024\/02\/roland-s-1-synthetizer-150x63.png 150w, https:\/\/www.technomag.fr\/wp-content\/uploads\/2024\/02\/roland-s-1-synthetizer.png 1308w\" sizes=\"(max-width: 1024px) 100vw, 1024px\" \/><\/a><\/figure>\n<\/div>\n<div class=\"wp-block-buttons is-content-justification-center is-layout-flex wp-container-core-buttons-is-layout-16018d1d wp-block-buttons-is-layout-flex\">\n<div class=\"wp-block-button\"><a class=\"wp-block-button__link wp-element-button\" href=\"https:\/\/thmn.to\/thoprod\/564999?offid=1=1971\" target=\"_blank\" rel=\"noreferrer noopener\">\u00a1Puedes comprar el Roland S-1 por 175 euros en Thomann!<\/a><\/div>\n<\/div>\n\n<div style=\"height:70px\" aria-hidden=\"true\" class=\"wp-block-spacer\"><\/div>\n\n<p>El sintetizador S-1 Tweak toma sus sonidos del ic\u00f3nico SH-101 utilizando la tecnolog\u00eda ACB (Analogue Circuit Behaviour) de Roland.\nLos aficionados a los bajos con pegada y los leads expresivos encontrar\u00e1n las caracter\u00edsticas aut\u00e9nticas del SH-101, pero con nuevas funciones.\nCon controladores f\u00edsicos en el panel frontal, el S-1 ofrece un enfoque intuitivo de la s\u00edntesis de sonido.\nLos par\u00e1metros de s\u00edntesis cl\u00e1sicos est\u00e1n al alcance de la mano, lo que permite a los usuarios esculpir y manipular sus sonidos en tiempo real.\nEl teclado integrado con m\u00e1s de dos octavas proporciona una interfaz directa para la exploraci\u00f3n mel\u00f3dica, haciendo que el S-1 sea tan accesible para principiantes como para usuarios experimentados.\nCon los modos de polifon\u00eda Mono, Poly, Un\u00edsono, Acordes y cuatro voces, el S-1 ofrece una flexibilidad excepcional para crear sonido.\nAdem\u00e1s, su secuenciador de 64 pasos y 64 patrones permite la creaci\u00f3n compleja en directo, mientras que las herramientas avanzadas de programaci\u00f3n ofrecen funciones como grabaci\u00f3n de movimiento, ajustes de probabilidad, subpasos, \u00faltimo paso y velocidad.\nEl arpegiador f\u00e1cil de usar, con ocho tipos de frases, a\u00f1ade una dimensi\u00f3n extra a la creatividad musical.       <\/p>\n\n<p>El S-1 incorpora la funci\u00f3n D-Motion, que te permite controlar el tono, la modulaci\u00f3n y otros par\u00e1metros moviendo f\u00edsicamente el instrumento.\nPor \u00faltimo, con conectividad completa de audio, MIDI y sincronizaci\u00f3n, adem\u00e1s de compatibilidad con AIRA Link, el S-1 ofrece una integraci\u00f3n perfecta en cualquier configuraci\u00f3n musical.\nEl dise\u00f1o robusto, las almohadillas de goma de alta calidad y la bater\u00eda recargable de iones de litio que ofrece hasta 4,5 horas de autonom\u00eda hacen del S-1 un compa\u00f1ero fiable para los m\u00fasicos en movimiento.  <\/p>\n\n<hr class=\"wp-block-separator has-alpha-channel-opacity\"\/>\n\n<h2 class=\"wp-block-heading has-text-align-center\"><span class=\"ez-toc-section\" id=\"Maquina_de_ritmos_Roland_T-8\"><\/span><br\/><a href=\"https:\/\/thmn.to\/thoprod\/543475?offid=1affid=1971\" target=\"_blank\" rel=\"noreferrer noopener\"><\/a><a href=\"https:\/\/thmn.to\/thoprod\/543475?offid=1affid=1971\">M\u00e1quina de ritmos Roland T-8<\/a><span class=\"ez-toc-section-end\"><\/span><\/h2>\n<div class=\"wp-block-image\">\n<figure class=\"aligncenter size-large\"><a href=\"https:\/\/thmn.to\/thoprod\/543475?offid=1=1971\" target=\"_blank\" rel=\"noreferrer noopener\"><img decoding=\"async\" width=\"1024\" height=\"427\" src=\"https:\/\/www.technomag.fr\/wp-content\/uploads\/2024\/02\/roland-aria-t8-1024x427.png\" alt=\"\" class=\"wp-image-7489\" srcset=\"https:\/\/www.technomag.fr\/wp-content\/uploads\/2024\/02\/roland-aria-t8-1024x427.png 1024w, https:\/\/www.technomag.fr\/wp-content\/uploads\/2024\/02\/roland-aria-t8-600x250.png 600w, https:\/\/www.technomag.fr\/wp-content\/uploads\/2024\/02\/roland-aria-t8-300x125.png 300w, https:\/\/www.technomag.fr\/wp-content\/uploads\/2024\/02\/roland-aria-t8-768x321.png 768w, https:\/\/www.technomag.fr\/wp-content\/uploads\/2024\/02\/roland-aria-t8-150x63.png 150w, https:\/\/www.technomag.fr\/wp-content\/uploads\/2024\/02\/roland-aria-t8.png 1308w\" sizes=\"(max-width: 1024px) 100vw, 1024px\" \/><\/a><\/figure>\n<\/div>\n<div class=\"wp-block-buttons is-content-justification-center is-layout-flex wp-container-core-buttons-is-layout-16018d1d wp-block-buttons-is-layout-flex\">\n<div class=\"wp-block-button\"><a class=\"wp-block-button__link wp-element-button\" href=\"https:\/\/thmn.to\/thoprod\/543475?offid=1=1971\" target=\"_blank\" rel=\"noreferrer noopener\">Puedes comprar el Roland T-8 por 166 euros en Thomann<\/a><\/div>\n<\/div>\n\n<div style=\"height:70px\" aria-hidden=\"true\" class=\"wp-block-spacer\"><\/div>\n\n<p>El T-8 ofrece una creaci\u00f3n de ritmos rapid\u00edsima gracias a sus ic\u00f3nicos sonidos de bater\u00eda TR, derivados de los legendarios TR-808, TR-909, TR-606 y TB-303.\nSu pista de bajo, con las formas de onda cuadrada y diente de sierra heredadas de la TB-303 Bass Line, garantiza una diversidad de sonidos. <\/p>\n\n<p>Adem\u00e1s, gracias a la tecnolog\u00eda ACB utilizada, el T-8 reproduce fielmente los timbres y comportamientos de los instrumentos Roland vintage, lo que garantiza una calidad de sonido inigualable.\nEl secuenciador cl\u00e1sico TR-REC, con 64 patrones de usuario y hasta 32 pasos para cada uno, ofrece una programaci\u00f3n r\u00edtmica precisa e intuitiva.\nAs\u00ed, cada paso de tu creaci\u00f3n sonora est\u00e1 guiado por una reproducci\u00f3n aut\u00e9ntica y una programaci\u00f3n fluida.\nPara enriquecer a\u00fan m\u00e1s tu experiencia, el T-8 incorpora efectos como Delay, Reverb, Overdrive y compresi\u00f3n Sidechain.\nEstas opciones dan color a tus creaciones, a\u00f1adiendo una dimensi\u00f3n extra a tus exploraciones s\u00f3nicas.\nEn cuanto a conectividad, ofrece conectividad completa de audio, MIDI y sincronizaci\u00f3n, as\u00ed como compatibilidad con AIRA Link.\nGracias a su interfaz de audio\/MIDI USB-C, sin controladores que instalar, el T-8 se adapta perfectamente a tus necesidades, ofreciendo una soluci\u00f3n pr\u00e1ctica para tu configuraci\u00f3n de m\u00fasica electr\u00f3nica.      <\/p>\n\n<p>Alimentada por una bater\u00eda de iones de litio, esta herramienta proporciona hasta 4 horas y media de autonom\u00eda, permitiendo una creatividad ininterrumpida.\nAs\u00ed que, desde la concepci\u00f3n hasta la finalizaci\u00f3n, la T-8 Beat Machine es tu compa\u00f1era ideal, lista para convertir tus ideas en ritmos electrizantes y redefinir tu enfoque de la creaci\u00f3n musical. <\/p>\n\n<hr class=\"wp-block-separator has-alpha-channel-opacity\"\/>\n\n<h2 class=\"wp-block-heading has-text-align-center\"><span class=\"ez-toc-section\" id=\"Sintetizador_de_acordes_Roland_J-6\"><\/span><br\/><a href=\"https:\/\/thmn.to\/thoprod\/543478?offid=1affid=1971\"><\/a><a href=\"https:\/\/thmn.to\/thoprod\/543478?offid=1affid=1971\">Sintetizador de acordes Roland J-6<\/a><span class=\"ez-toc-section-end\"><\/span><\/h2>\n<div class=\"wp-block-image\">\n<figure class=\"aligncenter size-large\"><a href=\"https:\/\/thmn.to\/thoprod\/543478?offid=1=1971\" target=\"_blank\" rel=\"noreferrer noopener\"><img decoding=\"async\" width=\"1024\" height=\"427\" src=\"https:\/\/www.technomag.fr\/wp-content\/uploads\/2024\/02\/roland-J6-synth-1024x427.png\" alt=\"\" class=\"wp-image-7490\" srcset=\"https:\/\/www.technomag.fr\/wp-content\/uploads\/2024\/02\/roland-J6-synth-1024x427.png 1024w, https:\/\/www.technomag.fr\/wp-content\/uploads\/2024\/02\/roland-J6-synth-600x250.png 600w, https:\/\/www.technomag.fr\/wp-content\/uploads\/2024\/02\/roland-J6-synth-300x125.png 300w, https:\/\/www.technomag.fr\/wp-content\/uploads\/2024\/02\/roland-J6-synth-768x321.png 768w, https:\/\/www.technomag.fr\/wp-content\/uploads\/2024\/02\/roland-J6-synth-150x63.png 150w, https:\/\/www.technomag.fr\/wp-content\/uploads\/2024\/02\/roland-J6-synth.png 1308w\" sizes=\"(max-width: 1024px) 100vw, 1024px\" \/><\/a><\/figure>\n<\/div>\n<div class=\"wp-block-buttons is-content-justification-center is-layout-flex wp-container-core-buttons-is-layout-16018d1d wp-block-buttons-is-layout-flex\">\n<div class=\"wp-block-button\"><a class=\"wp-block-button__link wp-element-button\" href=\"https:\/\/thmn.to\/thoprod\/543478?offid=1=1971\" target=\"_blank\" rel=\"noreferrer noopener\">\u00a1Puedes comprar el Roland J-6 por 166 euros en Thomann!<\/a><\/div>\n<\/div>\n\n<div style=\"height:70px\" aria-hidden=\"true\" class=\"wp-block-spacer\"><\/div>\n\n<p>El sintetizador de acordes J-6 fusiona el potente secuenciador de acordes con los legendarios sonidos del sintetizador JUNO-60.\n<br\/>Port\u00e1til y profesional, este instrumento ofrece un sinf\u00edn de funciones para crear canciones en segundos y experimentar con una amplia gama de estilos, desde el cl\u00e1sico al contempor\u00e1neo. El J-6 te permite crear con hasta 100 conjuntos de acordes, que abarcan una amplia gama de g\u00e9neros, desde el cl\u00e1sico al contempor\u00e1neo.\nLos arpegios y las frases r\u00edtmicas se entrelazan armoniosamente con los acordes, ofreciendo nueve estilos y doce variaciones cada uno, lo que permite explorar infinitas posibilidades r\u00edtmicas.\nSu secuenciador de acordes programable presenta 64 patrones de usuario, con hasta 64 pasos en cada uno, ofreciendo una flexibilidad compositiva total.\nEl J-6 incorpora un generador de sinte JUNO-60 de cuatro voces, alimentado por la tecnolog\u00eda ACB (Analogue Circuit Behaviour), y ofrece 64 sonidos de sinte preestablecidos, fielmente derivados del JUNO-60 original.\n<br\/>Los controles de envolvente y filtro te permiten esculpir tus sonidos en tiempo real, a\u00f1adiendo una dimensi\u00f3n expresiva a tu forma de tocar. Con total conectividad de audio, MIDI y sincronizaci\u00f3n, as\u00ed como compatibilidad con AIRA Link, el J-6 se integra perfectamente en tu configuraci\u00f3n musical.\n<br\/>La interfaz de audio\/MIDI USB-C sin controladores simplifica a\u00fan m\u00e1s la integraci\u00f3n, proporcionando una c\u00f3moda soluci\u00f3n para tus necesidades de producci\u00f3n. Por \u00faltimo, el J-6 se alimenta con una bater\u00eda de iones de litio que proporciona hasta 4,5 horas de autonom\u00eda, garantizando una creatividad ininterrumpida est\u00e9s donde est\u00e9s.\nCon un dise\u00f1o robusto y botones de goma de alta calidad, este instrumento est\u00e1 preparado para resistir el paso del tiempo y acompa\u00f1ar tu exploraci\u00f3n musical.       <\/p>\n\n<hr class=\"wp-block-separator has-alpha-channel-opacity\"\/>\n\n<h2 class=\"wp-block-heading has-text-align-center\"><span class=\"ez-toc-section\" id=\"Ajustador_de_voz_Roland_E-4\"><\/span><a href=\"https:\/\/thmn.to\/thoprod\/543476?offid=1affid=1971\" target=\"_blank\" rel=\"noreferrer noopener\"><\/a><a href=\"https:\/\/thmn.to\/thoprod\/543476?offid=1affid=1971\">Ajustador de voz Roland E-4<\/a><span class=\"ez-toc-section-end\"><\/span><\/h2>\n<div class=\"wp-block-image\">\n<figure class=\"aligncenter size-large\"><a href=\"https:\/\/thmn.to\/thoprod\/543476?offid=1=1971\" target=\"_blank\" rel=\"noreferrer noopener\"><img loading=\"lazy\" decoding=\"async\" width=\"1024\" height=\"427\" src=\"https:\/\/www.technomag.fr\/wp-content\/uploads\/2024\/02\/roland-E-4-1024x427.png\" alt=\"\" class=\"wp-image-7491\" srcset=\"https:\/\/www.technomag.fr\/wp-content\/uploads\/2024\/02\/roland-E-4-1024x427.png 1024w, https:\/\/www.technomag.fr\/wp-content\/uploads\/2024\/02\/roland-E-4-600x250.png 600w, https:\/\/www.technomag.fr\/wp-content\/uploads\/2024\/02\/roland-E-4-300x125.png 300w, https:\/\/www.technomag.fr\/wp-content\/uploads\/2024\/02\/roland-E-4-768x321.png 768w, https:\/\/www.technomag.fr\/wp-content\/uploads\/2024\/02\/roland-E-4-150x63.png 150w, https:\/\/www.technomag.fr\/wp-content\/uploads\/2024\/02\/roland-E-4.png 1308w\" sizes=\"(max-width: 1024px) 100vw, 1024px\" \/><\/a><\/figure>\n<\/div>\n<div class=\"wp-block-buttons is-content-justification-center is-layout-flex wp-container-core-buttons-is-layout-16018d1d wp-block-buttons-is-layout-flex\">\n<div class=\"wp-block-button\"><a class=\"wp-block-button__link wp-element-button\" href=\"https:\/\/thmn.to\/thoprod\/543476?offid=1=1971\" target=\"_blank\" rel=\"noreferrer noopener\">\u00a1Puedes comprar el Roland E-4 por 162 euros en Thomann!<\/a><\/div>\n<\/div>\n\n<div style=\"height:70px\" aria-hidden=\"true\" class=\"wp-block-spacer\"><\/div>\n\n<p><br\/>El Modificador de Voz E-4 es mucho m\u00e1s que una caja de efectos, es una herramienta dedicada a la voz, que ofrece una impresionante gama de efectos de voicing, autotune, vocoder, looping y alteraci\u00f3n.\nEl E-4 ofrece manipulaci\u00f3n en directo con los deslizadores de Tono y Formantes, lo que te permite dar forma a tu voz con precisi\u00f3n.\nLos efectos vocales de afinaci\u00f3n autom\u00e1tica, armon\u00eda y vocoder ofrecen posibilidades avanzadas, a\u00f1adiendo una dimensi\u00f3n excepcional a tu interpretaci\u00f3n.\nCon este modificador vocal, puedes procesar tu sonido de salida con efectos de alta calidad como Reverberaci\u00f3n, Eco, Retardo de tempo y Coro.\nEl filtro de paso bajo y la Puerta de Ruido eliminan los sonidos no deseados, garantizando una calidad de sonido excepcional.\n<br\/>El mando giratorio Scatter te permite crear efectos r\u00edtmicos \u00fanicos, a\u00f1adiendo un toque distintivo a tu interpretaci\u00f3n. El E-4 incorpora un looper de 24 segundos con overdubs ilimitados, deshacer\/rehacer y detecci\u00f3n autom\u00e1tica de tempo.\nY con conectividad completa de audio, MIDI y sincronizaci\u00f3n, as\u00ed como compatibilidad con AIRA Link, encaja a la perfecci\u00f3n.      <\/p>\n\n<figure class=\"wp-block-embed aligncenter is-type-video is-provider-youtube wp-block-embed-youtube wp-embed-aspect-16-9 wp-has-aspect-ratio\"><div class=\"wp-block-embed__wrapper\"> \n<iframe title=\"Roland Aira Compact Jam 02 - Deep Tech House (#formydad)\" width=\"1080\" height=\"608\" src=\"https:\/\/www.youtube.com\/embed\/S7a9Or9Yhx8?feature=oembed\" frameborder=\"0\" allow=\"accelerometer; autoplay; clipboard-write; encrypted-media; gyroscope; picture-in-picture; web-share\" referrerpolicy=\"strict-origin-when-cross-origin\" allowfullscreen><\/iframe>\n <\/div><figcaption class=\"wp-element-caption\">Para terminar, aqu\u00ed tienes un v\u00eddeo de un usuario utilizando las cuatro m\u00e1quinas de Roland en serie.<\/figcaption><\/figure>\n\n\n<div class=\"kk-star-ratings kksr-auto kksr-align-center kksr-valign-bottom\"\n    data-payload='{&quot;align&quot;:&quot;center&quot;,&quot;id&quot;:&quot;13071&quot;,&quot;slug&quot;:&quot;default&quot;,&quot;valign&quot;:&quot;bottom&quot;,&quot;ignore&quot;:&quot;&quot;,&quot;reference&quot;:&quot;auto&quot;,&quot;class&quot;:&quot;&quot;,&quot;count&quot;:&quot;0&quot;,&quot;legendonly&quot;:&quot;&quot;,&quot;readonly&quot;:&quot;&quot;,&quot;score&quot;:&quot;0&quot;,&quot;starsonly&quot;:&quot;&quot;,&quot;best&quot;:&quot;5&quot;,&quot;gap&quot;:&quot;5&quot;,&quot;greet&quot;:&quot;Noter cet article&quot;,&quot;legend&quot;:&quot;0\\\/5 - (0 votos)&quot;,&quot;size&quot;:&quot;24&quot;,&quot;title&quot;:&quot;Roland AIRA Compact: centrado en la serie de instrumentos de producci\u00f3n port\u00e1tiles&quot;,&quot;width&quot;:&quot;0&quot;,&quot;_legend&quot;:&quot;{score}\\\/{best} - ({count} {votes})&quot;,&quot;font_factor&quot;:&quot;1.25&quot;}'>\n            \n<div class=\"kksr-stars\">\n    \n<div class=\"kksr-stars-inactive\">\n            <div class=\"kksr-star\" data-star=\"1\" style=\"padding-right: 5px\">\n            \n\n<div class=\"kksr-icon\" style=\"width: 24px; height: 24px;\"><\/div>\n        <\/div>\n            <div class=\"kksr-star\" data-star=\"2\" style=\"padding-right: 5px\">\n            \n\n<div class=\"kksr-icon\" style=\"width: 24px; height: 24px;\"><\/div>\n        <\/div>\n            <div class=\"kksr-star\" data-star=\"3\" style=\"padding-right: 5px\">\n            \n\n<div class=\"kksr-icon\" style=\"width: 24px; height: 24px;\"><\/div>\n        <\/div>\n            <div class=\"kksr-star\" data-star=\"4\" style=\"padding-right: 5px\">\n            \n\n<div class=\"kksr-icon\" style=\"width: 24px; height: 24px;\"><\/div>\n        <\/div>\n            <div class=\"kksr-star\" data-star=\"5\" style=\"padding-right: 5px\">\n            \n\n<div class=\"kksr-icon\" style=\"width: 24px; height: 24px;\"><\/div>\n        <\/div>\n    <\/div>\n    \n<div class=\"kksr-stars-active\" style=\"width: 0px;\">\n            <div class=\"kksr-star\" style=\"padding-right: 5px\">\n            \n\n<div class=\"kksr-icon\" style=\"width: 24px; height: 24px;\"><\/div>\n        <\/div>\n            <div class=\"kksr-star\" style=\"padding-right: 5px\">\n            \n\n<div class=\"kksr-icon\" style=\"width: 24px; height: 24px;\"><\/div>\n        <\/div>\n            <div class=\"kksr-star\" style=\"padding-right: 5px\">\n            \n\n<div class=\"kksr-icon\" style=\"width: 24px; height: 24px;\"><\/div>\n        <\/div>\n            <div class=\"kksr-star\" style=\"padding-right: 5px\">\n            \n\n<div class=\"kksr-icon\" style=\"width: 24px; height: 24px;\"><\/div>\n        <\/div>\n            <div class=\"kksr-star\" style=\"padding-right: 5px\">\n            \n\n<div class=\"kksr-icon\" style=\"width: 24px; height: 24px;\"><\/div>\n        <\/div>\n    <\/div>\n<\/div>\n                \n\n<div class=\"kksr-legend\" style=\"font-size: 19.2px;\">\n            <span class=\"kksr-muted\">Noter cet article<\/span>\n    <\/div>\n    <\/div>\n","protected":false},"excerpt":{"rendered":"<p>Eleva tu creatividad con la serie Roland Aira Compact.<br \/>\nCompacta, potente, \u00fanica. <\/p>\n","protected":false},"author":3,"featured_media":13077,"comment_status":"closed","ping_status":"closed","sticky":false,"template":"","format":"standard","meta":{"_acf_changed":false,"footnotes":""},"categories":[858],"tags":[865,864,866],"class_list":["post-13071","post","type-post","status-publish","format-standard","has-post-thumbnail","hentry","category-dj-produccion","tag-produccion-musical","tag-productor","tag-roland-es"],"acf":[],"yoast_head":"<!-- This site is optimized with the Yoast SEO plugin v27.5 - https:\/\/yoast.com\/product\/yoast-seo-wordpress\/ -->\n<title>Roland AIRA Compact: centrado en la serie de instrumentos de producci\u00f3n port\u00e1tiles<\/title>\n<meta name=\"description\" content=\"Eleva tu creatividad con la serie Roland Aira Compact. Compacta, potente, \u00fanica.\" \/>\n<meta name=\"robots\" content=\"index, follow, max-snippet:-1, max-image-preview:large, max-video-preview:-1\" \/>\n<link rel=\"canonical\" href=\"https:\/\/www.technomag.fr\/es\/roland-aira-compact-centrado-en-la-serie-de-instrumentos-de-produccion-portatiles\/\" \/>\n<meta property=\"og:locale\" content=\"es_ES\" \/>\n<meta property=\"og:type\" content=\"article\" \/>\n<meta property=\"og:title\" content=\"Roland AIRA Compact: centrado en la serie de instrumentos de producci\u00f3n port\u00e1tiles\" \/>\n<meta property=\"og:description\" content=\"Eleva tu creatividad con la serie Roland Aira Compact. Compacta, potente, \u00fanica.\" \/>\n<meta property=\"og:url\" content=\"https:\/\/www.technomag.fr\/es\/roland-aira-compact-centrado-en-la-serie-de-instrumentos-de-produccion-portatiles\/\" \/>\n<meta property=\"og:site_name\" content=\"Techno Mag\" \/>\n<meta property=\"article:published_time\" content=\"2024-02-10T13:15:19+00:00\" \/>\n<meta property=\"article:modified_time\" content=\"2024-08-08T11:49:48+00:00\" \/>\n<meta property=\"og:image\" content=\"https:\/\/www.technomag.fr\/wp-content\/uploads\/2024\/02\/series-roland-aria-compact-series-1024x545.png\" \/>\n\t<meta property=\"og:image:width\" content=\"1024\" \/>\n\t<meta property=\"og:image:height\" content=\"545\" \/>\n\t<meta property=\"og:image:type\" content=\"image\/png\" \/>\n<meta name=\"author\" content=\"Eric\" \/>\n<meta name=\"twitter:card\" content=\"summary_large_image\" \/>\n<meta name=\"twitter:label1\" content=\"Escrito por\" \/>\n\t<meta name=\"twitter:data1\" content=\"Eric\" \/>\n\t<meta name=\"twitter:label2\" content=\"Tiempo de lectura\" \/>\n\t<meta name=\"twitter:data2\" content=\"7 minutos\" \/>\n<script type=\"application\/ld+json\" class=\"yoast-schema-graph\">{\"@context\":\"https:\\\/\\\/schema.org\",\"@graph\":[{\"@type\":\"Article\",\"@id\":\"https:\\\/\\\/www.technomag.fr\\\/es\\\/roland-aira-compact-centrado-en-la-serie-de-instrumentos-de-produccion-portatiles\\\/#article\",\"isPartOf\":{\"@id\":\"https:\\\/\\\/www.technomag.fr\\\/es\\\/roland-aira-compact-centrado-en-la-serie-de-instrumentos-de-produccion-portatiles\\\/\"},\"author\":{\"name\":\"Eric\",\"@id\":\"https:\\\/\\\/www.technomag.fr\\\/#\\\/schema\\\/person\\\/5184db1055c64729cb8595a8e9d23e9e\"},\"headline\":\"Roland AIRA Compact: centrado en la serie de instrumentos de producci\u00f3n port\u00e1tiles\",\"datePublished\":\"2024-02-10T13:15:19+00:00\",\"dateModified\":\"2024-08-08T11:49:48+00:00\",\"mainEntityOfPage\":{\"@id\":\"https:\\\/\\\/www.technomag.fr\\\/es\\\/roland-aira-compact-centrado-en-la-serie-de-instrumentos-de-produccion-portatiles\\\/\"},\"wordCount\":1357,\"publisher\":{\"@id\":\"https:\\\/\\\/www.technomag.fr\\\/#organization\"},\"image\":{\"@id\":\"https:\\\/\\\/www.technomag.fr\\\/es\\\/roland-aira-compact-centrado-en-la-serie-de-instrumentos-de-produccion-portatiles\\\/#primaryimage\"},\"thumbnailUrl\":\"https:\\\/\\\/www.technomag.fr\\\/wp-content\\\/uploads\\\/2024\\\/02\\\/series-roland-aria-compact-series.png\",\"keywords\":[\"Producci\u00f3n musical\",\"Productor\",\"Roland\"],\"articleSection\":[\"DJ \\\/ Producci\u00f3n\"],\"inLanguage\":\"es\"},{\"@type\":\"WebPage\",\"@id\":\"https:\\\/\\\/www.technomag.fr\\\/es\\\/roland-aira-compact-centrado-en-la-serie-de-instrumentos-de-produccion-portatiles\\\/\",\"url\":\"https:\\\/\\\/www.technomag.fr\\\/es\\\/roland-aira-compact-centrado-en-la-serie-de-instrumentos-de-produccion-portatiles\\\/\",\"name\":\"Roland AIRA Compact: centrado en la serie de instrumentos de producci\u00f3n port\u00e1tiles\",\"isPartOf\":{\"@id\":\"https:\\\/\\\/www.technomag.fr\\\/#website\"},\"primaryImageOfPage\":{\"@id\":\"https:\\\/\\\/www.technomag.fr\\\/es\\\/roland-aira-compact-centrado-en-la-serie-de-instrumentos-de-produccion-portatiles\\\/#primaryimage\"},\"image\":{\"@id\":\"https:\\\/\\\/www.technomag.fr\\\/es\\\/roland-aira-compact-centrado-en-la-serie-de-instrumentos-de-produccion-portatiles\\\/#primaryimage\"},\"thumbnailUrl\":\"https:\\\/\\\/www.technomag.fr\\\/wp-content\\\/uploads\\\/2024\\\/02\\\/series-roland-aria-compact-series.png\",\"datePublished\":\"2024-02-10T13:15:19+00:00\",\"dateModified\":\"2024-08-08T11:49:48+00:00\",\"description\":\"Eleva tu creatividad con la serie Roland Aira Compact. Compacta, potente, \u00fanica.\",\"breadcrumb\":{\"@id\":\"https:\\\/\\\/www.technomag.fr\\\/es\\\/roland-aira-compact-centrado-en-la-serie-de-instrumentos-de-produccion-portatiles\\\/#breadcrumb\"},\"inLanguage\":\"es\",\"potentialAction\":[{\"@type\":\"ReadAction\",\"target\":[\"https:\\\/\\\/www.technomag.fr\\\/es\\\/roland-aira-compact-centrado-en-la-serie-de-instrumentos-de-produccion-portatiles\\\/\"]}]},{\"@type\":\"ImageObject\",\"inLanguage\":\"es\",\"@id\":\"https:\\\/\\\/www.technomag.fr\\\/es\\\/roland-aira-compact-centrado-en-la-serie-de-instrumentos-de-produccion-portatiles\\\/#primaryimage\",\"url\":\"https:\\\/\\\/www.technomag.fr\\\/wp-content\\\/uploads\\\/2024\\\/02\\\/series-roland-aria-compact-series.png\",\"contentUrl\":\"https:\\\/\\\/www.technomag.fr\\\/wp-content\\\/uploads\\\/2024\\\/02\\\/series-roland-aria-compact-series.png\",\"width\":2048,\"height\":1089},{\"@type\":\"BreadcrumbList\",\"@id\":\"https:\\\/\\\/www.technomag.fr\\\/es\\\/roland-aira-compact-centrado-en-la-serie-de-instrumentos-de-produccion-portatiles\\\/#breadcrumb\",\"itemListElement\":[{\"@type\":\"ListItem\",\"position\":1,\"name\":\"Accueil\",\"item\":\"https:\\\/\\\/www.technomag.fr\\\/es\\\/revista-techno\\\/\"},{\"@type\":\"ListItem\",\"position\":2,\"name\":\"Roland AIRA Compact: centrado en la serie de instrumentos de producci\u00f3n port\u00e1tiles\"}]},{\"@type\":\"WebSite\",\"@id\":\"https:\\\/\\\/www.technomag.fr\\\/#website\",\"url\":\"https:\\\/\\\/www.technomag.fr\\\/\",\"name\":\"Techno Mag\",\"description\":\"Le magazine underground de r\u00e9f\u00e9rence pour la techno\",\"publisher\":{\"@id\":\"https:\\\/\\\/www.technomag.fr\\\/#organization\"},\"potentialAction\":[{\"@type\":\"SearchAction\",\"target\":{\"@type\":\"EntryPoint\",\"urlTemplate\":\"https:\\\/\\\/www.technomag.fr\\\/?s={search_term_string}\"},\"query-input\":{\"@type\":\"PropertyValueSpecification\",\"valueRequired\":true,\"valueName\":\"search_term_string\"}}],\"inLanguage\":\"es\"},{\"@type\":\"Organization\",\"@id\":\"https:\\\/\\\/www.technomag.fr\\\/#organization\",\"name\":\"Techno Mag\",\"url\":\"https:\\\/\\\/www.technomag.fr\\\/\",\"logo\":{\"@type\":\"ImageObject\",\"inLanguage\":\"es\",\"@id\":\"https:\\\/\\\/www.technomag.fr\\\/#\\\/schema\\\/logo\\\/image\\\/\",\"url\":\"https:\\\/\\\/www.technomag.fr\\\/wp-content\\\/uploads\\\/2023\\\/04\\\/TECHNO-e1681225415918.png\",\"contentUrl\":\"https:\\\/\\\/www.technomag.fr\\\/wp-content\\\/uploads\\\/2023\\\/04\\\/TECHNO-e1681225415918.png\",\"width\":500,\"height\":113,\"caption\":\"Techno Mag\"},\"image\":{\"@id\":\"https:\\\/\\\/www.technomag.fr\\\/#\\\/schema\\\/logo\\\/image\\\/\"}},{\"@type\":\"Person\",\"@id\":\"https:\\\/\\\/www.technomag.fr\\\/#\\\/schema\\\/person\\\/5184db1055c64729cb8595a8e9d23e9e\",\"name\":\"Eric\",\"image\":{\"@type\":\"ImageObject\",\"inLanguage\":\"es\",\"@id\":\"https:\\\/\\\/www.technomag.fr\\\/wp-content\\\/uploads\\\/2023\\\/12\\\/eric-96x96.jpg\",\"url\":\"https:\\\/\\\/www.technomag.fr\\\/wp-content\\\/uploads\\\/2023\\\/12\\\/eric-96x96.jpg\",\"contentUrl\":\"https:\\\/\\\/www.technomag.fr\\\/wp-content\\\/uploads\\\/2023\\\/12\\\/eric-96x96.jpg\",\"caption\":\"Eric\"},\"description\":\"Eric, le capitaine du navire TechnoMag, est d\u00e9veloppeur web, consultant SEO, r\u00e9dacteur de metier, et surtout fanatique de musique ! Depuis l'enfance, il est attir\u00e9 par les basses et les kicks, passant des heures \u00e0 \u00e9couter et jouer sur machines pour le plaisir, avec son fr\u00e8re et ses amis, depuis plus de dix ans. Globe-trotteur, il a explor\u00e9 des free parties sauvages et ill\u00e9gales jusqu\u2019aux plus grands festivals internationaux. Dans son pass\u00e9, il a aussi \u00e9t\u00e9 VJ et impliqu\u00e9 dans l'organisation de soir\u00e9es pas toujours vraiment autoris\u00e9es. Aujourd'hui, il aime capturer l'\u00e9nergie des \u00e9v\u00e9nements pour la retranscrire aux autres, que ce soit derri\u00e8re l'appareil photo, la cam\u00e9ra, ou en r\u00e9digeant un article. Avec quelques missions b\u00e9n\u00e9voles \u00e0 son actif et une association toute neuve, il r\u00eave d'un lieu autonome o\u00f9 chacun pourrait balancer son set sans craindre de perdre son matos.\",\"sameAs\":[\"https:\\\/\\\/www.instagram.com\\\/technomag.fr\\\/\",\"https:\\\/\\\/www.linkedin.com\\\/in\\\/boulangereric\\\/\"],\"url\":\"https:\\\/\\\/www.technomag.fr\\\/es\\\/redacteur\\\/eric-2\\\/\"}]}<\/script>\n<!-- \/ Yoast SEO plugin. -->","yoast_head_json":{"title":"Roland AIRA Compact: centrado en la serie de instrumentos de producci\u00f3n port\u00e1tiles","description":"Eleva tu creatividad con la serie Roland Aira Compact. Compacta, potente, \u00fanica.","robots":{"index":"index","follow":"follow","max-snippet":"max-snippet:-1","max-image-preview":"max-image-preview:large","max-video-preview":"max-video-preview:-1"},"canonical":"https:\/\/www.technomag.fr\/es\/roland-aira-compact-centrado-en-la-serie-de-instrumentos-de-produccion-portatiles\/","og_locale":"es_ES","og_type":"article","og_title":"Roland AIRA Compact: centrado en la serie de instrumentos de producci\u00f3n port\u00e1tiles","og_description":"Eleva tu creatividad con la serie Roland Aira Compact. Compacta, potente, \u00fanica.","og_url":"https:\/\/www.technomag.fr\/es\/roland-aira-compact-centrado-en-la-serie-de-instrumentos-de-produccion-portatiles\/","og_site_name":"Techno Mag","article_published_time":"2024-02-10T13:15:19+00:00","article_modified_time":"2024-08-08T11:49:48+00:00","og_image":[{"width":1024,"height":545,"url":"https:\/\/www.technomag.fr\/wp-content\/uploads\/2024\/02\/series-roland-aria-compact-series-1024x545.png","type":"image\/png"}],"author":"Eric","twitter_card":"summary_large_image","twitter_misc":{"Escrito por":"Eric","Tiempo de lectura":"7 minutos"},"schema":{"@context":"https:\/\/schema.org","@graph":[{"@type":"Article","@id":"https:\/\/www.technomag.fr\/es\/roland-aira-compact-centrado-en-la-serie-de-instrumentos-de-produccion-portatiles\/#article","isPartOf":{"@id":"https:\/\/www.technomag.fr\/es\/roland-aira-compact-centrado-en-la-serie-de-instrumentos-de-produccion-portatiles\/"},"author":{"name":"Eric","@id":"https:\/\/www.technomag.fr\/#\/schema\/person\/5184db1055c64729cb8595a8e9d23e9e"},"headline":"Roland AIRA Compact: centrado en la serie de instrumentos de producci\u00f3n port\u00e1tiles","datePublished":"2024-02-10T13:15:19+00:00","dateModified":"2024-08-08T11:49:48+00:00","mainEntityOfPage":{"@id":"https:\/\/www.technomag.fr\/es\/roland-aira-compact-centrado-en-la-serie-de-instrumentos-de-produccion-portatiles\/"},"wordCount":1357,"publisher":{"@id":"https:\/\/www.technomag.fr\/#organization"},"image":{"@id":"https:\/\/www.technomag.fr\/es\/roland-aira-compact-centrado-en-la-serie-de-instrumentos-de-produccion-portatiles\/#primaryimage"},"thumbnailUrl":"https:\/\/www.technomag.fr\/wp-content\/uploads\/2024\/02\/series-roland-aria-compact-series.png","keywords":["Producci\u00f3n musical","Productor","Roland"],"articleSection":["DJ \/ Producci\u00f3n"],"inLanguage":"es"},{"@type":"WebPage","@id":"https:\/\/www.technomag.fr\/es\/roland-aira-compact-centrado-en-la-serie-de-instrumentos-de-produccion-portatiles\/","url":"https:\/\/www.technomag.fr\/es\/roland-aira-compact-centrado-en-la-serie-de-instrumentos-de-produccion-portatiles\/","name":"Roland AIRA Compact: centrado en la serie de instrumentos de producci\u00f3n port\u00e1tiles","isPartOf":{"@id":"https:\/\/www.technomag.fr\/#website"},"primaryImageOfPage":{"@id":"https:\/\/www.technomag.fr\/es\/roland-aira-compact-centrado-en-la-serie-de-instrumentos-de-produccion-portatiles\/#primaryimage"},"image":{"@id":"https:\/\/www.technomag.fr\/es\/roland-aira-compact-centrado-en-la-serie-de-instrumentos-de-produccion-portatiles\/#primaryimage"},"thumbnailUrl":"https:\/\/www.technomag.fr\/wp-content\/uploads\/2024\/02\/series-roland-aria-compact-series.png","datePublished":"2024-02-10T13:15:19+00:00","dateModified":"2024-08-08T11:49:48+00:00","description":"Eleva tu creatividad con la serie Roland Aira Compact. Compacta, potente, \u00fanica.","breadcrumb":{"@id":"https:\/\/www.technomag.fr\/es\/roland-aira-compact-centrado-en-la-serie-de-instrumentos-de-produccion-portatiles\/#breadcrumb"},"inLanguage":"es","potentialAction":[{"@type":"ReadAction","target":["https:\/\/www.technomag.fr\/es\/roland-aira-compact-centrado-en-la-serie-de-instrumentos-de-produccion-portatiles\/"]}]},{"@type":"ImageObject","inLanguage":"es","@id":"https:\/\/www.technomag.fr\/es\/roland-aira-compact-centrado-en-la-serie-de-instrumentos-de-produccion-portatiles\/#primaryimage","url":"https:\/\/www.technomag.fr\/wp-content\/uploads\/2024\/02\/series-roland-aria-compact-series.png","contentUrl":"https:\/\/www.technomag.fr\/wp-content\/uploads\/2024\/02\/series-roland-aria-compact-series.png","width":2048,"height":1089},{"@type":"BreadcrumbList","@id":"https:\/\/www.technomag.fr\/es\/roland-aira-compact-centrado-en-la-serie-de-instrumentos-de-produccion-portatiles\/#breadcrumb","itemListElement":[{"@type":"ListItem","position":1,"name":"Accueil","item":"https:\/\/www.technomag.fr\/es\/revista-techno\/"},{"@type":"ListItem","position":2,"name":"Roland AIRA Compact: centrado en la serie de instrumentos de producci\u00f3n port\u00e1tiles"}]},{"@type":"WebSite","@id":"https:\/\/www.technomag.fr\/#website","url":"https:\/\/www.technomag.fr\/","name":"Techno Mag","description":"Le magazine underground de r\u00e9f\u00e9rence pour la techno","publisher":{"@id":"https:\/\/www.technomag.fr\/#organization"},"potentialAction":[{"@type":"SearchAction","target":{"@type":"EntryPoint","urlTemplate":"https:\/\/www.technomag.fr\/?s={search_term_string}"},"query-input":{"@type":"PropertyValueSpecification","valueRequired":true,"valueName":"search_term_string"}}],"inLanguage":"es"},{"@type":"Organization","@id":"https:\/\/www.technomag.fr\/#organization","name":"Techno Mag","url":"https:\/\/www.technomag.fr\/","logo":{"@type":"ImageObject","inLanguage":"es","@id":"https:\/\/www.technomag.fr\/#\/schema\/logo\/image\/","url":"https:\/\/www.technomag.fr\/wp-content\/uploads\/2023\/04\/TECHNO-e1681225415918.png","contentUrl":"https:\/\/www.technomag.fr\/wp-content\/uploads\/2023\/04\/TECHNO-e1681225415918.png","width":500,"height":113,"caption":"Techno Mag"},"image":{"@id":"https:\/\/www.technomag.fr\/#\/schema\/logo\/image\/"}},{"@type":"Person","@id":"https:\/\/www.technomag.fr\/#\/schema\/person\/5184db1055c64729cb8595a8e9d23e9e","name":"Eric","image":{"@type":"ImageObject","inLanguage":"es","@id":"https:\/\/www.technomag.fr\/wp-content\/uploads\/2023\/12\/eric-96x96.jpg","url":"https:\/\/www.technomag.fr\/wp-content\/uploads\/2023\/12\/eric-96x96.jpg","contentUrl":"https:\/\/www.technomag.fr\/wp-content\/uploads\/2023\/12\/eric-96x96.jpg","caption":"Eric"},"description":"Eric, le capitaine du navire TechnoMag, est d\u00e9veloppeur web, consultant SEO, r\u00e9dacteur de metier, et surtout fanatique de musique ! Depuis l'enfance, il est attir\u00e9 par les basses et les kicks, passant des heures \u00e0 \u00e9couter et jouer sur machines pour le plaisir, avec son fr\u00e8re et ses amis, depuis plus de dix ans. Globe-trotteur, il a explor\u00e9 des free parties sauvages et ill\u00e9gales jusqu\u2019aux plus grands festivals internationaux. Dans son pass\u00e9, il a aussi \u00e9t\u00e9 VJ et impliqu\u00e9 dans l'organisation de soir\u00e9es pas toujours vraiment autoris\u00e9es. Aujourd'hui, il aime capturer l'\u00e9nergie des \u00e9v\u00e9nements pour la retranscrire aux autres, que ce soit derri\u00e8re l'appareil photo, la cam\u00e9ra, ou en r\u00e9digeant un article. Avec quelques missions b\u00e9n\u00e9voles \u00e0 son actif et une association toute neuve, il r\u00eave d'un lieu autonome o\u00f9 chacun pourrait balancer son set sans craindre de perdre son matos.","sameAs":["https:\/\/www.instagram.com\/technomag.fr\/","https:\/\/www.linkedin.com\/in\/boulangereric\/"],"url":"https:\/\/www.technomag.fr\/es\/redacteur\/eric-2\/"}]}},"_links":{"self":[{"href":"https:\/\/www.technomag.fr\/es\/wp-json\/wp\/v2\/posts\/13071","targetHints":{"allow":["GET"]}}],"collection":[{"href":"https:\/\/www.technomag.fr\/es\/wp-json\/wp\/v2\/posts"}],"about":[{"href":"https:\/\/www.technomag.fr\/es\/wp-json\/wp\/v2\/types\/post"}],"author":[{"embeddable":true,"href":"https:\/\/www.technomag.fr\/es\/wp-json\/wp\/v2\/users\/3"}],"replies":[{"embeddable":true,"href":"https:\/\/www.technomag.fr\/es\/wp-json\/wp\/v2\/comments?post=13071"}],"version-history":[{"count":1,"href":"https:\/\/www.technomag.fr\/es\/wp-json\/wp\/v2\/posts\/13071\/revisions"}],"predecessor-version":[{"id":13078,"href":"https:\/\/www.technomag.fr\/es\/wp-json\/wp\/v2\/posts\/13071\/revisions\/13078"}],"wp:featuredmedia":[{"embeddable":true,"href":"https:\/\/www.technomag.fr\/es\/wp-json\/wp\/v2\/media\/13077"}],"wp:attachment":[{"href":"https:\/\/www.technomag.fr\/es\/wp-json\/wp\/v2\/media?parent=13071"}],"wp:term":[{"taxonomy":"category","embeddable":true,"href":"https:\/\/www.technomag.fr\/es\/wp-json\/wp\/v2\/categories?post=13071"},{"taxonomy":"post_tag","embeddable":true,"href":"https:\/\/www.technomag.fr\/es\/wp-json\/wp\/v2\/tags?post=13071"}],"curies":[{"name":"wp","href":"https:\/\/api.w.org\/{rel}","templated":true}]}}