
{"id":13006,"date":"2024-07-10T17:58:47","date_gmt":"2024-07-10T16:58:47","guid":{"rendered":"https:\/\/www.technomag.fr\/dream-nation-festival-anunciada-una-segunda-tanda-de-artistas-para-el-cartel\/"},"modified":"2024-08-08T13:04:30","modified_gmt":"2024-08-08T12:04:30","slug":"dream-nation-festival-anunciada-una-segunda-tanda-de-artistas-para-el-cartel","status":"publish","type":"post","link":"https:\/\/www.technomag.fr\/es\/dream-nation-festival-anunciada-una-segunda-tanda-de-artistas-para-el-cartel\/","title":{"rendered":"Dream Nation Festival: \u00a1Anunciada una segunda tanda de artistas para el cartel!"},"content":{"rendered":"\n<p>El festival <strong>Dream<\/strong> Nation sigue sorprendiendo con el anuncio de su segunda oleada de artistas, prometiendo una edici\u00f3n a\u00fan m\u00e1s loca de esta celebraci\u00f3n de Halloween \u00fanica en Europa. \u00a1Prep\u00e1rate para emocionarte <strong>del 31 de octubre al 2 de noviembre de 2024<\/strong> en el Parque de Exposiciones Par\u00eds Norte con una nueva serie de talentos excepcionales!<\/p>\n<div class=\"wp-block-image\">\n<figure class=\"aligncenter size-large\"><img fetchpriority=\"high\" decoding=\"async\" width=\"1024\" height=\"682\" src=\"https:\/\/www.technomag.fr\/wp-content\/uploads\/2024\/07\/20200416-DSC_4780-1024x682.jpg\" alt=\"\" class=\"wp-image-12495\" srcset=\"https:\/\/www.technomag.fr\/wp-content\/uploads\/2024\/07\/20200416-DSC_4780-1024x682.jpg 1024w, https:\/\/www.technomag.fr\/wp-content\/uploads\/2024\/07\/20200416-DSC_4780-600x400.jpg 600w, https:\/\/www.technomag.fr\/wp-content\/uploads\/2024\/07\/20200416-DSC_4780-300x200.jpg 300w, https:\/\/www.technomag.fr\/wp-content\/uploads\/2024\/07\/20200416-DSC_4780-768x511.jpg 768w, https:\/\/www.technomag.fr\/wp-content\/uploads\/2024\/07\/20200416-DSC_4780-391x260.jpg 391w, https:\/\/www.technomag.fr\/wp-content\/uploads\/2024\/07\/20200416-DSC_4780-150x100.jpg 150w, https:\/\/www.technomag.fr\/wp-content\/uploads\/2024\/07\/20200416-DSC_4780.jpg 1200w\" sizes=\"(max-width: 1024px) 100vw, 1024px\" \/><\/figure>\n<\/div>\n<ul class=\"wp-block-social-links aligncenter is-layout-flex wp-block-social-links-is-layout-flex\"><li class=\"wp-social-link wp-social-link-instagram  wp-block-social-link\"><a href=\"https:\/\/www.instagram.com\/dreamnation_festival\/\" class=\"wp-block-social-link-anchor\"><svg width=\"24\" height=\"24\" viewBox=\"0 0 24 24\" version=\"1.1\" xmlns=\"http:\/\/www.w3.org\/2000\/svg\" aria-hidden=\"true\" focusable=\"false\"><path d=\"M12,4.622c2.403,0,2.688,0.009,3.637,0.052c0.877,0.04,1.354,0.187,1.671,0.31c0.42,0.163,0.72,0.358,1.035,0.673 c0.315,0.315,0.51,0.615,0.673,1.035c0.123,0.317,0.27,0.794,0.31,1.671c0.043,0.949,0.052,1.234,0.052,3.637 s-0.009,2.688-0.052,3.637c-0.04,0.877-0.187,1.354-0.31,1.671c-0.163,0.42-0.358,0.72-0.673,1.035 c-0.315,0.315-0.615,0.51-1.035,0.673c-0.317,0.123-0.794,0.27-1.671,0.31c-0.949,0.043-1.233,0.052-3.637,0.052 s-2.688-0.009-3.637-0.052c-0.877-0.04-1.354-0.187-1.671-0.31c-0.42-0.163-0.72-0.358-1.035-0.673 c-0.315-0.315-0.51-0.615-0.673-1.035c-0.123-0.317-0.27-0.794-0.31-1.671C4.631,14.688,4.622,14.403,4.622,12 s0.009-2.688,0.052-3.637c0.04-0.877,0.187-1.354,0.31-1.671c0.163-0.42,0.358-0.72,0.673-1.035 c0.315-0.315,0.615-0.51,1.035-0.673c0.317-0.123,0.794-0.27,1.671-0.31C9.312,4.631,9.597,4.622,12,4.622 M12,3 C9.556,3,9.249,3.01,8.289,3.054C7.331,3.098,6.677,3.25,6.105,3.472C5.513,3.702,5.011,4.01,4.511,4.511 c-0.5,0.5-0.808,1.002-1.038,1.594C3.25,6.677,3.098,7.331,3.054,8.289C3.01,9.249,3,9.556,3,12c0,2.444,0.01,2.751,0.054,3.711 c0.044,0.958,0.196,1.612,0.418,2.185c0.23,0.592,0.538,1.094,1.038,1.594c0.5,0.5,1.002,0.808,1.594,1.038 c0.572,0.222,1.227,0.375,2.185,0.418C9.249,20.99,9.556,21,12,21s2.751-0.01,3.711-0.054c0.958-0.044,1.612-0.196,2.185-0.418 c0.592-0.23,1.094-0.538,1.594-1.038c0.5-0.5,0.808-1.002,1.038-1.594c0.222-0.572,0.375-1.227,0.418-2.185 C20.99,14.751,21,14.444,21,12s-0.01-2.751-0.054-3.711c-0.044-0.958-0.196-1.612-0.418-2.185c-0.23-0.592-0.538-1.094-1.038-1.594 c-0.5-0.5-1.002-0.808-1.594-1.038c-0.572-0.222-1.227-0.375-2.185-0.418C14.751,3.01,14.444,3,12,3L12,3z M12,7.378 c-2.552,0-4.622,2.069-4.622,4.622S9.448,16.622,12,16.622s4.622-2.069,4.622-4.622S14.552,7.378,12,7.378z M12,15 c-1.657,0-3-1.343-3-3s1.343-3,3-3s3,1.343,3,3S13.657,15,12,15z M16.804,6.116c-0.596,0-1.08,0.484-1.08,1.08 s0.484,1.08,1.08,1.08c0.596,0,1.08-0.484,1.08-1.08S17.401,6.116,16.804,6.116z\"><\/path><\/svg><span class=\"wp-block-social-link-label screen-reader-text\">Instagram<\/span><\/a><\/li>\n\n<li class=\"wp-social-link wp-social-link-facebook  wp-block-social-link\"><a href=\"https:\/\/www.facebook.com\/dreamnationfestival\" class=\"wp-block-social-link-anchor\"><svg width=\"24\" height=\"24\" viewBox=\"0 0 24 24\" version=\"1.1\" xmlns=\"http:\/\/www.w3.org\/2000\/svg\" aria-hidden=\"true\" focusable=\"false\"><path d=\"M12 2C6.5 2 2 6.5 2 12c0 5 3.7 9.1 8.4 9.9v-7H7.9V12h2.5V9.8c0-2.5 1.5-3.9 3.8-3.9 1.1 0 2.2.2 2.2.2v2.5h-1.3c-1.2 0-1.6.8-1.6 1.6V12h2.8l-.4 2.9h-2.3v7C18.3 21.1 22 17 22 12c0-5.5-4.5-10-10-10z\"><\/path><\/svg><span class=\"wp-block-social-link-label screen-reader-text\">Facebook<\/span><\/a><\/li>\n\n<li class=\"wp-social-link wp-social-link-chain  wp-block-social-link\"><a href=\"https:\/\/dreamnation.fr\/\" class=\"wp-block-social-link-anchor\"><svg width=\"24\" height=\"24\" viewBox=\"0 0 24 24\" version=\"1.1\" xmlns=\"http:\/\/www.w3.org\/2000\/svg\" aria-hidden=\"true\" focusable=\"false\"><path d=\"M15.6,7.2H14v1.5h1.6c2,0,3.7,1.7,3.7,3.7s-1.7,3.7-3.7,3.7H14v1.5h1.6c2.8,0,5.2-2.3,5.2-5.2,0-2.9-2.3-5.2-5.2-5.2zM4.7,12.4c0-2,1.7-3.7,3.7-3.7H10V7.2H8.4c-2.9,0-5.2,2.3-5.2,5.2,0,2.9,2.3,5.2,5.2,5.2H10v-1.5H8.4c-2,0-3.7-1.7-3.7-3.7zm4.6.9h5.3v-1.5H9.3v1.5z\"><\/path><\/svg><span class=\"wp-block-social-link-label screen-reader-text\">Enlace<\/span><\/a><\/li><\/ul>\n\n<div id=\"ez-toc-container\" class=\"ez-toc-v2_0_82_2 ez-toc-wrap-center counter-hierarchy ez-toc-counter ez-toc-custom ez-toc-container-direction\">\n<div class=\"ez-toc-title-container\">\n<p class=\"ez-toc-title\" style=\"cursor:inherit\">Sommaire<\/p>\n<span class=\"ez-toc-title-toggle\"><a href=\"#\" class=\"ez-toc-pull-right ez-toc-btn ez-toc-btn-xs ez-toc-btn-default ez-toc-toggle\" aria-label=\"Alternar tabla de contenidos\"><span class=\"ez-toc-js-icon-con\"><span class=\"\"><span class=\"eztoc-hide\" style=\"display:none;\">Toggle<\/span><span class=\"ez-toc-icon-toggle-span\"><svg style=\"fill: #ffffff;color:#ffffff\" xmlns=\"http:\/\/www.w3.org\/2000\/svg\" class=\"list-377408\" width=\"20px\" height=\"20px\" viewBox=\"0 0 24 24\" fill=\"none\"><path d=\"M6 6H4v2h2V6zm14 0H8v2h12V6zM4 11h2v2H4v-2zm16 0H8v2h12v-2zM4 16h2v2H4v-2zm16 0H8v2h12v-2z\" fill=\"currentColor\"><\/path><\/svg><svg style=\"fill: #ffffff;color:#ffffff\" class=\"arrow-unsorted-368013\" xmlns=\"http:\/\/www.w3.org\/2000\/svg\" width=\"10px\" height=\"10px\" viewBox=\"0 0 24 24\" version=\"1.2\" baseProfile=\"tiny\"><path d=\"M18.2 9.3l-6.2-6.3-6.2 6.3c-.2.2-.3.4-.3.7s.1.5.3.7c.2.2.4.3.7.3h11c.3 0 .5-.1.7-.3.2-.2.3-.5.3-.7s-.1-.5-.3-.7zM5.8 14.7l6.2 6.3 6.2-6.3c.2-.2.3-.5.3-.7s-.1-.5-.3-.7c-.2-.2-.4-.3-.7-.3h-11c-.3 0-.5.1-.7.3-.2.2-.3.5-.3.7s.1.5.3.7z\"\/><\/svg><\/span><\/span><\/span><\/a><\/span><\/div>\n<nav><ul class='ez-toc-list ez-toc-list-level-1 ' ><li class='ez-toc-page-1 ez-toc-heading-level-2'><a class=\"ez-toc-link ez-toc-heading-1\" href=\"https:\/\/www.technomag.fr\/es\/dream-nation-festival-anunciada-una-segunda-tanda-de-artistas-para-el-cartel\/#Una_fiesta_de_Halloween_nunca_vista_en_Europa\" >Una fiesta de Halloween nunca vista en Europa<\/a><\/li><li class='ez-toc-page-1 ez-toc-heading-level-2'><a class=\"ez-toc-link ez-toc-heading-2\" href=\"https:\/\/www.technomag.fr\/es\/dream-nation-festival-anunciada-una-segunda-tanda-de-artistas-para-el-cartel\/#Nuevos_artistas_en_exposicion\" >Nuevos artistas en exposici\u00f3n<\/a><\/li><li class='ez-toc-page-1 ez-toc-heading-level-2'><a class=\"ez-toc-link ez-toc-heading-3\" href=\"https:\/\/www.technomag.fr\/es\/dream-nation-festival-anunciada-una-segunda-tanda-de-artistas-para-el-cartel\/#Mas_artistas_por_venir\" >M\u00e1s artistas por venir<\/a><\/li><\/ul><\/nav><\/div>\n<h2 class=\"wp-block-heading\"><span class=\"ez-toc-section\" id=\"Una_fiesta_de_Halloween_nunca_vista_en_Europa\"><\/span><strong>Una fiesta de Halloween nunca vista en Europa<\/strong><span class=\"ez-toc-section-end\"><\/span><\/h2>\n\n<p>En un a\u00f1o marcado por los Juegos Ol\u00edmpicos, Dream Nation se reinventa para convertirse en la mayor fiesta de Halloween de Europa. Durante <strong>tres noches<\/strong>, <strong>45.000 asistentes al festival<\/strong> se sumergir\u00e1n en una atm\u00f3sfera de terror y m\u00fasica electr\u00f3nica.<\/p>\n\n<h2 class=\"wp-block-heading\"><span class=\"ez-toc-section\" id=\"Nuevos_artistas_en_exposicion\"><\/span><strong>Nuevos artistas en exposici\u00f3n<\/strong><span class=\"ez-toc-section-end\"><\/span><\/h2>\n\n<p>El 31 de octubre, en el escenario Hybrid, <strong>Dimension Bonus<\/strong>, ex-Salut C&#8217;est Cool, ofrecer\u00e1 un espect\u00e1culo \u00fanico y alocado, junto a <strong>Jacidorex<\/strong> y su <strong>Neoacid<\/strong>. <strong>Infected Mushroom<\/strong>, <strong>Vini Vici<\/strong> y muchos otros se unir\u00e1n al escenario Trance para una noche inolvidable.<\/p>\n\n<p>El 1 de noviembre, el escenario de la Rave se llenar\u00e1 de <strong>Klangkuenstler<\/strong>, <strong>Enham<\/strong> y el d\u00fao <strong>Creeds &amp; Helen Ka<\/strong>. La escena Hard Music promete un duelo sin precedentes entre <strong>D-Sturb y Vertile<\/strong>, seguidos de leyendas como <strong>Angerfist<\/strong>.<\/p>\n\n<p>El 2 de noviembre, <strong>Boys Noize<\/strong> dominar\u00e1 el escenario Techno con <strong>Paula Temple<\/strong> y <strong>Charlie Sparks<\/strong>. En la escena Electro Bass Music,<strong> el<\/strong> tr\u00edo<strong> Black Tiger Sex Machine<\/strong> y los iconos del Drum&amp;Bass <strong>Black Sun Empire<\/strong> y <strong>Sub<\/strong> Focus encender\u00e1n la noche.<\/p>\n\n<p class=\"has-text-align-center\"><a href=\"https:\/\/dreamnation.fr\/en\/programmation\/\">\u00a1Puedes encontrar la alineaci\u00f3n completa de Dream Nation 2024 aqu\u00ed!<\/a><\/p>\n\n<h2 class=\"wp-block-heading\"><span class=\"ez-toc-section\" id=\"Mas_artistas_por_venir\"><\/span><strong>M\u00e1s artistas por venir<\/strong><span class=\"ez-toc-section-end\"><\/span><\/h2>\n\n<p>Otros anuncios se a\u00f1adir\u00e1n a este cartel ya excepcional, que promete una inmersi\u00f3n total en el universo s\u00f3nico creado por los organizadores de Dream Nation.<\/p>\n\n<p>Dream Nation no es s\u00f3lo m\u00fasica: instalaciones y decoraciones inmersivas, escenograf\u00eda espectacular, atracciones tem\u00e1ticas de Halloween, atracciones y entretenimiento transformar\u00e1n el Parque de las Exposiciones en un reino de terror y asombro.<\/p>\n\n<h3 class=\"wp-block-heading has-text-align-center\"><strong>Cita del 31 de octubre al 2 de noviembre de 2024<\/strong><\/h3>\n\n<p>Marca tus calendarios y prep\u00e1rate para una aventura inolvidable de m\u00fasica electr\u00f3nica y horror festivo. \u00a1No te pierdas esta edici\u00f3n especial y demon\u00edaca del Dream Nation Festival!<\/p>\n\n<div class=\"wp-block-buttons is-content-justification-center is-layout-flex wp-container-core-buttons-is-layout-16018d1d wp-block-buttons-is-layout-flex\">\n<div class=\"wp-block-button\"><a class=\"wp-block-button__link wp-element-button\" href=\"https:\/\/dreamnation.fr\/billetterie\/\" target=\"_blank\" rel=\"noreferrer noopener\">Visita la taquilla de Dream Nation<\/a><\/div>\n<\/div>\n\n\n<div class=\"kk-star-ratings kksr-auto kksr-align-center kksr-valign-bottom\"\n    data-payload='{&quot;align&quot;:&quot;center&quot;,&quot;id&quot;:&quot;13006&quot;,&quot;slug&quot;:&quot;default&quot;,&quot;valign&quot;:&quot;bottom&quot;,&quot;ignore&quot;:&quot;&quot;,&quot;reference&quot;:&quot;auto&quot;,&quot;class&quot;:&quot;&quot;,&quot;count&quot;:&quot;0&quot;,&quot;legendonly&quot;:&quot;&quot;,&quot;readonly&quot;:&quot;&quot;,&quot;score&quot;:&quot;0&quot;,&quot;starsonly&quot;:&quot;&quot;,&quot;best&quot;:&quot;5&quot;,&quot;gap&quot;:&quot;5&quot;,&quot;greet&quot;:&quot;Noter cet article&quot;,&quot;legend&quot;:&quot;0\\\/5 - (0 votos)&quot;,&quot;size&quot;:&quot;24&quot;,&quot;title&quot;:&quot;Dream Nation Festival: \u00a1Anunciada una segunda tanda de artistas para el cartel!&quot;,&quot;width&quot;:&quot;0&quot;,&quot;_legend&quot;:&quot;{score}\\\/{best} - ({count} {votes})&quot;,&quot;font_factor&quot;:&quot;1.25&quot;}'>\n            \n<div class=\"kksr-stars\">\n    \n<div class=\"kksr-stars-inactive\">\n            <div class=\"kksr-star\" data-star=\"1\" style=\"padding-right: 5px\">\n            \n\n<div class=\"kksr-icon\" style=\"width: 24px; height: 24px;\"><\/div>\n        <\/div>\n            <div class=\"kksr-star\" data-star=\"2\" style=\"padding-right: 5px\">\n            \n\n<div class=\"kksr-icon\" style=\"width: 24px; height: 24px;\"><\/div>\n        <\/div>\n            <div class=\"kksr-star\" data-star=\"3\" style=\"padding-right: 5px\">\n            \n\n<div class=\"kksr-icon\" style=\"width: 24px; height: 24px;\"><\/div>\n        <\/div>\n            <div class=\"kksr-star\" data-star=\"4\" style=\"padding-right: 5px\">\n            \n\n<div class=\"kksr-icon\" style=\"width: 24px; height: 24px;\"><\/div>\n        <\/div>\n            <div class=\"kksr-star\" data-star=\"5\" style=\"padding-right: 5px\">\n            \n\n<div class=\"kksr-icon\" style=\"width: 24px; height: 24px;\"><\/div>\n        <\/div>\n    <\/div>\n    \n<div class=\"kksr-stars-active\" style=\"width: 0px;\">\n            <div class=\"kksr-star\" style=\"padding-right: 5px\">\n            \n\n<div class=\"kksr-icon\" style=\"width: 24px; height: 24px;\"><\/div>\n        <\/div>\n            <div class=\"kksr-star\" style=\"padding-right: 5px\">\n            \n\n<div class=\"kksr-icon\" style=\"width: 24px; height: 24px;\"><\/div>\n        <\/div>\n            <div class=\"kksr-star\" style=\"padding-right: 5px\">\n            \n\n<div class=\"kksr-icon\" style=\"width: 24px; height: 24px;\"><\/div>\n        <\/div>\n            <div class=\"kksr-star\" style=\"padding-right: 5px\">\n            \n\n<div class=\"kksr-icon\" style=\"width: 24px; height: 24px;\"><\/div>\n        <\/div>\n            <div class=\"kksr-star\" style=\"padding-right: 5px\">\n            \n\n<div class=\"kksr-icon\" style=\"width: 24px; height: 24px;\"><\/div>\n        <\/div>\n    <\/div>\n<\/div>\n                \n\n<div class=\"kksr-legend\" style=\"font-size: 19.2px;\">\n            <span class=\"kksr-muted\">Noter cet article<\/span>\n    <\/div>\n    <\/div>\n","protected":false},"excerpt":{"rendered":"<p>El festival Dream Nation sigue sorprendiendo con el anuncio de su segunda oleada de artistas, prometiendo una edici\u00f3n a\u00fan m\u00e1s loca de esta celebraci\u00f3n de Halloween \u00fanica en Europa. \u00a1Prep\u00e1rate para emocionarte del 31 de octubre al 2 de noviembre de 2024 en el Parque de Exposiciones Par\u00eds Norte con una nueva serie de talentos [&hellip;]<\/p>\n","protected":false},"author":3,"featured_media":13008,"comment_status":"closed","ping_status":"closed","sticky":false,"template":"","format":"standard","meta":{"_acf_changed":false,"footnotes":""},"categories":[857],"tags":[],"class_list":["post-13006","post","type-post","status-publish","format-standard","has-post-thumbnail","hentry","category-festival-es"],"acf":[],"yoast_head":"<!-- This site is optimized with the Yoast SEO plugin v27.5 - https:\/\/yoast.com\/product\/yoast-seo-wordpress\/ -->\n<title>Dream Nation Festival: \u00a1Una segunda oleada de artistas para el cartel!<\/title>\n<meta name=\"robots\" content=\"index, follow, max-snippet:-1, max-image-preview:large, max-video-preview:-1\" \/>\n<link rel=\"canonical\" href=\"https:\/\/www.technomag.fr\/es\/dream-nation-festival-anunciada-una-segunda-tanda-de-artistas-para-el-cartel\/\" \/>\n<meta property=\"og:locale\" content=\"es_ES\" \/>\n<meta property=\"og:type\" content=\"article\" \/>\n<meta property=\"og:title\" content=\"Dream Nation Festival: \u00a1Una segunda oleada de artistas para el cartel!\" \/>\n<meta property=\"og:description\" content=\"El festival Dream Nation sigue sorprendiendo con el anuncio de su segunda oleada de artistas, prometiendo una edici\u00f3n a\u00fan m\u00e1s loca de esta celebraci\u00f3n de Halloween \u00fanica en Europa. \u00a1Prep\u00e1rate para emocionarte del 31 de octubre al 2 de noviembre de 2024 en el Parque de Exposiciones Par\u00eds Norte con una nueva serie de talentos [&hellip;]\" \/>\n<meta property=\"og:url\" content=\"https:\/\/www.technomag.fr\/es\/dream-nation-festival-anunciada-una-segunda-tanda-de-artistas-para-el-cartel\/\" \/>\n<meta property=\"og:site_name\" content=\"Techno Mag\" \/>\n<meta property=\"article:published_time\" content=\"2024-07-10T16:58:47+00:00\" \/>\n<meta property=\"article:modified_time\" content=\"2024-08-08T12:04:30+00:00\" \/>\n<meta property=\"og:image\" content=\"https:\/\/www.technomag.fr\/wp-content\/uploads\/2024\/07\/044A2251-1024x576.jpg\" \/>\n\t<meta property=\"og:image:width\" content=\"1024\" \/>\n\t<meta property=\"og:image:height\" content=\"576\" \/>\n\t<meta property=\"og:image:type\" content=\"image\/jpeg\" \/>\n<meta name=\"author\" content=\"Eric\" \/>\n<meta name=\"twitter:card\" content=\"summary_large_image\" \/>\n<meta name=\"twitter:label1\" content=\"Escrito por\" \/>\n\t<meta name=\"twitter:data1\" content=\"Eric\" \/>\n\t<meta name=\"twitter:label2\" content=\"Tiempo de lectura\" \/>\n\t<meta name=\"twitter:data2\" content=\"2 minutos\" \/>\n<script type=\"application\/ld+json\" class=\"yoast-schema-graph\">{\"@context\":\"https:\\\/\\\/schema.org\",\"@graph\":[{\"@type\":\"Article\",\"@id\":\"https:\\\/\\\/www.technomag.fr\\\/es\\\/dream-nation-festival-anunciada-una-segunda-tanda-de-artistas-para-el-cartel\\\/#article\",\"isPartOf\":{\"@id\":\"https:\\\/\\\/www.technomag.fr\\\/es\\\/dream-nation-festival-anunciada-una-segunda-tanda-de-artistas-para-el-cartel\\\/\"},\"author\":{\"name\":\"Eric\",\"@id\":\"https:\\\/\\\/www.technomag.fr\\\/#\\\/schema\\\/person\\\/5184db1055c64729cb8595a8e9d23e9e\"},\"headline\":\"Dream Nation Festival: \u00a1Anunciada una segunda tanda de artistas para el cartel!\",\"datePublished\":\"2024-07-10T16:58:47+00:00\",\"dateModified\":\"2024-08-08T12:04:30+00:00\",\"mainEntityOfPage\":{\"@id\":\"https:\\\/\\\/www.technomag.fr\\\/es\\\/dream-nation-festival-anunciada-una-segunda-tanda-de-artistas-para-el-cartel\\\/\"},\"wordCount\":382,\"publisher\":{\"@id\":\"https:\\\/\\\/www.technomag.fr\\\/#organization\"},\"image\":{\"@id\":\"https:\\\/\\\/www.technomag.fr\\\/es\\\/dream-nation-festival-anunciada-una-segunda-tanda-de-artistas-para-el-cartel\\\/#primaryimage\"},\"thumbnailUrl\":\"https:\\\/\\\/www.technomag.fr\\\/wp-content\\\/uploads\\\/2024\\\/07\\\/044A2251.jpg\",\"articleSection\":[\"Festival\"],\"inLanguage\":\"es\"},{\"@type\":\"WebPage\",\"@id\":\"https:\\\/\\\/www.technomag.fr\\\/es\\\/dream-nation-festival-anunciada-una-segunda-tanda-de-artistas-para-el-cartel\\\/\",\"url\":\"https:\\\/\\\/www.technomag.fr\\\/es\\\/dream-nation-festival-anunciada-una-segunda-tanda-de-artistas-para-el-cartel\\\/\",\"name\":\"Dream Nation Festival: \u00a1Una segunda oleada de artistas para el cartel!\",\"isPartOf\":{\"@id\":\"https:\\\/\\\/www.technomag.fr\\\/#website\"},\"primaryImageOfPage\":{\"@id\":\"https:\\\/\\\/www.technomag.fr\\\/es\\\/dream-nation-festival-anunciada-una-segunda-tanda-de-artistas-para-el-cartel\\\/#primaryimage\"},\"image\":{\"@id\":\"https:\\\/\\\/www.technomag.fr\\\/es\\\/dream-nation-festival-anunciada-una-segunda-tanda-de-artistas-para-el-cartel\\\/#primaryimage\"},\"thumbnailUrl\":\"https:\\\/\\\/www.technomag.fr\\\/wp-content\\\/uploads\\\/2024\\\/07\\\/044A2251.jpg\",\"datePublished\":\"2024-07-10T16:58:47+00:00\",\"dateModified\":\"2024-08-08T12:04:30+00:00\",\"breadcrumb\":{\"@id\":\"https:\\\/\\\/www.technomag.fr\\\/es\\\/dream-nation-festival-anunciada-una-segunda-tanda-de-artistas-para-el-cartel\\\/#breadcrumb\"},\"inLanguage\":\"es\",\"potentialAction\":[{\"@type\":\"ReadAction\",\"target\":[\"https:\\\/\\\/www.technomag.fr\\\/es\\\/dream-nation-festival-anunciada-una-segunda-tanda-de-artistas-para-el-cartel\\\/\"]}]},{\"@type\":\"ImageObject\",\"inLanguage\":\"es\",\"@id\":\"https:\\\/\\\/www.technomag.fr\\\/es\\\/dream-nation-festival-anunciada-una-segunda-tanda-de-artistas-para-el-cartel\\\/#primaryimage\",\"url\":\"https:\\\/\\\/www.technomag.fr\\\/wp-content\\\/uploads\\\/2024\\\/07\\\/044A2251.jpg\",\"contentUrl\":\"https:\\\/\\\/www.technomag.fr\\\/wp-content\\\/uploads\\\/2024\\\/07\\\/044A2251.jpg\",\"width\":2048,\"height\":1152},{\"@type\":\"BreadcrumbList\",\"@id\":\"https:\\\/\\\/www.technomag.fr\\\/es\\\/dream-nation-festival-anunciada-una-segunda-tanda-de-artistas-para-el-cartel\\\/#breadcrumb\",\"itemListElement\":[{\"@type\":\"ListItem\",\"position\":1,\"name\":\"Accueil\",\"item\":\"https:\\\/\\\/www.technomag.fr\\\/es\\\/revista-techno\\\/\"},{\"@type\":\"ListItem\",\"position\":2,\"name\":\"Dream Nation Festival: \u00a1Anunciada una segunda tanda de artistas para el cartel!\"}]},{\"@type\":\"WebSite\",\"@id\":\"https:\\\/\\\/www.technomag.fr\\\/#website\",\"url\":\"https:\\\/\\\/www.technomag.fr\\\/\",\"name\":\"Techno Mag\",\"description\":\"Le magazine underground de r\u00e9f\u00e9rence pour la techno\",\"publisher\":{\"@id\":\"https:\\\/\\\/www.technomag.fr\\\/#organization\"},\"potentialAction\":[{\"@type\":\"SearchAction\",\"target\":{\"@type\":\"EntryPoint\",\"urlTemplate\":\"https:\\\/\\\/www.technomag.fr\\\/?s={search_term_string}\"},\"query-input\":{\"@type\":\"PropertyValueSpecification\",\"valueRequired\":true,\"valueName\":\"search_term_string\"}}],\"inLanguage\":\"es\"},{\"@type\":\"Organization\",\"@id\":\"https:\\\/\\\/www.technomag.fr\\\/#organization\",\"name\":\"Techno Mag\",\"url\":\"https:\\\/\\\/www.technomag.fr\\\/\",\"logo\":{\"@type\":\"ImageObject\",\"inLanguage\":\"es\",\"@id\":\"https:\\\/\\\/www.technomag.fr\\\/#\\\/schema\\\/logo\\\/image\\\/\",\"url\":\"https:\\\/\\\/www.technomag.fr\\\/wp-content\\\/uploads\\\/2023\\\/04\\\/TECHNO-e1681225415918.png\",\"contentUrl\":\"https:\\\/\\\/www.technomag.fr\\\/wp-content\\\/uploads\\\/2023\\\/04\\\/TECHNO-e1681225415918.png\",\"width\":500,\"height\":113,\"caption\":\"Techno Mag\"},\"image\":{\"@id\":\"https:\\\/\\\/www.technomag.fr\\\/#\\\/schema\\\/logo\\\/image\\\/\"}},{\"@type\":\"Person\",\"@id\":\"https:\\\/\\\/www.technomag.fr\\\/#\\\/schema\\\/person\\\/5184db1055c64729cb8595a8e9d23e9e\",\"name\":\"Eric\",\"image\":{\"@type\":\"ImageObject\",\"inLanguage\":\"es\",\"@id\":\"https:\\\/\\\/www.technomag.fr\\\/wp-content\\\/uploads\\\/2023\\\/12\\\/eric-96x96.jpg\",\"url\":\"https:\\\/\\\/www.technomag.fr\\\/wp-content\\\/uploads\\\/2023\\\/12\\\/eric-96x96.jpg\",\"contentUrl\":\"https:\\\/\\\/www.technomag.fr\\\/wp-content\\\/uploads\\\/2023\\\/12\\\/eric-96x96.jpg\",\"caption\":\"Eric\"},\"description\":\"Eric, le capitaine du navire TechnoMag, est d\u00e9veloppeur web, consultant SEO, r\u00e9dacteur de metier, et surtout fanatique de musique ! Depuis l'enfance, il est attir\u00e9 par les basses et les kicks, passant des heures \u00e0 \u00e9couter et jouer sur machines pour le plaisir, avec son fr\u00e8re et ses amis, depuis plus de dix ans. Globe-trotteur, il a explor\u00e9 des free parties sauvages et ill\u00e9gales jusqu\u2019aux plus grands festivals internationaux. Dans son pass\u00e9, il a aussi \u00e9t\u00e9 VJ et impliqu\u00e9 dans l'organisation de soir\u00e9es pas toujours vraiment autoris\u00e9es. Aujourd'hui, il aime capturer l'\u00e9nergie des \u00e9v\u00e9nements pour la retranscrire aux autres, que ce soit derri\u00e8re l'appareil photo, la cam\u00e9ra, ou en r\u00e9digeant un article. Avec quelques missions b\u00e9n\u00e9voles \u00e0 son actif et une association toute neuve, il r\u00eave d'un lieu autonome o\u00f9 chacun pourrait balancer son set sans craindre de perdre son matos.\",\"sameAs\":[\"https:\\\/\\\/www.instagram.com\\\/technomag.fr\\\/\",\"https:\\\/\\\/www.linkedin.com\\\/in\\\/boulangereric\\\/\"],\"url\":\"https:\\\/\\\/www.technomag.fr\\\/es\\\/redacteur\\\/eric-2\\\/\"}]}<\/script>\n<!-- \/ Yoast SEO plugin. -->","yoast_head_json":{"title":"Dream Nation Festival: \u00a1Una segunda oleada de artistas para el cartel!","robots":{"index":"index","follow":"follow","max-snippet":"max-snippet:-1","max-image-preview":"max-image-preview:large","max-video-preview":"max-video-preview:-1"},"canonical":"https:\/\/www.technomag.fr\/es\/dream-nation-festival-anunciada-una-segunda-tanda-de-artistas-para-el-cartel\/","og_locale":"es_ES","og_type":"article","og_title":"Dream Nation Festival: \u00a1Una segunda oleada de artistas para el cartel!","og_description":"El festival Dream Nation sigue sorprendiendo con el anuncio de su segunda oleada de artistas, prometiendo una edici\u00f3n a\u00fan m\u00e1s loca de esta celebraci\u00f3n de Halloween \u00fanica en Europa. \u00a1Prep\u00e1rate para emocionarte del 31 de octubre al 2 de noviembre de 2024 en el Parque de Exposiciones Par\u00eds Norte con una nueva serie de talentos [&hellip;]","og_url":"https:\/\/www.technomag.fr\/es\/dream-nation-festival-anunciada-una-segunda-tanda-de-artistas-para-el-cartel\/","og_site_name":"Techno Mag","article_published_time":"2024-07-10T16:58:47+00:00","article_modified_time":"2024-08-08T12:04:30+00:00","og_image":[{"width":1024,"height":576,"url":"https:\/\/www.technomag.fr\/wp-content\/uploads\/2024\/07\/044A2251-1024x576.jpg","type":"image\/jpeg"}],"author":"Eric","twitter_card":"summary_large_image","twitter_misc":{"Escrito por":"Eric","Tiempo de lectura":"2 minutos"},"schema":{"@context":"https:\/\/schema.org","@graph":[{"@type":"Article","@id":"https:\/\/www.technomag.fr\/es\/dream-nation-festival-anunciada-una-segunda-tanda-de-artistas-para-el-cartel\/#article","isPartOf":{"@id":"https:\/\/www.technomag.fr\/es\/dream-nation-festival-anunciada-una-segunda-tanda-de-artistas-para-el-cartel\/"},"author":{"name":"Eric","@id":"https:\/\/www.technomag.fr\/#\/schema\/person\/5184db1055c64729cb8595a8e9d23e9e"},"headline":"Dream Nation Festival: \u00a1Anunciada una segunda tanda de artistas para el cartel!","datePublished":"2024-07-10T16:58:47+00:00","dateModified":"2024-08-08T12:04:30+00:00","mainEntityOfPage":{"@id":"https:\/\/www.technomag.fr\/es\/dream-nation-festival-anunciada-una-segunda-tanda-de-artistas-para-el-cartel\/"},"wordCount":382,"publisher":{"@id":"https:\/\/www.technomag.fr\/#organization"},"image":{"@id":"https:\/\/www.technomag.fr\/es\/dream-nation-festival-anunciada-una-segunda-tanda-de-artistas-para-el-cartel\/#primaryimage"},"thumbnailUrl":"https:\/\/www.technomag.fr\/wp-content\/uploads\/2024\/07\/044A2251.jpg","articleSection":["Festival"],"inLanguage":"es"},{"@type":"WebPage","@id":"https:\/\/www.technomag.fr\/es\/dream-nation-festival-anunciada-una-segunda-tanda-de-artistas-para-el-cartel\/","url":"https:\/\/www.technomag.fr\/es\/dream-nation-festival-anunciada-una-segunda-tanda-de-artistas-para-el-cartel\/","name":"Dream Nation Festival: \u00a1Una segunda oleada de artistas para el cartel!","isPartOf":{"@id":"https:\/\/www.technomag.fr\/#website"},"primaryImageOfPage":{"@id":"https:\/\/www.technomag.fr\/es\/dream-nation-festival-anunciada-una-segunda-tanda-de-artistas-para-el-cartel\/#primaryimage"},"image":{"@id":"https:\/\/www.technomag.fr\/es\/dream-nation-festival-anunciada-una-segunda-tanda-de-artistas-para-el-cartel\/#primaryimage"},"thumbnailUrl":"https:\/\/www.technomag.fr\/wp-content\/uploads\/2024\/07\/044A2251.jpg","datePublished":"2024-07-10T16:58:47+00:00","dateModified":"2024-08-08T12:04:30+00:00","breadcrumb":{"@id":"https:\/\/www.technomag.fr\/es\/dream-nation-festival-anunciada-una-segunda-tanda-de-artistas-para-el-cartel\/#breadcrumb"},"inLanguage":"es","potentialAction":[{"@type":"ReadAction","target":["https:\/\/www.technomag.fr\/es\/dream-nation-festival-anunciada-una-segunda-tanda-de-artistas-para-el-cartel\/"]}]},{"@type":"ImageObject","inLanguage":"es","@id":"https:\/\/www.technomag.fr\/es\/dream-nation-festival-anunciada-una-segunda-tanda-de-artistas-para-el-cartel\/#primaryimage","url":"https:\/\/www.technomag.fr\/wp-content\/uploads\/2024\/07\/044A2251.jpg","contentUrl":"https:\/\/www.technomag.fr\/wp-content\/uploads\/2024\/07\/044A2251.jpg","width":2048,"height":1152},{"@type":"BreadcrumbList","@id":"https:\/\/www.technomag.fr\/es\/dream-nation-festival-anunciada-una-segunda-tanda-de-artistas-para-el-cartel\/#breadcrumb","itemListElement":[{"@type":"ListItem","position":1,"name":"Accueil","item":"https:\/\/www.technomag.fr\/es\/revista-techno\/"},{"@type":"ListItem","position":2,"name":"Dream Nation Festival: \u00a1Anunciada una segunda tanda de artistas para el cartel!"}]},{"@type":"WebSite","@id":"https:\/\/www.technomag.fr\/#website","url":"https:\/\/www.technomag.fr\/","name":"Techno Mag","description":"Le magazine underground de r\u00e9f\u00e9rence pour la techno","publisher":{"@id":"https:\/\/www.technomag.fr\/#organization"},"potentialAction":[{"@type":"SearchAction","target":{"@type":"EntryPoint","urlTemplate":"https:\/\/www.technomag.fr\/?s={search_term_string}"},"query-input":{"@type":"PropertyValueSpecification","valueRequired":true,"valueName":"search_term_string"}}],"inLanguage":"es"},{"@type":"Organization","@id":"https:\/\/www.technomag.fr\/#organization","name":"Techno Mag","url":"https:\/\/www.technomag.fr\/","logo":{"@type":"ImageObject","inLanguage":"es","@id":"https:\/\/www.technomag.fr\/#\/schema\/logo\/image\/","url":"https:\/\/www.technomag.fr\/wp-content\/uploads\/2023\/04\/TECHNO-e1681225415918.png","contentUrl":"https:\/\/www.technomag.fr\/wp-content\/uploads\/2023\/04\/TECHNO-e1681225415918.png","width":500,"height":113,"caption":"Techno Mag"},"image":{"@id":"https:\/\/www.technomag.fr\/#\/schema\/logo\/image\/"}},{"@type":"Person","@id":"https:\/\/www.technomag.fr\/#\/schema\/person\/5184db1055c64729cb8595a8e9d23e9e","name":"Eric","image":{"@type":"ImageObject","inLanguage":"es","@id":"https:\/\/www.technomag.fr\/wp-content\/uploads\/2023\/12\/eric-96x96.jpg","url":"https:\/\/www.technomag.fr\/wp-content\/uploads\/2023\/12\/eric-96x96.jpg","contentUrl":"https:\/\/www.technomag.fr\/wp-content\/uploads\/2023\/12\/eric-96x96.jpg","caption":"Eric"},"description":"Eric, le capitaine du navire TechnoMag, est d\u00e9veloppeur web, consultant SEO, r\u00e9dacteur de metier, et surtout fanatique de musique ! Depuis l'enfance, il est attir\u00e9 par les basses et les kicks, passant des heures \u00e0 \u00e9couter et jouer sur machines pour le plaisir, avec son fr\u00e8re et ses amis, depuis plus de dix ans. Globe-trotteur, il a explor\u00e9 des free parties sauvages et ill\u00e9gales jusqu\u2019aux plus grands festivals internationaux. Dans son pass\u00e9, il a aussi \u00e9t\u00e9 VJ et impliqu\u00e9 dans l'organisation de soir\u00e9es pas toujours vraiment autoris\u00e9es. Aujourd'hui, il aime capturer l'\u00e9nergie des \u00e9v\u00e9nements pour la retranscrire aux autres, que ce soit derri\u00e8re l'appareil photo, la cam\u00e9ra, ou en r\u00e9digeant un article. Avec quelques missions b\u00e9n\u00e9voles \u00e0 son actif et une association toute neuve, il r\u00eave d'un lieu autonome o\u00f9 chacun pourrait balancer son set sans craindre de perdre son matos.","sameAs":["https:\/\/www.instagram.com\/technomag.fr\/","https:\/\/www.linkedin.com\/in\/boulangereric\/"],"url":"https:\/\/www.technomag.fr\/es\/redacteur\/eric-2\/"}]}},"_links":{"self":[{"href":"https:\/\/www.technomag.fr\/es\/wp-json\/wp\/v2\/posts\/13006","targetHints":{"allow":["GET"]}}],"collection":[{"href":"https:\/\/www.technomag.fr\/es\/wp-json\/wp\/v2\/posts"}],"about":[{"href":"https:\/\/www.technomag.fr\/es\/wp-json\/wp\/v2\/types\/post"}],"author":[{"embeddable":true,"href":"https:\/\/www.technomag.fr\/es\/wp-json\/wp\/v2\/users\/3"}],"replies":[{"embeddable":true,"href":"https:\/\/www.technomag.fr\/es\/wp-json\/wp\/v2\/comments?post=13006"}],"version-history":[{"count":1,"href":"https:\/\/www.technomag.fr\/es\/wp-json\/wp\/v2\/posts\/13006\/revisions"}],"predecessor-version":[{"id":13009,"href":"https:\/\/www.technomag.fr\/es\/wp-json\/wp\/v2\/posts\/13006\/revisions\/13009"}],"wp:featuredmedia":[{"embeddable":true,"href":"https:\/\/www.technomag.fr\/es\/wp-json\/wp\/v2\/media\/13008"}],"wp:attachment":[{"href":"https:\/\/www.technomag.fr\/es\/wp-json\/wp\/v2\/media?parent=13006"}],"wp:term":[{"taxonomy":"category","embeddable":true,"href":"https:\/\/www.technomag.fr\/es\/wp-json\/wp\/v2\/categories?post=13006"},{"taxonomy":"post_tag","embeddable":true,"href":"https:\/\/www.technomag.fr\/es\/wp-json\/wp\/v2\/tags?post=13006"}],"curies":[{"name":"wp","href":"https:\/\/api.w.org\/{rel}","templated":true}]}}