
{"id":12982,"date":"2024-07-05T16:36:40","date_gmt":"2024-07-05T15:36:40","guid":{"rendered":"https:\/\/www.technomag.fr\/festival-de-los-espiritu-2024-vuelve-al-lago-de-siguret-para-su-segunda-edicion\/"},"modified":"2024-08-08T13:04:54","modified_gmt":"2024-08-08T12:04:54","slug":"festival-de-los-espiritu-2024-vuelve-al-lago-de-siguret-para-su-segunda-edicion","status":"publish","type":"post","link":"https:\/\/www.technomag.fr\/es\/festival-de-los-espiritu-2024-vuelve-al-lago-de-siguret-para-su-segunda-edicion\/","title":{"rendered":"FESTIVAL DE LOS ESP\u00cdRITU 2024: vuelve al Lago de Siguret para su segunda edici\u00f3n"},"content":{"rendered":"\n<p>La<a href=\"https:\/\/www.billetweb.fr\/spirits-festival-2\"> <strong>Festival Spirits<\/strong><\/a>organizado por <a href=\"https:\/\/www.darksideevents.fr\">Darkside Events<\/a>, fundada en 2015 en Embrun (Altos Alpes), su misi\u00f3n es promover la m\u00fasica electr\u00f3nica entre un amplio p\u00fablico.  <\/p>\n<div class=\"wp-block-image\">\n<figure class=\"aligncenter size-large\"><img fetchpriority=\"high\" decoding=\"async\" width=\"1024\" height=\"819\" src=\"https:\/\/www.technomag.fr\/wp-content\/uploads\/2024\/06\/Robin_Courrent_Spirits_Festival_Insta-7-1024x819.jpg\" alt=\"\" class=\"wp-image-11662\" srcset=\"https:\/\/www.technomag.fr\/wp-content\/uploads\/2024\/06\/Robin_Courrent_Spirits_Festival_Insta-7-1024x819.jpg 1024w, https:\/\/www.technomag.fr\/wp-content\/uploads\/2024\/06\/Robin_Courrent_Spirits_Festival_Insta-7-600x480.jpg 600w, https:\/\/www.technomag.fr\/wp-content\/uploads\/2024\/06\/Robin_Courrent_Spirits_Festival_Insta-7-300x240.jpg 300w, https:\/\/www.technomag.fr\/wp-content\/uploads\/2024\/06\/Robin_Courrent_Spirits_Festival_Insta-7-768x614.jpg 768w, https:\/\/www.technomag.fr\/wp-content\/uploads\/2024\/06\/Robin_Courrent_Spirits_Festival_Insta-7-150x120.jpg 150w, https:\/\/www.technomag.fr\/wp-content\/uploads\/2024\/06\/Robin_Courrent_Spirits_Festival_Insta-7.jpg 1350w\" sizes=\"(max-width: 1024px) 100vw, 1024px\" \/><\/figure>\n<\/div>\n<ul class=\"wp-block-social-links aligncenter is-layout-flex wp-block-social-links-is-layout-flex\"><li class=\"wp-social-link wp-social-link-chain  wp-block-social-link\"><a href=\"https:\/\/www.darksideevents.fr\" class=\"wp-block-social-link-anchor\"><svg width=\"24\" height=\"24\" viewBox=\"0 0 24 24\" version=\"1.1\" xmlns=\"http:\/\/www.w3.org\/2000\/svg\" aria-hidden=\"true\" focusable=\"false\"><path d=\"M15.6,7.2H14v1.5h1.6c2,0,3.7,1.7,3.7,3.7s-1.7,3.7-3.7,3.7H14v1.5h1.6c2.8,0,5.2-2.3,5.2-5.2,0-2.9-2.3-5.2-5.2-5.2zM4.7,12.4c0-2,1.7-3.7,3.7-3.7H10V7.2H8.4c-2.9,0-5.2,2.3-5.2,5.2,0,2.9,2.3,5.2,5.2,5.2H10v-1.5H8.4c-2,0-3.7-1.7-3.7-3.7zm4.6.9h5.3v-1.5H9.3v1.5z\"><\/path><\/svg><span class=\"wp-block-social-link-label screen-reader-text\">Enlace<\/span><\/a><\/li>\n\n<li class=\"wp-social-link wp-social-link-instagram  wp-block-social-link\"><a href=\"https:\/\/www.instagram.com\/darkside_officiel\/\" class=\"wp-block-social-link-anchor\"><svg width=\"24\" height=\"24\" viewBox=\"0 0 24 24\" version=\"1.1\" xmlns=\"http:\/\/www.w3.org\/2000\/svg\" aria-hidden=\"true\" focusable=\"false\"><path d=\"M12,4.622c2.403,0,2.688,0.009,3.637,0.052c0.877,0.04,1.354,0.187,1.671,0.31c0.42,0.163,0.72,0.358,1.035,0.673 c0.315,0.315,0.51,0.615,0.673,1.035c0.123,0.317,0.27,0.794,0.31,1.671c0.043,0.949,0.052,1.234,0.052,3.637 s-0.009,2.688-0.052,3.637c-0.04,0.877-0.187,1.354-0.31,1.671c-0.163,0.42-0.358,0.72-0.673,1.035 c-0.315,0.315-0.615,0.51-1.035,0.673c-0.317,0.123-0.794,0.27-1.671,0.31c-0.949,0.043-1.233,0.052-3.637,0.052 s-2.688-0.009-3.637-0.052c-0.877-0.04-1.354-0.187-1.671-0.31c-0.42-0.163-0.72-0.358-1.035-0.673 c-0.315-0.315-0.51-0.615-0.673-1.035c-0.123-0.317-0.27-0.794-0.31-1.671C4.631,14.688,4.622,14.403,4.622,12 s0.009-2.688,0.052-3.637c0.04-0.877,0.187-1.354,0.31-1.671c0.163-0.42,0.358-0.72,0.673-1.035 c0.315-0.315,0.615-0.51,1.035-0.673c0.317-0.123,0.794-0.27,1.671-0.31C9.312,4.631,9.597,4.622,12,4.622 M12,3 C9.556,3,9.249,3.01,8.289,3.054C7.331,3.098,6.677,3.25,6.105,3.472C5.513,3.702,5.011,4.01,4.511,4.511 c-0.5,0.5-0.808,1.002-1.038,1.594C3.25,6.677,3.098,7.331,3.054,8.289C3.01,9.249,3,9.556,3,12c0,2.444,0.01,2.751,0.054,3.711 c0.044,0.958,0.196,1.612,0.418,2.185c0.23,0.592,0.538,1.094,1.038,1.594c0.5,0.5,1.002,0.808,1.594,1.038 c0.572,0.222,1.227,0.375,2.185,0.418C9.249,20.99,9.556,21,12,21s2.751-0.01,3.711-0.054c0.958-0.044,1.612-0.196,2.185-0.418 c0.592-0.23,1.094-0.538,1.594-1.038c0.5-0.5,0.808-1.002,1.038-1.594c0.222-0.572,0.375-1.227,0.418-2.185 C20.99,14.751,21,14.444,21,12s-0.01-2.751-0.054-3.711c-0.044-0.958-0.196-1.612-0.418-2.185c-0.23-0.592-0.538-1.094-1.038-1.594 c-0.5-0.5-1.002-0.808-1.594-1.038c-0.572-0.222-1.227-0.375-2.185-0.418C14.751,3.01,14.444,3,12,3L12,3z M12,7.378 c-2.552,0-4.622,2.069-4.622,4.622S9.448,16.622,12,16.622s4.622-2.069,4.622-4.622S14.552,7.378,12,7.378z M12,15 c-1.657,0-3-1.343-3-3s1.343-3,3-3s3,1.343,3,3S13.657,15,12,15z M16.804,6.116c-0.596,0-1.08,0.484-1.08,1.08 s0.484,1.08,1.08,1.08c0.596,0,1.08-0.484,1.08-1.08S17.401,6.116,16.804,6.116z\"><\/path><\/svg><span class=\"wp-block-social-link-label screen-reader-text\">Instagram<\/span><\/a><\/li><\/ul>\n\n<div id=\"ez-toc-container\" class=\"ez-toc-v2_0_82_2 ez-toc-wrap-center counter-hierarchy ez-toc-counter ez-toc-custom ez-toc-container-direction\">\n<div class=\"ez-toc-title-container\">\n<p class=\"ez-toc-title\" style=\"cursor:inherit\">Sommaire<\/p>\n<span class=\"ez-toc-title-toggle\"><a href=\"#\" class=\"ez-toc-pull-right ez-toc-btn ez-toc-btn-xs ez-toc-btn-default ez-toc-toggle\" aria-label=\"Alternar tabla de contenidos\"><span class=\"ez-toc-js-icon-con\"><span class=\"\"><span class=\"eztoc-hide\" style=\"display:none;\">Toggle<\/span><span class=\"ez-toc-icon-toggle-span\"><svg style=\"fill: #ffffff;color:#ffffff\" xmlns=\"http:\/\/www.w3.org\/2000\/svg\" class=\"list-377408\" width=\"20px\" height=\"20px\" viewBox=\"0 0 24 24\" fill=\"none\"><path d=\"M6 6H4v2h2V6zm14 0H8v2h12V6zM4 11h2v2H4v-2zm16 0H8v2h12v-2zM4 16h2v2H4v-2zm16 0H8v2h12v-2z\" fill=\"currentColor\"><\/path><\/svg><svg style=\"fill: #ffffff;color:#ffffff\" class=\"arrow-unsorted-368013\" xmlns=\"http:\/\/www.w3.org\/2000\/svg\" width=\"10px\" height=\"10px\" viewBox=\"0 0 24 24\" version=\"1.2\" baseProfile=\"tiny\"><path d=\"M18.2 9.3l-6.2-6.3-6.2 6.3c-.2.2-.3.4-.3.7s.1.5.3.7c.2.2.4.3.7.3h11c.3 0 .5-.1.7-.3.2-.2.3-.5.3-.7s-.1-.5-.3-.7zM5.8 14.7l6.2 6.3 6.2-6.3c.2-.2.3-.5.3-.7s-.1-.5-.3-.7c-.2-.2-.4-.3-.7-.3h-11c-.3 0-.5.1-.7.3-.2.2-.3.5-.3.7s.1.5.3.7z\"\/><\/svg><\/span><\/span><\/span><\/a><\/span><\/div>\n<nav><ul class='ez-toc-list ez-toc-list-level-1 ' ><li class='ez-toc-page-1 ez-toc-heading-level-2'><a class=\"ez-toc-link ez-toc-heading-1\" href=\"https:\/\/www.technomag.fr\/es\/festival-de-los-espiritu-2024-vuelve-al-lago-de-siguret-para-su-segunda-edicion\/#Historia_de_Darkside_Events\" >Historia de Darkside Events<\/a><\/li><li class='ez-toc-page-1 ez-toc-heading-level-2'><a class=\"ez-toc-link ez-toc-heading-2\" href=\"https:\/\/www.technomag.fr\/es\/festival-de-los-espiritu-2024-vuelve-al-lago-de-siguret-para-su-segunda-edicion\/#El_regreso_del_Festival_de_los_Espiritus_en_2024\" >El regreso del Festival de los Esp\u00edritus en 2024<\/a><\/li><li class='ez-toc-page-1 ez-toc-heading-level-2'><a class=\"ez-toc-link ez-toc-heading-3\" href=\"https:\/\/www.technomag.fr\/es\/festival-de-los-espiritu-2024-vuelve-al-lago-de-siguret-para-su-segunda-edicion\/#El_programa_de_la_edicion_de_2024\" >El programa de la edici\u00f3n de 2024<\/a><\/li><li class='ez-toc-page-1 ez-toc-heading-level-2'><a class=\"ez-toc-link ez-toc-heading-4\" href=\"https:\/\/www.technomag.fr\/es\/festival-de-los-espiritu-2024-vuelve-al-lago-de-siguret-para-su-segunda-edicion\/#Un_escenario_diurno_gratuito\" >Un escenario diurno gratuito<\/a><\/li><li class='ez-toc-page-1 ez-toc-heading-level-2'><a class=\"ez-toc-link ez-toc-heading-5\" href=\"https:\/\/www.technomag.fr\/es\/festival-de-los-espiritu-2024-vuelve-al-lago-de-siguret-para-su-segunda-edicion\/#El_desarrollo_sostenible_en_el_centro_del_acontecimiento\" >El desarrollo sostenible en el centro del acontecimiento<\/a><\/li><li class='ez-toc-page-1 ez-toc-heading-level-2'><a class=\"ez-toc-link ez-toc-heading-6\" href=\"https:\/\/www.technomag.fr\/es\/festival-de-los-espiritu-2024-vuelve-al-lago-de-siguret-para-su-segunda-edicion\/#Actos_previos_al_Festival\" >Actos previos al Festival<\/a><\/li><li class='ez-toc-page-1 ez-toc-heading-level-2'><a class=\"ez-toc-link ez-toc-heading-7\" href=\"https:\/\/www.technomag.fr\/es\/festival-de-los-espiritu-2024-vuelve-al-lago-de-siguret-para-su-segunda-edicion\/#El_impacto_del_Festival_de_los_Espiritus_en_la_region\" >El impacto del Festival de los Esp\u00edritus en la regi\u00f3n<\/a><\/li><li class='ez-toc-page-1 ez-toc-heading-level-2'><a class=\"ez-toc-link ez-toc-heading-8\" href=\"https:\/\/www.technomag.fr\/es\/festival-de-los-espiritu-2024-vuelve-al-lago-de-siguret-para-su-segunda-edicion\/#Retos_y_objetivos_para_2024\" >Retos y objetivos para 2024<\/a><\/li><li class='ez-toc-page-1 ez-toc-heading-level-2'><a class=\"ez-toc-link ez-toc-heading-9\" href=\"https:\/\/www.technomag.fr\/es\/festival-de-los-espiritu-2024-vuelve-al-lago-de-siguret-para-su-segunda-edicion\/#Conclusion\" >Conclusi\u00f3n<\/a><\/li><li class='ez-toc-page-1 ez-toc-heading-level-2'><a class=\"ez-toc-link ez-toc-heading-10\" href=\"https:\/\/www.technomag.fr\/es\/festival-de-los-espiritu-2024-vuelve-al-lago-de-siguret-para-su-segunda-edicion\/#PREGUNTAS_FRECUENTES\" >PREGUNTAS FRECUENTES<\/a><\/li><\/ul><\/nav><\/div>\n<h2 class=\"wp-block-heading has-text-align-center\"><span class=\"ez-toc-section\" id=\"Historia_de_Darkside_Events\"><\/span><strong>Historia de Darkside Events<\/strong><span class=\"ez-toc-section-end\"><\/span><\/h2>\n\n<h3 class=\"wp-block-heading\"><strong>Creaci\u00f3n y desarrollo<\/strong><\/h3>\n\n<p><a href=\"https:\/\/www.darksideevents.fr\">Darkside Events<\/a> fue fundada por dos amigos apasionados por la m\u00fasica electr\u00f3nica.\nDesde el principio, la asociaci\u00f3n se fij\u00f3 una serie de objetivos, en particular <strong>democratizar y promover<\/strong> la m\u00fasica electr\u00f3nica en su totalidad entre el p\u00fablico en general, y <strong>ofrecer eventos de<\/strong> m\u00fasica electr\u00f3nica en el coraz\u00f3n de los Altos Alpes, donde hay demanda de ellos, promocionando al mismo tiempo su regi\u00f3n y el departamento de los Altos Alpes, que llevan en el coraz\u00f3n. <\/p>\n\n<h3 class=\"wp-block-heading\">Eventos<div class=\"mt-1 flex gap-3 empty:hidden -ml-2\"><div class=\"items-center justify-start rounded-xl p-1 flex\"><div class=\"flex items-center\"><span data-state=\"closed\" class=\"\"><\/span><\/div><\/div><\/div><\/h3>\n\n<p>En 2017, Darkside Events organiz\u00f3 su primer gran evento en el Lac de Siguret, en colaboraci\u00f3n con el municipio de Saint-Andr\u00e9-d&#8217;Embrun.\nEste evento de una noche marc\u00f3 el inicio de una prometedora aventura para la asociaci\u00f3n. <\/p>\n\n<p>En 2023, Darkside Events lanz\u00f3 la primera edici\u00f3n del Festival de los Esp\u00edritus, de dos d\u00edas de duraci\u00f3n.\nBajo el tema de Kitsune, el evento reuni\u00f3 a m\u00e1s de 30 artistas y atrajo a 1.800 asistentes, confirmando el creciente \u00e9xito de la asociaci\u00f3n. <\/p>\n\n<p>En 2024, Darkside Events contin\u00faa su impulso con la segunda edici\u00f3n del Festival de Esp\u00edritus, tambi\u00e9n de dos d\u00edas, que promete a\u00fan m\u00e1s sorpresas y momentos inolvidables para los participantes.<\/p>\n\n<h2 class=\"wp-block-heading has-text-align-center\"><span class=\"ez-toc-section\" id=\"El_regreso_del_Festival_de_los_Espiritus_en_2024\"><\/span><strong>El regreso del Festival de los Esp\u00edritus en 2024<\/strong><span class=\"ez-toc-section-end\"><\/span><\/h2>\n\n<h3 class=\"wp-block-heading\"><strong>Una nueva edici\u00f3n en el Lago de Siguret<\/strong><\/h3>\n\n<p>El Festival de los Esp\u00edritus regresa los <strong>d\u00edas 30 y 31 de agosto de 2024 <\/strong><strong>al Lac de Siguret<\/strong>, un lugar emblem\u00e1tico para <a href=\"https:\/\/www.darksideevents.fr\">Darkside Events<\/a>.\nEsta nueva edici\u00f3n promete ser a\u00fan m\u00e1s espectacular, con una nueva escenograf\u00eda, un nuevo t\u00f3tem animal y un nuevo cartel de artistas. <\/p>\n\n<h3 class=\"wp-block-heading\"><strong>Objetivos del Festival<\/strong><\/h3>\n\n<p>El principal objetivo del Festival Spirits es promover la m\u00fasica electr\u00f3nica entre el mayor n\u00famero de personas posible.\nPara conseguirlo, Darkside Events ofrece un cartel que mezcla artistas internacionales con talentos emergentes y artistas locales. <\/p>\n<div class=\"wp-block-image\">\n<figure class=\"aligncenter size-large is-resized\"><img decoding=\"async\" width=\"1024\" height=\"683\" src=\"https:\/\/www.technomag.fr\/wp-content\/uploads\/2024\/06\/Robin_Courrent_Spirits_Festival_hq-36-1-1024x683.jpg\" alt=\"\" class=\"wp-image-11668\" style=\"width:861px;height:auto\" srcset=\"https:\/\/www.technomag.fr\/wp-content\/uploads\/2024\/06\/Robin_Courrent_Spirits_Festival_hq-36-1-1024x683.jpg 1024w, https:\/\/www.technomag.fr\/wp-content\/uploads\/2024\/06\/Robin_Courrent_Spirits_Festival_hq-36-1-600x400.jpg 600w, https:\/\/www.technomag.fr\/wp-content\/uploads\/2024\/06\/Robin_Courrent_Spirits_Festival_hq-36-1-300x200.jpg 300w, https:\/\/www.technomag.fr\/wp-content\/uploads\/2024\/06\/Robin_Courrent_Spirits_Festival_hq-36-1-768x512.jpg 768w, https:\/\/www.technomag.fr\/wp-content\/uploads\/2024\/06\/Robin_Courrent_Spirits_Festival_hq-36-1-391x260.jpg 391w, https:\/\/www.technomag.fr\/wp-content\/uploads\/2024\/06\/Robin_Courrent_Spirits_Festival_hq-36-1-1536x1024.jpg 1536w, https:\/\/www.technomag.fr\/wp-content\/uploads\/2024\/06\/Robin_Courrent_Spirits_Festival_hq-36-1-2048x1365.jpg 2048w, https:\/\/www.technomag.fr\/wp-content\/uploads\/2024\/06\/Robin_Courrent_Spirits_Festival_hq-36-1-150x100.jpg 150w\" sizes=\"(max-width: 1024px) 100vw, 1024px\" \/><figcaption class=\"wp-element-caption\">&#x1f4f8; : <a href=\"https:\/\/courrentrobin.myportfolio.com\/commercial-1\" target=\"_blank\" rel=\"noreferrer noopener\">Robin Courrent<\/a><\/figcaption><\/figure>\n<\/div>\n<h2 class=\"wp-block-heading has-text-align-center\"><span class=\"ez-toc-section\" id=\"El_programa_de_la_edicion_de_2024\"><\/span><strong>El programa de la edici\u00f3n de 2024<\/strong><span class=\"ez-toc-section-end\"><\/span><\/h2>\n\n<h3 class=\"wp-block-heading\"><strong>Artistas internacionales y locales<\/strong><\/h3>\n\n<p>El festival acoger\u00e1 a artistas de renombre internacional como <strong>MANDIDEXTROUS<\/strong>, un icono de la m\u00fasica electr\u00f3nica apoyado por muchos gigantes de la industria.\nAl mismo tiempo, artistas emergentes como<strong>ADHARAA<\/strong>, <strong>NEIKA<\/strong> y <strong>MALERBA<\/strong> tendr\u00e1n la oportunidad de actuar ante un p\u00fablico numeroso. <\/p>\n\n<h3 class=\"wp-block-heading\"><strong>Artistes F\u00e9minines<\/strong><\/h3>\n\n<p>Parmi les artistes f\u00e9minines pr\u00e9sentes au festival, vous retrouverez :<\/p>\n\n<p><strong>LA KAJOFOL :<\/strong> Connue pour ses sets de Mystical Techno, LA KAJOFOL plonge le public dans un univers mystique et envo\u00fbtant. Sa performance oscillera entre kicks puissants et m\u00e9lodies envo\u00fbtantes, promettant une exp\u00e9rience unique aux festivaliers.<\/p>\n\n<p><strong>6:AM<\/strong> Reconnue pour son style \u00e9nergique et ses mixes \u00e9clectiques, 6saura captiver le public avec ses sets dynamiques et innovants.<\/p>\n\n<p><strong>Elix :<\/strong> Avec ses rythmes entra\u00eenants et ses compositions uniques, Elix apportera une touche de fra\u00eecheur et d&#8217;originalit\u00e9 \u00e0 la sc\u00e8ne, assurant une performance m\u00e9morable.<\/p>\n\n<h2 class=\"wp-block-heading has-text-align-center\"><span class=\"ez-toc-section\" id=\"Un_escenario_diurno_gratuito\"><\/span><strong>Un escenario diurno gratuito<\/strong><span class=\"ez-toc-section-end\"><\/span><\/h2>\n\n<h3 class=\"wp-block-heading\"><strong>Accesibilidad y diversidad<\/strong><\/h3>\n\n<p>Uno de los aspectos \u00fanicos del Festival Spirits es el escenario diurno gratuito.\nSituado al aire libre con una impresionante vista sobre el lago, este escenario permite a los visitantes descubrir la m\u00fasica electr\u00f3nica en un ambiente agradable y relajado. <\/p>\n<div class=\"wp-block-image\">\n<figure class=\"aligncenter size-large\"><img decoding=\"async\" width=\"1024\" height=\"683\" src=\"https:\/\/www.technomag.fr\/wp-content\/uploads\/2024\/06\/Robin_Courrent_Spirits_Festival_hq-33-1024x683.jpg\" alt=\"\" class=\"wp-image-11664\" srcset=\"https:\/\/www.technomag.fr\/wp-content\/uploads\/2024\/06\/Robin_Courrent_Spirits_Festival_hq-33-1024x683.jpg 1024w, https:\/\/www.technomag.fr\/wp-content\/uploads\/2024\/06\/Robin_Courrent_Spirits_Festival_hq-33-600x400.jpg 600w, https:\/\/www.technomag.fr\/wp-content\/uploads\/2024\/06\/Robin_Courrent_Spirits_Festival_hq-33-300x200.jpg 300w, https:\/\/www.technomag.fr\/wp-content\/uploads\/2024\/06\/Robin_Courrent_Spirits_Festival_hq-33-768x512.jpg 768w, https:\/\/www.technomag.fr\/wp-content\/uploads\/2024\/06\/Robin_Courrent_Spirits_Festival_hq-33-391x260.jpg 391w, https:\/\/www.technomag.fr\/wp-content\/uploads\/2024\/06\/Robin_Courrent_Spirits_Festival_hq-33-1536x1024.jpg 1536w, https:\/\/www.technomag.fr\/wp-content\/uploads\/2024\/06\/Robin_Courrent_Spirits_Festival_hq-33-2048x1365.jpg 2048w, https:\/\/www.technomag.fr\/wp-content\/uploads\/2024\/06\/Robin_Courrent_Spirits_Festival_hq-33-150x100.jpg 150w\" sizes=\"(max-width: 1024px) 100vw, 1024px\" \/><figcaption class=\"wp-element-caption\">&#x1f4f8; : <a href=\"https:\/\/courrentrobin.myportfolio.com\/commercial-1\">Robin Courrent<\/a><\/figcaption><\/figure>\n<\/div>\n<h2 class=\"wp-block-heading has-text-align-center\"><span class=\"ez-toc-section\" id=\"El_desarrollo_sostenible_en_el_centro_del_acontecimiento\"><\/span><strong>El desarrollo sostenible en el centro del acontecimiento<\/strong><span class=\"ez-toc-section-end\"><\/span><\/h2>\n\n<h3 class=\"wp-block-heading\"><strong>Compromiso ecol\u00f3gico<\/strong><\/h3>\n\n<p>Darkside Events se esfuerza por organizar un festival respetuoso con el medio ambiente.\nEn colaboraci\u00f3n con la DTT y Natura 2000, la asociaci\u00f3n se esfuerza por minimizar el impacto ecol\u00f3gico del evento. <\/p>\n\n<h3 class=\"wp-block-heading\"><strong>Seguridad y bienestar de los asistentes al Festival<\/strong><\/h3>\n\n<p>La seguridad de los asistentes al festival es una prioridad para <a href=\"https:\/\/www.darksideevents.fr\">Darkside Events<\/a>.\nCada edici\u00f3n se organiza de forma que se garantice un festival supervisado, seguro y acogedor. <\/p>\n\n<h2 class=\"wp-block-heading has-text-align-center\"><span class=\"ez-toc-section\" id=\"Actos_previos_al_Festival\"><\/span><strong>Actos previos al Festival<\/strong><span class=\"ez-toc-section-end\"><\/span><\/h2>\n\n<h3 class=\"wp-block-heading\"><strong>Noche de lanzamiento en Montpellier<\/strong><\/h3>\n\n<p>Como preparaci\u00f3n para el Festival Spirits, Darkside Events tomar\u00e1 el legendario Club M\u00e9lomane de Montpellier el 3 de agosto para celebrar una fiesta de presentaci\u00f3n de influencia underground.\nEl acto ser\u00e1 una oportunidad para dar a conocer a los artistas del festival y atraer la atenci\u00f3n del p\u00fablico. <\/p>\n\n<h2 class=\"wp-block-heading has-text-align-center\"><span class=\"ez-toc-section\" id=\"El_impacto_del_Festival_de_los_Espiritus_en_la_region\"><\/span><strong>El impacto del Festival de los Esp\u00edritus en la regi\u00f3n<\/strong><span class=\"ez-toc-section-end\"><\/span><\/h2>\n\n<h3 class=\"wp-block-heading\"><strong>Turismo y econom\u00eda local<\/strong><\/h3>\n\n<p>Le Spirits Festival contribue modestement au dynamisme \u00e9conomique de Saint-Andr\u00e9-d&#8217;Embrun et des Hautes-Alpes. Le festival attire de nombreux visiteurs, ce qui apporte des b\u00e9n\u00e9fices aux commerces et aux services locaux.<\/p>\n\n<h3 class=\"wp-block-heading\"><strong>Promover la cultura electr\u00f3nica<\/strong><\/h3>\n\n<p>En promouvant la musique \u00e9lectronique, le Spirits Festival contribue \u00e0 diversifier l&#8217;offre culturelle de la r\u00e9gion et \u00e0 sensibiliser le public \u00e0 ce style musical.<\/p>\n\n<h2 class=\"wp-block-heading has-text-align-center\"><span class=\"ez-toc-section\" id=\"Retos_y_objetivos_para_2024\"><\/span><strong>Retos y objetivos para 2024<\/strong><span class=\"ez-toc-section-end\"><\/span><\/h2>\n\n<h3 class=\"wp-block-heading\"><strong>Consolidar el \u00e9xito<\/strong><\/h3>\n\n<p>Para esta segunda edici\u00f3n en el Lac de Siguret, Darkside Events pretende confirmar el \u00e9xito del evento y consolidar su reputaci\u00f3n en los Altos Alpes.\nLa asociaci\u00f3n se esfuerza por ofrecer un festival \u00edntimo y asequible, manteniendo al mismo tiempo un alto nivel art\u00edstico y t\u00e9cnico. <\/p>\n\n<h3 class=\"wp-block-heading\"><strong>Innovaciones y mejoras<\/strong><\/h3>\n\n<p>Cada a\u00f1o, Darkside Events intenta innovar y mejorar la experiencia de los asistentes al festival.\nPara 2024, se han previsto nuevas instalaciones y una escenograf\u00eda renovada para ofrecer una experiencia a\u00fan m\u00e1s envolvente. <\/p>\n\n<h2 class=\"wp-block-heading\"><span class=\"ez-toc-section\" id=\"Conclusion\"><\/span><strong>Conclusi\u00f3n<\/strong><span class=\"ez-toc-section-end\"><\/span><\/h2>\n\n<p>La <strong><a href=\"https:\/\/www.billetweb.fr\/spirits-festival-2\">Festival de los Esp\u00edritus<\/a><\/strong> es mucho m\u00e1s que un evento musical.\nEs una celebraci\u00f3n de la m\u00fasica electr\u00f3nica, una plataforma para artistas emergentes y una experiencia \u00fanica para los asistentes al festival.\nGracias al compromiso de Darkside Events, el festival sigue creciendo y atrayendo a un p\u00fablico cada vez mayor.\nNo te pierdas esta edici\u00f3n de 2024, que promete ser memorable en muchos sentidos.   <\/p>\n\n<hr class=\"wp-block-separator has-alpha-channel-opacity\"\/>\n\n<h2 class=\"wp-block-heading\"><span class=\"ez-toc-section\" id=\"PREGUNTAS_FRECUENTES\"><\/span><strong>PREGUNTAS FRECUENTES<\/strong><span class=\"ez-toc-section-end\"><\/span><\/h2>\n\n<p><strong>1. \u00bfCu\u00e1l es el precio de las entradas para el Festival Spirits 2024?<\/strong><\/p>\n\n<p>Las entradas para el Festival Spirits 2024 est\u00e1n disponibles a varios precios, dependiendo de las opciones elegidas (d\u00eda, noche, pase completo).\nConsulta su <a href=\"https:\/\/www.billetweb.fr\/spirits-festival-2\">taquilla<\/a> para obtener m\u00e1s detalles y comprar tus entradas. <\/p>\n\n<p><strong>2. \u00bfC\u00f3mo llego al Lago de Siguret?<\/strong><\/p>\n\n<p>Le Lac de Siguret est accessible en voiture, avec des parkings disponibles \u00e0 proximit\u00e9. Des trajets en covoiturage peuvent \u00e9galement \u00eatre mis en place depuis les principales villes avoisinantes. Consultez les informations de transport sur le site du festival et aupr\u00e8s du partenaire du festival, <strong><a href=\"https:\/\/covoiturage.iko-app.fr\/\" target=\"_blank\" rel=\"noreferrer noopener nofollow\">IKO<\/a><\/strong> .<\/p>\n\n<p><strong>3. \u00bfHay alojamiento disponible cerca del festival?<\/strong><\/p>\n\n<p>S\u00ed, hay varias opciones de alojamiento disponibles en los alrededores del Lac de Siguret, desde campings hasta hoteles.\nEs aconsejable reservar con antelaci\u00f3n debido a la gran afluencia de p\u00fablico durante el festival. <\/p>\n\n<p><strong>4. \u00bfQui\u00e9nes son los artistas m\u00e1s esperados de la edici\u00f3n de este a\u00f1o?<\/strong><\/p>\n\n<p>Entre los artistas m\u00e1s esperados del festival de este a\u00f1o se encuentran MANDIDEXTROUS, LA KAJOFOL y otros talentos internacionales, as\u00ed como artistas emergentes.\nEl programa completo est\u00e1 disponible en el sitio web del festival. <\/p>\n\n\n<div class=\"kk-star-ratings kksr-auto kksr-align-center kksr-valign-bottom\"\n    data-payload='{&quot;align&quot;:&quot;center&quot;,&quot;id&quot;:&quot;12982&quot;,&quot;slug&quot;:&quot;default&quot;,&quot;valign&quot;:&quot;bottom&quot;,&quot;ignore&quot;:&quot;&quot;,&quot;reference&quot;:&quot;auto&quot;,&quot;class&quot;:&quot;&quot;,&quot;count&quot;:&quot;0&quot;,&quot;legendonly&quot;:&quot;&quot;,&quot;readonly&quot;:&quot;&quot;,&quot;score&quot;:&quot;0&quot;,&quot;starsonly&quot;:&quot;&quot;,&quot;best&quot;:&quot;5&quot;,&quot;gap&quot;:&quot;5&quot;,&quot;greet&quot;:&quot;Noter cet article&quot;,&quot;legend&quot;:&quot;0\\\/5 - (0 votos)&quot;,&quot;size&quot;:&quot;24&quot;,&quot;title&quot;:&quot;FESTIVAL DE LOS ESP\u00cdRITU 2024: vuelve al Lago de Siguret para su segunda edici\u00f3n&quot;,&quot;width&quot;:&quot;0&quot;,&quot;_legend&quot;:&quot;{score}\\\/{best} - ({count} {votes})&quot;,&quot;font_factor&quot;:&quot;1.25&quot;}'>\n            \n<div class=\"kksr-stars\">\n    \n<div class=\"kksr-stars-inactive\">\n            <div class=\"kksr-star\" data-star=\"1\" style=\"padding-right: 5px\">\n            \n\n<div class=\"kksr-icon\" style=\"width: 24px; height: 24px;\"><\/div>\n        <\/div>\n            <div class=\"kksr-star\" data-star=\"2\" style=\"padding-right: 5px\">\n            \n\n<div class=\"kksr-icon\" style=\"width: 24px; height: 24px;\"><\/div>\n        <\/div>\n            <div class=\"kksr-star\" data-star=\"3\" style=\"padding-right: 5px\">\n            \n\n<div class=\"kksr-icon\" style=\"width: 24px; height: 24px;\"><\/div>\n        <\/div>\n            <div class=\"kksr-star\" data-star=\"4\" style=\"padding-right: 5px\">\n            \n\n<div class=\"kksr-icon\" style=\"width: 24px; height: 24px;\"><\/div>\n        <\/div>\n            <div class=\"kksr-star\" data-star=\"5\" style=\"padding-right: 5px\">\n            \n\n<div class=\"kksr-icon\" style=\"width: 24px; height: 24px;\"><\/div>\n        <\/div>\n    <\/div>\n    \n<div class=\"kksr-stars-active\" style=\"width: 0px;\">\n            <div class=\"kksr-star\" style=\"padding-right: 5px\">\n            \n\n<div class=\"kksr-icon\" style=\"width: 24px; height: 24px;\"><\/div>\n        <\/div>\n            <div class=\"kksr-star\" style=\"padding-right: 5px\">\n            \n\n<div class=\"kksr-icon\" style=\"width: 24px; height: 24px;\"><\/div>\n        <\/div>\n            <div class=\"kksr-star\" style=\"padding-right: 5px\">\n            \n\n<div class=\"kksr-icon\" style=\"width: 24px; height: 24px;\"><\/div>\n        <\/div>\n            <div class=\"kksr-star\" style=\"padding-right: 5px\">\n            \n\n<div class=\"kksr-icon\" style=\"width: 24px; height: 24px;\"><\/div>\n        <\/div>\n            <div class=\"kksr-star\" style=\"padding-right: 5px\">\n            \n\n<div class=\"kksr-icon\" style=\"width: 24px; height: 24px;\"><\/div>\n        <\/div>\n    <\/div>\n<\/div>\n                \n\n<div class=\"kksr-legend\" style=\"font-size: 19.2px;\">\n            <span class=\"kksr-muted\">Noter cet article<\/span>\n    <\/div>\n    <\/div>\n","protected":false},"excerpt":{"rendered":"<p>La Festival Spiritsorganizado por Darkside Events, fundada en 2015 en Embrun (Altos Alpes), su misi\u00f3n es promover la m\u00fasica electr\u00f3nica entre un amplio p\u00fablico. Historia de Darkside Events Creaci\u00f3n y desarrollo Darkside Events fue fundada por dos amigos apasionados por la m\u00fasica electr\u00f3nica. Desde el principio, la asociaci\u00f3n se fij\u00f3 una serie de objetivos, en [&hellip;]<\/p>\n","protected":false},"author":2,"featured_media":12988,"comment_status":"closed","ping_status":"closed","sticky":false,"template":"","format":"standard","meta":{"_acf_changed":false,"footnotes":""},"categories":[857],"tags":[],"class_list":["post-12982","post","type-post","status-publish","format-standard","has-post-thumbnail","hentry","category-festival-es"],"acf":[],"yoast_head":"<!-- This site is optimized with the Yoast SEO plugin v27.5 - https:\/\/yoast.com\/product\/yoast-seo-wordpress\/ -->\n<title>FESTIVAL DE LOS ESP\u00cdRITU 2024: vuelve al Lago de Siguret para su segunda edici\u00f3n | Techno Mag<\/title>\n<meta name=\"description\" content=\"Descubre el Festival Spirits, la cita ineludible de la m\u00fasica electr\u00f3nica organizada por Darkside Events en el Lac de Siguret. Disfruta de un programa variado con artistas internacionales y locales, actividades diurnas gratuitas y un fuerte compromiso con el desarrollo sostenible. \u00a1No te pierdas la edici\u00f3n de 2024 los d\u00edas 30 y 31 de agosto!\" \/>\n<meta name=\"robots\" content=\"index, follow, max-snippet:-1, max-image-preview:large, max-video-preview:-1\" \/>\n<link rel=\"canonical\" href=\"https:\/\/www.technomag.fr\/es\/festival-de-los-espiritu-2024-vuelve-al-lago-de-siguret-para-su-segunda-edicion\/\" \/>\n<meta property=\"og:locale\" content=\"es_ES\" \/>\n<meta property=\"og:type\" content=\"article\" \/>\n<meta property=\"og:title\" content=\"FESTIVAL DE LOS ESP\u00cdRITU 2024: vuelve al Lago de Siguret para su segunda edici\u00f3n | Techno Mag\" \/>\n<meta property=\"og:description\" content=\"Descubre el Festival Spirits, la cita ineludible de la m\u00fasica electr\u00f3nica organizada por Darkside Events en el Lac de Siguret. Disfruta de un programa variado con artistas internacionales y locales, actividades diurnas gratuitas y un fuerte compromiso con el desarrollo sostenible. \u00a1No te pierdas la edici\u00f3n de 2024 los d\u00edas 30 y 31 de agosto!\" \/>\n<meta property=\"og:url\" content=\"https:\/\/www.technomag.fr\/es\/festival-de-los-espiritu-2024-vuelve-al-lago-de-siguret-para-su-segunda-edicion\/\" \/>\n<meta property=\"og:site_name\" content=\"Techno Mag\" \/>\n<meta property=\"article:published_time\" content=\"2024-07-05T15:36:40+00:00\" \/>\n<meta property=\"article:modified_time\" content=\"2024-08-08T12:04:54+00:00\" \/>\n<meta property=\"og:image\" content=\"https:\/\/www.technomag.fr\/wp-content\/uploads\/2024\/06\/Affiche-724x1024.png\" \/>\n\t<meta property=\"og:image:width\" content=\"724\" \/>\n\t<meta property=\"og:image:height\" content=\"1024\" \/>\n\t<meta property=\"og:image:type\" content=\"image\/png\" \/>\n<meta name=\"author\" content=\"Malo\" \/>\n<meta name=\"twitter:card\" content=\"summary_large_image\" \/>\n<meta name=\"twitter:label1\" content=\"Escrito por\" \/>\n\t<meta name=\"twitter:data1\" content=\"Malo\" \/>\n\t<meta name=\"twitter:label2\" content=\"Tiempo de lectura\" \/>\n\t<meta name=\"twitter:data2\" content=\"6 minutos\" \/>\n<script type=\"application\/ld+json\" class=\"yoast-schema-graph\">{\"@context\":\"https:\\\/\\\/schema.org\",\"@graph\":[{\"@type\":\"Article\",\"@id\":\"https:\\\/\\\/www.technomag.fr\\\/es\\\/festival-de-los-espiritu-2024-vuelve-al-lago-de-siguret-para-su-segunda-edicion\\\/#article\",\"isPartOf\":{\"@id\":\"https:\\\/\\\/www.technomag.fr\\\/es\\\/festival-de-los-espiritu-2024-vuelve-al-lago-de-siguret-para-su-segunda-edicion\\\/\"},\"author\":{\"name\":\"Malo\",\"@id\":\"https:\\\/\\\/www.technomag.fr\\\/#\\\/schema\\\/person\\\/a70f6ccc8d17802992de88544d744e6b\"},\"headline\":\"FESTIVAL DE LOS ESP\u00cdRITU 2024: vuelve al Lago de Siguret para su segunda edici\u00f3n\",\"datePublished\":\"2024-07-05T15:36:40+00:00\",\"dateModified\":\"2024-08-08T12:04:54+00:00\",\"mainEntityOfPage\":{\"@id\":\"https:\\\/\\\/www.technomag.fr\\\/es\\\/festival-de-los-espiritu-2024-vuelve-al-lago-de-siguret-para-su-segunda-edicion\\\/\"},\"wordCount\":1173,\"publisher\":{\"@id\":\"https:\\\/\\\/www.technomag.fr\\\/#organization\"},\"image\":{\"@id\":\"https:\\\/\\\/www.technomag.fr\\\/es\\\/festival-de-los-espiritu-2024-vuelve-al-lago-de-siguret-para-su-segunda-edicion\\\/#primaryimage\"},\"thumbnailUrl\":\"https:\\\/\\\/www.technomag.fr\\\/wp-content\\\/uploads\\\/2024\\\/06\\\/Affiche.png\",\"articleSection\":[\"Festival\"],\"inLanguage\":\"es\"},{\"@type\":\"WebPage\",\"@id\":\"https:\\\/\\\/www.technomag.fr\\\/es\\\/festival-de-los-espiritu-2024-vuelve-al-lago-de-siguret-para-su-segunda-edicion\\\/\",\"url\":\"https:\\\/\\\/www.technomag.fr\\\/es\\\/festival-de-los-espiritu-2024-vuelve-al-lago-de-siguret-para-su-segunda-edicion\\\/\",\"name\":\"FESTIVAL DE LOS ESP\u00cdRITU 2024: vuelve al Lago de Siguret para su segunda edici\u00f3n | Techno Mag\",\"isPartOf\":{\"@id\":\"https:\\\/\\\/www.technomag.fr\\\/#website\"},\"primaryImageOfPage\":{\"@id\":\"https:\\\/\\\/www.technomag.fr\\\/es\\\/festival-de-los-espiritu-2024-vuelve-al-lago-de-siguret-para-su-segunda-edicion\\\/#primaryimage\"},\"image\":{\"@id\":\"https:\\\/\\\/www.technomag.fr\\\/es\\\/festival-de-los-espiritu-2024-vuelve-al-lago-de-siguret-para-su-segunda-edicion\\\/#primaryimage\"},\"thumbnailUrl\":\"https:\\\/\\\/www.technomag.fr\\\/wp-content\\\/uploads\\\/2024\\\/06\\\/Affiche.png\",\"datePublished\":\"2024-07-05T15:36:40+00:00\",\"dateModified\":\"2024-08-08T12:04:54+00:00\",\"description\":\"Descubre el Festival Spirits, la cita ineludible de la m\u00fasica electr\u00f3nica organizada por Darkside Events en el Lac de Siguret. Disfruta de un programa variado con artistas internacionales y locales, actividades diurnas gratuitas y un fuerte compromiso con el desarrollo sostenible. \u00a1No te pierdas la edici\u00f3n de 2024 los d\u00edas 30 y 31 de agosto!\",\"breadcrumb\":{\"@id\":\"https:\\\/\\\/www.technomag.fr\\\/es\\\/festival-de-los-espiritu-2024-vuelve-al-lago-de-siguret-para-su-segunda-edicion\\\/#breadcrumb\"},\"inLanguage\":\"es\",\"potentialAction\":[{\"@type\":\"ReadAction\",\"target\":[\"https:\\\/\\\/www.technomag.fr\\\/es\\\/festival-de-los-espiritu-2024-vuelve-al-lago-de-siguret-para-su-segunda-edicion\\\/\"]}]},{\"@type\":\"ImageObject\",\"inLanguage\":\"es\",\"@id\":\"https:\\\/\\\/www.technomag.fr\\\/es\\\/festival-de-los-espiritu-2024-vuelve-al-lago-de-siguret-para-su-segunda-edicion\\\/#primaryimage\",\"url\":\"https:\\\/\\\/www.technomag.fr\\\/wp-content\\\/uploads\\\/2024\\\/06\\\/Affiche.png\",\"contentUrl\":\"https:\\\/\\\/www.technomag.fr\\\/wp-content\\\/uploads\\\/2024\\\/06\\\/Affiche.png\",\"width\":1753,\"height\":2480},{\"@type\":\"BreadcrumbList\",\"@id\":\"https:\\\/\\\/www.technomag.fr\\\/es\\\/festival-de-los-espiritu-2024-vuelve-al-lago-de-siguret-para-su-segunda-edicion\\\/#breadcrumb\",\"itemListElement\":[{\"@type\":\"ListItem\",\"position\":1,\"name\":\"Accueil\",\"item\":\"https:\\\/\\\/www.technomag.fr\\\/es\\\/revista-techno\\\/\"},{\"@type\":\"ListItem\",\"position\":2,\"name\":\"FESTIVAL DE LOS ESP\u00cdRITU 2024: vuelve al Lago de Siguret para su segunda edici\u00f3n\"}]},{\"@type\":\"WebSite\",\"@id\":\"https:\\\/\\\/www.technomag.fr\\\/#website\",\"url\":\"https:\\\/\\\/www.technomag.fr\\\/\",\"name\":\"Techno Mag\",\"description\":\"Le magazine underground de r\u00e9f\u00e9rence pour la techno\",\"publisher\":{\"@id\":\"https:\\\/\\\/www.technomag.fr\\\/#organization\"},\"potentialAction\":[{\"@type\":\"SearchAction\",\"target\":{\"@type\":\"EntryPoint\",\"urlTemplate\":\"https:\\\/\\\/www.technomag.fr\\\/?s={search_term_string}\"},\"query-input\":{\"@type\":\"PropertyValueSpecification\",\"valueRequired\":true,\"valueName\":\"search_term_string\"}}],\"inLanguage\":\"es\"},{\"@type\":\"Organization\",\"@id\":\"https:\\\/\\\/www.technomag.fr\\\/#organization\",\"name\":\"Techno Mag\",\"url\":\"https:\\\/\\\/www.technomag.fr\\\/\",\"logo\":{\"@type\":\"ImageObject\",\"inLanguage\":\"es\",\"@id\":\"https:\\\/\\\/www.technomag.fr\\\/#\\\/schema\\\/logo\\\/image\\\/\",\"url\":\"https:\\\/\\\/www.technomag.fr\\\/wp-content\\\/uploads\\\/2023\\\/04\\\/TECHNO-e1681225415918.png\",\"contentUrl\":\"https:\\\/\\\/www.technomag.fr\\\/wp-content\\\/uploads\\\/2023\\\/04\\\/TECHNO-e1681225415918.png\",\"width\":500,\"height\":113,\"caption\":\"Techno Mag\"},\"image\":{\"@id\":\"https:\\\/\\\/www.technomag.fr\\\/#\\\/schema\\\/logo\\\/image\\\/\"}},{\"@type\":\"Person\",\"@id\":\"https:\\\/\\\/www.technomag.fr\\\/#\\\/schema\\\/person\\\/a70f6ccc8d17802992de88544d744e6b\",\"name\":\"Malo\",\"image\":{\"@type\":\"ImageObject\",\"inLanguage\":\"es\",\"@id\":\"https:\\\/\\\/www.technomag.fr\\\/wp-content\\\/uploads\\\/2023\\\/12\\\/image_6483441-2-96x96.jpg\",\"url\":\"https:\\\/\\\/www.technomag.fr\\\/wp-content\\\/uploads\\\/2023\\\/12\\\/image_6483441-2-96x96.jpg\",\"contentUrl\":\"https:\\\/\\\/www.technomag.fr\\\/wp-content\\\/uploads\\\/2023\\\/12\\\/image_6483441-2-96x96.jpg\",\"caption\":\"Malo\"},\"description\":\"Malo est co-fondatrice de Technomag. N\u00e9e dans l\u2019univers techno, elle a \u00e9t\u00e9 berc\u00e9e par la vibration des basses (ont vous laisse imaginer les s\u00e9quelles\u00a0 :').\u00a0 Vid\u00e9aste &amp;\u00a0photographe freelance, ce qu\u2019elle aime dans son m\u00e9tier, c\u2019est la possibilit\u00e9 de capturer des \u00e9motions et des instants pr\u00e9cieux \u00e0 travers ses photos et vid\u00e9os. Mais surtout, elle est l\u00e0 pour capturer vos meilleures bass-faces !\u00a0 Chaque \u00e9v\u00e9nement est pour elle une occasion unique de raconter une histoire, qu\u2019elle essaie de faire avec authenticit\u00e9.\u00a0 Chez Technomag, Malo r\u00e9dige des articles, g\u00e8re les r\u00e9seaux sociaux et partage des projets qui lui tiennent \u00e0 c\u0153ur. Elle s\u2019occupe \u00e9galement d\u2019une partie de la communication (ne lui en voulez pas si elle n\u2019a pas encore r\u00e9pondu aux mails ! ^^' ). Pour jeter un coup d'\u0153il \u00e0 son travail, vous pouvez checker son site par ici , et pour les r\u00e9seaux, c'est par l\u00e0 .\",\"sameAs\":[\"http:\\\/\\\/www.amitaistudio.com\",\"https:\\\/\\\/www.instagram.com\\\/amitai.studio06\\\/\"],\"url\":\"https:\\\/\\\/www.technomag.fr\\\/es\\\/redacteur\\\/malo\\\/\"}]}<\/script>\n<!-- \/ Yoast SEO plugin. -->","yoast_head_json":{"title":"FESTIVAL DE LOS ESP\u00cdRITU 2024: vuelve al Lago de Siguret para su segunda edici\u00f3n | Techno Mag","description":"Descubre el Festival Spirits, la cita ineludible de la m\u00fasica electr\u00f3nica organizada por Darkside Events en el Lac de Siguret. Disfruta de un programa variado con artistas internacionales y locales, actividades diurnas gratuitas y un fuerte compromiso con el desarrollo sostenible. \u00a1No te pierdas la edici\u00f3n de 2024 los d\u00edas 30 y 31 de agosto!","robots":{"index":"index","follow":"follow","max-snippet":"max-snippet:-1","max-image-preview":"max-image-preview:large","max-video-preview":"max-video-preview:-1"},"canonical":"https:\/\/www.technomag.fr\/es\/festival-de-los-espiritu-2024-vuelve-al-lago-de-siguret-para-su-segunda-edicion\/","og_locale":"es_ES","og_type":"article","og_title":"FESTIVAL DE LOS ESP\u00cdRITU 2024: vuelve al Lago de Siguret para su segunda edici\u00f3n | Techno Mag","og_description":"Descubre el Festival Spirits, la cita ineludible de la m\u00fasica electr\u00f3nica organizada por Darkside Events en el Lac de Siguret. Disfruta de un programa variado con artistas internacionales y locales, actividades diurnas gratuitas y un fuerte compromiso con el desarrollo sostenible. \u00a1No te pierdas la edici\u00f3n de 2024 los d\u00edas 30 y 31 de agosto!","og_url":"https:\/\/www.technomag.fr\/es\/festival-de-los-espiritu-2024-vuelve-al-lago-de-siguret-para-su-segunda-edicion\/","og_site_name":"Techno Mag","article_published_time":"2024-07-05T15:36:40+00:00","article_modified_time":"2024-08-08T12:04:54+00:00","og_image":[{"width":724,"height":1024,"url":"https:\/\/www.technomag.fr\/wp-content\/uploads\/2024\/06\/Affiche-724x1024.png","type":"image\/png"}],"author":"Malo","twitter_card":"summary_large_image","twitter_misc":{"Escrito por":"Malo","Tiempo de lectura":"6 minutos"},"schema":{"@context":"https:\/\/schema.org","@graph":[{"@type":"Article","@id":"https:\/\/www.technomag.fr\/es\/festival-de-los-espiritu-2024-vuelve-al-lago-de-siguret-para-su-segunda-edicion\/#article","isPartOf":{"@id":"https:\/\/www.technomag.fr\/es\/festival-de-los-espiritu-2024-vuelve-al-lago-de-siguret-para-su-segunda-edicion\/"},"author":{"name":"Malo","@id":"https:\/\/www.technomag.fr\/#\/schema\/person\/a70f6ccc8d17802992de88544d744e6b"},"headline":"FESTIVAL DE LOS ESP\u00cdRITU 2024: vuelve al Lago de Siguret para su segunda edici\u00f3n","datePublished":"2024-07-05T15:36:40+00:00","dateModified":"2024-08-08T12:04:54+00:00","mainEntityOfPage":{"@id":"https:\/\/www.technomag.fr\/es\/festival-de-los-espiritu-2024-vuelve-al-lago-de-siguret-para-su-segunda-edicion\/"},"wordCount":1173,"publisher":{"@id":"https:\/\/www.technomag.fr\/#organization"},"image":{"@id":"https:\/\/www.technomag.fr\/es\/festival-de-los-espiritu-2024-vuelve-al-lago-de-siguret-para-su-segunda-edicion\/#primaryimage"},"thumbnailUrl":"https:\/\/www.technomag.fr\/wp-content\/uploads\/2024\/06\/Affiche.png","articleSection":["Festival"],"inLanguage":"es"},{"@type":"WebPage","@id":"https:\/\/www.technomag.fr\/es\/festival-de-los-espiritu-2024-vuelve-al-lago-de-siguret-para-su-segunda-edicion\/","url":"https:\/\/www.technomag.fr\/es\/festival-de-los-espiritu-2024-vuelve-al-lago-de-siguret-para-su-segunda-edicion\/","name":"FESTIVAL DE LOS ESP\u00cdRITU 2024: vuelve al Lago de Siguret para su segunda edici\u00f3n | Techno Mag","isPartOf":{"@id":"https:\/\/www.technomag.fr\/#website"},"primaryImageOfPage":{"@id":"https:\/\/www.technomag.fr\/es\/festival-de-los-espiritu-2024-vuelve-al-lago-de-siguret-para-su-segunda-edicion\/#primaryimage"},"image":{"@id":"https:\/\/www.technomag.fr\/es\/festival-de-los-espiritu-2024-vuelve-al-lago-de-siguret-para-su-segunda-edicion\/#primaryimage"},"thumbnailUrl":"https:\/\/www.technomag.fr\/wp-content\/uploads\/2024\/06\/Affiche.png","datePublished":"2024-07-05T15:36:40+00:00","dateModified":"2024-08-08T12:04:54+00:00","description":"Descubre el Festival Spirits, la cita ineludible de la m\u00fasica electr\u00f3nica organizada por Darkside Events en el Lac de Siguret. Disfruta de un programa variado con artistas internacionales y locales, actividades diurnas gratuitas y un fuerte compromiso con el desarrollo sostenible. \u00a1No te pierdas la edici\u00f3n de 2024 los d\u00edas 30 y 31 de agosto!","breadcrumb":{"@id":"https:\/\/www.technomag.fr\/es\/festival-de-los-espiritu-2024-vuelve-al-lago-de-siguret-para-su-segunda-edicion\/#breadcrumb"},"inLanguage":"es","potentialAction":[{"@type":"ReadAction","target":["https:\/\/www.technomag.fr\/es\/festival-de-los-espiritu-2024-vuelve-al-lago-de-siguret-para-su-segunda-edicion\/"]}]},{"@type":"ImageObject","inLanguage":"es","@id":"https:\/\/www.technomag.fr\/es\/festival-de-los-espiritu-2024-vuelve-al-lago-de-siguret-para-su-segunda-edicion\/#primaryimage","url":"https:\/\/www.technomag.fr\/wp-content\/uploads\/2024\/06\/Affiche.png","contentUrl":"https:\/\/www.technomag.fr\/wp-content\/uploads\/2024\/06\/Affiche.png","width":1753,"height":2480},{"@type":"BreadcrumbList","@id":"https:\/\/www.technomag.fr\/es\/festival-de-los-espiritu-2024-vuelve-al-lago-de-siguret-para-su-segunda-edicion\/#breadcrumb","itemListElement":[{"@type":"ListItem","position":1,"name":"Accueil","item":"https:\/\/www.technomag.fr\/es\/revista-techno\/"},{"@type":"ListItem","position":2,"name":"FESTIVAL DE LOS ESP\u00cdRITU 2024: vuelve al Lago de Siguret para su segunda edici\u00f3n"}]},{"@type":"WebSite","@id":"https:\/\/www.technomag.fr\/#website","url":"https:\/\/www.technomag.fr\/","name":"Techno Mag","description":"Le magazine underground de r\u00e9f\u00e9rence pour la techno","publisher":{"@id":"https:\/\/www.technomag.fr\/#organization"},"potentialAction":[{"@type":"SearchAction","target":{"@type":"EntryPoint","urlTemplate":"https:\/\/www.technomag.fr\/?s={search_term_string}"},"query-input":{"@type":"PropertyValueSpecification","valueRequired":true,"valueName":"search_term_string"}}],"inLanguage":"es"},{"@type":"Organization","@id":"https:\/\/www.technomag.fr\/#organization","name":"Techno Mag","url":"https:\/\/www.technomag.fr\/","logo":{"@type":"ImageObject","inLanguage":"es","@id":"https:\/\/www.technomag.fr\/#\/schema\/logo\/image\/","url":"https:\/\/www.technomag.fr\/wp-content\/uploads\/2023\/04\/TECHNO-e1681225415918.png","contentUrl":"https:\/\/www.technomag.fr\/wp-content\/uploads\/2023\/04\/TECHNO-e1681225415918.png","width":500,"height":113,"caption":"Techno Mag"},"image":{"@id":"https:\/\/www.technomag.fr\/#\/schema\/logo\/image\/"}},{"@type":"Person","@id":"https:\/\/www.technomag.fr\/#\/schema\/person\/a70f6ccc8d17802992de88544d744e6b","name":"Malo","image":{"@type":"ImageObject","inLanguage":"es","@id":"https:\/\/www.technomag.fr\/wp-content\/uploads\/2023\/12\/image_6483441-2-96x96.jpg","url":"https:\/\/www.technomag.fr\/wp-content\/uploads\/2023\/12\/image_6483441-2-96x96.jpg","contentUrl":"https:\/\/www.technomag.fr\/wp-content\/uploads\/2023\/12\/image_6483441-2-96x96.jpg","caption":"Malo"},"description":"Malo est co-fondatrice de Technomag. N\u00e9e dans l\u2019univers techno, elle a \u00e9t\u00e9 berc\u00e9e par la vibration des basses (ont vous laisse imaginer les s\u00e9quelles\u00a0 :').\u00a0 Vid\u00e9aste &amp;\u00a0photographe freelance, ce qu\u2019elle aime dans son m\u00e9tier, c\u2019est la possibilit\u00e9 de capturer des \u00e9motions et des instants pr\u00e9cieux \u00e0 travers ses photos et vid\u00e9os. Mais surtout, elle est l\u00e0 pour capturer vos meilleures bass-faces !\u00a0 Chaque \u00e9v\u00e9nement est pour elle une occasion unique de raconter une histoire, qu\u2019elle essaie de faire avec authenticit\u00e9.\u00a0 Chez Technomag, Malo r\u00e9dige des articles, g\u00e8re les r\u00e9seaux sociaux et partage des projets qui lui tiennent \u00e0 c\u0153ur. Elle s\u2019occupe \u00e9galement d\u2019une partie de la communication (ne lui en voulez pas si elle n\u2019a pas encore r\u00e9pondu aux mails ! ^^' ). Pour jeter un coup d'\u0153il \u00e0 son travail, vous pouvez checker son site par ici , et pour les r\u00e9seaux, c'est par l\u00e0 .","sameAs":["http:\/\/www.amitaistudio.com","https:\/\/www.instagram.com\/amitai.studio06\/"],"url":"https:\/\/www.technomag.fr\/es\/redacteur\/malo\/"}]}},"_links":{"self":[{"href":"https:\/\/www.technomag.fr\/es\/wp-json\/wp\/v2\/posts\/12982","targetHints":{"allow":["GET"]}}],"collection":[{"href":"https:\/\/www.technomag.fr\/es\/wp-json\/wp\/v2\/posts"}],"about":[{"href":"https:\/\/www.technomag.fr\/es\/wp-json\/wp\/v2\/types\/post"}],"author":[{"embeddable":true,"href":"https:\/\/www.technomag.fr\/es\/wp-json\/wp\/v2\/users\/2"}],"replies":[{"embeddable":true,"href":"https:\/\/www.technomag.fr\/es\/wp-json\/wp\/v2\/comments?post=12982"}],"version-history":[{"count":3,"href":"https:\/\/www.technomag.fr\/es\/wp-json\/wp\/v2\/posts\/12982\/revisions"}],"predecessor-version":[{"id":12998,"href":"https:\/\/www.technomag.fr\/es\/wp-json\/wp\/v2\/posts\/12982\/revisions\/12998"}],"wp:featuredmedia":[{"embeddable":true,"href":"https:\/\/www.technomag.fr\/es\/wp-json\/wp\/v2\/media\/12988"}],"wp:attachment":[{"href":"https:\/\/www.technomag.fr\/es\/wp-json\/wp\/v2\/media?parent=12982"}],"wp:term":[{"taxonomy":"category","embeddable":true,"href":"https:\/\/www.technomag.fr\/es\/wp-json\/wp\/v2\/categories?post=12982"},{"taxonomy":"post_tag","embeddable":true,"href":"https:\/\/www.technomag.fr\/es\/wp-json\/wp\/v2\/tags?post=12982"}],"curies":[{"name":"wp","href":"https:\/\/api.w.org\/{rel}","templated":true}]}}