
{"id":9021,"date":"2024-02-09T09:47:06","date_gmt":"2024-02-09T08:47:06","guid":{"rendered":"https:\/\/www.technomag.fr\/olympic-games-2024-which-festivals-will-be-affected\/"},"modified":"2024-02-23T15:12:02","modified_gmt":"2024-02-23T14:12:02","slug":"olympic-games-2024-which-festivals-will-be-affected","status":"publish","type":"post","link":"https:\/\/www.technomag.fr\/en\/olympic-games-2024-which-festivals-will-be-affected\/","title":{"rendered":"Olympic Games 2024: Which festivals will be affected?"},"content":{"rendered":"\n<p>Summer is undoubtedly the best-known period for hosting various music festivals, especially electronic music festivals. But this year, the organization of the Olympic Games is threatening its festivals, which are renowned for their excellent entertainment. The reasons are simple and understandable, so there&#8217;s no need to panic. It may well be that these two categories of entertainment event will coexist. Nevertheless, what does or could the summer of 2024 look like?<\/p>\n\n<div id=\"ez-toc-container\" class=\"ez-toc-v2_0_82_2 ez-toc-wrap-center counter-hierarchy ez-toc-counter ez-toc-custom ez-toc-container-direction\">\n<div class=\"ez-toc-title-container\">\n<p class=\"ez-toc-title\" style=\"cursor:inherit\">Sommaire<\/p>\n<span class=\"ez-toc-title-toggle\"><a href=\"#\" class=\"ez-toc-pull-right ez-toc-btn ez-toc-btn-xs ez-toc-btn-default ez-toc-toggle\" aria-label=\"Toggle Table of Content\"><span class=\"ez-toc-js-icon-con\"><span class=\"\"><span class=\"eztoc-hide\" style=\"display:none;\">Toggle<\/span><span class=\"ez-toc-icon-toggle-span\"><svg style=\"fill: #ffffff;color:#ffffff\" xmlns=\"http:\/\/www.w3.org\/2000\/svg\" class=\"list-377408\" width=\"20px\" height=\"20px\" viewBox=\"0 0 24 24\" fill=\"none\"><path d=\"M6 6H4v2h2V6zm14 0H8v2h12V6zM4 11h2v2H4v-2zm16 0H8v2h12v-2zM4 16h2v2H4v-2zm16 0H8v2h12v-2z\" fill=\"currentColor\"><\/path><\/svg><svg style=\"fill: #ffffff;color:#ffffff\" class=\"arrow-unsorted-368013\" xmlns=\"http:\/\/www.w3.org\/2000\/svg\" width=\"10px\" height=\"10px\" viewBox=\"0 0 24 24\" version=\"1.2\" baseProfile=\"tiny\"><path d=\"M18.2 9.3l-6.2-6.3-6.2 6.3c-.2.2-.3.4-.3.7s.1.5.3.7c.2.2.4.3.7.3h11c.3 0 .5-.1.7-.3.2-.2.3-.5.3-.7s-.1-.5-.3-.7zM5.8 14.7l6.2 6.3 6.2-6.3c.2-.2.3-.5.3-.7s-.1-.5-.3-.7c-.2-.2-.4-.3-.7-.3h-11c-.3 0-.5.1-.7.3-.2.2-.3.5-.3.7s.1.5.3.7z\"\/><\/svg><\/span><\/span><\/span><\/a><\/span><\/div>\n<nav><ul class='ez-toc-list ez-toc-list-level-1 ' ><li class='ez-toc-page-1 ez-toc-heading-level-2'><a class=\"ez-toc-link ez-toc-heading-1\" href=\"https:\/\/www.technomag.fr\/en\/olympic-games-2024-which-festivals-will-be-affected\/#The_2024_Olympic_Games\" >The 2024 Olympic Games<\/a><\/li><li class='ez-toc-page-1 ez-toc-heading-level-2'><a class=\"ez-toc-link ez-toc-heading-2\" href=\"https:\/\/www.technomag.fr\/en\/olympic-games-2024-which-festivals-will-be-affected\/#Electronic_music_festival_cancellations_and_postponements_what_are_the_reasons\" >Electronic music festival cancellations and postponements: what are the reasons?<\/a><\/li><li class='ez-toc-page-1 ez-toc-heading-level-2'><a class=\"ez-toc-link ez-toc-heading-3\" href=\"https:\/\/www.technomag.fr\/en\/olympic-games-2024-which-festivals-will-be-affected\/#Festivals_maintained\" >Festivals maintained<\/a><\/li><li class='ez-toc-page-1 ez-toc-heading-level-2'><a class=\"ez-toc-link ez-toc-heading-4\" href=\"https:\/\/www.technomag.fr\/en\/olympic-games-2024-which-festivals-will-be-affected\/#Festivals_with_shifted_dates\" >Festivals with shifted dates<\/a><\/li><li class='ez-toc-page-1 ez-toc-heading-level-2'><a class=\"ez-toc-link ez-toc-heading-5\" href=\"https:\/\/www.technomag.fr\/en\/olympic-games-2024-which-festivals-will-be-affected\/#Cancelled_festivals\" >Cancelled festivals<\/a><\/li><\/ul><\/nav><\/div>\n<h2 class=\"wp-block-heading has-text-align-center\"><span class=\"ez-toc-section\" id=\"The_2024_Olympic_Games\"><\/span><br\/>The 2024 Olympic Games<span class=\"ez-toc-section-end\"><\/span><\/h2>\n\n<p>The Olympic torch relay is a custom, a tradition that is still unavoidable and that takes us all back to the roots of the sporting games. To this end, the city of Paris will ensure the 2024 edition, the relay of this Olympic flame as well as the perpetuation of this tradition for several days.<br\/>At the risk of digressing from the main subject of this article, this event, whose celebration is intended to be international, will transform the city of Paris into a global platform for the promotion of sporting performance and prowess. For the occasion, various activities were delayed or even cancelled. These include some of the biggest and most entertaining events that keep the whole of France buzzing throughout the summer months. These events with a summer connotation are obliged to meet the requirements imposed by the hosting of the 2024 edition of the Olympic Games. As such, what are the reasons behind the postponement and cancellation of its electronic music festivals?<\/p>\n<div class=\"wp-block-image\">\n<figure class=\"aligncenter size-large\"><img fetchpriority=\"high\" decoding=\"async\" width=\"1024\" height=\"576\" src=\"https:\/\/www.technomag.fr\/wp-content\/uploads\/2024\/02\/festival-annule-1024x576.png\" alt=\"\" class=\"wp-image-7472\" srcset=\"https:\/\/www.technomag.fr\/wp-content\/uploads\/2024\/02\/festival-annule-1024x576.png 1024w, https:\/\/www.technomag.fr\/wp-content\/uploads\/2024\/02\/festival-annule-600x338.png 600w, https:\/\/www.technomag.fr\/wp-content\/uploads\/2024\/02\/festival-annule-300x169.png 300w, https:\/\/www.technomag.fr\/wp-content\/uploads\/2024\/02\/festival-annule-768x432.png 768w, https:\/\/www.technomag.fr\/wp-content\/uploads\/2024\/02\/festival-annule-1536x864.png 1536w, https:\/\/www.technomag.fr\/wp-content\/uploads\/2024\/02\/festival-annule-150x84.png 150w, https:\/\/www.technomag.fr\/wp-content\/uploads\/2024\/02\/festival-annule.png 1920w\" sizes=\"(max-width: 1024px) 100vw, 1024px\" \/><\/figure>\n<\/div>\n<h2 class=\"wp-block-heading has-text-align-center\"><span class=\"ez-toc-section\" id=\"Electronic_music_festival_cancellations_and_postponements_what_are_the_reasons\"><\/span><br\/>Electronic music festival cancellations and postponements: what are the reasons?<span class=\"ez-toc-section-end\"><\/span><\/h2>\n\n<p>Just like its various electronic music festivals, the Olympic Games require the mobilization of a large number of police and gendarmes. The latter will be mobilized for security purposes and to monitor the smooth running of events. This means that the police will no longer be available to ensure the security of the various festivals, which is vital to their smooth running.<\/p>\n\n<p><br\/>As a result, many of the venues initially known for summer festivities will be used for the Olympic Games. As these festivals can no longer be held at their usual address or location, they will either have to move to a new site, or change dates. Needless to say, this will have a major impact on the various activities involved in staging, organizing and mobilizing infrastructure. In addition, some concert halls will be unable to host artists or festivals because they have been requisitioned for the purposes of the JO. These include the Stade de France and the Accor Arena, which will be home to athletics, rugby, gymnastics and basketball.<br\/>To this end, a calendar has been drawn up to reflect the requirements of the various festivals. Thus, <strong>from June 23 to July 17 and from August 12 to 23, the various festivals will be maintained, provided that they limit the mobilization of police<\/strong> or military <strong>forces<\/strong>. Then, during the period of Olympic activities proper, i.e. <strong>from July 18 to August 11 and from August 24 to September 8, very large-scale festivals will not be able to take place<\/strong>.<\/p>\n\n<p><br\/>In addition, other more technical reasons force the cancellation and\/or postponement of these festivals. The first is hotel availability. Indeed, with the arrival of the Olympic Games, many hotels in Paris and elsewhere in France are already fully booked. Festival-goers will therefore not be welcomed during this period. Also, the choice of dates could lead to complex situations between major musical events. It&#8217;s all about competition. More objectively, which festivals are being maintained and which are not?<\/p>\n\n<h2 class=\"wp-block-heading\"><span class=\"ez-toc-section\" id=\"Festivals_maintained\"><\/span><br\/>Festivals maintained<span class=\"ez-toc-section-end\"><\/span><\/h2>\n\n<p>At the risk of repeating what has already been transcribed, the electronic music festivals to be maintained are mainly those taking place from the beginning of January 2024 to the end of June. These will take place as normal, with no possibility of rescheduling or cancellation. These are the following festivals: <strong>\n  <a href=\"https:\/\/hellfest.fr\/\" target=\"_blank\" rel=\"noreferrer noopener\">Hellfest<\/a>\n<\/strong>, <strong>\n  <a href=\"https:\/\/www.solidays.org\/\" target=\"_blank\" rel=\"noreferrer noopener\">Solidays<\/a>\n<\/strong>, <strong>\n  <a href=\"https:\/\/www.garorock.com\/fr\" target=\"_blank\" rel=\"noreferrer noopener\">Garorock<\/a>\n<\/strong>, <strong>\n  <a href=\"https:\/\/www.welovegreen.fr\/\">We Love Green<\/a>\n<\/strong>. For the empty period between July and August, the various festivals maintained are : <strong>\n  <a href=\"https:\/\/www.mainsquarefestival.fr\/en\/\" target=\"_blank\" rel=\"noreferrer noopener\">Main Square<\/a>\n<\/strong>, <strong>\n  <a href=\"https:\/\/cabaretvert.com\/\" target=\"_blank\" rel=\"noreferrer noopener\">Cabaret Vert<\/a>\n<\/strong>, <strong>\n  <a href=\"https:\/\/www.musilac.com\/\" target=\"_blank\" rel=\"noreferrer noopener\">Musilac<\/a>\n<\/strong>, <strong>\n  <a href=\"https:\/\/www.eurockeennes.fr\/\" target=\"_blank\" rel=\"noreferrer noopener\">Eurock\u00e9ennes de Belfort<\/a>\n<\/strong>.<\/p>\n\n<h2 class=\"wp-block-heading\"><span class=\"ez-toc-section\" id=\"Festivals_with_shifted_dates\"><\/span><br\/>Festivals with shifted dates<span class=\"ez-toc-section-end\"><\/span><\/h2>\n\n<p>Many festivals have had their dates postponed. These are mainly those taking place between July 18 and August 11. We have the megascene from June 14 to 15; the <strong>\n  <a href=\"https:\/\/www.chalondanslarue.com\/fr\/le-festival\/presentation\" target=\"_blank\" rel=\"noreferrer noopener\">Ch\u00e2lons dans la Rue festival<\/a>\n<\/strong> from July 10 to 13, 2024. Then come the <strong>\n  <a href=\"https:\/\/www.francofolies.fr\/\" target=\"_blank\" rel=\"noreferrer noopener\">Francofolies <\/a>\n<\/strong>from July 10 to 14, followed by <strong>\n  <a href=\"https:\/\/www.vieillescharrues.asso.fr\/\" target=\"_blank\" rel=\"noreferrer noopener\">Les Vieilles Charrues<\/a>\n<\/strong> scheduled from July 11 to 14.<\/p>\n\n<p><br\/><strong>\n  <a href=\"https:\/\/www.nuitsdesaintjacques.com\/\" target=\"_blank\" rel=\"noreferrer noopener\">The Nuits de Saint-Jacques<\/a>\n<\/strong> from July 18 to 20; the<strong>\n  <a href=\"https:\/\/www.festival-interceltique.bzh\/\" target=\"_blank\" rel=\"noreferrer noopener\">Interceltique de Lorient<\/a>\n<\/strong>from August 12 to 18, and finally the <strong>\n  <a href=\"https:\/\/www.rockenseine.com\/\" target=\"_blank\" rel=\"noreferrer noopener\">Rock en Seine festival<\/a>\n<\/strong> from August 22 to 25.<\/p>\n\n<p>The <strong>\n  <a href=\"https:\/\/www.lollaparis.com\/\" target=\"_blank\" rel=\"noreferrer noopener\">Lollapalooza<\/a>\n<\/strong> Paris has a special character, as it will actually take place next July, and its program will be announced shortly.  <\/p>\n\n<p>The electro festival <strong>\n  <a href=\"https:\/\/www.elektricpark.com\/\" target=\"_blank\" rel=\"noreferrer noopener\">Elektric Park<\/a>\n<\/strong> has, in a press release, announced the cancellation of its 2024 edition. But, with a view to adapting to the situation, they are proposing a special edition that will take place on Saturday, June 15, 2024 from 12:00 to 12:00. The same is true of the <strong>\n  <a href=\"https:\/\/levitation-france.com\/#billets\" target=\"_blank\" rel=\"noreferrer noopener\">Levitation festival <\/a>\n<\/strong>from May 24 to 25.<\/p>\n\n<p>For the 2024 edition, the<strong>\n  <a href=\"https:\/\/insanefestival.com\/accueil\" target=\"_blank\" rel=\"noreferrer noopener\">Insane Festival<\/a>\n<\/strong>usually held in the middle of summer in the south of France, has brought its program forward to May, instead of August as in the past. This change is particularly welcome for those who have previously experienced sunstroke due to the region&#8217;s high summer temperatures.<\/p>\n\n<h2 class=\"wp-block-heading\"><span class=\"ez-toc-section\" id=\"Cancelled_festivals\"><\/span><br\/>Cancelled festivals<span class=\"ez-toc-section-end\"><\/span><\/h2>\n\n<p>Falling on the dates scheduled for the Olympic Games, some festivals were cancelled. In other words, his festivals could not be postponed. These are the following festivals <strong>\n  <a href=\"https:\/\/www.francebleu.fr\/infos\/culture-loisirs\/il-n-y-aura-pas-de-summer-vibration-festival-a-selestat-en-2024-4667747\" target=\"_blank\" rel=\"noreferrer noopener\">Summer Vibration Festival<\/a>\n<\/strong>the <strong>\n  <a href=\"https:\/\/montjouxfestival.com\/\" target=\"_blank\" rel=\"noreferrer noopener\">Montjoux Festival<\/a>\n<\/strong>the <strong>\n  <a href=\"https:\/\/www.vyvfestival.org\/\" target=\"_blank\" rel=\"noreferrer noopener\">VYV Festival<\/a>\n<\/strong>, <a href=\"https:\/\/france3-regions.francetvinfo.fr\/grand-est\/marne\/reims\/pourquoi-le-festival-musical-de-reims-la-magnifique-society-n-aura-pas-lieu-en-2024-a-cause-des-jo-de-paris-2852933.html\" target=\"_blank\" rel=\"noreferrer noopener\"><strong>La<\/strong> <strong>Magnifique Society<\/strong><\/a> . They have all decided to postpone their edition until next year.<\/p>\n\n<p>This is how the <strong>\n  <a href=\"https:\/\/www.technomag.fr\/agenda\/\" target=\"_blank\" rel=\"noreferrer noopener\">festival calendar<\/a>\n<\/strong> electronic music festival calendar for 2024. We hope we&#8217;ve covered all the festivals, big and small. So, despite the impact of the Paris 2024 Olympic Games, the music will be there.<\/p>\n\n\n<div class=\"kk-star-ratings kksr-auto kksr-align-center kksr-valign-bottom\"\n    data-payload='{&quot;align&quot;:&quot;center&quot;,&quot;id&quot;:&quot;9021&quot;,&quot;slug&quot;:&quot;default&quot;,&quot;valign&quot;:&quot;bottom&quot;,&quot;ignore&quot;:&quot;&quot;,&quot;reference&quot;:&quot;auto&quot;,&quot;class&quot;:&quot;&quot;,&quot;count&quot;:&quot;0&quot;,&quot;legendonly&quot;:&quot;&quot;,&quot;readonly&quot;:&quot;&quot;,&quot;score&quot;:&quot;0&quot;,&quot;starsonly&quot;:&quot;&quot;,&quot;best&quot;:&quot;5&quot;,&quot;gap&quot;:&quot;5&quot;,&quot;greet&quot;:&quot;Noter cet article&quot;,&quot;legend&quot;:&quot;0\\\/5 - (0 votes)&quot;,&quot;size&quot;:&quot;24&quot;,&quot;title&quot;:&quot;Olympic Games 2024: Which festivals will be affected?&quot;,&quot;width&quot;:&quot;0&quot;,&quot;_legend&quot;:&quot;{score}\\\/{best} - ({count} {votes})&quot;,&quot;font_factor&quot;:&quot;1.25&quot;}'>\n            \n<div class=\"kksr-stars\">\n    \n<div class=\"kksr-stars-inactive\">\n            <div class=\"kksr-star\" data-star=\"1\" style=\"padding-right: 5px\">\n            \n\n<div class=\"kksr-icon\" style=\"width: 24px; height: 24px;\"><\/div>\n        <\/div>\n            <div class=\"kksr-star\" data-star=\"2\" style=\"padding-right: 5px\">\n            \n\n<div class=\"kksr-icon\" style=\"width: 24px; height: 24px;\"><\/div>\n        <\/div>\n            <div class=\"kksr-star\" data-star=\"3\" style=\"padding-right: 5px\">\n            \n\n<div class=\"kksr-icon\" style=\"width: 24px; height: 24px;\"><\/div>\n        <\/div>\n            <div class=\"kksr-star\" data-star=\"4\" style=\"padding-right: 5px\">\n            \n\n<div class=\"kksr-icon\" style=\"width: 24px; height: 24px;\"><\/div>\n        <\/div>\n            <div class=\"kksr-star\" data-star=\"5\" style=\"padding-right: 5px\">\n            \n\n<div class=\"kksr-icon\" style=\"width: 24px; height: 24px;\"><\/div>\n        <\/div>\n    <\/div>\n    \n<div class=\"kksr-stars-active\" style=\"width: 0px;\">\n            <div class=\"kksr-star\" style=\"padding-right: 5px\">\n            \n\n<div class=\"kksr-icon\" style=\"width: 24px; height: 24px;\"><\/div>\n        <\/div>\n            <div class=\"kksr-star\" style=\"padding-right: 5px\">\n            \n\n<div class=\"kksr-icon\" style=\"width: 24px; height: 24px;\"><\/div>\n        <\/div>\n            <div class=\"kksr-star\" style=\"padding-right: 5px\">\n            \n\n<div class=\"kksr-icon\" style=\"width: 24px; height: 24px;\"><\/div>\n        <\/div>\n            <div class=\"kksr-star\" style=\"padding-right: 5px\">\n            \n\n<div class=\"kksr-icon\" style=\"width: 24px; height: 24px;\"><\/div>\n        <\/div>\n            <div class=\"kksr-star\" style=\"padding-right: 5px\">\n            \n\n<div class=\"kksr-icon\" style=\"width: 24px; height: 24px;\"><\/div>\n        <\/div>\n    <\/div>\n<\/div>\n                \n\n<div class=\"kksr-legend\" style=\"font-size: 19.2px;\">\n            <span class=\"kksr-muted\">Noter cet article<\/span>\n    <\/div>\n    <\/div>\n","protected":false},"excerpt":{"rendered":"<p>The 2024 Olympics are shaking up the festival calendar! Which events will be affected?  <\/p>\n","protected":false},"author":2,"featured_media":8977,"comment_status":"closed","ping_status":"closed","sticky":false,"template":"","format":"standard","meta":{"_acf_changed":false,"footnotes":""},"categories":[423],"tags":[],"class_list":["post-9021","post","type-post","status-publish","format-standard","has-post-thumbnail","hentry","category-festival-en"],"acf":[],"yoast_head":"<!-- This site is optimized with the Yoast SEO plugin v27.5 - https:\/\/yoast.com\/product\/yoast-seo-wordpress\/ -->\n<title>Olympic Games 2024: Which festivals will be affected? | Techno Mag<\/title>\n<meta name=\"description\" content=\"The 2024 Olympics are shaking up the festival calendar! Which events will be affected?\" \/>\n<meta name=\"robots\" content=\"index, follow, max-snippet:-1, max-image-preview:large, max-video-preview:-1\" \/>\n<link rel=\"canonical\" href=\"https:\/\/www.technomag.fr\/en\/olympic-games-2024-which-festivals-will-be-affected\/\" \/>\n<meta property=\"og:locale\" content=\"en_US\" \/>\n<meta property=\"og:type\" content=\"article\" \/>\n<meta property=\"og:title\" content=\"Olympic Games 2024: Which festivals will be affected? | Techno Mag\" \/>\n<meta property=\"og:description\" content=\"The 2024 Olympics are shaking up the festival calendar! Which events will be affected?\" \/>\n<meta property=\"og:url\" content=\"https:\/\/www.technomag.fr\/en\/olympic-games-2024-which-festivals-will-be-affected\/\" \/>\n<meta property=\"og:site_name\" content=\"Techno Mag\" \/>\n<meta property=\"article:published_time\" content=\"2024-02-09T08:47:06+00:00\" \/>\n<meta property=\"article:modified_time\" content=\"2024-02-23T14:12:02+00:00\" \/>\n<meta property=\"og:image\" content=\"https:\/\/www.technomag.fr\/wp-content\/uploads\/2024\/02\/Design-sans-titre-17-1024x576.png\" \/>\n\t<meta property=\"og:image:width\" content=\"1024\" \/>\n\t<meta property=\"og:image:height\" content=\"576\" \/>\n\t<meta property=\"og:image:type\" content=\"image\/png\" \/>\n<meta name=\"author\" content=\"Malo\" \/>\n<meta name=\"twitter:card\" content=\"summary_large_image\" \/>\n<meta name=\"twitter:label1\" content=\"Written by\" \/>\n\t<meta name=\"twitter:data1\" content=\"Malo\" \/>\n\t<meta name=\"twitter:label2\" content=\"Est. reading time\" \/>\n\t<meta name=\"twitter:data2\" content=\"5 minutes\" \/>\n<script type=\"application\/ld+json\" class=\"yoast-schema-graph\">{\"@context\":\"https:\\\/\\\/schema.org\",\"@graph\":[{\"@type\":\"Article\",\"@id\":\"https:\\\/\\\/www.technomag.fr\\\/en\\\/olympic-games-2024-which-festivals-will-be-affected\\\/#article\",\"isPartOf\":{\"@id\":\"https:\\\/\\\/www.technomag.fr\\\/en\\\/olympic-games-2024-which-festivals-will-be-affected\\\/\"},\"author\":{\"name\":\"Malo\",\"@id\":\"https:\\\/\\\/www.technomag.fr\\\/#\\\/schema\\\/person\\\/a70f6ccc8d17802992de88544d744e6b\"},\"headline\":\"Olympic Games 2024: Which festivals will be affected?\",\"datePublished\":\"2024-02-09T08:47:06+00:00\",\"dateModified\":\"2024-02-23T14:12:02+00:00\",\"mainEntityOfPage\":{\"@id\":\"https:\\\/\\\/www.technomag.fr\\\/en\\\/olympic-games-2024-which-festivals-will-be-affected\\\/\"},\"wordCount\":948,\"publisher\":{\"@id\":\"https:\\\/\\\/www.technomag.fr\\\/#organization\"},\"image\":{\"@id\":\"https:\\\/\\\/www.technomag.fr\\\/en\\\/olympic-games-2024-which-festivals-will-be-affected\\\/#primaryimage\"},\"thumbnailUrl\":\"https:\\\/\\\/www.technomag.fr\\\/wp-content\\\/uploads\\\/2024\\\/02\\\/Design-sans-titre-17.png\",\"articleSection\":[\"Festival\"],\"inLanguage\":\"en-US\"},{\"@type\":\"WebPage\",\"@id\":\"https:\\\/\\\/www.technomag.fr\\\/en\\\/olympic-games-2024-which-festivals-will-be-affected\\\/\",\"url\":\"https:\\\/\\\/www.technomag.fr\\\/en\\\/olympic-games-2024-which-festivals-will-be-affected\\\/\",\"name\":\"Olympic Games 2024: Which festivals will be affected? | Techno Mag\",\"isPartOf\":{\"@id\":\"https:\\\/\\\/www.technomag.fr\\\/#website\"},\"primaryImageOfPage\":{\"@id\":\"https:\\\/\\\/www.technomag.fr\\\/en\\\/olympic-games-2024-which-festivals-will-be-affected\\\/#primaryimage\"},\"image\":{\"@id\":\"https:\\\/\\\/www.technomag.fr\\\/en\\\/olympic-games-2024-which-festivals-will-be-affected\\\/#primaryimage\"},\"thumbnailUrl\":\"https:\\\/\\\/www.technomag.fr\\\/wp-content\\\/uploads\\\/2024\\\/02\\\/Design-sans-titre-17.png\",\"datePublished\":\"2024-02-09T08:47:06+00:00\",\"dateModified\":\"2024-02-23T14:12:02+00:00\",\"description\":\"The 2024 Olympics are shaking up the festival calendar! Which events will be affected?\",\"breadcrumb\":{\"@id\":\"https:\\\/\\\/www.technomag.fr\\\/en\\\/olympic-games-2024-which-festivals-will-be-affected\\\/#breadcrumb\"},\"inLanguage\":\"en-US\",\"potentialAction\":[{\"@type\":\"ReadAction\",\"target\":[\"https:\\\/\\\/www.technomag.fr\\\/en\\\/olympic-games-2024-which-festivals-will-be-affected\\\/\"]}]},{\"@type\":\"ImageObject\",\"inLanguage\":\"en-US\",\"@id\":\"https:\\\/\\\/www.technomag.fr\\\/en\\\/olympic-games-2024-which-festivals-will-be-affected\\\/#primaryimage\",\"url\":\"https:\\\/\\\/www.technomag.fr\\\/wp-content\\\/uploads\\\/2024\\\/02\\\/Design-sans-titre-17.png\",\"contentUrl\":\"https:\\\/\\\/www.technomag.fr\\\/wp-content\\\/uploads\\\/2024\\\/02\\\/Design-sans-titre-17.png\",\"width\":1920,\"height\":1080},{\"@type\":\"BreadcrumbList\",\"@id\":\"https:\\\/\\\/www.technomag.fr\\\/en\\\/olympic-games-2024-which-festivals-will-be-affected\\\/#breadcrumb\",\"itemListElement\":[{\"@type\":\"ListItem\",\"position\":1,\"name\":\"Accueil\",\"item\":\"https:\\\/\\\/www.technomag.fr\\\/en\\\/techno-magazine\\\/\"},{\"@type\":\"ListItem\",\"position\":2,\"name\":\"Olympic Games 2024: Which festivals will be affected?\"}]},{\"@type\":\"WebSite\",\"@id\":\"https:\\\/\\\/www.technomag.fr\\\/#website\",\"url\":\"https:\\\/\\\/www.technomag.fr\\\/\",\"name\":\"Techno Mag\",\"description\":\"Le magazine underground de r\u00e9f\u00e9rence pour la techno\",\"publisher\":{\"@id\":\"https:\\\/\\\/www.technomag.fr\\\/#organization\"},\"potentialAction\":[{\"@type\":\"SearchAction\",\"target\":{\"@type\":\"EntryPoint\",\"urlTemplate\":\"https:\\\/\\\/www.technomag.fr\\\/?s={search_term_string}\"},\"query-input\":{\"@type\":\"PropertyValueSpecification\",\"valueRequired\":true,\"valueName\":\"search_term_string\"}}],\"inLanguage\":\"en-US\"},{\"@type\":\"Organization\",\"@id\":\"https:\\\/\\\/www.technomag.fr\\\/#organization\",\"name\":\"Techno Mag\",\"url\":\"https:\\\/\\\/www.technomag.fr\\\/\",\"logo\":{\"@type\":\"ImageObject\",\"inLanguage\":\"en-US\",\"@id\":\"https:\\\/\\\/www.technomag.fr\\\/#\\\/schema\\\/logo\\\/image\\\/\",\"url\":\"https:\\\/\\\/www.technomag.fr\\\/wp-content\\\/uploads\\\/2023\\\/04\\\/TECHNO-e1681225415918.png\",\"contentUrl\":\"https:\\\/\\\/www.technomag.fr\\\/wp-content\\\/uploads\\\/2023\\\/04\\\/TECHNO-e1681225415918.png\",\"width\":500,\"height\":113,\"caption\":\"Techno Mag\"},\"image\":{\"@id\":\"https:\\\/\\\/www.technomag.fr\\\/#\\\/schema\\\/logo\\\/image\\\/\"}},{\"@type\":\"Person\",\"@id\":\"https:\\\/\\\/www.technomag.fr\\\/#\\\/schema\\\/person\\\/a70f6ccc8d17802992de88544d744e6b\",\"name\":\"Malo\",\"image\":{\"@type\":\"ImageObject\",\"inLanguage\":\"en-US\",\"@id\":\"https:\\\/\\\/www.technomag.fr\\\/wp-content\\\/uploads\\\/2023\\\/12\\\/image_6483441-2-96x96.jpg\",\"url\":\"https:\\\/\\\/www.technomag.fr\\\/wp-content\\\/uploads\\\/2023\\\/12\\\/image_6483441-2-96x96.jpg\",\"contentUrl\":\"https:\\\/\\\/www.technomag.fr\\\/wp-content\\\/uploads\\\/2023\\\/12\\\/image_6483441-2-96x96.jpg\",\"caption\":\"Malo\"},\"description\":\"Malo est co-fondatrice de Technomag. N\u00e9e dans l\u2019univers techno, elle a \u00e9t\u00e9 berc\u00e9e par la vibration des basses (ont vous laisse imaginer les s\u00e9quelles\u00a0 :').\u00a0 Vid\u00e9aste &amp;\u00a0photographe freelance, ce qu\u2019elle aime dans son m\u00e9tier, c\u2019est la possibilit\u00e9 de capturer des \u00e9motions et des instants pr\u00e9cieux \u00e0 travers ses photos et vid\u00e9os. Mais surtout, elle est l\u00e0 pour capturer vos meilleures bass-faces !\u00a0 Chaque \u00e9v\u00e9nement est pour elle une occasion unique de raconter une histoire, qu\u2019elle essaie de faire avec authenticit\u00e9.\u00a0 Chez Technomag, Malo r\u00e9dige des articles, g\u00e8re les r\u00e9seaux sociaux et partage des projets qui lui tiennent \u00e0 c\u0153ur. Elle s\u2019occupe \u00e9galement d\u2019une partie de la communication (ne lui en voulez pas si elle n\u2019a pas encore r\u00e9pondu aux mails ! ^^' ). Pour jeter un coup d'\u0153il \u00e0 son travail, vous pouvez checker son site par ici , et pour les r\u00e9seaux, c'est par l\u00e0 .\",\"sameAs\":[\"http:\\\/\\\/www.amitaistudio.com\",\"https:\\\/\\\/www.instagram.com\\\/amitai.studio06\\\/\"],\"url\":\"https:\\\/\\\/www.technomag.fr\\\/en\\\/redacteur\\\/malo\\\/\"}]}<\/script>\n<!-- \/ Yoast SEO plugin. -->","yoast_head_json":{"title":"Olympic Games 2024: Which festivals will be affected? | Techno Mag","description":"The 2024 Olympics are shaking up the festival calendar! Which events will be affected?","robots":{"index":"index","follow":"follow","max-snippet":"max-snippet:-1","max-image-preview":"max-image-preview:large","max-video-preview":"max-video-preview:-1"},"canonical":"https:\/\/www.technomag.fr\/en\/olympic-games-2024-which-festivals-will-be-affected\/","og_locale":"en_US","og_type":"article","og_title":"Olympic Games 2024: Which festivals will be affected? | Techno Mag","og_description":"The 2024 Olympics are shaking up the festival calendar! Which events will be affected?","og_url":"https:\/\/www.technomag.fr\/en\/olympic-games-2024-which-festivals-will-be-affected\/","og_site_name":"Techno Mag","article_published_time":"2024-02-09T08:47:06+00:00","article_modified_time":"2024-02-23T14:12:02+00:00","og_image":[{"width":1024,"height":576,"url":"https:\/\/www.technomag.fr\/wp-content\/uploads\/2024\/02\/Design-sans-titre-17-1024x576.png","type":"image\/png"}],"author":"Malo","twitter_card":"summary_large_image","twitter_misc":{"Written by":"Malo","Est. reading time":"5 minutes"},"schema":{"@context":"https:\/\/schema.org","@graph":[{"@type":"Article","@id":"https:\/\/www.technomag.fr\/en\/olympic-games-2024-which-festivals-will-be-affected\/#article","isPartOf":{"@id":"https:\/\/www.technomag.fr\/en\/olympic-games-2024-which-festivals-will-be-affected\/"},"author":{"name":"Malo","@id":"https:\/\/www.technomag.fr\/#\/schema\/person\/a70f6ccc8d17802992de88544d744e6b"},"headline":"Olympic Games 2024: Which festivals will be affected?","datePublished":"2024-02-09T08:47:06+00:00","dateModified":"2024-02-23T14:12:02+00:00","mainEntityOfPage":{"@id":"https:\/\/www.technomag.fr\/en\/olympic-games-2024-which-festivals-will-be-affected\/"},"wordCount":948,"publisher":{"@id":"https:\/\/www.technomag.fr\/#organization"},"image":{"@id":"https:\/\/www.technomag.fr\/en\/olympic-games-2024-which-festivals-will-be-affected\/#primaryimage"},"thumbnailUrl":"https:\/\/www.technomag.fr\/wp-content\/uploads\/2024\/02\/Design-sans-titre-17.png","articleSection":["Festival"],"inLanguage":"en-US"},{"@type":"WebPage","@id":"https:\/\/www.technomag.fr\/en\/olympic-games-2024-which-festivals-will-be-affected\/","url":"https:\/\/www.technomag.fr\/en\/olympic-games-2024-which-festivals-will-be-affected\/","name":"Olympic Games 2024: Which festivals will be affected? | Techno Mag","isPartOf":{"@id":"https:\/\/www.technomag.fr\/#website"},"primaryImageOfPage":{"@id":"https:\/\/www.technomag.fr\/en\/olympic-games-2024-which-festivals-will-be-affected\/#primaryimage"},"image":{"@id":"https:\/\/www.technomag.fr\/en\/olympic-games-2024-which-festivals-will-be-affected\/#primaryimage"},"thumbnailUrl":"https:\/\/www.technomag.fr\/wp-content\/uploads\/2024\/02\/Design-sans-titre-17.png","datePublished":"2024-02-09T08:47:06+00:00","dateModified":"2024-02-23T14:12:02+00:00","description":"The 2024 Olympics are shaking up the festival calendar! Which events will be affected?","breadcrumb":{"@id":"https:\/\/www.technomag.fr\/en\/olympic-games-2024-which-festivals-will-be-affected\/#breadcrumb"},"inLanguage":"en-US","potentialAction":[{"@type":"ReadAction","target":["https:\/\/www.technomag.fr\/en\/olympic-games-2024-which-festivals-will-be-affected\/"]}]},{"@type":"ImageObject","inLanguage":"en-US","@id":"https:\/\/www.technomag.fr\/en\/olympic-games-2024-which-festivals-will-be-affected\/#primaryimage","url":"https:\/\/www.technomag.fr\/wp-content\/uploads\/2024\/02\/Design-sans-titre-17.png","contentUrl":"https:\/\/www.technomag.fr\/wp-content\/uploads\/2024\/02\/Design-sans-titre-17.png","width":1920,"height":1080},{"@type":"BreadcrumbList","@id":"https:\/\/www.technomag.fr\/en\/olympic-games-2024-which-festivals-will-be-affected\/#breadcrumb","itemListElement":[{"@type":"ListItem","position":1,"name":"Accueil","item":"https:\/\/www.technomag.fr\/en\/techno-magazine\/"},{"@type":"ListItem","position":2,"name":"Olympic Games 2024: Which festivals will be affected?"}]},{"@type":"WebSite","@id":"https:\/\/www.technomag.fr\/#website","url":"https:\/\/www.technomag.fr\/","name":"Techno Mag","description":"Le magazine underground de r\u00e9f\u00e9rence pour la techno","publisher":{"@id":"https:\/\/www.technomag.fr\/#organization"},"potentialAction":[{"@type":"SearchAction","target":{"@type":"EntryPoint","urlTemplate":"https:\/\/www.technomag.fr\/?s={search_term_string}"},"query-input":{"@type":"PropertyValueSpecification","valueRequired":true,"valueName":"search_term_string"}}],"inLanguage":"en-US"},{"@type":"Organization","@id":"https:\/\/www.technomag.fr\/#organization","name":"Techno Mag","url":"https:\/\/www.technomag.fr\/","logo":{"@type":"ImageObject","inLanguage":"en-US","@id":"https:\/\/www.technomag.fr\/#\/schema\/logo\/image\/","url":"https:\/\/www.technomag.fr\/wp-content\/uploads\/2023\/04\/TECHNO-e1681225415918.png","contentUrl":"https:\/\/www.technomag.fr\/wp-content\/uploads\/2023\/04\/TECHNO-e1681225415918.png","width":500,"height":113,"caption":"Techno Mag"},"image":{"@id":"https:\/\/www.technomag.fr\/#\/schema\/logo\/image\/"}},{"@type":"Person","@id":"https:\/\/www.technomag.fr\/#\/schema\/person\/a70f6ccc8d17802992de88544d744e6b","name":"Malo","image":{"@type":"ImageObject","inLanguage":"en-US","@id":"https:\/\/www.technomag.fr\/wp-content\/uploads\/2023\/12\/image_6483441-2-96x96.jpg","url":"https:\/\/www.technomag.fr\/wp-content\/uploads\/2023\/12\/image_6483441-2-96x96.jpg","contentUrl":"https:\/\/www.technomag.fr\/wp-content\/uploads\/2023\/12\/image_6483441-2-96x96.jpg","caption":"Malo"},"description":"Malo est co-fondatrice de Technomag. N\u00e9e dans l\u2019univers techno, elle a \u00e9t\u00e9 berc\u00e9e par la vibration des basses (ont vous laisse imaginer les s\u00e9quelles\u00a0 :').\u00a0 Vid\u00e9aste &amp;\u00a0photographe freelance, ce qu\u2019elle aime dans son m\u00e9tier, c\u2019est la possibilit\u00e9 de capturer des \u00e9motions et des instants pr\u00e9cieux \u00e0 travers ses photos et vid\u00e9os. Mais surtout, elle est l\u00e0 pour capturer vos meilleures bass-faces !\u00a0 Chaque \u00e9v\u00e9nement est pour elle une occasion unique de raconter une histoire, qu\u2019elle essaie de faire avec authenticit\u00e9.\u00a0 Chez Technomag, Malo r\u00e9dige des articles, g\u00e8re les r\u00e9seaux sociaux et partage des projets qui lui tiennent \u00e0 c\u0153ur. Elle s\u2019occupe \u00e9galement d\u2019une partie de la communication (ne lui en voulez pas si elle n\u2019a pas encore r\u00e9pondu aux mails ! ^^' ). Pour jeter un coup d'\u0153il \u00e0 son travail, vous pouvez checker son site par ici , et pour les r\u00e9seaux, c'est par l\u00e0 .","sameAs":["http:\/\/www.amitaistudio.com","https:\/\/www.instagram.com\/amitai.studio06\/"],"url":"https:\/\/www.technomag.fr\/en\/redacteur\/malo\/"}]}},"_links":{"self":[{"href":"https:\/\/www.technomag.fr\/en\/wp-json\/wp\/v2\/posts\/9021","targetHints":{"allow":["GET"]}}],"collection":[{"href":"https:\/\/www.technomag.fr\/en\/wp-json\/wp\/v2\/posts"}],"about":[{"href":"https:\/\/www.technomag.fr\/en\/wp-json\/wp\/v2\/types\/post"}],"author":[{"embeddable":true,"href":"https:\/\/www.technomag.fr\/en\/wp-json\/wp\/v2\/users\/2"}],"replies":[{"embeddable":true,"href":"https:\/\/www.technomag.fr\/en\/wp-json\/wp\/v2\/comments?post=9021"}],"version-history":[{"count":1,"href":"https:\/\/www.technomag.fr\/en\/wp-json\/wp\/v2\/posts\/9021\/revisions"}],"predecessor-version":[{"id":9022,"href":"https:\/\/www.technomag.fr\/en\/wp-json\/wp\/v2\/posts\/9021\/revisions\/9022"}],"wp:featuredmedia":[{"embeddable":true,"href":"https:\/\/www.technomag.fr\/en\/wp-json\/wp\/v2\/media\/8977"}],"wp:attachment":[{"href":"https:\/\/www.technomag.fr\/en\/wp-json\/wp\/v2\/media?parent=9021"}],"wp:term":[{"taxonomy":"category","embeddable":true,"href":"https:\/\/www.technomag.fr\/en\/wp-json\/wp\/v2\/categories?post=9021"},{"taxonomy":"post_tag","embeddable":true,"href":"https:\/\/www.technomag.fr\/en\/wp-json\/wp\/v2\/tags?post=9021"}],"curies":[{"name":"wp","href":"https:\/\/api.w.org\/{rel}","templated":true}]}}