
{"id":14411,"date":"2023-06-12T06:00:00","date_gmt":"2023-06-12T05:00:00","guid":{"rendered":"https:\/\/www.technomag.fr\/dan-curtin-electro-music-icon-remixes-der-klang-der-familie\/"},"modified":"2024-08-08T13:43:37","modified_gmt":"2024-08-08T12:43:37","slug":"dan-curtin-electro-music-icon-remixes-der-klang-der-familie","status":"publish","type":"post","link":"https:\/\/www.technomag.fr\/en\/dan-curtin-electro-music-icon-remixes-der-klang-der-familie\/","title":{"rendered":"Dan Curtin | Electro music icon remixes &#8220;Der Klang der Familie"},"content":{"rendered":"\n<p><\/p>\n\n<div id=\"ez-toc-container\" class=\"ez-toc-v2_0_82_2 ez-toc-wrap-center counter-hierarchy ez-toc-counter ez-toc-custom ez-toc-container-direction\">\n<div class=\"ez-toc-title-container\">\n<p class=\"ez-toc-title\" style=\"cursor:inherit\">Sommaire<\/p>\n<span class=\"ez-toc-title-toggle\"><a href=\"#\" class=\"ez-toc-pull-right ez-toc-btn ez-toc-btn-xs ez-toc-btn-default ez-toc-toggle\" aria-label=\"Toggle Table of Content\"><span class=\"ez-toc-js-icon-con\"><span class=\"\"><span class=\"eztoc-hide\" style=\"display:none;\">Toggle<\/span><span class=\"ez-toc-icon-toggle-span\"><svg style=\"fill: #ffffff;color:#ffffff\" xmlns=\"http:\/\/www.w3.org\/2000\/svg\" class=\"list-377408\" width=\"20px\" height=\"20px\" viewBox=\"0 0 24 24\" fill=\"none\"><path d=\"M6 6H4v2h2V6zm14 0H8v2h12V6zM4 11h2v2H4v-2zm16 0H8v2h12v-2zM4 16h2v2H4v-2zm16 0H8v2h12v-2z\" fill=\"currentColor\"><\/path><\/svg><svg style=\"fill: #ffffff;color:#ffffff\" class=\"arrow-unsorted-368013\" xmlns=\"http:\/\/www.w3.org\/2000\/svg\" width=\"10px\" height=\"10px\" viewBox=\"0 0 24 24\" version=\"1.2\" baseProfile=\"tiny\"><path d=\"M18.2 9.3l-6.2-6.3-6.2 6.3c-.2.2-.3.4-.3.7s.1.5.3.7c.2.2.4.3.7.3h11c.3 0 .5-.1.7-.3.2-.2.3-.5.3-.7s-.1-.5-.3-.7zM5.8 14.7l6.2 6.3 6.2-6.3c.2-.2.3-.5.3-.7s-.1-.5-.3-.7c-.2-.2-.4-.3-.7-.3h-11c-.3 0-.5.1-.7.3-.2.2-.3.5-.3.7s.1.5.3.7z\"\/><\/svg><\/span><\/span><\/span><\/a><\/span><\/div>\n<nav><ul class='ez-toc-list ez-toc-list-level-1 ' ><li class='ez-toc-page-1 ez-toc-heading-level-2'><a class=\"ez-toc-link ez-toc-heading-1\" href=\"https:\/\/www.technomag.fr\/en\/dan-curtin-electro-music-icon-remixes-der-klang-der-familie\/#Dan_Curtin_The_Sound_Explorer_of_the_Techno_and_House_Scene\" >Dan Curtin: The Sound Explorer of the Techno and House Scene<\/a><\/li><li class='ez-toc-page-1 ez-toc-heading-level-2'><a class=\"ez-toc-link ez-toc-heading-2\" href=\"https:\/\/www.technomag.fr\/en\/dan-curtin-electro-music-icon-remixes-der-klang-der-familie\/#Dan_Curtins_cover_of_%E2%80%9CDer_Klang_der_Familie\" >Dan Curtin&#8217;s cover of &#8220;Der Klang der Familie<\/a><\/li><li class='ez-toc-page-1 ez-toc-heading-level-2'><a class=\"ez-toc-link ez-toc-heading-3\" href=\"https:\/\/www.technomag.fr\/en\/dan-curtin-electro-music-icon-remixes-der-klang-der-familie\/#FAQ\" >F.A.Q<\/a><\/li><li class='ez-toc-page-1 ez-toc-heading-level-2'><a class=\"ez-toc-link ez-toc-heading-4\" href=\"https:\/\/www.technomag.fr\/en\/dan-curtin-electro-music-icon-remixes-der-klang-der-familie\/#Conclusion\" >Conclusion<\/a><\/li><\/ul><\/nav><\/div>\n<h2 class=\"wp-block-heading\"><span class=\"ez-toc-section\" id=\"Dan_Curtin_The_Sound_Explorer_of_the_Techno_and_House_Scene\"><\/span>Dan Curtin: The Sound Explorer of the Techno and House Scene<span class=\"ez-toc-section-end\"><\/span><\/h2>\n\n<p>The techno and house music scene exploded in the early 1990s, and it was then that Dan Curtin&#8217;s musical quest took shape.\nOriginally from Cleveland, Ohio, Dan has explored a multitude of styles, producing innovative sounds from Chicago to Detroit to the East Coast.\nSince 1992, when his first releases on 33 RPM Records (Detroit) and Buzz (Belgium) attracted attention, he has launched his own label, Metamorphic Recordings.  <\/p>\n\n<p>Dan Curtin stands out for his refusal to stick to a single style, which has been key to his consistently innovative productions.\nHe has worked with major labels such as Peacefrog, Strictly Rhythm, Sublime and Soma, while his avant-garde approach has earned him the support of heavyweights such as Carl Cox and Carl Craig, among others.\nIn 2003, his creative instincts led him to Berlin, resulting in numerous new releases on young, dynamic labels such as Bass Culture, Saved, Bosconi, and more recently, Steffi&#8217;s Dolly Dubs.  <\/p>\n\n<p>With over 70 singles and nine albums to his credit, Dan Curtin remains a refreshingly innovative artist, whether under his own name or under one of his many pseudonyms, such as Purveyors of Fine Funk.\nHis willingness not to be boxed into a single style, and his unique ability to collaborate with artists from many different genres, have enabled him to retain not only his status as an individual in an increasingly competitive music world, but also that of a legend for over two decades. <\/p>\n\n<figure class=\"wp-block-embed is-type-rich is-provider-spotify wp-block-embed-spotify wp-embed-aspect-21-9 wp-has-aspect-ratio\"><div class=\"wp-block-embed__wrapper\"> \n<iframe title=\"Spotify Embed: Der Klang der Familie\" style=\"border-radius: 12px\" width=\"100%\" height=\"152\" frameborder=\"0\" allowfullscreen allow=\"autoplay; clipboard-write; encrypted-media; fullscreen; picture-in-picture\" loading=\"lazy\" src=\"https:\/\/open.spotify.com\/embed\/track\/1LUA8SdMXtCqNsuf6P9Iam?si=8732ad973658416b&#038;utm_source=oembed\"><\/iframe>\n <\/div><\/figure>\n\n<h2 class=\"wp-block-heading\"><span class=\"ez-toc-section\" id=\"Dan_Curtins_cover_of_%E2%80%9CDer_Klang_der_Familie\"><\/span>Dan Curtin&#8217;s cover of &#8220;Der Klang der Familie<span class=\"ez-toc-section-end\"><\/span><\/h2>\n\n<p>Dan Curtin, always ready to push the boundaries, decided to revisit<a href=\"https:\/\/www.youtube.com\/watch?v=aOdbFT8B6Xk\" target=\"_blank\" rel=\"noreferrer noopener\">&#8220;Der Klang der Familie<\/a>&#8221; by 3 Phase feat.\nMotte, a true underground hit with a serious pedigree.\nThe song&#8217;s hypnotic synth riff is instantly recognizable and has been sampled many times, from hardcore breakbeat to gabber.\nIn his version, Curtin pays homage to the whole &#8217;90s sound by syncopating the rhythm with snares and claps, while making a <strong><a href=\"https:\/\/www.technomag.fr\/en\/tb-303-40-years-of-musical-revolution\/\">TB-303 <\/a><\/strong>squelch.\nCurtin&#8217;s version climbs the treble, retaining the uncompromising spirit of the original.    <\/p>\n\n<h4 class=\"wp-block-heading has-text-align-center\"><strong>Follow Dan Curtin:<\/strong><\/h4>\n\n<h4 class=\"wp-block-heading has-text-align-center\"><a href=\"https:\/\/open.spotify.com\/artist\/3346lOPGfAtx8KV1bEJhFD\"><strong>Spotify<\/strong><\/a><strong> I <\/strong><a href=\"https:\/\/www.instagram.com\/dancurtinx\/\"><strong>Instagram<\/strong><\/a><strong> I <\/strong><a href=\"https:\/\/soundcloud.com\/dan-curtin\"><strong>Soundcloud<\/strong><\/a><strong> I <\/strong><a href=\"https:\/\/www.facebook.com\/dancurtinmusic\"><strong>Facebook<\/strong><\/a><strong> I <\/strong><a href=\"https:\/\/www.discogs.com\/artist\/3402-Dan-Curtin\"><strong>Discogs<\/strong><\/a><\/h4>\n\n<h2 class=\"wp-block-heading\"><span class=\"ez-toc-section\" id=\"FAQ\"><\/span>F.A.Q<span class=\"ez-toc-section-end\"><\/span><\/h2>\n\n<h3 class=\"wp-block-heading\">Which labels has Dan Curtin worked with?<\/h3>\n\n<p>Dan Curtin has worked with numerous labels over the course of his career.\nAmong the most notable are Peacefrog, Strictly Rhythm, Sublime, Soma, Bass Culture, Saved, Bosconi, Steffi&#8217;s Dolly Dubs and Sound of Berlin. <\/p>\n\n<h3 class=\"wp-block-heading\">How many singles and albums has Dan Curtin released?<\/h3>\n\n<p>Dan Curtin has released over 70 singles and nine albums in his career, a testament to his productivity and passion for electronic music.<\/p>\n\n<h3 class=\"wp-block-heading\">What distinguishes Dan Curtin from other electronic music artists?<\/h3>\n\n<p>What sets Dan Curtin apart from other electronic music artists is his refusal to lock himself into a single style.\nHe&#8217;s constantly exploring and innovating, enabling him to remain relevant and creative after a career spanning more than two decades. <\/p>\n\n<h3 class=\"wp-block-heading\">How important is &#8220;Der Klang der Familie&#8221; in the history of electronic music?<\/h3>\n\n<p>&#8220;Der Klang der Familie&#8221; is an iconic song from the underground music scene of the 90s.\nIts hypnotic synth riff has become a key element of many musical genres, and its cover by Dan Curtin is testament to the song&#8217;s enduring influence. <\/p>\n\n<h3 class=\"wp-block-heading\">Which artists have supported Dan Curtin over the years?<\/h3>\n\n<p>Dan Curtin has received the support of many renowned artists throughout his career.\nAmong them Carl Cox, Carl Craig and many others, who recognize his talent and innovative approach to electronic music. <\/p>\n\n<h2 class=\"wp-block-heading\"><span class=\"ez-toc-section\" id=\"Conclusion\"><\/span>Conclusion<span class=\"ez-toc-section-end\"><\/span><\/h2>\n\n<p>Dan Curtin is an electronic music legend whose career spans more than two decades.\nHis willingness to push boundaries and explore new styles has earned him international recognition and the support of many renowned artists.\nHis refusal to lock himself into a single musical style has enabled him to remain creative and innovative, and his productions continue to influence today&#8217;s electronic music scene.\nWith his cover of &#8220;Der Klang der Familie&#8221;, Dan Curtin once again demonstrates his ability to pay tribute to the past while remaining true to his avant-garde approach.   <\/p>\n\n<p><\/p>\n\n\n<div class=\"kk-star-ratings kksr-auto kksr-align-center kksr-valign-bottom\"\n    data-payload='{&quot;align&quot;:&quot;center&quot;,&quot;id&quot;:&quot;14411&quot;,&quot;slug&quot;:&quot;default&quot;,&quot;valign&quot;:&quot;bottom&quot;,&quot;ignore&quot;:&quot;&quot;,&quot;reference&quot;:&quot;auto&quot;,&quot;class&quot;:&quot;&quot;,&quot;count&quot;:&quot;0&quot;,&quot;legendonly&quot;:&quot;&quot;,&quot;readonly&quot;:&quot;&quot;,&quot;score&quot;:&quot;0&quot;,&quot;starsonly&quot;:&quot;&quot;,&quot;best&quot;:&quot;5&quot;,&quot;gap&quot;:&quot;5&quot;,&quot;greet&quot;:&quot;Noter cet article&quot;,&quot;legend&quot;:&quot;0\\\/5 - (0 votes)&quot;,&quot;size&quot;:&quot;24&quot;,&quot;title&quot;:&quot;Dan Curtin | Electro music icon remixes \\u0026quot;Der Klang der Familie&quot;,&quot;width&quot;:&quot;0&quot;,&quot;_legend&quot;:&quot;{score}\\\/{best} - ({count} {votes})&quot;,&quot;font_factor&quot;:&quot;1.25&quot;}'>\n            \n<div class=\"kksr-stars\">\n    \n<div class=\"kksr-stars-inactive\">\n            <div class=\"kksr-star\" data-star=\"1\" style=\"padding-right: 5px\">\n            \n\n<div class=\"kksr-icon\" style=\"width: 24px; height: 24px;\"><\/div>\n        <\/div>\n            <div class=\"kksr-star\" data-star=\"2\" style=\"padding-right: 5px\">\n            \n\n<div class=\"kksr-icon\" style=\"width: 24px; height: 24px;\"><\/div>\n        <\/div>\n            <div class=\"kksr-star\" data-star=\"3\" style=\"padding-right: 5px\">\n            \n\n<div class=\"kksr-icon\" style=\"width: 24px; height: 24px;\"><\/div>\n        <\/div>\n            <div class=\"kksr-star\" data-star=\"4\" style=\"padding-right: 5px\">\n            \n\n<div class=\"kksr-icon\" style=\"width: 24px; height: 24px;\"><\/div>\n        <\/div>\n            <div class=\"kksr-star\" data-star=\"5\" style=\"padding-right: 5px\">\n            \n\n<div class=\"kksr-icon\" style=\"width: 24px; height: 24px;\"><\/div>\n        <\/div>\n    <\/div>\n    \n<div class=\"kksr-stars-active\" style=\"width: 0px;\">\n            <div class=\"kksr-star\" style=\"padding-right: 5px\">\n            \n\n<div class=\"kksr-icon\" style=\"width: 24px; height: 24px;\"><\/div>\n        <\/div>\n            <div class=\"kksr-star\" style=\"padding-right: 5px\">\n            \n\n<div class=\"kksr-icon\" style=\"width: 24px; height: 24px;\"><\/div>\n        <\/div>\n            <div class=\"kksr-star\" style=\"padding-right: 5px\">\n            \n\n<div class=\"kksr-icon\" style=\"width: 24px; height: 24px;\"><\/div>\n        <\/div>\n            <div class=\"kksr-star\" style=\"padding-right: 5px\">\n            \n\n<div class=\"kksr-icon\" style=\"width: 24px; height: 24px;\"><\/div>\n        <\/div>\n            <div class=\"kksr-star\" style=\"padding-right: 5px\">\n            \n\n<div class=\"kksr-icon\" style=\"width: 24px; height: 24px;\"><\/div>\n        <\/div>\n    <\/div>\n<\/div>\n                \n\n<div class=\"kksr-legend\" style=\"font-size: 19.2px;\">\n            <span class=\"kksr-muted\">Noter cet article<\/span>\n    <\/div>\n    <\/div>\n","protected":false},"excerpt":{"rendered":"<p>Dan Curtin: The Sound Explorer of the Techno and House Scene The techno and house music scene exploded in the early 1990s, and it was then that Dan Curtin&#8217;s musical quest took shape. Originally from Cleveland, Ohio, Dan has explored a multitude of styles, producing innovative sounds from Chicago to Detroit to the East Coast. [&hellip;]<\/p>\n","protected":false},"author":3,"featured_media":7928,"comment_status":"closed","ping_status":"closed","sticky":false,"template":"","format":"standard","meta":{"_acf_changed":false,"footnotes":""},"categories":[419],"tags":[449],"class_list":["post-14411","post","type-post","status-publish","format-standard","has-post-thumbnail","hentry","category-artists-labels","tag-techno-en"],"acf":[],"yoast_head":"<!-- This site is optimized with the Yoast SEO plugin v27.5 - https:\/\/yoast.com\/product\/yoast-seo-wordpress\/ -->\n<title>THE USE OF PERSONALIZED NECKLACES: AN ESSENTIAL ASSET FOR YOUR EVENTS<\/title>\n<meta name=\"robots\" content=\"index, follow, max-snippet:-1, max-image-preview:large, max-video-preview:-1\" \/>\n<link rel=\"canonical\" href=\"https:\/\/www.technomag.fr\/en\/dan-curtin-electro-music-icon-remixes-der-klang-der-familie\/\" \/>\n<meta property=\"og:locale\" content=\"en_US\" \/>\n<meta property=\"og:type\" content=\"article\" \/>\n<meta property=\"og:title\" content=\"THE USE OF PERSONALIZED NECKLACES: AN ESSENTIAL ASSET FOR YOUR EVENTS\" \/>\n<meta property=\"og:description\" content=\"Dan Curtin: The Sound Explorer of the Techno and House Scene The techno and house music scene exploded in the early 1990s, and it was then that Dan Curtin&#8217;s musical quest took shape. Originally from Cleveland, Ohio, Dan has explored a multitude of styles, producing innovative sounds from Chicago to Detroit to the East Coast. [&hellip;]\" \/>\n<meta property=\"og:url\" content=\"https:\/\/www.technomag.fr\/en\/dan-curtin-electro-music-icon-remixes-der-klang-der-familie\/\" \/>\n<meta property=\"og:site_name\" content=\"Techno Mag\" \/>\n<meta property=\"article:published_time\" content=\"2023-06-12T05:00:00+00:00\" \/>\n<meta property=\"article:modified_time\" content=\"2024-08-08T12:43:37+00:00\" \/>\n<meta property=\"og:image\" content=\"https:\/\/www.technomag.fr\/wp-content\/uploads\/2023\/06\/Dan-curtin-scaled.jpg\" \/>\n\t<meta property=\"og:image:width\" content=\"2560\" \/>\n\t<meta property=\"og:image:height\" content=\"1705\" \/>\n\t<meta property=\"og:image:type\" content=\"image\/jpeg\" \/>\n<meta name=\"author\" content=\"Eric\" \/>\n<meta name=\"twitter:card\" content=\"summary_large_image\" \/>\n<meta name=\"twitter:label1\" content=\"Written by\" \/>\n\t<meta name=\"twitter:data1\" content=\"Eric\" \/>\n\t<meta name=\"twitter:label2\" content=\"Est. reading time\" \/>\n\t<meta name=\"twitter:data2\" content=\"3 minutes\" \/>\n<script type=\"application\/ld+json\" class=\"yoast-schema-graph\">{\"@context\":\"https:\\\/\\\/schema.org\",\"@graph\":[{\"@type\":\"Article\",\"@id\":\"https:\\\/\\\/www.technomag.fr\\\/en\\\/dan-curtin-electro-music-icon-remixes-der-klang-der-familie\\\/#article\",\"isPartOf\":{\"@id\":\"https:\\\/\\\/www.technomag.fr\\\/en\\\/dan-curtin-electro-music-icon-remixes-der-klang-der-familie\\\/\"},\"author\":{\"name\":\"Eric\",\"@id\":\"https:\\\/\\\/www.technomag.fr\\\/#\\\/schema\\\/person\\\/5184db1055c64729cb8595a8e9d23e9e\"},\"headline\":\"Dan Curtin | Electro music icon remixes &#8220;Der Klang der Familie\",\"datePublished\":\"2023-06-12T05:00:00+00:00\",\"dateModified\":\"2024-08-08T12:43:37+00:00\",\"mainEntityOfPage\":{\"@id\":\"https:\\\/\\\/www.technomag.fr\\\/en\\\/dan-curtin-electro-music-icon-remixes-der-klang-der-familie\\\/\"},\"wordCount\":691,\"publisher\":{\"@id\":\"https:\\\/\\\/www.technomag.fr\\\/#organization\"},\"image\":{\"@id\":\"https:\\\/\\\/www.technomag.fr\\\/en\\\/dan-curtin-electro-music-icon-remixes-der-klang-der-familie\\\/#primaryimage\"},\"thumbnailUrl\":\"https:\\\/\\\/www.technomag.fr\\\/wp-content\\\/uploads\\\/2023\\\/06\\\/Dan-curtin-scaled.jpg\",\"keywords\":[\"Techno\"],\"articleSection\":[\"Artists \\\/ Labels\"],\"inLanguage\":\"en-US\"},{\"@type\":\"WebPage\",\"@id\":\"https:\\\/\\\/www.technomag.fr\\\/en\\\/dan-curtin-electro-music-icon-remixes-der-klang-der-familie\\\/\",\"url\":\"https:\\\/\\\/www.technomag.fr\\\/en\\\/dan-curtin-electro-music-icon-remixes-der-klang-der-familie\\\/\",\"name\":\"THE USE OF PERSONALIZED NECKLACES: AN ESSENTIAL ASSET FOR YOUR EVENTS\",\"isPartOf\":{\"@id\":\"https:\\\/\\\/www.technomag.fr\\\/#website\"},\"primaryImageOfPage\":{\"@id\":\"https:\\\/\\\/www.technomag.fr\\\/en\\\/dan-curtin-electro-music-icon-remixes-der-klang-der-familie\\\/#primaryimage\"},\"image\":{\"@id\":\"https:\\\/\\\/www.technomag.fr\\\/en\\\/dan-curtin-electro-music-icon-remixes-der-klang-der-familie\\\/#primaryimage\"},\"thumbnailUrl\":\"https:\\\/\\\/www.technomag.fr\\\/wp-content\\\/uploads\\\/2023\\\/06\\\/Dan-curtin-scaled.jpg\",\"datePublished\":\"2023-06-12T05:00:00+00:00\",\"dateModified\":\"2024-08-08T12:43:37+00:00\",\"breadcrumb\":{\"@id\":\"https:\\\/\\\/www.technomag.fr\\\/en\\\/dan-curtin-electro-music-icon-remixes-der-klang-der-familie\\\/#breadcrumb\"},\"inLanguage\":\"en-US\",\"potentialAction\":[{\"@type\":\"ReadAction\",\"target\":[\"https:\\\/\\\/www.technomag.fr\\\/en\\\/dan-curtin-electro-music-icon-remixes-der-klang-der-familie\\\/\"]}]},{\"@type\":\"ImageObject\",\"inLanguage\":\"en-US\",\"@id\":\"https:\\\/\\\/www.technomag.fr\\\/en\\\/dan-curtin-electro-music-icon-remixes-der-klang-der-familie\\\/#primaryimage\",\"url\":\"https:\\\/\\\/www.technomag.fr\\\/wp-content\\\/uploads\\\/2023\\\/06\\\/Dan-curtin-scaled.jpg\",\"contentUrl\":\"https:\\\/\\\/www.technomag.fr\\\/wp-content\\\/uploads\\\/2023\\\/06\\\/Dan-curtin-scaled.jpg\",\"width\":2560,\"height\":1705},{\"@type\":\"BreadcrumbList\",\"@id\":\"https:\\\/\\\/www.technomag.fr\\\/en\\\/dan-curtin-electro-music-icon-remixes-der-klang-der-familie\\\/#breadcrumb\",\"itemListElement\":[{\"@type\":\"ListItem\",\"position\":1,\"name\":\"Accueil\",\"item\":\"https:\\\/\\\/www.technomag.fr\\\/en\\\/techno-magazine\\\/\"},{\"@type\":\"ListItem\",\"position\":2,\"name\":\"Dan Curtin | Electro music icon remixes &#8220;Der Klang der Familie\"}]},{\"@type\":\"WebSite\",\"@id\":\"https:\\\/\\\/www.technomag.fr\\\/#website\",\"url\":\"https:\\\/\\\/www.technomag.fr\\\/\",\"name\":\"Techno Mag\",\"description\":\"Le magazine underground de r\u00e9f\u00e9rence pour la techno\",\"publisher\":{\"@id\":\"https:\\\/\\\/www.technomag.fr\\\/#organization\"},\"potentialAction\":[{\"@type\":\"SearchAction\",\"target\":{\"@type\":\"EntryPoint\",\"urlTemplate\":\"https:\\\/\\\/www.technomag.fr\\\/?s={search_term_string}\"},\"query-input\":{\"@type\":\"PropertyValueSpecification\",\"valueRequired\":true,\"valueName\":\"search_term_string\"}}],\"inLanguage\":\"en-US\"},{\"@type\":\"Organization\",\"@id\":\"https:\\\/\\\/www.technomag.fr\\\/#organization\",\"name\":\"Techno Mag\",\"url\":\"https:\\\/\\\/www.technomag.fr\\\/\",\"logo\":{\"@type\":\"ImageObject\",\"inLanguage\":\"en-US\",\"@id\":\"https:\\\/\\\/www.technomag.fr\\\/#\\\/schema\\\/logo\\\/image\\\/\",\"url\":\"https:\\\/\\\/www.technomag.fr\\\/wp-content\\\/uploads\\\/2023\\\/04\\\/TECHNO-e1681225415918.png\",\"contentUrl\":\"https:\\\/\\\/www.technomag.fr\\\/wp-content\\\/uploads\\\/2023\\\/04\\\/TECHNO-e1681225415918.png\",\"width\":500,\"height\":113,\"caption\":\"Techno Mag\"},\"image\":{\"@id\":\"https:\\\/\\\/www.technomag.fr\\\/#\\\/schema\\\/logo\\\/image\\\/\"}},{\"@type\":\"Person\",\"@id\":\"https:\\\/\\\/www.technomag.fr\\\/#\\\/schema\\\/person\\\/5184db1055c64729cb8595a8e9d23e9e\",\"name\":\"Eric\",\"image\":{\"@type\":\"ImageObject\",\"inLanguage\":\"en-US\",\"@id\":\"https:\\\/\\\/www.technomag.fr\\\/wp-content\\\/uploads\\\/2023\\\/12\\\/eric-96x96.jpg\",\"url\":\"https:\\\/\\\/www.technomag.fr\\\/wp-content\\\/uploads\\\/2023\\\/12\\\/eric-96x96.jpg\",\"contentUrl\":\"https:\\\/\\\/www.technomag.fr\\\/wp-content\\\/uploads\\\/2023\\\/12\\\/eric-96x96.jpg\",\"caption\":\"Eric\"},\"description\":\"Eric, le capitaine du navire TechnoMag, est d\u00e9veloppeur web, consultant SEO, r\u00e9dacteur de metier, et surtout fanatique de musique ! Depuis l'enfance, il est attir\u00e9 par les basses et les kicks, passant des heures \u00e0 \u00e9couter et jouer sur machines pour le plaisir, avec son fr\u00e8re et ses amis, depuis plus de dix ans. Globe-trotteur, il a explor\u00e9 des free parties sauvages et ill\u00e9gales jusqu\u2019aux plus grands festivals internationaux. Dans son pass\u00e9, il a aussi \u00e9t\u00e9 VJ et impliqu\u00e9 dans l'organisation de soir\u00e9es pas toujours vraiment autoris\u00e9es. Aujourd'hui, il aime capturer l'\u00e9nergie des \u00e9v\u00e9nements pour la retranscrire aux autres, que ce soit derri\u00e8re l'appareil photo, la cam\u00e9ra, ou en r\u00e9digeant un article. Avec quelques missions b\u00e9n\u00e9voles \u00e0 son actif et une association toute neuve, il r\u00eave d'un lieu autonome o\u00f9 chacun pourrait balancer son set sans craindre de perdre son matos.\",\"sameAs\":[\"https:\\\/\\\/www.instagram.com\\\/technomag.fr\\\/\",\"https:\\\/\\\/www.linkedin.com\\\/in\\\/boulangereric\\\/\"],\"url\":\"https:\\\/\\\/www.technomag.fr\\\/en\\\/redacteur\\\/eric-2\\\/\"}]}<\/script>\n<!-- \/ Yoast SEO plugin. -->","yoast_head_json":{"title":"THE USE OF PERSONALIZED NECKLACES: AN ESSENTIAL ASSET FOR YOUR EVENTS","robots":{"index":"index","follow":"follow","max-snippet":"max-snippet:-1","max-image-preview":"max-image-preview:large","max-video-preview":"max-video-preview:-1"},"canonical":"https:\/\/www.technomag.fr\/en\/dan-curtin-electro-music-icon-remixes-der-klang-der-familie\/","og_locale":"en_US","og_type":"article","og_title":"THE USE OF PERSONALIZED NECKLACES: AN ESSENTIAL ASSET FOR YOUR EVENTS","og_description":"Dan Curtin: The Sound Explorer of the Techno and House Scene The techno and house music scene exploded in the early 1990s, and it was then that Dan Curtin&#8217;s musical quest took shape. Originally from Cleveland, Ohio, Dan has explored a multitude of styles, producing innovative sounds from Chicago to Detroit to the East Coast. [&hellip;]","og_url":"https:\/\/www.technomag.fr\/en\/dan-curtin-electro-music-icon-remixes-der-klang-der-familie\/","og_site_name":"Techno Mag","article_published_time":"2023-06-12T05:00:00+00:00","article_modified_time":"2024-08-08T12:43:37+00:00","og_image":[{"width":2560,"height":1705,"url":"https:\/\/www.technomag.fr\/wp-content\/uploads\/2023\/06\/Dan-curtin-scaled.jpg","type":"image\/jpeg"}],"author":"Eric","twitter_card":"summary_large_image","twitter_misc":{"Written by":"Eric","Est. reading time":"3 minutes"},"schema":{"@context":"https:\/\/schema.org","@graph":[{"@type":"Article","@id":"https:\/\/www.technomag.fr\/en\/dan-curtin-electro-music-icon-remixes-der-klang-der-familie\/#article","isPartOf":{"@id":"https:\/\/www.technomag.fr\/en\/dan-curtin-electro-music-icon-remixes-der-klang-der-familie\/"},"author":{"name":"Eric","@id":"https:\/\/www.technomag.fr\/#\/schema\/person\/5184db1055c64729cb8595a8e9d23e9e"},"headline":"Dan Curtin | Electro music icon remixes &#8220;Der Klang der Familie","datePublished":"2023-06-12T05:00:00+00:00","dateModified":"2024-08-08T12:43:37+00:00","mainEntityOfPage":{"@id":"https:\/\/www.technomag.fr\/en\/dan-curtin-electro-music-icon-remixes-der-klang-der-familie\/"},"wordCount":691,"publisher":{"@id":"https:\/\/www.technomag.fr\/#organization"},"image":{"@id":"https:\/\/www.technomag.fr\/en\/dan-curtin-electro-music-icon-remixes-der-klang-der-familie\/#primaryimage"},"thumbnailUrl":"https:\/\/www.technomag.fr\/wp-content\/uploads\/2023\/06\/Dan-curtin-scaled.jpg","keywords":["Techno"],"articleSection":["Artists \/ Labels"],"inLanguage":"en-US"},{"@type":"WebPage","@id":"https:\/\/www.technomag.fr\/en\/dan-curtin-electro-music-icon-remixes-der-klang-der-familie\/","url":"https:\/\/www.technomag.fr\/en\/dan-curtin-electro-music-icon-remixes-der-klang-der-familie\/","name":"THE USE OF PERSONALIZED NECKLACES: AN ESSENTIAL ASSET FOR YOUR EVENTS","isPartOf":{"@id":"https:\/\/www.technomag.fr\/#website"},"primaryImageOfPage":{"@id":"https:\/\/www.technomag.fr\/en\/dan-curtin-electro-music-icon-remixes-der-klang-der-familie\/#primaryimage"},"image":{"@id":"https:\/\/www.technomag.fr\/en\/dan-curtin-electro-music-icon-remixes-der-klang-der-familie\/#primaryimage"},"thumbnailUrl":"https:\/\/www.technomag.fr\/wp-content\/uploads\/2023\/06\/Dan-curtin-scaled.jpg","datePublished":"2023-06-12T05:00:00+00:00","dateModified":"2024-08-08T12:43:37+00:00","breadcrumb":{"@id":"https:\/\/www.technomag.fr\/en\/dan-curtin-electro-music-icon-remixes-der-klang-der-familie\/#breadcrumb"},"inLanguage":"en-US","potentialAction":[{"@type":"ReadAction","target":["https:\/\/www.technomag.fr\/en\/dan-curtin-electro-music-icon-remixes-der-klang-der-familie\/"]}]},{"@type":"ImageObject","inLanguage":"en-US","@id":"https:\/\/www.technomag.fr\/en\/dan-curtin-electro-music-icon-remixes-der-klang-der-familie\/#primaryimage","url":"https:\/\/www.technomag.fr\/wp-content\/uploads\/2023\/06\/Dan-curtin-scaled.jpg","contentUrl":"https:\/\/www.technomag.fr\/wp-content\/uploads\/2023\/06\/Dan-curtin-scaled.jpg","width":2560,"height":1705},{"@type":"BreadcrumbList","@id":"https:\/\/www.technomag.fr\/en\/dan-curtin-electro-music-icon-remixes-der-klang-der-familie\/#breadcrumb","itemListElement":[{"@type":"ListItem","position":1,"name":"Accueil","item":"https:\/\/www.technomag.fr\/en\/techno-magazine\/"},{"@type":"ListItem","position":2,"name":"Dan Curtin | Electro music icon remixes &#8220;Der Klang der Familie"}]},{"@type":"WebSite","@id":"https:\/\/www.technomag.fr\/#website","url":"https:\/\/www.technomag.fr\/","name":"Techno Mag","description":"Le magazine underground de r\u00e9f\u00e9rence pour la techno","publisher":{"@id":"https:\/\/www.technomag.fr\/#organization"},"potentialAction":[{"@type":"SearchAction","target":{"@type":"EntryPoint","urlTemplate":"https:\/\/www.technomag.fr\/?s={search_term_string}"},"query-input":{"@type":"PropertyValueSpecification","valueRequired":true,"valueName":"search_term_string"}}],"inLanguage":"en-US"},{"@type":"Organization","@id":"https:\/\/www.technomag.fr\/#organization","name":"Techno Mag","url":"https:\/\/www.technomag.fr\/","logo":{"@type":"ImageObject","inLanguage":"en-US","@id":"https:\/\/www.technomag.fr\/#\/schema\/logo\/image\/","url":"https:\/\/www.technomag.fr\/wp-content\/uploads\/2023\/04\/TECHNO-e1681225415918.png","contentUrl":"https:\/\/www.technomag.fr\/wp-content\/uploads\/2023\/04\/TECHNO-e1681225415918.png","width":500,"height":113,"caption":"Techno Mag"},"image":{"@id":"https:\/\/www.technomag.fr\/#\/schema\/logo\/image\/"}},{"@type":"Person","@id":"https:\/\/www.technomag.fr\/#\/schema\/person\/5184db1055c64729cb8595a8e9d23e9e","name":"Eric","image":{"@type":"ImageObject","inLanguage":"en-US","@id":"https:\/\/www.technomag.fr\/wp-content\/uploads\/2023\/12\/eric-96x96.jpg","url":"https:\/\/www.technomag.fr\/wp-content\/uploads\/2023\/12\/eric-96x96.jpg","contentUrl":"https:\/\/www.technomag.fr\/wp-content\/uploads\/2023\/12\/eric-96x96.jpg","caption":"Eric"},"description":"Eric, le capitaine du navire TechnoMag, est d\u00e9veloppeur web, consultant SEO, r\u00e9dacteur de metier, et surtout fanatique de musique ! Depuis l'enfance, il est attir\u00e9 par les basses et les kicks, passant des heures \u00e0 \u00e9couter et jouer sur machines pour le plaisir, avec son fr\u00e8re et ses amis, depuis plus de dix ans. Globe-trotteur, il a explor\u00e9 des free parties sauvages et ill\u00e9gales jusqu\u2019aux plus grands festivals internationaux. Dans son pass\u00e9, il a aussi \u00e9t\u00e9 VJ et impliqu\u00e9 dans l'organisation de soir\u00e9es pas toujours vraiment autoris\u00e9es. Aujourd'hui, il aime capturer l'\u00e9nergie des \u00e9v\u00e9nements pour la retranscrire aux autres, que ce soit derri\u00e8re l'appareil photo, la cam\u00e9ra, ou en r\u00e9digeant un article. Avec quelques missions b\u00e9n\u00e9voles \u00e0 son actif et une association toute neuve, il r\u00eave d'un lieu autonome o\u00f9 chacun pourrait balancer son set sans craindre de perdre son matos.","sameAs":["https:\/\/www.instagram.com\/technomag.fr\/","https:\/\/www.linkedin.com\/in\/boulangereric\/"],"url":"https:\/\/www.technomag.fr\/en\/redacteur\/eric-2\/"}]}},"_links":{"self":[{"href":"https:\/\/www.technomag.fr\/en\/wp-json\/wp\/v2\/posts\/14411","targetHints":{"allow":["GET"]}}],"collection":[{"href":"https:\/\/www.technomag.fr\/en\/wp-json\/wp\/v2\/posts"}],"about":[{"href":"https:\/\/www.technomag.fr\/en\/wp-json\/wp\/v2\/types\/post"}],"author":[{"embeddable":true,"href":"https:\/\/www.technomag.fr\/en\/wp-json\/wp\/v2\/users\/3"}],"replies":[{"embeddable":true,"href":"https:\/\/www.technomag.fr\/en\/wp-json\/wp\/v2\/comments?post=14411"}],"version-history":[{"count":1,"href":"https:\/\/www.technomag.fr\/en\/wp-json\/wp\/v2\/posts\/14411\/revisions"}],"predecessor-version":[{"id":14413,"href":"https:\/\/www.technomag.fr\/en\/wp-json\/wp\/v2\/posts\/14411\/revisions\/14413"}],"wp:featuredmedia":[{"embeddable":true,"href":"https:\/\/www.technomag.fr\/en\/wp-json\/wp\/v2\/media\/7928"}],"wp:attachment":[{"href":"https:\/\/www.technomag.fr\/en\/wp-json\/wp\/v2\/media?parent=14411"}],"wp:term":[{"taxonomy":"category","embeddable":true,"href":"https:\/\/www.technomag.fr\/en\/wp-json\/wp\/v2\/categories?post=14411"},{"taxonomy":"post_tag","embeddable":true,"href":"https:\/\/www.technomag.fr\/en\/wp-json\/wp\/v2\/tags?post=14411"}],"curies":[{"name":"wp","href":"https:\/\/api.w.org\/{rel}","templated":true}]}}