
{"id":14394,"date":"2023-04-29T22:52:48","date_gmt":"2023-04-29T21:52:48","guid":{"rendered":"https:\/\/www.technomag.fr\/son-libre-festival-2023-techno-in-its-purest-form\/"},"modified":"2024-08-08T13:42:58","modified_gmt":"2024-08-08T12:42:58","slug":"son-libre-festival-2023-techno-in-its-purest-form","status":"publish","type":"post","link":"https:\/\/www.technomag.fr\/en\/son-libre-festival-2023-techno-in-its-purest-form\/","title":{"rendered":"Son Libre Festival 2023 : Techno in its purest form!"},"content":{"rendered":"\n<p>Le son libre is back in 2023 for another edition that promises to be grandiose.\nThis electronic music festival is one of the most eagerly awaited in France, bringing together thousands of techno enthusiasts every year.\nIf you&#8217;re a fan of electronic music and looking for a unique experience, then Son Libre Festival 2023 is the event not to be missed.\nHere&#8217;s everything you need to know about this not-to-be-missed event.   <\/p>\n\n<div id=\"ez-toc-container\" class=\"ez-toc-v2_0_82_2 ez-toc-wrap-center counter-hierarchy ez-toc-counter ez-toc-custom ez-toc-container-direction\">\n<div class=\"ez-toc-title-container\">\n<p class=\"ez-toc-title\" style=\"cursor:inherit\">Sommaire<\/p>\n<span class=\"ez-toc-title-toggle\"><a href=\"#\" class=\"ez-toc-pull-right ez-toc-btn ez-toc-btn-xs ez-toc-btn-default ez-toc-toggle\" aria-label=\"Toggle Table of Content\"><span class=\"ez-toc-js-icon-con\"><span class=\"\"><span class=\"eztoc-hide\" style=\"display:none;\">Toggle<\/span><span class=\"ez-toc-icon-toggle-span\"><svg style=\"fill: #ffffff;color:#ffffff\" xmlns=\"http:\/\/www.w3.org\/2000\/svg\" class=\"list-377408\" width=\"20px\" height=\"20px\" viewBox=\"0 0 24 24\" fill=\"none\"><path d=\"M6 6H4v2h2V6zm14 0H8v2h12V6zM4 11h2v2H4v-2zm16 0H8v2h12v-2zM4 16h2v2H4v-2zm16 0H8v2h12v-2z\" fill=\"currentColor\"><\/path><\/svg><svg style=\"fill: #ffffff;color:#ffffff\" class=\"arrow-unsorted-368013\" xmlns=\"http:\/\/www.w3.org\/2000\/svg\" width=\"10px\" height=\"10px\" viewBox=\"0 0 24 24\" version=\"1.2\" baseProfile=\"tiny\"><path d=\"M18.2 9.3l-6.2-6.3-6.2 6.3c-.2.2-.3.4-.3.7s.1.5.3.7c.2.2.4.3.7.3h11c.3 0 .5-.1.7-.3.2-.2.3-.5.3-.7s-.1-.5-.3-.7zM5.8 14.7l6.2 6.3 6.2-6.3c.2-.2.3-.5.3-.7s-.1-.5-.3-.7c-.2-.2-.4-.3-.7-.3h-11c-.3 0-.5.1-.7.3-.2.2-.3.5-.3.7s.1.5.3.7z\"\/><\/svg><\/span><\/span><\/span><\/a><\/span><\/div>\n<nav><ul class='ez-toc-list ez-toc-list-level-1 ' ><li class='ez-toc-page-1 ez-toc-heading-level-2'><a class=\"ez-toc-link ez-toc-heading-1\" href=\"https:\/\/www.technomag.fr\/en\/son-libre-festival-2023-techno-in-its-purest-form\/#Date_and_location\" >Date and location<\/a><\/li><li class='ez-toc-page-1 ez-toc-heading-level-2'><a class=\"ez-toc-link ez-toc-heading-2\" href=\"https:\/\/www.technomag.fr\/en\/son-libre-festival-2023-techno-in-its-purest-form\/#Free_sound_line-up_2023\" >Free sound line-up 2023<\/a><\/li><li class='ez-toc-page-1 ez-toc-heading-level-2'><a class=\"ez-toc-link ez-toc-heading-3\" href=\"https:\/\/www.technomag.fr\/en\/son-libre-festival-2023-techno-in-its-purest-form\/#The_different_stages_of_the_son_libre_festival_2023\" >The different stages of the son libre festival 2023<\/a><\/li><li class='ez-toc-page-1 ez-toc-heading-level-2'><a class=\"ez-toc-link ez-toc-heading-4\" href=\"https:\/\/www.technomag.fr\/en\/son-libre-festival-2023-techno-in-its-purest-form\/#Stand\" >Stand<\/a><\/li><\/ul><\/nav><\/div>\n<h2 class=\"wp-block-heading\"><span class=\"ez-toc-section\" id=\"Date_and_location\"><\/span>Date and location<span class=\"ez-toc-section-end\"><\/span><\/h2>\n\n<p>Looking for an unforgettable festival combining techno and conviviality?\nLook no further than the Son Libre Festival!\nThe 2023 edition will take place from May 18 to 21 in an idyllic green setting in the heart of nature.  <\/p>\n\n<p>The festival will be held between Gabri\u00e8res and Collias, accessible via exit 24 N\u00eemes Marguerite in the direction of Avignon, then Saint Gerbasy and Cabri\u00e8res.\nThe organizers have planned a spectacular setting that will offer festival-goers a unique experience. <\/p>\n\n<p>During these 4 days of festivities, you&#8217;ll have the privilege of discovering a rich and varied program, featuring the most renowned artists on the electronic scene.\nOn the program: live concerts, wild DJ sets, breathtaking artistic performances and much more! <\/p>\n\n<p>Don&#8217;t wait any longer to reserve your tickets for this extraordinary sensory experience at the Son Libre Festival 2023!<\/p>\n\n<h2 class=\"wp-block-heading\"><span class=\"ez-toc-section\" id=\"Free_sound_line-up_2023\"><\/span>Free sound line-up 2023<span class=\"ez-toc-section-end\"><\/span><\/h2>\n\n<p>Electronic music fans, rejoice!\nSon libre returns with a sensational line-up for this year&#8217;s edition, and we&#8217;re delighted to reveal the artists who will be setting the stage alight this year. <\/p>\n<div class=\"wp-block-image\">\n<figure class=\"aligncenter size-large is-resized\"><img fetchpriority=\"high\" decoding=\"async\" width=\"1024\" height=\"464\" src=\"https:\/\/www.technomag.fr\/wp-content\/uploads\/2023\/04\/Son-libre-festival-2022-1024x464.png\" alt=\"\" class=\"wp-image-2358\" style=\"width:1234px;height:559px\" srcset=\"https:\/\/www.technomag.fr\/wp-content\/uploads\/2023\/04\/Son-libre-festival-2022-1024x464.png 1024w, https:\/\/www.technomag.fr\/wp-content\/uploads\/2023\/04\/Son-libre-festival-2022-600x272.png 600w, https:\/\/www.technomag.fr\/wp-content\/uploads\/2023\/04\/Son-libre-festival-2022-300x136.png 300w, https:\/\/www.technomag.fr\/wp-content\/uploads\/2023\/04\/Son-libre-festival-2022-768x348.png 768w, https:\/\/www.technomag.fr\/wp-content\/uploads\/2023\/04\/Son-libre-festival-2022-1536x696.png 1536w, https:\/\/www.technomag.fr\/wp-content\/uploads\/2023\/04\/Son-libre-festival-2022-2048x928.png 2048w\" sizes=\"(max-width: 1024px) 100vw, 1024px\" \/><\/figure>\n<\/div>\n<h2 class=\"wp-block-heading has-text-align-center\"><span class=\"ez-toc-section\" id=\"The_different_stages_of_the_son_libre_festival_2023\"><\/span>The different stages of the son libre festival 2023<span class=\"ez-toc-section-end\"><\/span><\/h2>\n\n<h3 class=\"wp-block-heading has-text-align-center\">MYSTIC GARDEN<\/h3>\n\n<div class=\"wp-block-columns is-layout-flex wp-container-core-columns-is-layout-9d6595d7 wp-block-columns-is-layout-flex\">\n<div class=\"wp-block-column is-layout-flow wp-block-column-is-layout-flow\">\n<h4 class=\"wp-block-heading\"><strong>Thursday to Friday  <\/strong><\/h4>\n\n\n\n<p>Cosmic boys, DJarne LII, VCL, Carbon, Alex stein, Nocide, Matt Moebius, Mik Izif, Pavel K Novalis, AudioFLow, Joker<\/p>\n<\/div>\n\n\n\n<div class=\"wp-block-column is-layout-flow wp-block-column-is-layout-flow\">\n<h4 class=\"wp-block-heading\"><strong>Friday to Saturday<\/strong><\/h4>\n\n\n\n<p>T78, Cassie Raptor, Angy Kore, Grabieli Padrevita, Amrtum, LaKajofol, Damon Jee, Ultimatom, Warum, Neskeh, Darlyn Vlys, Alyosen, Spootnik, 6thFloor, Drone<\/p>\n<\/div>\n\n\n\n<div class=\"wp-block-column is-layout-flow wp-block-column-is-layout-flow\">\n<h4 class=\"wp-block-heading\"><strong>Saturday to Sunday<\/strong><\/h4>\n\n\n\n<p>Acid Arab, Subway Shamans, Six ou Sept, DJ Fly, Bronstach, Ice K\u00dcTS, Melusine, Mamz&#8217;Hell, Orkadr, Luche, Velcro, Bandikoot, Choko, Acid Pach, Skry, Insane Teknology, E-Klozion, Le Son Du Placard, Karma, SMB<\/p>\n<\/div>\n<\/div>\n\n<h3 class=\"wp-block-heading has-text-align-center\">VIBES CIRCLE<\/h3>\n\n<div class=\"wp-block-columns is-layout-flex wp-container-core-columns-is-layout-9d6595d7 wp-block-columns-is-layout-flex\">\n<div class=\"wp-block-column is-layout-flow wp-block-column-is-layout-flow\">\n<h4 class=\"wp-block-heading\"><strong>Thursday to Friday<\/strong><\/h4>\n\n\n\n<p>Nine Sense, Bayawaka, Adama, Sourone, Mojo&#8217;s Ears, Hyogora&#8217;s Hill, Kaayaas, Mysmatic, Fayen, Thalamus, Inner Shade<\/p>\n<\/div>\n\n\n\n<div class=\"wp-block-column is-layout-flow wp-block-column-is-layout-flow\">\n<h4 class=\"wp-block-heading\"><strong>Friday to Saturday<\/strong><\/h4>\n\n\n\n<p>Captain Hook, Dekel, Rezonant, Render, Sonic Species, Kabayun, Superluminal, Zeridium, Dubanco, Mosba, Anoebis, Cok Lee Ko<\/p>\n<\/div>\n\n\n\n<div class=\"wp-block-column is-layout-flow wp-block-column-is-layout-flow\">\n<h4 class=\"wp-block-heading\"><strong>Saturday to Sunday<\/strong><\/h4>\n\n\n\n<p>Rink a Dink, Electrypnose, Boom Shankar, Zik, Emok, Radikal Moodz, Needone, Out of Jetlag, Okapi, Matibhrama, Braindrop, Once Upon A Time, Rawar, Sangohan, DJ HP<\/p>\n<\/div>\n<\/div>\n\n<h3 class=\"wp-block-heading has-text-align-center\">TRIBAL GROUND  <\/h3>\n\n<div class=\"wp-block-columns is-layout-flex wp-container-core-columns-is-layout-9d6595d7 wp-block-columns-is-layout-flex\">\n<div class=\"wp-block-column is-layout-flow wp-block-column-is-layout-flow\">\n<h4 class=\"wp-block-heading\"><strong>Thursday to Friday  <\/strong><\/h4>\n\n\n\n<p>The Caracal Project, Zaraty, Mool, Temam, Sunday Prophet, Sourone, Kaayaas, Yamma Rabba, Aemonia, SeaGull<\/p>\n<\/div>\n\n\n\n<div class=\"wp-block-column is-layout-flow wp-block-column-is-layout-flow\">\n<h4 class=\"wp-block-heading\"><strong>Friday to Saturday  <\/strong><\/h4>\n\n\n\n<p>Zen Baboon, Suduaya, Land Switcher, Nibana, Sabor A Mi, Knock Out Sound System,Nomade Frequencies, Al Tarba, Heimya, Frederika, Sudaya, SHNT, Flamingo Didier, ZW<\/p>\n<\/div>\n\n\n\n<div class=\"wp-block-column is-layout-flow wp-block-column-is-layout-flow\">\n<h4 class=\"wp-block-heading\"><strong>Saturday to Sunday  <\/strong><\/h4>\n\n\n\n<p>Electrypnose, Kliment, Golanski, Sourone, Kasbah, Gargarin Project, Zen Racoon, Rafael Aragon, Tetouze, Sysyphe, Insivi, Kickbull, DJ Push it, Obscik, St\u00e9phane Astrokedis, Good Old Raoul, Olkan et la Vipere Rouge, Dr Jekyll &amp; Mr Hyde, Matt Mu, Vera Icona<\/p>\n<\/div>\n<\/div>\n\n<p><\/p>\n\n<h2 class=\"wp-block-heading\"><span class=\"ez-toc-section\" id=\"Stand\"><\/span>Stand  <span class=\"ez-toc-section-end\"><\/span><\/h2>\n\n<p>As well as enjoying the music, festival-goers will have access to a variety of stalls selling alternative fashion items such as hats, unique clothing, jewelry and much more.\nThere will also be food stalls for refreshments and refreshments throughout the day.\nDelicious food, from local specialties to vegetarian and vegan options, will be available to suit all tastes.  <\/p>\n\n<p>Whether you&#8217;re looking to discover new fashion styles, indulge in delicious flavors, or simply relax in a friendly, laid-back atmosphere, you&#8217;ll find all this and more at Son Libre Festival 2023.\nBook your tickets now to make sure you don&#8217;t miss out on this unique experience! <\/p>\n\n<p>The Son Libre Festival 2023 promises to be one of the must-see events of the year for electronic music fans.\nWith a varied program packed with renowned artists from the electronic scene, the festival promises an outstanding sensory experience for festival-goers.\nWhat&#8217;s more, stalls selling alternative fashion items and a variety of delicious food options complete the experience to offer a convivial and relaxed moment.\nIf you&#8217;re looking for a <strong><a href=\"https:\/\/www.technomag.fr\/en\/category\/festival-en\/\">festival<\/a><\/strong> then don&#8217;t miss the Son Libre Festival 2023 from May 18 to 21 in an idyllic green setting in the heart of nature.   <\/p>\n\n<div class=\"wp-block-buttons is-layout-flex wp-block-buttons-is-layout-flex\">\n<div class=\"wp-block-button\"><a class=\"wp-block-button__link wp-element-button\" href=\"https:\/\/sonlibre.fr\/\">See the official Festival website  <\/a><\/div>\n<\/div>\n\n\n<div class=\"kk-star-ratings kksr-auto kksr-align-center kksr-valign-bottom\"\n    data-payload='{&quot;align&quot;:&quot;center&quot;,&quot;id&quot;:&quot;14394&quot;,&quot;slug&quot;:&quot;default&quot;,&quot;valign&quot;:&quot;bottom&quot;,&quot;ignore&quot;:&quot;&quot;,&quot;reference&quot;:&quot;auto&quot;,&quot;class&quot;:&quot;&quot;,&quot;count&quot;:&quot;0&quot;,&quot;legendonly&quot;:&quot;&quot;,&quot;readonly&quot;:&quot;&quot;,&quot;score&quot;:&quot;0&quot;,&quot;starsonly&quot;:&quot;&quot;,&quot;best&quot;:&quot;5&quot;,&quot;gap&quot;:&quot;5&quot;,&quot;greet&quot;:&quot;Noter cet article&quot;,&quot;legend&quot;:&quot;0\\\/5 - (0 votes)&quot;,&quot;size&quot;:&quot;24&quot;,&quot;title&quot;:&quot;Son Libre Festival 2023 : Techno in its purest form!&quot;,&quot;width&quot;:&quot;0&quot;,&quot;_legend&quot;:&quot;{score}\\\/{best} - ({count} {votes})&quot;,&quot;font_factor&quot;:&quot;1.25&quot;}'>\n            \n<div class=\"kksr-stars\">\n    \n<div class=\"kksr-stars-inactive\">\n            <div class=\"kksr-star\" data-star=\"1\" style=\"padding-right: 5px\">\n            \n\n<div class=\"kksr-icon\" style=\"width: 24px; height: 24px;\"><\/div>\n        <\/div>\n            <div class=\"kksr-star\" data-star=\"2\" style=\"padding-right: 5px\">\n            \n\n<div class=\"kksr-icon\" style=\"width: 24px; height: 24px;\"><\/div>\n        <\/div>\n            <div class=\"kksr-star\" data-star=\"3\" style=\"padding-right: 5px\">\n            \n\n<div class=\"kksr-icon\" style=\"width: 24px; height: 24px;\"><\/div>\n        <\/div>\n            <div class=\"kksr-star\" data-star=\"4\" style=\"padding-right: 5px\">\n            \n\n<div class=\"kksr-icon\" style=\"width: 24px; height: 24px;\"><\/div>\n        <\/div>\n            <div class=\"kksr-star\" data-star=\"5\" style=\"padding-right: 5px\">\n            \n\n<div class=\"kksr-icon\" style=\"width: 24px; height: 24px;\"><\/div>\n        <\/div>\n    <\/div>\n    \n<div class=\"kksr-stars-active\" style=\"width: 0px;\">\n            <div class=\"kksr-star\" style=\"padding-right: 5px\">\n            \n\n<div class=\"kksr-icon\" style=\"width: 24px; height: 24px;\"><\/div>\n        <\/div>\n            <div class=\"kksr-star\" style=\"padding-right: 5px\">\n            \n\n<div class=\"kksr-icon\" style=\"width: 24px; height: 24px;\"><\/div>\n        <\/div>\n            <div class=\"kksr-star\" style=\"padding-right: 5px\">\n            \n\n<div class=\"kksr-icon\" style=\"width: 24px; height: 24px;\"><\/div>\n        <\/div>\n            <div class=\"kksr-star\" style=\"padding-right: 5px\">\n            \n\n<div class=\"kksr-icon\" style=\"width: 24px; height: 24px;\"><\/div>\n        <\/div>\n            <div class=\"kksr-star\" style=\"padding-right: 5px\">\n            \n\n<div class=\"kksr-icon\" style=\"width: 24px; height: 24px;\"><\/div>\n        <\/div>\n    <\/div>\n<\/div>\n                \n\n<div class=\"kksr-legend\" style=\"font-size: 19.2px;\">\n            <span class=\"kksr-muted\">Noter cet article<\/span>\n    <\/div>\n    <\/div>\n","protected":false},"excerpt":{"rendered":"<p>Le son libre is back in 2023 for another edition that promises to be grandiose. This electronic music festival is one of the most eagerly awaited in France, bringing together thousands of techno enthusiasts every year. If you&#8217;re a fan of electronic music and looking for a unique experience, then Son Libre Festival 2023 is [&hellip;]<\/p>\n","protected":false},"author":2,"featured_media":7791,"comment_status":"closed","ping_status":"closed","sticky":false,"template":"","format":"standard","meta":{"_acf_changed":false,"footnotes":""},"categories":[423],"tags":[424,449,433],"class_list":["post-14394","post","type-post","status-publish","format-standard","has-post-thumbnail","hentry","category-festival-en","tag-festival-en","tag-techno-en","tag-tekno-en"],"acf":[],"yoast_head":"<!-- This site is optimized with the Yoast SEO plugin v27.5 - https:\/\/yoast.com\/product\/yoast-seo-wordpress\/ -->\n<title>Son Libre Festival 2023 : Techno in its purest form! | Techno Mag<\/title>\n<meta name=\"robots\" content=\"index, follow, max-snippet:-1, max-image-preview:large, max-video-preview:-1\" \/>\n<link rel=\"canonical\" href=\"https:\/\/www.technomag.fr\/en\/son-libre-festival-2023-techno-in-its-purest-form\/\" \/>\n<meta property=\"og:locale\" content=\"en_US\" \/>\n<meta property=\"og:type\" content=\"article\" \/>\n<meta property=\"og:title\" content=\"Son Libre Festival 2023 : Techno in its purest form! | Techno Mag\" \/>\n<meta property=\"og:description\" content=\"Le son libre is back in 2023 for another edition that promises to be grandiose. This electronic music festival is one of the most eagerly awaited in France, bringing together thousands of techno enthusiasts every year. If you&#8217;re a fan of electronic music and looking for a unique experience, then Son Libre Festival 2023 is [&hellip;]\" \/>\n<meta property=\"og:url\" content=\"https:\/\/www.technomag.fr\/en\/son-libre-festival-2023-techno-in-its-purest-form\/\" \/>\n<meta property=\"og:site_name\" content=\"Techno Mag\" \/>\n<meta property=\"article:published_time\" content=\"2023-04-29T21:52:48+00:00\" \/>\n<meta property=\"article:modified_time\" content=\"2024-08-08T12:42:58+00:00\" \/>\n<meta property=\"og:image\" content=\"https:\/\/www.technomag.fr\/wp-content\/uploads\/2023\/04\/son-libre-festical-2023-1024x577.png\" \/>\n\t<meta property=\"og:image:width\" content=\"1024\" \/>\n\t<meta property=\"og:image:height\" content=\"577\" \/>\n\t<meta property=\"og:image:type\" content=\"image\/png\" \/>\n<meta name=\"author\" content=\"Malo\" \/>\n<meta name=\"twitter:card\" content=\"summary_large_image\" \/>\n<meta name=\"twitter:label1\" content=\"Written by\" \/>\n\t<meta name=\"twitter:data1\" content=\"Malo\" \/>\n\t<meta name=\"twitter:label2\" content=\"Est. reading time\" \/>\n\t<meta name=\"twitter:data2\" content=\"3 minutes\" \/>\n<script type=\"application\/ld+json\" class=\"yoast-schema-graph\">{\"@context\":\"https:\\\/\\\/schema.org\",\"@graph\":[{\"@type\":\"Article\",\"@id\":\"https:\\\/\\\/www.technomag.fr\\\/en\\\/son-libre-festival-2023-techno-in-its-purest-form\\\/#article\",\"isPartOf\":{\"@id\":\"https:\\\/\\\/www.technomag.fr\\\/en\\\/son-libre-festival-2023-techno-in-its-purest-form\\\/\"},\"author\":{\"name\":\"Malo\",\"@id\":\"https:\\\/\\\/www.technomag.fr\\\/#\\\/schema\\\/person\\\/a70f6ccc8d17802992de88544d744e6b\"},\"headline\":\"Son Libre Festival 2023 : Techno in its purest form!\",\"datePublished\":\"2023-04-29T21:52:48+00:00\",\"dateModified\":\"2024-08-08T12:42:58+00:00\",\"mainEntityOfPage\":{\"@id\":\"https:\\\/\\\/www.technomag.fr\\\/en\\\/son-libre-festival-2023-techno-in-its-purest-form\\\/\"},\"wordCount\":705,\"publisher\":{\"@id\":\"https:\\\/\\\/www.technomag.fr\\\/#organization\"},\"image\":{\"@id\":\"https:\\\/\\\/www.technomag.fr\\\/en\\\/son-libre-festival-2023-techno-in-its-purest-form\\\/#primaryimage\"},\"thumbnailUrl\":\"https:\\\/\\\/www.technomag.fr\\\/wp-content\\\/uploads\\\/2023\\\/04\\\/son-libre-festical-2023.png\",\"keywords\":[\"Festival\",\"Techno\",\"Tekno\"],\"articleSection\":[\"Festival\"],\"inLanguage\":\"en-US\"},{\"@type\":\"WebPage\",\"@id\":\"https:\\\/\\\/www.technomag.fr\\\/en\\\/son-libre-festival-2023-techno-in-its-purest-form\\\/\",\"url\":\"https:\\\/\\\/www.technomag.fr\\\/en\\\/son-libre-festival-2023-techno-in-its-purest-form\\\/\",\"name\":\"Son Libre Festival 2023 : Techno in its purest form! | Techno Mag\",\"isPartOf\":{\"@id\":\"https:\\\/\\\/www.technomag.fr\\\/#website\"},\"primaryImageOfPage\":{\"@id\":\"https:\\\/\\\/www.technomag.fr\\\/en\\\/son-libre-festival-2023-techno-in-its-purest-form\\\/#primaryimage\"},\"image\":{\"@id\":\"https:\\\/\\\/www.technomag.fr\\\/en\\\/son-libre-festival-2023-techno-in-its-purest-form\\\/#primaryimage\"},\"thumbnailUrl\":\"https:\\\/\\\/www.technomag.fr\\\/wp-content\\\/uploads\\\/2023\\\/04\\\/son-libre-festical-2023.png\",\"datePublished\":\"2023-04-29T21:52:48+00:00\",\"dateModified\":\"2024-08-08T12:42:58+00:00\",\"breadcrumb\":{\"@id\":\"https:\\\/\\\/www.technomag.fr\\\/en\\\/son-libre-festival-2023-techno-in-its-purest-form\\\/#breadcrumb\"},\"inLanguage\":\"en-US\",\"potentialAction\":[{\"@type\":\"ReadAction\",\"target\":[\"https:\\\/\\\/www.technomag.fr\\\/en\\\/son-libre-festival-2023-techno-in-its-purest-form\\\/\"]}]},{\"@type\":\"ImageObject\",\"inLanguage\":\"en-US\",\"@id\":\"https:\\\/\\\/www.technomag.fr\\\/en\\\/son-libre-festival-2023-techno-in-its-purest-form\\\/#primaryimage\",\"url\":\"https:\\\/\\\/www.technomag.fr\\\/wp-content\\\/uploads\\\/2023\\\/04\\\/son-libre-festical-2023.png\",\"contentUrl\":\"https:\\\/\\\/www.technomag.fr\\\/wp-content\\\/uploads\\\/2023\\\/04\\\/son-libre-festical-2023.png\",\"width\":1996,\"height\":1124},{\"@type\":\"BreadcrumbList\",\"@id\":\"https:\\\/\\\/www.technomag.fr\\\/en\\\/son-libre-festival-2023-techno-in-its-purest-form\\\/#breadcrumb\",\"itemListElement\":[{\"@type\":\"ListItem\",\"position\":1,\"name\":\"Accueil\",\"item\":\"https:\\\/\\\/www.technomag.fr\\\/en\\\/techno-magazine\\\/\"},{\"@type\":\"ListItem\",\"position\":2,\"name\":\"Son Libre Festival 2023 : Techno in its purest form!\"}]},{\"@type\":\"WebSite\",\"@id\":\"https:\\\/\\\/www.technomag.fr\\\/#website\",\"url\":\"https:\\\/\\\/www.technomag.fr\\\/\",\"name\":\"Techno Mag\",\"description\":\"Le magazine underground de r\u00e9f\u00e9rence pour la techno\",\"publisher\":{\"@id\":\"https:\\\/\\\/www.technomag.fr\\\/#organization\"},\"potentialAction\":[{\"@type\":\"SearchAction\",\"target\":{\"@type\":\"EntryPoint\",\"urlTemplate\":\"https:\\\/\\\/www.technomag.fr\\\/?s={search_term_string}\"},\"query-input\":{\"@type\":\"PropertyValueSpecification\",\"valueRequired\":true,\"valueName\":\"search_term_string\"}}],\"inLanguage\":\"en-US\"},{\"@type\":\"Organization\",\"@id\":\"https:\\\/\\\/www.technomag.fr\\\/#organization\",\"name\":\"Techno Mag\",\"url\":\"https:\\\/\\\/www.technomag.fr\\\/\",\"logo\":{\"@type\":\"ImageObject\",\"inLanguage\":\"en-US\",\"@id\":\"https:\\\/\\\/www.technomag.fr\\\/#\\\/schema\\\/logo\\\/image\\\/\",\"url\":\"https:\\\/\\\/www.technomag.fr\\\/wp-content\\\/uploads\\\/2023\\\/04\\\/TECHNO-e1681225415918.png\",\"contentUrl\":\"https:\\\/\\\/www.technomag.fr\\\/wp-content\\\/uploads\\\/2023\\\/04\\\/TECHNO-e1681225415918.png\",\"width\":500,\"height\":113,\"caption\":\"Techno Mag\"},\"image\":{\"@id\":\"https:\\\/\\\/www.technomag.fr\\\/#\\\/schema\\\/logo\\\/image\\\/\"}},{\"@type\":\"Person\",\"@id\":\"https:\\\/\\\/www.technomag.fr\\\/#\\\/schema\\\/person\\\/a70f6ccc8d17802992de88544d744e6b\",\"name\":\"Malo\",\"image\":{\"@type\":\"ImageObject\",\"inLanguage\":\"en-US\",\"@id\":\"https:\\\/\\\/www.technomag.fr\\\/wp-content\\\/uploads\\\/2023\\\/12\\\/image_6483441-2-96x96.jpg\",\"url\":\"https:\\\/\\\/www.technomag.fr\\\/wp-content\\\/uploads\\\/2023\\\/12\\\/image_6483441-2-96x96.jpg\",\"contentUrl\":\"https:\\\/\\\/www.technomag.fr\\\/wp-content\\\/uploads\\\/2023\\\/12\\\/image_6483441-2-96x96.jpg\",\"caption\":\"Malo\"},\"description\":\"Malo est co-fondatrice de Technomag. N\u00e9e dans l\u2019univers techno, elle a \u00e9t\u00e9 berc\u00e9e par la vibration des basses (ont vous laisse imaginer les s\u00e9quelles\u00a0 :').\u00a0 Vid\u00e9aste &amp;\u00a0photographe freelance, ce qu\u2019elle aime dans son m\u00e9tier, c\u2019est la possibilit\u00e9 de capturer des \u00e9motions et des instants pr\u00e9cieux \u00e0 travers ses photos et vid\u00e9os. Mais surtout, elle est l\u00e0 pour capturer vos meilleures bass-faces !\u00a0 Chaque \u00e9v\u00e9nement est pour elle une occasion unique de raconter une histoire, qu\u2019elle essaie de faire avec authenticit\u00e9.\u00a0 Chez Technomag, Malo r\u00e9dige des articles, g\u00e8re les r\u00e9seaux sociaux et partage des projets qui lui tiennent \u00e0 c\u0153ur. Elle s\u2019occupe \u00e9galement d\u2019une partie de la communication (ne lui en voulez pas si elle n\u2019a pas encore r\u00e9pondu aux mails ! ^^' ). Pour jeter un coup d'\u0153il \u00e0 son travail, vous pouvez checker son site par ici , et pour les r\u00e9seaux, c'est par l\u00e0 .\",\"sameAs\":[\"http:\\\/\\\/www.amitaistudio.com\",\"https:\\\/\\\/www.instagram.com\\\/amitai.studio06\\\/\"],\"url\":\"https:\\\/\\\/www.technomag.fr\\\/en\\\/redacteur\\\/malo\\\/\"}]}<\/script>\n<!-- \/ Yoast SEO plugin. -->","yoast_head_json":{"title":"Son Libre Festival 2023 : Techno in its purest form! | Techno Mag","robots":{"index":"index","follow":"follow","max-snippet":"max-snippet:-1","max-image-preview":"max-image-preview:large","max-video-preview":"max-video-preview:-1"},"canonical":"https:\/\/www.technomag.fr\/en\/son-libre-festival-2023-techno-in-its-purest-form\/","og_locale":"en_US","og_type":"article","og_title":"Son Libre Festival 2023 : Techno in its purest form! | Techno Mag","og_description":"Le son libre is back in 2023 for another edition that promises to be grandiose. This electronic music festival is one of the most eagerly awaited in France, bringing together thousands of techno enthusiasts every year. If you&#8217;re a fan of electronic music and looking for a unique experience, then Son Libre Festival 2023 is [&hellip;]","og_url":"https:\/\/www.technomag.fr\/en\/son-libre-festival-2023-techno-in-its-purest-form\/","og_site_name":"Techno Mag","article_published_time":"2023-04-29T21:52:48+00:00","article_modified_time":"2024-08-08T12:42:58+00:00","og_image":[{"width":1024,"height":577,"url":"https:\/\/www.technomag.fr\/wp-content\/uploads\/2023\/04\/son-libre-festical-2023-1024x577.png","type":"image\/png"}],"author":"Malo","twitter_card":"summary_large_image","twitter_misc":{"Written by":"Malo","Est. reading time":"3 minutes"},"schema":{"@context":"https:\/\/schema.org","@graph":[{"@type":"Article","@id":"https:\/\/www.technomag.fr\/en\/son-libre-festival-2023-techno-in-its-purest-form\/#article","isPartOf":{"@id":"https:\/\/www.technomag.fr\/en\/son-libre-festival-2023-techno-in-its-purest-form\/"},"author":{"name":"Malo","@id":"https:\/\/www.technomag.fr\/#\/schema\/person\/a70f6ccc8d17802992de88544d744e6b"},"headline":"Son Libre Festival 2023 : Techno in its purest form!","datePublished":"2023-04-29T21:52:48+00:00","dateModified":"2024-08-08T12:42:58+00:00","mainEntityOfPage":{"@id":"https:\/\/www.technomag.fr\/en\/son-libre-festival-2023-techno-in-its-purest-form\/"},"wordCount":705,"publisher":{"@id":"https:\/\/www.technomag.fr\/#organization"},"image":{"@id":"https:\/\/www.technomag.fr\/en\/son-libre-festival-2023-techno-in-its-purest-form\/#primaryimage"},"thumbnailUrl":"https:\/\/www.technomag.fr\/wp-content\/uploads\/2023\/04\/son-libre-festical-2023.png","keywords":["Festival","Techno","Tekno"],"articleSection":["Festival"],"inLanguage":"en-US"},{"@type":"WebPage","@id":"https:\/\/www.technomag.fr\/en\/son-libre-festival-2023-techno-in-its-purest-form\/","url":"https:\/\/www.technomag.fr\/en\/son-libre-festival-2023-techno-in-its-purest-form\/","name":"Son Libre Festival 2023 : Techno in its purest form! | Techno Mag","isPartOf":{"@id":"https:\/\/www.technomag.fr\/#website"},"primaryImageOfPage":{"@id":"https:\/\/www.technomag.fr\/en\/son-libre-festival-2023-techno-in-its-purest-form\/#primaryimage"},"image":{"@id":"https:\/\/www.technomag.fr\/en\/son-libre-festival-2023-techno-in-its-purest-form\/#primaryimage"},"thumbnailUrl":"https:\/\/www.technomag.fr\/wp-content\/uploads\/2023\/04\/son-libre-festical-2023.png","datePublished":"2023-04-29T21:52:48+00:00","dateModified":"2024-08-08T12:42:58+00:00","breadcrumb":{"@id":"https:\/\/www.technomag.fr\/en\/son-libre-festival-2023-techno-in-its-purest-form\/#breadcrumb"},"inLanguage":"en-US","potentialAction":[{"@type":"ReadAction","target":["https:\/\/www.technomag.fr\/en\/son-libre-festival-2023-techno-in-its-purest-form\/"]}]},{"@type":"ImageObject","inLanguage":"en-US","@id":"https:\/\/www.technomag.fr\/en\/son-libre-festival-2023-techno-in-its-purest-form\/#primaryimage","url":"https:\/\/www.technomag.fr\/wp-content\/uploads\/2023\/04\/son-libre-festical-2023.png","contentUrl":"https:\/\/www.technomag.fr\/wp-content\/uploads\/2023\/04\/son-libre-festical-2023.png","width":1996,"height":1124},{"@type":"BreadcrumbList","@id":"https:\/\/www.technomag.fr\/en\/son-libre-festival-2023-techno-in-its-purest-form\/#breadcrumb","itemListElement":[{"@type":"ListItem","position":1,"name":"Accueil","item":"https:\/\/www.technomag.fr\/en\/techno-magazine\/"},{"@type":"ListItem","position":2,"name":"Son Libre Festival 2023 : Techno in its purest form!"}]},{"@type":"WebSite","@id":"https:\/\/www.technomag.fr\/#website","url":"https:\/\/www.technomag.fr\/","name":"Techno Mag","description":"Le magazine underground de r\u00e9f\u00e9rence pour la techno","publisher":{"@id":"https:\/\/www.technomag.fr\/#organization"},"potentialAction":[{"@type":"SearchAction","target":{"@type":"EntryPoint","urlTemplate":"https:\/\/www.technomag.fr\/?s={search_term_string}"},"query-input":{"@type":"PropertyValueSpecification","valueRequired":true,"valueName":"search_term_string"}}],"inLanguage":"en-US"},{"@type":"Organization","@id":"https:\/\/www.technomag.fr\/#organization","name":"Techno Mag","url":"https:\/\/www.technomag.fr\/","logo":{"@type":"ImageObject","inLanguage":"en-US","@id":"https:\/\/www.technomag.fr\/#\/schema\/logo\/image\/","url":"https:\/\/www.technomag.fr\/wp-content\/uploads\/2023\/04\/TECHNO-e1681225415918.png","contentUrl":"https:\/\/www.technomag.fr\/wp-content\/uploads\/2023\/04\/TECHNO-e1681225415918.png","width":500,"height":113,"caption":"Techno Mag"},"image":{"@id":"https:\/\/www.technomag.fr\/#\/schema\/logo\/image\/"}},{"@type":"Person","@id":"https:\/\/www.technomag.fr\/#\/schema\/person\/a70f6ccc8d17802992de88544d744e6b","name":"Malo","image":{"@type":"ImageObject","inLanguage":"en-US","@id":"https:\/\/www.technomag.fr\/wp-content\/uploads\/2023\/12\/image_6483441-2-96x96.jpg","url":"https:\/\/www.technomag.fr\/wp-content\/uploads\/2023\/12\/image_6483441-2-96x96.jpg","contentUrl":"https:\/\/www.technomag.fr\/wp-content\/uploads\/2023\/12\/image_6483441-2-96x96.jpg","caption":"Malo"},"description":"Malo est co-fondatrice de Technomag. N\u00e9e dans l\u2019univers techno, elle a \u00e9t\u00e9 berc\u00e9e par la vibration des basses (ont vous laisse imaginer les s\u00e9quelles\u00a0 :').\u00a0 Vid\u00e9aste &amp;\u00a0photographe freelance, ce qu\u2019elle aime dans son m\u00e9tier, c\u2019est la possibilit\u00e9 de capturer des \u00e9motions et des instants pr\u00e9cieux \u00e0 travers ses photos et vid\u00e9os. Mais surtout, elle est l\u00e0 pour capturer vos meilleures bass-faces !\u00a0 Chaque \u00e9v\u00e9nement est pour elle une occasion unique de raconter une histoire, qu\u2019elle essaie de faire avec authenticit\u00e9.\u00a0 Chez Technomag, Malo r\u00e9dige des articles, g\u00e8re les r\u00e9seaux sociaux et partage des projets qui lui tiennent \u00e0 c\u0153ur. Elle s\u2019occupe \u00e9galement d\u2019une partie de la communication (ne lui en voulez pas si elle n\u2019a pas encore r\u00e9pondu aux mails ! ^^' ). Pour jeter un coup d'\u0153il \u00e0 son travail, vous pouvez checker son site par ici , et pour les r\u00e9seaux, c'est par l\u00e0 .","sameAs":["http:\/\/www.amitaistudio.com","https:\/\/www.instagram.com\/amitai.studio06\/"],"url":"https:\/\/www.technomag.fr\/en\/redacteur\/malo\/"}]}},"_links":{"self":[{"href":"https:\/\/www.technomag.fr\/en\/wp-json\/wp\/v2\/posts\/14394","targetHints":{"allow":["GET"]}}],"collection":[{"href":"https:\/\/www.technomag.fr\/en\/wp-json\/wp\/v2\/posts"}],"about":[{"href":"https:\/\/www.technomag.fr\/en\/wp-json\/wp\/v2\/types\/post"}],"author":[{"embeddable":true,"href":"https:\/\/www.technomag.fr\/en\/wp-json\/wp\/v2\/users\/2"}],"replies":[{"embeddable":true,"href":"https:\/\/www.technomag.fr\/en\/wp-json\/wp\/v2\/comments?post=14394"}],"version-history":[{"count":1,"href":"https:\/\/www.technomag.fr\/en\/wp-json\/wp\/v2\/posts\/14394\/revisions"}],"predecessor-version":[{"id":14396,"href":"https:\/\/www.technomag.fr\/en\/wp-json\/wp\/v2\/posts\/14394\/revisions\/14396"}],"wp:featuredmedia":[{"embeddable":true,"href":"https:\/\/www.technomag.fr\/en\/wp-json\/wp\/v2\/media\/7791"}],"wp:attachment":[{"href":"https:\/\/www.technomag.fr\/en\/wp-json\/wp\/v2\/media?parent=14394"}],"wp:term":[{"taxonomy":"category","embeddable":true,"href":"https:\/\/www.technomag.fr\/en\/wp-json\/wp\/v2\/categories?post=14394"},{"taxonomy":"post_tag","embeddable":true,"href":"https:\/\/www.technomag.fr\/en\/wp-json\/wp\/v2\/tags?post=14394"}],"curies":[{"name":"wp","href":"https:\/\/api.w.org\/{rel}","templated":true}]}}